{"id":14840,"date":"2022-07-31T15:14:15","date_gmt":"2022-07-31T18:14:15","guid":{"rendered":"https:\/\/www.ejercito.mil.uy\/?p=14840"},"modified":"2022-08-04T12:21:32","modified_gmt":"2022-08-04T15:21:32","slug":"visita-al-museo-general-artigas-de-la-fortaleza-del-cerro","status":"publish","type":"post","link":"https:\/\/www.ejercito.mil.uy\/index.php\/2022\/07\/31\/visita-al-museo-general-artigas-de-la-fortaleza-del-cerro\/","title":{"rendered":"Visita al Museo General Artigas de la Fortaleza del Cerro"},"content":{"rendered":"\n<p class=\"has-small-font-size\">31.07.2022  &#8211; Montevideo <\/p>\n\n\n\n<div style=\"height:22px\" aria-hidden=\"true\" class=\"wp-block-spacer\"><\/div>\n\n\n\n<div style=\"height:50px\" aria-hidden=\"true\" class=\"wp-block-spacer\"><\/div>\n\n\n\n<p>Alumnos de la Escuela de Comunicaciones del Ej\u00e9rcito visitaron al Museo General Artigas de la Fortaleza del Cerro.<\/p>\n\n\n\n<div style=\"height:50px\" aria-hidden=\"true\" class=\"wp-block-spacer\"><\/div>\n\n\n\n<p>La Fortaleza del Cerro de Montevideo, inaugurado en 1804 y que desde 1882 lleva el nombre del Pr\u00f3cer, es una de las tres Fortalezas que nos leg\u00f3 la \u00e9poca hispana y que enriquecen nuestro acervo hist\u00f3rico.<\/p>\n\n\n\n<div style=\"height:50px\" aria-hidden=\"true\" class=\"wp-block-spacer\"><\/div>\n\n\n\n<div class=\"wp-block-coblocks-gallery-stacked\"><ul class=\"coblocks-gallery has-no-alignment has-fullwidth-images has-custom-gutter\"><li class=\"coblocks-gallery--item\"><figure class=\"coblocks-gallery--figure\"><img fetchpriority=\"high\" decoding=\"async\" width=\"1024\" height=\"683\" alt=\"\" class=\"wp-image-14842 has-shadow-none\" data-id=\"14842\" data-imglink=\"\" data-link=\"https:\/\/www.ejercito.mil.uy\/?attachment_id=14842\" src=\"https:\/\/www.ejercito.mil.uy\/wp-content\/uploads\/2022\/08\/Visita-al-Museo-General-Artigas-de-la-Fortaleza-del-Cerro-5-1024x683.jpg\" srcset=\"https:\/\/www.ejercito.mil.uy\/wp-content\/uploads\/2022\/08\/Visita-al-Museo-General-Artigas-de-la-Fortaleza-del-Cerro-5-1024x683.jpg 1024w, https:\/\/www.ejercito.mil.uy\/wp-content\/uploads\/2022\/08\/Visita-al-Museo-General-Artigas-de-la-Fortaleza-del-Cerro-5-300x200.jpg 300w, https:\/\/www.ejercito.mil.uy\/wp-content\/uploads\/2022\/08\/Visita-al-Museo-General-Artigas-de-la-Fortaleza-del-Cerro-5.jpg 1200w\" sizes=\"(max-width: 1024px) 100vw, 1024px\" \/><\/figure><\/li><\/ul><\/div>\n\n\n\n<div style=\"height:50px\" aria-hidden=\"true\" class=\"wp-block-spacer\"><\/div>\n\n\n\n<p>La edificaci\u00f3n es una pieza de ingenier\u00eda militar de gran importancia, con gruesas murallas y arquitectura pentagonal. <\/p>\n\n\n\n<div style=\"height:50px\" aria-hidden=\"true\" class=\"wp-block-spacer\"><\/div>\n\n\n\n<p>En el interior se encuentran salas de exposiciones con objetos de gran valor, entre ellos un ca\u00f1\u00f3n Krupp de 1889, ubicado en la Sala de Artiller\u00eda. En la Sala Sarand\u00ed se puede observar espadas de diversas procedencias y r\u00e9plicas de aquellas que fueron regaladas al General Jos\u00e9 Artigas. <\/p>\n\n\n\n<div style=\"height:50px\" aria-hidden=\"true\" class=\"wp-block-spacer\"><\/div>\n\n\n\n<p>Estas visitas son importantes para mantener vivo el recuerdo de la historia de nuestro pa\u00eds. <\/p>\n\n\n\n<div style=\"height:50px\" aria-hidden=\"true\" class=\"wp-block-spacer\"><\/div>\n\n\n\n<div aria-label=\"Carousel Gallery\" class=\"wp-block-coblocks-gallery-carousel alignfull\"><div class=\"coblocks-gallery-carousel-swiper-container is-cropped coblocks-gallery has-caption-style-dark has-no-thumbnails\"><div class=\"has-carousel has-carousel-xlrg swiper-container\" data-swiper=\"{&quot;alignCells&quot;:false,&quot;autoPlay&quot;:true,&quot;autoPlaySpeed&quot;:&quot;5000&quot;,&quot;draggable&quot;:true,&quot;freeScroll&quot;:false,&quot;loop&quot;:true,&quot;navigation&quot;:true,&quot;pageDots&quot;:false,&quot;pauseHover&quot;:false,&quot;responsiveHeight&quot;:false,&quot;slidesPerView&quot;:1,&quot;thumbnails&quot;:false,&quot;uuid&quot;:&quot;12345&quot;}\" id=\"12345\" style=\"height:550px\"><div class=\"swiper-wrapper\"><div class=\"swiper-slide\"><div class=\"coblocks-gallery--item\" role=\"button\"><figure class=\"coblocks-gallery--figure has-margin-left-mobile-5 has-margin-right-mobile-5\"><img decoding=\"async\" width=\"1024\" height=\"683\" alt=\"\" class=\"wp-image-14845\" data-id=\"14845\" data-link=\"https:\/\/www.ejercito.mil.uy\/index.php\/2022\/08\/01\/visita-al-museo-general-artigas-de-la-fortaleza-del-cerro\/visita-al-museo-general-artigas-de-la-fortaleza-del-cerro-2\/\" src=\"https:\/\/www.ejercito.mil.uy\/wp-content\/uploads\/2022\/08\/Visita-al-Museo-General-Artigas-de-la-Fortaleza-del-Cerro-2-1024x683.jpg\" srcset=\"https:\/\/www.ejercito.mil.uy\/wp-content\/uploads\/2022\/08\/Visita-al-Museo-General-Artigas-de-la-Fortaleza-del-Cerro-2-1024x683.jpg 1024w, https:\/\/www.ejercito.mil.uy\/wp-content\/uploads\/2022\/08\/Visita-al-Museo-General-Artigas-de-la-Fortaleza-del-Cerro-2-300x200.jpg 300w, https:\/\/www.ejercito.mil.uy\/wp-content\/uploads\/2022\/08\/Visita-al-Museo-General-Artigas-de-la-Fortaleza-del-Cerro-2.jpg 1200w\" sizes=\"(max-width: 1024px) 100vw, 1024px\" \/><\/figure><figcaption class=\"coblocks-gallery--caption coblocks-gallery--primary-caption\"><\/figcaption><\/div><\/div><div class=\"swiper-slide\"><div class=\"coblocks-gallery--item\" role=\"button\"><figure class=\"coblocks-gallery--figure has-margin-left-mobile-5 has-margin-right-mobile-5\"><img decoding=\"async\" width=\"1024\" height=\"683\" alt=\"\" class=\"wp-image-14844\" data-id=\"14844\" data-link=\"https:\/\/www.ejercito.mil.uy\/index.php\/2022\/08\/01\/visita-al-museo-general-artigas-de-la-fortaleza-del-cerro\/visita-al-museo-general-artigas-de-la-fortaleza-del-cerro-3\/\" src=\"https:\/\/www.ejercito.mil.uy\/wp-content\/uploads\/2022\/08\/Visita-al-Museo-General-Artigas-de-la-Fortaleza-del-Cerro-3-1024x683.jpg\" srcset=\"https:\/\/www.ejercito.mil.uy\/wp-content\/uploads\/2022\/08\/Visita-al-Museo-General-Artigas-de-la-Fortaleza-del-Cerro-3-1024x683.jpg 1024w, https:\/\/www.ejercito.mil.uy\/wp-content\/uploads\/2022\/08\/Visita-al-Museo-General-Artigas-de-la-Fortaleza-del-Cerro-3-300x200.jpg 300w, https:\/\/www.ejercito.mil.uy\/wp-content\/uploads\/2022\/08\/Visita-al-Museo-General-Artigas-de-la-Fortaleza-del-Cerro-3.jpg 1200w\" sizes=\"(max-width: 1024px) 100vw, 1024px\" \/><\/figure><figcaption class=\"coblocks-gallery--caption coblocks-gallery--primary-caption\"><\/figcaption><\/div><\/div><div class=\"swiper-slide\"><div class=\"coblocks-gallery--item\" role=\"button\"><figure class=\"coblocks-gallery--figure has-margin-left-mobile-5 has-margin-right-mobile-5\"><img loading=\"lazy\" decoding=\"async\" width=\"1024\" height=\"683\" alt=\"\" class=\"wp-image-14843\" data-id=\"14843\" data-link=\"https:\/\/www.ejercito.mil.uy\/index.php\/2022\/08\/01\/visita-al-museo-general-artigas-de-la-fortaleza-del-cerro\/visita-al-museo-general-artigas-de-la-fortaleza-del-cerro-4\/\" src=\"https:\/\/www.ejercito.mil.uy\/wp-content\/uploads\/2022\/08\/Visita-al-Museo-General-Artigas-de-la-Fortaleza-del-Cerro-4-1024x683.jpg\" srcset=\"https:\/\/www.ejercito.mil.uy\/wp-content\/uploads\/2022\/08\/Visita-al-Museo-General-Artigas-de-la-Fortaleza-del-Cerro-4-1024x683.jpg 1024w, https:\/\/www.ejercito.mil.uy\/wp-content\/uploads\/2022\/08\/Visita-al-Museo-General-Artigas-de-la-Fortaleza-del-Cerro-4-300x200.jpg 300w, https:\/\/www.ejercito.mil.uy\/wp-content\/uploads\/2022\/08\/Visita-al-Museo-General-Artigas-de-la-Fortaleza-del-Cerro-4.jpg 1200w\" sizes=\"(max-width: 1024px) 100vw, 1024px\" \/><\/figure><figcaption class=\"coblocks-gallery--caption coblocks-gallery--primary-caption\"><\/figcaption><\/div><\/div><\/div><button class=\"nav-button__prev\" id=\"12345-prev\"><\/button><button class=\"nav-button__next\" id=\"12345-next\"><\/button><\/div><\/div><\/div>\n\n\n\n<div style=\"height:100px\" aria-hidden=\"true\" class=\"wp-block-spacer\"><\/div>\n","protected":false},"excerpt":{"rendered":"<p>31.07.2022 &#8211; Alumnos de la Escuela de Comunicaciones del Ej\u00e9rcito visitaron al Museo General Artigas de la Fortaleza del Cerro. <\/p>\n","protected":false},"author":14,"featured_media":14841,"comment_status":"open","ping_status":"open","sticky":false,"template":"","format":"standard","meta":{"_coblocks_attr":"","_coblocks_dimensions":"","_coblocks_responsive_height":"","_coblocks_accordion_ie_support":"","_monsterinsights_skip_tracking":false,"_monsterinsights_sitenote_active":false,"_monsterinsights_sitenote_note":"","_monsterinsights_sitenote_category":0,"_uf_show_specific_survey":0,"_uf_disable_surveys":false,"footnotes":""},"categories":[2,14,1],"tags":[60,557,41,472,127,587,46],"class_list":["post-14840","post","type-post","status-publish","format-standard","has-post-thumbnail","hentry","category-blog","category-noticias","category-sin-categoria","tag-comunicaciones","tag-ejercito","tag-historia","tag-museo","tag-patria","tag-recuerdo","tag-visita"],"aioseo_notices":[],"_links":{"self":[{"href":"https:\/\/www.ejercito.mil.uy\/index.php\/wp-json\/wp\/v2\/posts\/14840","targetHints":{"allow":["GET"]}}],"collection":[{"href":"https:\/\/www.ejercito.mil.uy\/index.php\/wp-json\/wp\/v2\/posts"}],"about":[{"href":"https:\/\/www.ejercito.mil.uy\/index.php\/wp-json\/wp\/v2\/types\/post"}],"author":[{"embeddable":true,"href":"https:\/\/www.ejercito.mil.uy\/index.php\/wp-json\/wp\/v2\/users\/14"}],"replies":[{"embeddable":true,"href":"https:\/\/www.ejercito.mil.uy\/index.php\/wp-json\/wp\/v2\/comments?post=14840"}],"version-history":[{"count":7,"href":"https:\/\/www.ejercito.mil.uy\/index.php\/wp-json\/wp\/v2\/posts\/14840\/revisions"}],"predecessor-version":[{"id":14952,"href":"https:\/\/www.ejercito.mil.uy\/index.php\/wp-json\/wp\/v2\/posts\/14840\/revisions\/14952"}],"wp:featuredmedia":[{"embeddable":true,"href":"https:\/\/www.ejercito.mil.uy\/index.php\/wp-json\/wp\/v2\/media\/14841"}],"wp:attachment":[{"href":"https:\/\/www.ejercito.mil.uy\/index.php\/wp-json\/wp\/v2\/media?parent=14840"}],"wp:term":[{"taxonomy":"category","embeddable":true,"href":"https:\/\/www.ejercito.mil.uy\/index.php\/wp-json\/wp\/v2\/categories?post=14840"},{"taxonomy":"post_tag","embeddable":true,"href":"https:\/\/www.ejercito.mil.uy\/index.php\/wp-json\/wp\/v2\/tags?post=14840"}],"curies":[{"name":"wp","href":"https:\/\/api.w.org\/{rel}","templated":true}]}}