{"id":14912,"date":"2022-08-02T18:02:32","date_gmt":"2022-08-02T21:02:32","guid":{"rendered":"https:\/\/www.ejercito.mil.uy\/?p=14912"},"modified":"2022-08-04T12:20:28","modified_gmt":"2022-08-04T15:20:28","slug":"muestra-fotografica-una-vision-aerea-del-uruguay","status":"publish","type":"post","link":"https:\/\/www.ejercito.mil.uy\/index.php\/2022\/08\/02\/muestra-fotografica-una-vision-aerea-del-uruguay\/","title":{"rendered":"Muestra fotogr\u00e1fica \u00abUna visi\u00f3n a\u00e9rea del Uruguay\u00bb"},"content":{"rendered":"\n<p class=\"has-small-font-size\">02.08.2022  &#8211; Montevideo <\/p>\n\n\n\n<div style=\"height:22px\" aria-hidden=\"true\" class=\"wp-block-spacer\"><\/div>\n\n\n\n<div style=\"height:50px\" aria-hidden=\"true\" class=\"wp-block-spacer\"><\/div>\n\n\n\n<p>El Departamento de Estudios Hist\u00f3ricos del Estado Mayor del Ej\u00e9ricto invita a la muestra fotogr\u00e1fica \u00abUna visi\u00f3n a\u00e9rea del Uruguay\u00bb que se realizar\u00e1 a partir del 3 de agosto al 27 de septiembre. <\/p>\n\n\n\n<div style=\"height:50px\" aria-hidden=\"true\" class=\"wp-block-spacer\"><\/div>\n\n\n\n<p>\u00a1Los esperamos! <\/p>\n\n\n\n<div style=\"height:50px\" aria-hidden=\"true\" class=\"wp-block-spacer\"><\/div>\n","protected":false},"excerpt":{"rendered":"<p>02.08.2022 &#8211; El Departamento de Estudios Hist\u00f3ricos del Estado Mayor del Ej\u00e9ricto invita a la muestra fotogr\u00e1fica \u00abUna visi\u00f3n a\u00e9rea del Uruguay\u00bb que se realizar\u00e1 a partir del 3 de agosto al 27 de septiembre. <\/p>\n","protected":false},"author":14,"featured_media":14908,"comment_status":"open","ping_status":"open","sticky":false,"template":"","format":"standard","meta":{"_coblocks_attr":"","_coblocks_dimensions":"","_coblocks_responsive_height":"","_coblocks_accordion_ie_support":"","_monsterinsights_skip_tracking":false,"_monsterinsights_sitenote_active":false,"_monsterinsights_sitenote_note":"","_monsterinsights_sitenote_category":0,"_uf_show_specific_survey":0,"_uf_disable_surveys":false,"footnotes":""},"categories":[2,10,14,1],"tags":[557,41,592,472],"class_list":["post-14912","post","type-post","status-publish","format-standard","has-post-thumbnail","hentry","category-blog","category-destacados","category-noticias","category-sin-categoria","tag-ejercito","tag-historia","tag-muestra","tag-museo"],"aioseo_notices":[],"_links":{"self":[{"href":"https:\/\/www.ejercito.mil.uy\/index.php\/wp-json\/wp\/v2\/posts\/14912","targetHints":{"allow":["GET"]}}],"collection":[{"href":"https:\/\/www.ejercito.mil.uy\/index.php\/wp-json\/wp\/v2\/posts"}],"about":[{"href":"https:\/\/www.ejercito.mil.uy\/index.php\/wp-json\/wp\/v2\/types\/post"}],"author":[{"embeddable":true,"href":"https:\/\/www.ejercito.mil.uy\/index.php\/wp-json\/wp\/v2\/users\/14"}],"replies":[{"embeddable":true,"href":"https:\/\/www.ejercito.mil.uy\/index.php\/wp-json\/wp\/v2\/comments?post=14912"}],"version-history":[{"count":2,"href":"https:\/\/www.ejercito.mil.uy\/index.php\/wp-json\/wp\/v2\/posts\/14912\/revisions"}],"predecessor-version":[{"id":14951,"href":"https:\/\/www.ejercito.mil.uy\/index.php\/wp-json\/wp\/v2\/posts\/14912\/revisions\/14951"}],"wp:featuredmedia":[{"embeddable":true,"href":"https:\/\/www.ejercito.mil.uy\/index.php\/wp-json\/wp\/v2\/media\/14908"}],"wp:attachment":[{"href":"https:\/\/www.ejercito.mil.uy\/index.php\/wp-json\/wp\/v2\/media?parent=14912"}],"wp:term":[{"taxonomy":"category","embeddable":true,"href":"https:\/\/www.ejercito.mil.uy\/index.php\/wp-json\/wp\/v2\/categories?post=14912"},{"taxonomy":"post_tag","embeddable":true,"href":"https:\/\/www.ejercito.mil.uy\/index.php\/wp-json\/wp\/v2\/tags?post=14912"}],"curies":[{"name":"wp","href":"https:\/\/api.w.org\/{rel}","templated":true}]}}