{"id":14956,"date":"2022-08-04T12:28:59","date_gmt":"2022-08-04T15:28:59","guid":{"rendered":"https:\/\/www.ejercito.mil.uy\/?p=14956"},"modified":"2022-08-04T12:28:59","modified_gmt":"2022-08-04T15:28:59","slug":"distribuccion-de-ladrillos","status":"publish","type":"post","link":"https:\/\/www.ejercito.mil.uy\/index.php\/2022\/08\/04\/distribuccion-de-ladrillos\/","title":{"rendered":"Distribucci\u00f3n de ladrillos"},"content":{"rendered":"\n<p class=\"has-small-font-size\">04.08.2022  &#8211; Paysand\u00fa <\/p>\n\n\n\n<div style=\"height:22px\" aria-hidden=\"true\" class=\"wp-block-spacer\"><\/div>\n\n\n\n<div style=\"height:50px\" aria-hidden=\"true\" class=\"wp-block-spacer\"><\/div>\n\n\n\n<p>El 29 de julio, el <a rel=\"noreferrer noopener\" href=\"https:\/\/www.facebook.com\/profile.php?id=100066599844173&amp;__cft__[0]=AZXaVm6hTAInbdTQsFV870zZPp8U64kNiwO4GiJJmcCpyGOSa_B75v5CVkA01HDx0cu4FHnQwQkXtzafDC6gUIjr11nasRxtRVi6jAWdqzo9iQJZX7W-QDCnhFoZ5f4auf0710PHJZuS1E7Ukmxm-6_OIYJkwcA45eQ1mZik5wWaZw&amp;__tn__=-]K-R\" target=\"_blank\">Batall\u00f3n \u00abGral. Leandro G\u00f3mez\u00bb de Infanter\u00eda Mec. N8<\/a> dio apoy\u00f3 a la Intendencia Departamental de Paysand\u00fa en la distribuci\u00f3n de ladrillos <img decoding=\"async\" height=\"16\" width=\"16\" alt=\"\ud83e\uddf1\" src=\"https:\/\/static.xx.fbcdn.net\/images\/emoji.php\/v9\/t9c\/1\/16\/1f9f1.png\"> a personas que han sufrido da\u00f1os en sus viviendas tras la turbonada del pasado 11 de julio. <\/p>\n\n\n\n<div style=\"height:50px\" aria-hidden=\"true\" class=\"wp-block-spacer\"><\/div>\n\n\n\n<p>Contribuir al auxilio de la poblaci\u00f3n en caso de necesidades p\u00fablicas o de desastres naturales es de vital importancia para la protecci\u00f3n y bienestar de la ciudadan\u00eda.<\/p>\n\n\n\n<div style=\"height:50px\" aria-hidden=\"true\" class=\"wp-block-spacer\"><\/div>\n\n\n\n<div aria-label=\"Carousel Gallery\" class=\"wp-block-coblocks-gallery-carousel alignfull\"><div class=\"coblocks-gallery-carousel-swiper-container is-cropped coblocks-gallery has-caption-style-dark has-no-thumbnails\"><div class=\"has-carousel has-carousel-xlrg swiper-container\" data-swiper=\"{&quot;alignCells&quot;:false,&quot;autoPlay&quot;:true,&quot;autoPlaySpeed&quot;:&quot;5000&quot;,&quot;draggable&quot;:true,&quot;freeScroll&quot;:false,&quot;loop&quot;:true,&quot;navigation&quot;:true,&quot;pageDots&quot;:false,&quot;pauseHover&quot;:false,&quot;responsiveHeight&quot;:false,&quot;slidesPerView&quot;:1,&quot;thumbnails&quot;:false,&quot;uuid&quot;:&quot;12345&quot;}\" id=\"12345\" style=\"height:550px\"><div class=\"swiper-wrapper\"><div class=\"swiper-slide\"><div class=\"coblocks-gallery--item\" role=\"button\"><figure class=\"coblocks-gallery--figure has-margin-left-mobile-5 has-margin-right-mobile-5\"><img fetchpriority=\"high\" decoding=\"async\" width=\"1024\" height=\"683\" alt=\"\" class=\"wp-image-14959\" data-id=\"14959\" data-link=\"https:\/\/www.ejercito.mil.uy\/?attachment_id=14959\" src=\"https:\/\/www.ejercito.mil.uy\/wp-content\/uploads\/2022\/08\/Distribuccion-de-ladrillos-1-1024x683.jpg\" srcset=\"https:\/\/www.ejercito.mil.uy\/wp-content\/uploads\/2022\/08\/Distribuccion-de-ladrillos-1-1024x683.jpg 1024w, https:\/\/www.ejercito.mil.uy\/wp-content\/uploads\/2022\/08\/Distribuccion-de-ladrillos-1-300x200.jpg 300w, https:\/\/www.ejercito.mil.uy\/wp-content\/uploads\/2022\/08\/Distribuccion-de-ladrillos-1.jpg 1200w\" sizes=\"(max-width: 1024px) 100vw, 1024px\" \/><\/figure><figcaption class=\"coblocks-gallery--caption coblocks-gallery--primary-caption\"><\/figcaption><\/div><\/div><div class=\"swiper-slide\"><div class=\"coblocks-gallery--item\" role=\"button\"><figure class=\"coblocks-gallery--figure has-margin-left-mobile-5 has-margin-right-mobile-5\"><img decoding=\"async\" width=\"1024\" height=\"683\" alt=\"\" class=\"wp-image-14960\" data-id=\"14960\" data-link=\"https:\/\/www.ejercito.mil.uy\/?attachment_id=14960\" src=\"https:\/\/www.ejercito.mil.uy\/wp-content\/uploads\/2022\/08\/Distribuccion-de-ladrillos-4-1024x683.jpg\" srcset=\"https:\/\/www.ejercito.mil.uy\/wp-content\/uploads\/2022\/08\/Distribuccion-de-ladrillos-4-1024x683.jpg 1024w, https:\/\/www.ejercito.mil.uy\/wp-content\/uploads\/2022\/08\/Distribuccion-de-ladrillos-4-300x200.jpg 300w, https:\/\/www.ejercito.mil.uy\/wp-content\/uploads\/2022\/08\/Distribuccion-de-ladrillos-4.jpg 1200w\" sizes=\"(max-width: 1024px) 100vw, 1024px\" \/><\/figure><figcaption class=\"coblocks-gallery--caption coblocks-gallery--primary-caption\"><\/figcaption><\/div><\/div><div class=\"swiper-slide\"><div class=\"coblocks-gallery--item\" role=\"button\"><figure class=\"coblocks-gallery--figure has-margin-left-mobile-5 has-margin-right-mobile-5\"><img loading=\"lazy\" decoding=\"async\" width=\"1024\" height=\"683\" alt=\"\" class=\"wp-image-14958\" data-id=\"14958\" data-link=\"https:\/\/www.ejercito.mil.uy\/?attachment_id=14958\" src=\"https:\/\/www.ejercito.mil.uy\/wp-content\/uploads\/2022\/08\/Distribuccion-de-ladrillos-3-1024x683.jpg\" srcset=\"https:\/\/www.ejercito.mil.uy\/wp-content\/uploads\/2022\/08\/Distribuccion-de-ladrillos-3-1024x683.jpg 1024w, https:\/\/www.ejercito.mil.uy\/wp-content\/uploads\/2022\/08\/Distribuccion-de-ladrillos-3-300x200.jpg 300w, https:\/\/www.ejercito.mil.uy\/wp-content\/uploads\/2022\/08\/Distribuccion-de-ladrillos-3.jpg 1200w\" sizes=\"(max-width: 1024px) 100vw, 1024px\" \/><\/figure><figcaption class=\"coblocks-gallery--caption coblocks-gallery--primary-caption\"><\/figcaption><\/div><\/div><\/div><button class=\"nav-button__prev\" id=\"12345-prev\"><\/button><button class=\"nav-button__next\" id=\"12345-next\"><\/button><\/div><\/div><\/div>\n\n\n\n<div style=\"height:100px\" aria-hidden=\"true\" class=\"wp-block-spacer\"><\/div>\n","protected":false},"excerpt":{"rendered":"<p>04.08.2022 &#8211; El 29 de julio, el Batall\u00f3n \u00abGral. Leandro G\u00f3mez\u00bb de Infanter\u00eda Mec. N8 dio apoy\u00f3 a la Intendencia Departamental de Paysand\u00fa en la distribuci\u00f3n de ladrillos a personas que han sufrido da\u00f1os en sus viviendas tras la turbonada del pasado 11 de julio. <\/p>\n","protected":false},"author":14,"featured_media":14957,"comment_status":"open","ping_status":"open","sticky":false,"template":"","format":"standard","meta":{"_coblocks_attr":"","_coblocks_dimensions":"","_coblocks_responsive_height":"","_coblocks_accordion_ie_support":"","_monsterinsights_skip_tracking":false,"_monsterinsights_sitenote_active":false,"_monsterinsights_sitenote_note":"","_monsterinsights_sitenote_category":0,"_uf_show_specific_survey":0,"_uf_disable_surveys":false,"footnotes":""},"categories":[2,14,1],"tags":[27,32,536,557,71,595,491,402],"class_list":["post-14956","post","type-post","status-publish","format-standard","has-post-thumbnail","hentry","category-blog","category-noticias","category-sin-categoria","tag-apoyo","tag-bienestar","tag-colaboracion","tag-ejercito","tag-infanteria","tag-ladrillos","tag-proteccion","tag-turbonada"],"aioseo_notices":[],"_links":{"self":[{"href":"https:\/\/www.ejercito.mil.uy\/index.php\/wp-json\/wp\/v2\/posts\/14956","targetHints":{"allow":["GET"]}}],"collection":[{"href":"https:\/\/www.ejercito.mil.uy\/index.php\/wp-json\/wp\/v2\/posts"}],"about":[{"href":"https:\/\/www.ejercito.mil.uy\/index.php\/wp-json\/wp\/v2\/types\/post"}],"author":[{"embeddable":true,"href":"https:\/\/www.ejercito.mil.uy\/index.php\/wp-json\/wp\/v2\/users\/14"}],"replies":[{"embeddable":true,"href":"https:\/\/www.ejercito.mil.uy\/index.php\/wp-json\/wp\/v2\/comments?post=14956"}],"version-history":[{"count":1,"href":"https:\/\/www.ejercito.mil.uy\/index.php\/wp-json\/wp\/v2\/posts\/14956\/revisions"}],"predecessor-version":[{"id":14961,"href":"https:\/\/www.ejercito.mil.uy\/index.php\/wp-json\/wp\/v2\/posts\/14956\/revisions\/14961"}],"wp:featuredmedia":[{"embeddable":true,"href":"https:\/\/www.ejercito.mil.uy\/index.php\/wp-json\/wp\/v2\/media\/14957"}],"wp:attachment":[{"href":"https:\/\/www.ejercito.mil.uy\/index.php\/wp-json\/wp\/v2\/media?parent=14956"}],"wp:term":[{"taxonomy":"category","embeddable":true,"href":"https:\/\/www.ejercito.mil.uy\/index.php\/wp-json\/wp\/v2\/categories?post=14956"},{"taxonomy":"post_tag","embeddable":true,"href":"https:\/\/www.ejercito.mil.uy\/index.php\/wp-json\/wp\/v2\/tags?post=14956"}],"curies":[{"name":"wp","href":"https:\/\/api.w.org\/{rel}","templated":true}]}}