{"id":14967,"date":"2022-08-05T12:23:00","date_gmt":"2022-08-05T15:23:00","guid":{"rendered":"https:\/\/www.ejercito.mil.uy\/?p=14967"},"modified":"2022-08-04T16:06:55","modified_gmt":"2022-08-04T19:06:55","slug":"diversos-apoyos-del-grupo-de-artilleria-las-piedras-105mm-n-3","status":"publish","type":"post","link":"https:\/\/www.ejercito.mil.uy\/index.php\/2022\/08\/05\/diversos-apoyos-del-grupo-de-artilleria-las-piedras-105mm-n-3\/","title":{"rendered":"Diversos apoyos del Grupo de Artiller\u00eda \u00abLas Piedras\u00bb 105mm N\u00b0 3"},"content":{"rendered":"\n<p class=\"has-small-font-size\">05.08.2022  &#8211; Tacuaremb\u00f3  <\/p>\n\n\n\n<div style=\"height:22px\" aria-hidden=\"true\" class=\"wp-block-spacer\"><\/div>\n\n\n\n<div style=\"height:50px\" aria-hidden=\"true\" class=\"wp-block-spacer\"><\/div>\n\n\n\n<p>Desde el 26 de julio al 1 de agosto, el <a rel=\"noreferrer noopener\" href=\"https:\/\/www.facebook.com\/profile.php?id=100064805856044&amp;__cft__[0]=AZVxAIyBaWHwJiU8Lc3Q7uiStGdraRwHCKHpXcevYIbEaif_mxBonG3fEqU_avCB7NAPwLLlMkJSf7dU8JXnqdty2Tad2tisywdilvaopolPTNgIfKTd2lJkVp5G2Nq2wosuOZsyWE6MYGzcbIFmvGmx0tDUSUQ-NL9Jfw_5CB_Qaw&amp;__tn__=-]K-R\" target=\"_blank\">Grupo \u00abLas Piedras\u00bb de Artiller\u00eda 105mm No. 3<\/a> brind\u00f3 apoyo a la Escuela N\u00b0 139 en reparaciones de l\u00edneas electr\u00f3nicas, adem\u00e1s de la construcci\u00f3n de un invern\u00e1culo. <\/p>\n\n\n\n<div style=\"height:50px\" aria-hidden=\"true\" class=\"wp-block-spacer\"><\/div>\n\n\n\n<p>El invern\u00e1culo es usado para el cultivo y la protecci\u00f3n de plantas. A su alrededor contiene una cubierta pl\u00e1stica para producir las condiciones clim\u00e1ticas necesarias. <\/p>\n\n\n\n<div style=\"height:50px\" aria-hidden=\"true\" class=\"wp-block-spacer\"><\/div>\n\n\n\n<div aria-label=\"Carousel Gallery\" class=\"wp-block-coblocks-gallery-carousel\"><div class=\"coblocks-gallery-carousel-swiper-container is-cropped coblocks-gallery has-no-alignment has-caption-style-dark has-horizontal-gutter has-no-thumbnails\"><div class=\"has-carousel has-carousel-xlrg swiper-container\" data-swiper=\"{&quot;alignCells&quot;:false,&quot;autoPlay&quot;:true,&quot;autoPlaySpeed&quot;:3000,&quot;draggable&quot;:true,&quot;freeScroll&quot;:false,&quot;loop&quot;:true,&quot;navigation&quot;:true,&quot;pageDots&quot;:false,&quot;pauseHover&quot;:false,&quot;responsiveHeight&quot;:false,&quot;slidesPerView&quot;:1,&quot;thumbnails&quot;:false,&quot;uuid&quot;:&quot;12345&quot;}\" id=\"12345\" style=\"height:550px\"><div class=\"swiper-wrapper\"><div class=\"swiper-slide\"><div class=\"coblocks-gallery--item\" role=\"button\"><figure class=\"coblocks-gallery--figure has-margin-left-5 has-margin-left-mobile-5 has-margin-right-5 has-margin-right-mobile-5\"><img fetchpriority=\"high\" decoding=\"async\" width=\"1024\" height=\"683\" alt=\"\" class=\"wp-image-14970\" data-id=\"14970\" data-link=\"https:\/\/www.ejercito.mil.uy\/?attachment_id=14970\" src=\"https:\/\/www.ejercito.mil.uy\/wp-content\/uploads\/2022\/08\/Diversos-apoyos-del-Grupo-de-Artilleria-Las-Piedras-105mm-N\u00b0-3-4-1024x683.jpg\" srcset=\"https:\/\/www.ejercito.mil.uy\/wp-content\/uploads\/2022\/08\/Diversos-apoyos-del-Grupo-de-Artilleria-Las-Piedras-105mm-N\u00b0-3-4-1024x683.jpg 1024w, https:\/\/www.ejercito.mil.uy\/wp-content\/uploads\/2022\/08\/Diversos-apoyos-del-Grupo-de-Artilleria-Las-Piedras-105mm-N\u00b0-3-4-300x200.jpg 300w, https:\/\/www.ejercito.mil.uy\/wp-content\/uploads\/2022\/08\/Diversos-apoyos-del-Grupo-de-Artilleria-Las-Piedras-105mm-N\u00b0-3-4.jpg 1200w\" sizes=\"(max-width: 1024px) 100vw, 1024px\" \/><\/figure><figcaption class=\"coblocks-gallery--caption coblocks-gallery--primary-caption\"><\/figcaption><\/div><\/div><div class=\"swiper-slide\"><div class=\"coblocks-gallery--item\" role=\"button\"><figure class=\"coblocks-gallery--figure has-margin-left-5 has-margin-left-mobile-5 has-margin-right-5 has-margin-right-mobile-5\"><img decoding=\"async\" width=\"1024\" height=\"683\" alt=\"\" class=\"wp-image-14976\" data-id=\"14976\" data-link=\"https:\/\/www.ejercito.mil.uy\/?attachment_id=14976\" src=\"https:\/\/www.ejercito.mil.uy\/wp-content\/uploads\/2022\/08\/Diversos-apoyos-del-Grupo-de-Artilleria-Las-Piedras-105mm-N\u00b0-3-3-1024x683.jpg\" srcset=\"https:\/\/www.ejercito.mil.uy\/wp-content\/uploads\/2022\/08\/Diversos-apoyos-del-Grupo-de-Artilleria-Las-Piedras-105mm-N\u00b0-3-3-1024x683.jpg 1024w, https:\/\/www.ejercito.mil.uy\/wp-content\/uploads\/2022\/08\/Diversos-apoyos-del-Grupo-de-Artilleria-Las-Piedras-105mm-N\u00b0-3-3-300x200.jpg 300w, https:\/\/www.ejercito.mil.uy\/wp-content\/uploads\/2022\/08\/Diversos-apoyos-del-Grupo-de-Artilleria-Las-Piedras-105mm-N\u00b0-3-3.jpg 1200w\" sizes=\"(max-width: 1024px) 100vw, 1024px\" \/><\/figure><figcaption class=\"coblocks-gallery--caption coblocks-gallery--primary-caption\"><\/figcaption><\/div><\/div><\/div><button class=\"nav-button__prev\" id=\"12345-prev\"><\/button><button class=\"nav-button__next\" id=\"12345-next\"><\/button><\/div><\/div><\/div>\n\n\n\n<div style=\"height:50px\" aria-hidden=\"true\" class=\"wp-block-spacer\"><\/div>\n\n\n\n<p>Asimismo, la Unidad contin\u00faa colaborando con la Escuela N\u00b0 109 en tareas de pintura. <\/p>\n\n\n\n<div style=\"height:50px\" aria-hidden=\"true\" class=\"wp-block-spacer\"><\/div>\n\n\n\n<p>Estas contribuciones son importantes para mantener en \u00f3ptimas condiciones a las instituciones estudiantiles.<\/p>\n\n\n\n<div style=\"height:50px\" aria-hidden=\"true\" class=\"wp-block-spacer\"><\/div>\n\n\n\n<div class=\"wp-block-coblocks-gallery-stacked alignfull\"><ul class=\"coblocks-gallery has-fullwidth-images has-custom-gutter\"><li class=\"coblocks-gallery--item\"><figure class=\"coblocks-gallery--figure\"><img decoding=\"async\" width=\"1024\" height=\"683\" alt=\"\" class=\"wp-image-14969 has-shadow-none\" data-id=\"14969\" data-imglink=\"\" data-link=\"https:\/\/www.ejercito.mil.uy\/?attachment_id=14969\" src=\"https:\/\/www.ejercito.mil.uy\/wp-content\/uploads\/2022\/08\/Diversos-apoyos-del-Grupo-de-Artilleria-Las-Piedras-105mm-N\u00b0-3-2-1024x683.jpg\" srcset=\"https:\/\/www.ejercito.mil.uy\/wp-content\/uploads\/2022\/08\/Diversos-apoyos-del-Grupo-de-Artilleria-Las-Piedras-105mm-N\u00b0-3-2-1024x683.jpg 1024w, https:\/\/www.ejercito.mil.uy\/wp-content\/uploads\/2022\/08\/Diversos-apoyos-del-Grupo-de-Artilleria-Las-Piedras-105mm-N\u00b0-3-2-300x200.jpg 300w, https:\/\/www.ejercito.mil.uy\/wp-content\/uploads\/2022\/08\/Diversos-apoyos-del-Grupo-de-Artilleria-Las-Piedras-105mm-N\u00b0-3-2.jpg 1200w\" sizes=\"(max-width: 1024px) 100vw, 1024px\" \/><\/figure><\/li><\/ul><\/div>\n\n\n\n<div style=\"height:100px\" aria-hidden=\"true\" class=\"wp-block-spacer\"><\/div>\n","protected":false},"excerpt":{"rendered":"<p>05.08.2022 &#8211; Desde el 26 de julio al 1 de agosto, el Grupo \u00abLas Piedras\u00bb de Artiller\u00eda 105mm No. 3 brind\u00f3 apoyo a la Escuela N\u00b0 139 en reparaciones de l\u00edneas electr\u00f3nicas, adem\u00e1s de la construcci\u00f3n de un invern\u00e1culo.<\/p>\n","protected":false},"author":14,"featured_media":14968,"comment_status":"open","ping_status":"open","sticky":false,"template":"","format":"standard","meta":{"_coblocks_attr":"","_coblocks_dimensions":"","_coblocks_responsive_height":"","_coblocks_accordion_ie_support":"","_monsterinsights_skip_tracking":false,"_monsterinsights_sitenote_active":false,"_monsterinsights_sitenote_note":"","_monsterinsights_sitenote_category":0,"_uf_show_specific_survey":0,"_uf_disable_surveys":false,"footnotes":""},"categories":[2,14,1],"tags":[27,135,557,107,393],"class_list":["post-14967","post","type-post","status-publish","format-standard","has-post-thumbnail","hentry","category-blog","category-noticias","category-sin-categoria","tag-apoyo","tag-artilleria","tag-ejercito","tag-escuela","tag-pintura"],"aioseo_notices":[],"_links":{"self":[{"href":"https:\/\/www.ejercito.mil.uy\/index.php\/wp-json\/wp\/v2\/posts\/14967","targetHints":{"allow":["GET"]}}],"collection":[{"href":"https:\/\/www.ejercito.mil.uy\/index.php\/wp-json\/wp\/v2\/posts"}],"about":[{"href":"https:\/\/www.ejercito.mil.uy\/index.php\/wp-json\/wp\/v2\/types\/post"}],"author":[{"embeddable":true,"href":"https:\/\/www.ejercito.mil.uy\/index.php\/wp-json\/wp\/v2\/users\/14"}],"replies":[{"embeddable":true,"href":"https:\/\/www.ejercito.mil.uy\/index.php\/wp-json\/wp\/v2\/comments?post=14967"}],"version-history":[{"count":5,"href":"https:\/\/www.ejercito.mil.uy\/index.php\/wp-json\/wp\/v2\/posts\/14967\/revisions"}],"predecessor-version":[{"id":14981,"href":"https:\/\/www.ejercito.mil.uy\/index.php\/wp-json\/wp\/v2\/posts\/14967\/revisions\/14981"}],"wp:featuredmedia":[{"embeddable":true,"href":"https:\/\/www.ejercito.mil.uy\/index.php\/wp-json\/wp\/v2\/media\/14968"}],"wp:attachment":[{"href":"https:\/\/www.ejercito.mil.uy\/index.php\/wp-json\/wp\/v2\/media?parent=14967"}],"wp:term":[{"taxonomy":"category","embeddable":true,"href":"https:\/\/www.ejercito.mil.uy\/index.php\/wp-json\/wp\/v2\/categories?post=14967"},{"taxonomy":"post_tag","embeddable":true,"href":"https:\/\/www.ejercito.mil.uy\/index.php\/wp-json\/wp\/v2\/tags?post=14967"}],"curies":[{"name":"wp","href":"https:\/\/api.w.org\/{rel}","templated":true}]}}