{"id":15019,"date":"2022-08-06T12:00:00","date_gmt":"2022-08-06T15:00:00","guid":{"rendered":"https:\/\/www.ejercito.mil.uy\/?p=15019"},"modified":"2022-08-05T18:04:10","modified_gmt":"2022-08-05T21:04:10","slug":"jornada-de-instruccion-en-el-grupo-de-artilleria-no-1","status":"publish","type":"post","link":"https:\/\/www.ejercito.mil.uy\/index.php\/2022\/08\/06\/jornada-de-instruccion-en-el-grupo-de-artilleria-no-1\/","title":{"rendered":"Jornada de instrucci\u00f3n en el Grupo de Artiller\u00eda N\u00ba 1"},"content":{"rendered":"\n<p class=\"has-small-font-size\">06.08.2022  &#8211; Montevideo <\/p>\n\n\n\n<div style=\"height:22px\" aria-hidden=\"true\" class=\"wp-block-spacer\"><\/div>\n\n\n\n<div style=\"height:50px\" aria-hidden=\"true\" class=\"wp-block-spacer\"><\/div>\n\n\n\n<p>El 2 de agosto, el <a rel=\"noreferrer noopener\" href=\"https:\/\/www.facebook.com\/Grupo-de-Artiller%C3%ADa-N5-105138382127510\/?__cft__[0]=AZUOnJtGK9ASH4D_RSTBd9Q30MHWCfbuRMtHj8f9MDhfhbBlSa3Q6ozlhTy0ZVfB-yVE4z5b1gtr2V1rYwGmxs0sBBgjS88AR2xo6PKKCCI1eyrlZ6r9IU5oZaa1k2_qe0qasmto8IUyO7jtLmbhuKbr6O4EQhyYPfXfntp-kQWnqA&amp;__tn__=kK-R\" target=\"_blank\">Grupo de Artiller\u00eda N5<\/a>, recibi\u00f3 la visita de 150 alumnos de 5to a\u00f1o del <a rel=\"noreferrer noopener\" href=\"https:\/\/www.facebook.com\/LiceoMilitaruy\/?__cft__[0]=AZUOnJtGK9ASH4D_RSTBd9Q30MHWCfbuRMtHj8f9MDhfhbBlSa3Q6ozlhTy0ZVfB-yVE4z5b1gtr2V1rYwGmxs0sBBgjS88AR2xo6PKKCCI1eyrlZ6r9IU5oZaa1k2_qe0qasmto8IUyO7jtLmbhuKbr6O4EQhyYPfXfntp-kQWnqA&amp;__tn__=kK-R\" target=\"_blank\">Liceo Militar \u00abGeneral Artigas\u00bb<\/a>para realizar una jornada de instrucci\u00f3n. <\/p>\n\n\n\n<div style=\"height:50px\" aria-hidden=\"true\" class=\"wp-block-spacer\"><\/div>\n\n\n\n<p>Las actividades comenzaron con un desfile a pie y motorizado. <\/p>\n\n\n\n<div style=\"height:50px\" aria-hidden=\"true\" class=\"wp-block-spacer\"><\/div>\n\n\n\n<p>Un Oficial expuso la rese\u00f1a hist\u00f3rica de la Unidad y posteriormente se ofreci\u00f3 un desayuno. <\/p>\n\n\n\n<div style=\"height:50px\" aria-hidden=\"true\" class=\"wp-block-spacer\"><\/div>\n\n\n\n<div aria-label=\"Carousel Gallery\" class=\"wp-block-coblocks-gallery-carousel\"><div class=\"coblocks-gallery-carousel-swiper-container is-cropped coblocks-gallery has-no-alignment has-caption-style-dark has-horizontal-gutter has-no-thumbnails\"><div class=\"has-carousel has-carousel-xlrg swiper-container\" data-swiper=\"{&quot;alignCells&quot;:false,&quot;autoPlay&quot;:true,&quot;autoPlaySpeed&quot;:&quot;5000&quot;,&quot;draggable&quot;:true,&quot;freeScroll&quot;:false,&quot;loop&quot;:true,&quot;navigation&quot;:true,&quot;pageDots&quot;:false,&quot;pauseHover&quot;:false,&quot;responsiveHeight&quot;:false,&quot;slidesPerView&quot;:1,&quot;thumbnails&quot;:false,&quot;uuid&quot;:&quot;12345&quot;}\" id=\"12345\" style=\"height:550px\"><div class=\"swiper-wrapper\"><div class=\"swiper-slide\"><div class=\"coblocks-gallery--item\" role=\"button\"><figure class=\"coblocks-gallery--figure has-margin-left-5 has-margin-left-mobile-5 has-margin-right-5 has-margin-right-mobile-5\"><img fetchpriority=\"high\" decoding=\"async\" width=\"1024\" height=\"683\" alt=\"\" class=\"wp-image-15038\" data-id=\"15038\" data-link=\"https:\/\/www.ejercito.mil.uy\/?attachment_id=15038\" src=\"https:\/\/www.ejercito.mil.uy\/wp-content\/uploads\/2022\/08\/Jornada-de-instruccion-en-el-Grupo-de-Artilleria-No-1-11-1024x683.jpg\" srcset=\"https:\/\/www.ejercito.mil.uy\/wp-content\/uploads\/2022\/08\/Jornada-de-instruccion-en-el-Grupo-de-Artilleria-No-1-11-1024x683.jpg 1024w, https:\/\/www.ejercito.mil.uy\/wp-content\/uploads\/2022\/08\/Jornada-de-instruccion-en-el-Grupo-de-Artilleria-No-1-11-300x200.jpg 300w, https:\/\/www.ejercito.mil.uy\/wp-content\/uploads\/2022\/08\/Jornada-de-instruccion-en-el-Grupo-de-Artilleria-No-1-11.jpg 1200w\" sizes=\"(max-width: 1024px) 100vw, 1024px\" \/><\/figure><figcaption class=\"coblocks-gallery--caption coblocks-gallery--primary-caption\"><\/figcaption><\/div><\/div><div class=\"swiper-slide\"><div class=\"coblocks-gallery--item\" role=\"button\"><figure class=\"coblocks-gallery--figure has-margin-left-5 has-margin-left-mobile-5 has-margin-right-5 has-margin-right-mobile-5\"><img decoding=\"async\" width=\"1024\" height=\"683\" alt=\"\" class=\"wp-image-15031\" data-id=\"15031\" data-link=\"https:\/\/www.ejercito.mil.uy\/?attachment_id=15031\" src=\"https:\/\/www.ejercito.mil.uy\/wp-content\/uploads\/2022\/08\/Jornada-de-instruccion-en-el-Grupo-de-Artilleria-No-1-7-1024x683.jpg\" srcset=\"https:\/\/www.ejercito.mil.uy\/wp-content\/uploads\/2022\/08\/Jornada-de-instruccion-en-el-Grupo-de-Artilleria-No-1-7-1024x683.jpg 1024w, https:\/\/www.ejercito.mil.uy\/wp-content\/uploads\/2022\/08\/Jornada-de-instruccion-en-el-Grupo-de-Artilleria-No-1-7-300x200.jpg 300w, https:\/\/www.ejercito.mil.uy\/wp-content\/uploads\/2022\/08\/Jornada-de-instruccion-en-el-Grupo-de-Artilleria-No-1-7.jpg 1200w\" sizes=\"(max-width: 1024px) 100vw, 1024px\" \/><\/figure><figcaption class=\"coblocks-gallery--caption coblocks-gallery--primary-caption\"><\/figcaption><\/div><\/div><\/div><button class=\"nav-button__prev\" id=\"12345-prev\"><\/button><button class=\"nav-button__next\" id=\"12345-next\"><\/button><\/div><\/div><\/div>\n\n\n\n<div style=\"height:50px\" aria-hidden=\"true\" class=\"wp-block-spacer\"><\/div>\n\n\n\n<p>Seguidamente se realiz\u00f3 una recorrida\ufe0f por las instalaciones, donde los alumnos apreciaron los alojamientos, parques de veh\u00edculos, comedor, plantel de perros y caballada. <\/p>\n\n\n\n<div style=\"height:50px\" aria-hidden=\"true\" class=\"wp-block-spacer\"><\/div>\n\n\n\n<p>Asimismo, recibieron instrucci\u00f3n sobre el material de Artiller\u00eda de la Unidad, la cual posee la mayor potencia y alcance del pa\u00eds. <\/p>\n\n\n\n<div style=\"height:50px\" aria-hidden=\"true\" class=\"wp-block-spacer\"><\/div>\n\n\n\n<div aria-label=\"Carousel Gallery\" class=\"wp-block-coblocks-gallery-carousel\"><div class=\"coblocks-gallery-carousel-swiper-container is-cropped coblocks-gallery has-no-alignment has-caption-style-dark has-horizontal-gutter has-no-thumbnails\"><div class=\"has-carousel has-carousel-xlrg swiper-container\" data-swiper=\"{&quot;alignCells&quot;:false,&quot;autoPlay&quot;:true,&quot;autoPlaySpeed&quot;:&quot;5000&quot;,&quot;draggable&quot;:true,&quot;freeScroll&quot;:false,&quot;loop&quot;:true,&quot;navigation&quot;:true,&quot;pageDots&quot;:false,&quot;pauseHover&quot;:false,&quot;responsiveHeight&quot;:false,&quot;slidesPerView&quot;:1,&quot;thumbnails&quot;:false,&quot;uuid&quot;:&quot;12345&quot;}\" id=\"12345\" style=\"height:550px\"><div class=\"swiper-wrapper\"><div class=\"swiper-slide\"><div class=\"coblocks-gallery--item\" role=\"button\"><figure class=\"coblocks-gallery--figure has-margin-left-5 has-margin-left-mobile-5 has-margin-right-5 has-margin-right-mobile-5\"><img decoding=\"async\" width=\"1024\" height=\"683\" alt=\"\" class=\"wp-image-15026\" data-id=\"15026\" data-link=\"https:\/\/www.ejercito.mil.uy\/?attachment_id=15026\" src=\"https:\/\/www.ejercito.mil.uy\/wp-content\/uploads\/2022\/08\/Jornada-de-instruccion-en-el-Grupo-de-Artilleria-No-1-3-1024x683.jpg\" srcset=\"https:\/\/www.ejercito.mil.uy\/wp-content\/uploads\/2022\/08\/Jornada-de-instruccion-en-el-Grupo-de-Artilleria-No-1-3-1024x683.jpg 1024w, https:\/\/www.ejercito.mil.uy\/wp-content\/uploads\/2022\/08\/Jornada-de-instruccion-en-el-Grupo-de-Artilleria-No-1-3-300x200.jpg 300w, https:\/\/www.ejercito.mil.uy\/wp-content\/uploads\/2022\/08\/Jornada-de-instruccion-en-el-Grupo-de-Artilleria-No-1-3.jpg 1200w\" sizes=\"(max-width: 1024px) 100vw, 1024px\" \/><\/figure><figcaption class=\"coblocks-gallery--caption coblocks-gallery--primary-caption\"><\/figcaption><\/div><\/div><div class=\"swiper-slide\"><div class=\"coblocks-gallery--item\" role=\"button\"><figure class=\"coblocks-gallery--figure has-margin-left-5 has-margin-left-mobile-5 has-margin-right-5 has-margin-right-mobile-5\"><img loading=\"lazy\" decoding=\"async\" width=\"1024\" height=\"683\" alt=\"\" class=\"wp-image-15039\" data-id=\"15039\" data-link=\"https:\/\/www.ejercito.mil.uy\/?attachment_id=15039\" src=\"https:\/\/www.ejercito.mil.uy\/wp-content\/uploads\/2022\/08\/Jornada-de-instruccion-en-el-Grupo-de-Artilleria-No-1-15-1024x683.jpg\" srcset=\"https:\/\/www.ejercito.mil.uy\/wp-content\/uploads\/2022\/08\/Jornada-de-instruccion-en-el-Grupo-de-Artilleria-No-1-15-1024x683.jpg 1024w, https:\/\/www.ejercito.mil.uy\/wp-content\/uploads\/2022\/08\/Jornada-de-instruccion-en-el-Grupo-de-Artilleria-No-1-15-300x200.jpg 300w, https:\/\/www.ejercito.mil.uy\/wp-content\/uploads\/2022\/08\/Jornada-de-instruccion-en-el-Grupo-de-Artilleria-No-1-15.jpg 1200w\" sizes=\"(max-width: 1024px) 100vw, 1024px\" \/><\/figure><figcaption class=\"coblocks-gallery--caption coblocks-gallery--primary-caption\"><\/figcaption><\/div><\/div><div class=\"swiper-slide\"><div class=\"coblocks-gallery--item\" role=\"button\"><figure class=\"coblocks-gallery--figure has-margin-left-5 has-margin-left-mobile-5 has-margin-right-5 has-margin-right-mobile-5\"><img loading=\"lazy\" decoding=\"async\" width=\"1024\" height=\"683\" alt=\"\" class=\"wp-image-15024\" data-id=\"15024\" data-link=\"https:\/\/www.ejercito.mil.uy\/?attachment_id=15024\" src=\"https:\/\/www.ejercito.mil.uy\/wp-content\/uploads\/2022\/08\/Jornada-de-instruccion-en-el-Grupo-de-Artilleria-No-1-9-1024x683.jpg\" srcset=\"https:\/\/www.ejercito.mil.uy\/wp-content\/uploads\/2022\/08\/Jornada-de-instruccion-en-el-Grupo-de-Artilleria-No-1-9-1024x683.jpg 1024w, https:\/\/www.ejercito.mil.uy\/wp-content\/uploads\/2022\/08\/Jornada-de-instruccion-en-el-Grupo-de-Artilleria-No-1-9-300x200.jpg 300w, https:\/\/www.ejercito.mil.uy\/wp-content\/uploads\/2022\/08\/Jornada-de-instruccion-en-el-Grupo-de-Artilleria-No-1-9.jpg 1200w\" sizes=\"(max-width: 1024px) 100vw, 1024px\" \/><\/figure><figcaption class=\"coblocks-gallery--caption coblocks-gallery--primary-caption\"><\/figcaption><\/div><\/div><div class=\"swiper-slide\"><div class=\"coblocks-gallery--item\" role=\"button\"><figure class=\"coblocks-gallery--figure has-margin-left-5 has-margin-left-mobile-5 has-margin-right-5 has-margin-right-mobile-5\"><img loading=\"lazy\" decoding=\"async\" width=\"1024\" height=\"683\" alt=\"\" class=\"wp-image-15025\" data-id=\"15025\" data-link=\"https:\/\/www.ejercito.mil.uy\/?attachment_id=15025\" src=\"https:\/\/www.ejercito.mil.uy\/wp-content\/uploads\/2022\/08\/Jornada-de-instruccion-en-el-Grupo-de-Artilleria-No-1-8-1024x683.jpg\" srcset=\"https:\/\/www.ejercito.mil.uy\/wp-content\/uploads\/2022\/08\/Jornada-de-instruccion-en-el-Grupo-de-Artilleria-No-1-8-1024x683.jpg 1024w, https:\/\/www.ejercito.mil.uy\/wp-content\/uploads\/2022\/08\/Jornada-de-instruccion-en-el-Grupo-de-Artilleria-No-1-8-300x200.jpg 300w, https:\/\/www.ejercito.mil.uy\/wp-content\/uploads\/2022\/08\/Jornada-de-instruccion-en-el-Grupo-de-Artilleria-No-1-8.jpg 1200w\" sizes=\"(max-width: 1024px) 100vw, 1024px\" \/><\/figure><figcaption class=\"coblocks-gallery--caption coblocks-gallery--primary-caption\"><\/figcaption><\/div><\/div><div class=\"swiper-slide\"><div class=\"coblocks-gallery--item\" role=\"button\"><figure class=\"coblocks-gallery--figure has-margin-left-5 has-margin-left-mobile-5 has-margin-right-5 has-margin-right-mobile-5\"><img loading=\"lazy\" decoding=\"async\" width=\"1024\" height=\"683\" alt=\"\" class=\"wp-image-15032\" data-id=\"15032\" data-link=\"https:\/\/www.ejercito.mil.uy\/?attachment_id=15032\" src=\"https:\/\/www.ejercito.mil.uy\/wp-content\/uploads\/2022\/08\/Jornada-de-instruccion-en-el-Grupo-de-Artilleria-No-1-10-1024x683.jpg\" srcset=\"https:\/\/www.ejercito.mil.uy\/wp-content\/uploads\/2022\/08\/Jornada-de-instruccion-en-el-Grupo-de-Artilleria-No-1-10-1024x683.jpg 1024w, https:\/\/www.ejercito.mil.uy\/wp-content\/uploads\/2022\/08\/Jornada-de-instruccion-en-el-Grupo-de-Artilleria-No-1-10-300x200.jpg 300w, https:\/\/www.ejercito.mil.uy\/wp-content\/uploads\/2022\/08\/Jornada-de-instruccion-en-el-Grupo-de-Artilleria-No-1-10.jpg 1200w\" sizes=\"(max-width: 1024px) 100vw, 1024px\" \/><\/figure><figcaption class=\"coblocks-gallery--caption coblocks-gallery--primary-caption\"><\/figcaption><\/div><\/div><div class=\"swiper-slide\"><div class=\"coblocks-gallery--item\" role=\"button\"><figure class=\"coblocks-gallery--figure has-margin-left-5 has-margin-left-mobile-5 has-margin-right-5 has-margin-right-mobile-5\"><img loading=\"lazy\" decoding=\"async\" width=\"1024\" height=\"683\" alt=\"\" class=\"wp-image-15029\" data-id=\"15029\" data-link=\"https:\/\/www.ejercito.mil.uy\/?attachment_id=15029\" src=\"https:\/\/www.ejercito.mil.uy\/wp-content\/uploads\/2022\/08\/Jornada-de-instruccion-en-el-Grupo-de-Artilleria-No-1-5-1024x683.jpg\" srcset=\"https:\/\/www.ejercito.mil.uy\/wp-content\/uploads\/2022\/08\/Jornada-de-instruccion-en-el-Grupo-de-Artilleria-No-1-5-1024x683.jpg 1024w, https:\/\/www.ejercito.mil.uy\/wp-content\/uploads\/2022\/08\/Jornada-de-instruccion-en-el-Grupo-de-Artilleria-No-1-5-300x200.jpg 300w, https:\/\/www.ejercito.mil.uy\/wp-content\/uploads\/2022\/08\/Jornada-de-instruccion-en-el-Grupo-de-Artilleria-No-1-5.jpg 1200w\" sizes=\"(max-width: 1024px) 100vw, 1024px\" \/><\/figure><figcaption class=\"coblocks-gallery--caption coblocks-gallery--primary-caption\"><\/figcaption><\/div><\/div><div class=\"swiper-slide\"><div class=\"coblocks-gallery--item\" role=\"button\"><figure class=\"coblocks-gallery--figure has-margin-left-5 has-margin-left-mobile-5 has-margin-right-5 has-margin-right-mobile-5\"><img loading=\"lazy\" decoding=\"async\" width=\"1024\" height=\"683\" alt=\"\" class=\"wp-image-15036\" data-id=\"15036\" data-link=\"https:\/\/www.ejercito.mil.uy\/?attachment_id=15036\" src=\"https:\/\/www.ejercito.mil.uy\/wp-content\/uploads\/2022\/08\/Jornada-de-instruccion-en-el-Grupo-de-Artilleria-No-1-4-1-1024x683.jpg\" srcset=\"https:\/\/www.ejercito.mil.uy\/wp-content\/uploads\/2022\/08\/Jornada-de-instruccion-en-el-Grupo-de-Artilleria-No-1-4-1-1024x683.jpg 1024w, https:\/\/www.ejercito.mil.uy\/wp-content\/uploads\/2022\/08\/Jornada-de-instruccion-en-el-Grupo-de-Artilleria-No-1-4-1-300x200.jpg 300w, https:\/\/www.ejercito.mil.uy\/wp-content\/uploads\/2022\/08\/Jornada-de-instruccion-en-el-Grupo-de-Artilleria-No-1-4-1.jpg 1200w\" sizes=\"(max-width: 1024px) 100vw, 1024px\" \/><\/figure><figcaption class=\"coblocks-gallery--caption coblocks-gallery--primary-caption\"><\/figcaption><\/div><\/div><div class=\"swiper-slide\"><div class=\"coblocks-gallery--item\" role=\"button\"><figure class=\"coblocks-gallery--figure has-margin-left-5 has-margin-left-mobile-5 has-margin-right-5 has-margin-right-mobile-5\"><img loading=\"lazy\" decoding=\"async\" width=\"1024\" height=\"683\" alt=\"\" class=\"wp-image-15035\" data-id=\"15035\" data-link=\"https:\/\/www.ejercito.mil.uy\/?attachment_id=15035\" src=\"https:\/\/www.ejercito.mil.uy\/wp-content\/uploads\/2022\/08\/Jornada-de-instruccion-en-el-Grupo-de-Artilleria-No-1-13-1024x683.jpg\" srcset=\"https:\/\/www.ejercito.mil.uy\/wp-content\/uploads\/2022\/08\/Jornada-de-instruccion-en-el-Grupo-de-Artilleria-No-1-13-1024x683.jpg 1024w, https:\/\/www.ejercito.mil.uy\/wp-content\/uploads\/2022\/08\/Jornada-de-instruccion-en-el-Grupo-de-Artilleria-No-1-13-300x200.jpg 300w, https:\/\/www.ejercito.mil.uy\/wp-content\/uploads\/2022\/08\/Jornada-de-instruccion-en-el-Grupo-de-Artilleria-No-1-13.jpg 1200w\" sizes=\"(max-width: 1024px) 100vw, 1024px\" \/><\/figure><figcaption class=\"coblocks-gallery--caption coblocks-gallery--primary-caption\"><\/figcaption><\/div><\/div><div class=\"swiper-slide\"><div class=\"coblocks-gallery--item\" role=\"button\"><figure class=\"coblocks-gallery--figure has-margin-left-5 has-margin-left-mobile-5 has-margin-right-5 has-margin-right-mobile-5\"><img loading=\"lazy\" decoding=\"async\" width=\"1024\" height=\"683\" alt=\"\" class=\"wp-image-15028\" data-id=\"15028\" data-link=\"https:\/\/www.ejercito.mil.uy\/?attachment_id=15028\" src=\"https:\/\/www.ejercito.mil.uy\/wp-content\/uploads\/2022\/08\/Jornada-de-instruccion-en-el-Grupo-de-Artilleria-No-1-12-1024x683.jpg\" srcset=\"https:\/\/www.ejercito.mil.uy\/wp-content\/uploads\/2022\/08\/Jornada-de-instruccion-en-el-Grupo-de-Artilleria-No-1-12-1024x683.jpg 1024w, https:\/\/www.ejercito.mil.uy\/wp-content\/uploads\/2022\/08\/Jornada-de-instruccion-en-el-Grupo-de-Artilleria-No-1-12-300x200.jpg 300w, https:\/\/www.ejercito.mil.uy\/wp-content\/uploads\/2022\/08\/Jornada-de-instruccion-en-el-Grupo-de-Artilleria-No-1-12.jpg 1200w\" sizes=\"(max-width: 1024px) 100vw, 1024px\" \/><\/figure><figcaption class=\"coblocks-gallery--caption coblocks-gallery--primary-caption\"><\/figcaption><\/div><\/div><div class=\"swiper-slide\"><div class=\"coblocks-gallery--item\" role=\"button\"><figure class=\"coblocks-gallery--figure has-margin-left-5 has-margin-left-mobile-5 has-margin-right-5 has-margin-right-mobile-5\"><img loading=\"lazy\" decoding=\"async\" width=\"1024\" height=\"683\" alt=\"\" class=\"wp-image-15027\" data-id=\"15027\" data-link=\"https:\/\/www.ejercito.mil.uy\/?attachment_id=15027\" src=\"https:\/\/www.ejercito.mil.uy\/wp-content\/uploads\/2022\/08\/Jornada-de-instruccion-en-el-Grupo-de-Artilleria-No-1-1-1024x683.jpg\" srcset=\"https:\/\/www.ejercito.mil.uy\/wp-content\/uploads\/2022\/08\/Jornada-de-instruccion-en-el-Grupo-de-Artilleria-No-1-1-1024x683.jpg 1024w, https:\/\/www.ejercito.mil.uy\/wp-content\/uploads\/2022\/08\/Jornada-de-instruccion-en-el-Grupo-de-Artilleria-No-1-1-300x200.jpg 300w, https:\/\/www.ejercito.mil.uy\/wp-content\/uploads\/2022\/08\/Jornada-de-instruccion-en-el-Grupo-de-Artilleria-No-1-1.jpg 1200w\" sizes=\"(max-width: 1024px) 100vw, 1024px\" \/><\/figure><figcaption class=\"coblocks-gallery--caption coblocks-gallery--primary-caption\"><\/figcaption><\/div><\/div><\/div><button class=\"nav-button__prev\" id=\"12345-prev\"><\/button><button class=\"nav-button__next\" id=\"12345-next\"><\/button><\/div><\/div><\/div>\n\n\n\n<div style=\"height:50px\" aria-hidden=\"true\" class=\"wp-block-spacer\"><\/div>\n\n\n\n<p>En la recorrida tambi\u00e9n se pudo apreciar material perteneciente al Grupo de Artiller\u00eda de Defensa Antia\u00e9rea N\u00ba 1 consistente en una pieza TCM 20 mm. N\u00ba 752 y una pieza Vulcan 20 mm. <\/p>\n\n\n\n<div style=\"height:50px\" aria-hidden=\"true\" class=\"wp-block-spacer\"><\/div>\n\n\n\n<p>Adem\u00e1s participaron de una exposici\u00f3n de equipo de la Secci\u00f3n Fuerzas de Respuesta Inmediata (FRI) y en el predio ecuestre pudieron observar una demostraci\u00f3n de salto de equitaci\u00f3n .<\/p>\n\n\n\n<div style=\"height:50px\" aria-hidden=\"true\" class=\"wp-block-spacer\"><\/div>\n\n\n\n<div aria-label=\"Carousel Gallery\" class=\"wp-block-coblocks-gallery-carousel alignfull\"><div class=\"coblocks-gallery-carousel-swiper-container is-cropped coblocks-gallery has-caption-style-dark has-horizontal-gutter has-no-thumbnails\"><div class=\"has-carousel has-carousel-xlrg swiper-container\" data-swiper=\"{&quot;alignCells&quot;:false,&quot;autoPlay&quot;:true,&quot;autoPlaySpeed&quot;:&quot;5000&quot;,&quot;draggable&quot;:true,&quot;freeScroll&quot;:false,&quot;loop&quot;:true,&quot;navigation&quot;:true,&quot;pageDots&quot;:false,&quot;pauseHover&quot;:false,&quot;responsiveHeight&quot;:false,&quot;slidesPerView&quot;:1,&quot;thumbnails&quot;:false,&quot;uuid&quot;:&quot;12345&quot;}\" id=\"12345\" style=\"height:550px\"><div class=\"swiper-wrapper\"><div class=\"swiper-slide\"><div class=\"coblocks-gallery--item\" role=\"button\"><figure class=\"coblocks-gallery--figure has-margin-left-5 has-margin-left-mobile-5 has-margin-right-5 has-margin-right-mobile-5\"><img loading=\"lazy\" decoding=\"async\" width=\"1024\" height=\"683\" alt=\"\" class=\"wp-image-15034\" data-id=\"15034\" data-link=\"https:\/\/www.ejercito.mil.uy\/?attachment_id=15034\" src=\"https:\/\/www.ejercito.mil.uy\/wp-content\/uploads\/2022\/08\/Jornada-de-instruccion-en-el-Grupo-de-Artilleria-No-1-14-1024x683.jpg\" srcset=\"https:\/\/www.ejercito.mil.uy\/wp-content\/uploads\/2022\/08\/Jornada-de-instruccion-en-el-Grupo-de-Artilleria-No-1-14-1024x683.jpg 1024w, https:\/\/www.ejercito.mil.uy\/wp-content\/uploads\/2022\/08\/Jornada-de-instruccion-en-el-Grupo-de-Artilleria-No-1-14-300x200.jpg 300w, https:\/\/www.ejercito.mil.uy\/wp-content\/uploads\/2022\/08\/Jornada-de-instruccion-en-el-Grupo-de-Artilleria-No-1-14.jpg 1200w\" sizes=\"(max-width: 1024px) 100vw, 1024px\" \/><\/figure><figcaption class=\"coblocks-gallery--caption coblocks-gallery--primary-caption\"><\/figcaption><\/div><\/div><div class=\"swiper-slide\"><div class=\"coblocks-gallery--item\" role=\"button\"><figure class=\"coblocks-gallery--figure has-margin-left-5 has-margin-left-mobile-5 has-margin-right-5 has-margin-right-mobile-5\"><img loading=\"lazy\" decoding=\"async\" width=\"1024\" height=\"683\" alt=\"\" class=\"wp-image-15033\" data-id=\"15033\" data-link=\"https:\/\/www.ejercito.mil.uy\/?attachment_id=15033\" src=\"https:\/\/www.ejercito.mil.uy\/wp-content\/uploads\/2022\/08\/Jornada-de-instruccion-en-el-Grupo-de-Artilleria-No-1-2-1024x683.jpg\" srcset=\"https:\/\/www.ejercito.mil.uy\/wp-content\/uploads\/2022\/08\/Jornada-de-instruccion-en-el-Grupo-de-Artilleria-No-1-2-1024x683.jpg 1024w, https:\/\/www.ejercito.mil.uy\/wp-content\/uploads\/2022\/08\/Jornada-de-instruccion-en-el-Grupo-de-Artilleria-No-1-2-300x200.jpg 300w, https:\/\/www.ejercito.mil.uy\/wp-content\/uploads\/2022\/08\/Jornada-de-instruccion-en-el-Grupo-de-Artilleria-No-1-2.jpg 1200w\" sizes=\"(max-width: 1024px) 100vw, 1024px\" \/><\/figure><figcaption class=\"coblocks-gallery--caption coblocks-gallery--primary-caption\"><\/figcaption><\/div><\/div><\/div><button class=\"nav-button__prev\" id=\"12345-prev\"><\/button><button class=\"nav-button__next\" id=\"12345-next\"><\/button><\/div><\/div><\/div>\n\n\n\n<div style=\"height:100px\" aria-hidden=\"true\" class=\"wp-block-spacer\"><\/div>\n","protected":false},"excerpt":{"rendered":"<p>06.08.2022 &#8211; El 2 de agosto, el Grupo de Artiller\u00eda N5, recibi\u00f3 la visita de 150 alumnos de 5to a\u00f1o del Liceo Militar \u00abGeneral Artigas\u00bb para realizar una jornada de instrucci\u00f3n. <\/p>\n","protected":false},"author":14,"featured_media":15023,"comment_status":"open","ping_status":"open","sticky":false,"template":"","format":"standard","meta":{"_coblocks_attr":"","_coblocks_dimensions":"","_coblocks_responsive_height":"","_coblocks_accordion_ie_support":"","_monsterinsights_skip_tracking":false,"_monsterinsights_sitenote_active":false,"_monsterinsights_sitenote_note":"","_monsterinsights_sitenote_category":0,"_uf_show_specific_survey":0,"_uf_disable_surveys":false,"footnotes":""},"categories":[2,10,14,1],"tags":[337,135,550,314,557,13,46],"class_list":["post-15019","post","type-post","status-publish","format-standard","has-post-thumbnail","hentry","category-blog","category-destacados","category-noticias","category-sin-categoria","tag-alumnos","tag-artilleria","tag-camaraderia","tag-capacitacion","tag-ejercito","tag-instruccion","tag-visita"],"aioseo_notices":[],"_links":{"self":[{"href":"https:\/\/www.ejercito.mil.uy\/index.php\/wp-json\/wp\/v2\/posts\/15019","targetHints":{"allow":["GET"]}}],"collection":[{"href":"https:\/\/www.ejercito.mil.uy\/index.php\/wp-json\/wp\/v2\/posts"}],"about":[{"href":"https:\/\/www.ejercito.mil.uy\/index.php\/wp-json\/wp\/v2\/types\/post"}],"author":[{"embeddable":true,"href":"https:\/\/www.ejercito.mil.uy\/index.php\/wp-json\/wp\/v2\/users\/14"}],"replies":[{"embeddable":true,"href":"https:\/\/www.ejercito.mil.uy\/index.php\/wp-json\/wp\/v2\/comments?post=15019"}],"version-history":[{"count":3,"href":"https:\/\/www.ejercito.mil.uy\/index.php\/wp-json\/wp\/v2\/posts\/15019\/revisions"}],"predecessor-version":[{"id":15049,"href":"https:\/\/www.ejercito.mil.uy\/index.php\/wp-json\/wp\/v2\/posts\/15019\/revisions\/15049"}],"wp:featuredmedia":[{"embeddable":true,"href":"https:\/\/www.ejercito.mil.uy\/index.php\/wp-json\/wp\/v2\/media\/15023"}],"wp:attachment":[{"href":"https:\/\/www.ejercito.mil.uy\/index.php\/wp-json\/wp\/v2\/media?parent=15019"}],"wp:term":[{"taxonomy":"category","embeddable":true,"href":"https:\/\/www.ejercito.mil.uy\/index.php\/wp-json\/wp\/v2\/categories?post=15019"},{"taxonomy":"post_tag","embeddable":true,"href":"https:\/\/www.ejercito.mil.uy\/index.php\/wp-json\/wp\/v2\/tags?post=15019"}],"curies":[{"name":"wp","href":"https:\/\/api.w.org\/{rel}","templated":true}]}}