{"id":15179,"date":"2022-08-11T17:25:01","date_gmt":"2022-08-11T20:25:01","guid":{"rendered":"https:\/\/www.ejercito.mil.uy\/?p=15179"},"modified":"2022-08-11T17:41:17","modified_gmt":"2022-08-11T20:41:17","slug":"apoyo-a-la-fundacion-perez-scremini","status":"publish","type":"post","link":"https:\/\/www.ejercito.mil.uy\/index.php\/2022\/08\/11\/apoyo-a-la-fundacion-perez-scremini\/","title":{"rendered":"Apoyo a la Fundaci\u00f3n P\u00e9rez Scremini"},"content":{"rendered":"\n<p class=\"has-small-font-size\">11.08.2022  &#8211;  Montevideo <\/p>\n\n\n\n<div style=\"height:22px\" aria-hidden=\"true\" class=\"wp-block-spacer\"><\/div>\n\n\n\n<div style=\"height:50px\" aria-hidden=\"true\" class=\"wp-block-spacer\"><\/div>\n\n\n\n<p>La Brigada de Ingenieros N\u00ba 1 y el Batall\u00f3n \u00abAnsina\u00bb de Ingenieros de Combate N\u00ba 6 contin\u00faan apoyando a la Fundaci\u00f3n P\u00e9rez Scremini (Montevideo). <\/p>\n\n\n\n<div style=\"height:50px\" aria-hidden=\"true\" class=\"wp-block-spacer\"><\/div>\n\n\n\n<p>Las tareas que se est\u00e1n realizando consisten en la reparaci\u00f3n de viviendas (cambio de techo, aberturas y construcci\u00f3n de contrapiso en dormitorios), para las familias de los pacientes que reciben tratamiento m\u00e9dico por parte de la Fundaci\u00f3n. <\/p>\n\n\n\n<div style=\"height:50px\" aria-hidden=\"true\" class=\"wp-block-spacer\"><\/div>\n\n\n\n<div aria-label=\"Carousel Gallery\" class=\"wp-block-coblocks-gallery-carousel alignfull\"><div class=\"coblocks-gallery-carousel-swiper-container is-cropped coblocks-gallery has-caption-style-dark has-no-thumbnails\"><div class=\"has-carousel has-carousel-xlrg swiper-container\" data-swiper=\"{&quot;alignCells&quot;:false,&quot;autoPlay&quot;:true,&quot;autoPlaySpeed&quot;:&quot;5000&quot;,&quot;draggable&quot;:true,&quot;freeScroll&quot;:false,&quot;loop&quot;:true,&quot;navigation&quot;:true,&quot;pageDots&quot;:false,&quot;pauseHover&quot;:false,&quot;responsiveHeight&quot;:false,&quot;slidesPerView&quot;:1,&quot;thumbnails&quot;:false,&quot;uuid&quot;:&quot;12345&quot;}\" id=\"12345\" style=\"height:550px\"><div class=\"swiper-wrapper\"><div class=\"swiper-slide\"><div class=\"coblocks-gallery--item\" role=\"button\"><figure class=\"coblocks-gallery--figure has-margin-left-mobile-5 has-margin-right-mobile-5\"><img fetchpriority=\"high\" decoding=\"async\" width=\"1024\" height=\"683\" alt=\"\" class=\"wp-image-15181\" data-id=\"15181\" data-link=\"https:\/\/www.ejercito.mil.uy\/?attachment_id=15181\" src=\"https:\/\/www.ejercito.mil.uy\/wp-content\/uploads\/2022\/08\/Apoyo-a-la-Fundacion-Perez-Scremini-6-1024x683.jpg\" srcset=\"https:\/\/www.ejercito.mil.uy\/wp-content\/uploads\/2022\/08\/Apoyo-a-la-Fundacion-Perez-Scremini-6-1024x683.jpg 1024w, https:\/\/www.ejercito.mil.uy\/wp-content\/uploads\/2022\/08\/Apoyo-a-la-Fundacion-Perez-Scremini-6-300x200.jpg 300w, https:\/\/www.ejercito.mil.uy\/wp-content\/uploads\/2022\/08\/Apoyo-a-la-Fundacion-Perez-Scremini-6.jpg 1200w\" sizes=\"(max-width: 1024px) 100vw, 1024px\" \/><\/figure><figcaption class=\"coblocks-gallery--caption coblocks-gallery--primary-caption\"><\/figcaption><\/div><\/div><div class=\"swiper-slide\"><div class=\"coblocks-gallery--item\" role=\"button\"><figure class=\"coblocks-gallery--figure has-margin-left-mobile-5 has-margin-right-mobile-5\"><img decoding=\"async\" width=\"1024\" height=\"683\" alt=\"\" class=\"wp-image-15182\" data-id=\"15182\" data-link=\"https:\/\/www.ejercito.mil.uy\/?attachment_id=15182\" src=\"https:\/\/www.ejercito.mil.uy\/wp-content\/uploads\/2022\/08\/Apoyo-a-la-Fundacion-Perez-Scremini-4-1024x683.jpg\" srcset=\"https:\/\/www.ejercito.mil.uy\/wp-content\/uploads\/2022\/08\/Apoyo-a-la-Fundacion-Perez-Scremini-4-1024x683.jpg 1024w, https:\/\/www.ejercito.mil.uy\/wp-content\/uploads\/2022\/08\/Apoyo-a-la-Fundacion-Perez-Scremini-4-300x200.jpg 300w, https:\/\/www.ejercito.mil.uy\/wp-content\/uploads\/2022\/08\/Apoyo-a-la-Fundacion-Perez-Scremini-4.jpg 1200w\" sizes=\"(max-width: 1024px) 100vw, 1024px\" \/><\/figure><figcaption class=\"coblocks-gallery--caption coblocks-gallery--primary-caption\"><\/figcaption><\/div><\/div><div class=\"swiper-slide\"><div class=\"coblocks-gallery--item\" role=\"button\"><figure class=\"coblocks-gallery--figure has-margin-left-mobile-5 has-margin-right-mobile-5\"><img decoding=\"async\" width=\"1024\" height=\"683\" alt=\"\" class=\"wp-image-15183\" data-id=\"15183\" data-link=\"https:\/\/www.ejercito.mil.uy\/?attachment_id=15183\" src=\"https:\/\/www.ejercito.mil.uy\/wp-content\/uploads\/2022\/08\/Apoyo-a-la-Fundacion-Perez-Scremini-3-1024x683.jpg\" srcset=\"https:\/\/www.ejercito.mil.uy\/wp-content\/uploads\/2022\/08\/Apoyo-a-la-Fundacion-Perez-Scremini-3-1024x683.jpg 1024w, https:\/\/www.ejercito.mil.uy\/wp-content\/uploads\/2022\/08\/Apoyo-a-la-Fundacion-Perez-Scremini-3-300x200.jpg 300w, https:\/\/www.ejercito.mil.uy\/wp-content\/uploads\/2022\/08\/Apoyo-a-la-Fundacion-Perez-Scremini-3.jpg 1200w\" sizes=\"(max-width: 1024px) 100vw, 1024px\" \/><\/figure><figcaption class=\"coblocks-gallery--caption coblocks-gallery--primary-caption\"><\/figcaption><\/div><\/div><\/div><button class=\"nav-button__prev\" id=\"12345-prev\"><\/button><button class=\"nav-button__next\" id=\"12345-next\"><\/button><\/div><\/div><\/div>\n\n\n\n<div style=\"height:50px\" aria-hidden=\"true\" class=\"wp-block-spacer\"><\/div>\n\n\n\n<p>Los materiales son provistos por el Ministerio de Vivienda y Ordenamiento Territorial de Uruguay (<a href=\"https:\/\/www.facebook.com\/MVOTMA?__cft__[0]=AZWq2So8fXef8-OpAvH9cIZHw-10oMjFgfFe4ZrNwQoqHaz0VB7hPf7Iipgfxhdf_pQiz_n41Hqc4lBxNzjAKkyCEZynk6iBvjwS8gOtqgttSk7dQANFb9PVRWdUTZFXt5aDv2Ay3jNNjfKn2RaiYRHCgfx1zADj6D6I-jFx5C6JTQ&amp;__tn__=-]K-R\" target=\"_blank\" rel=\"noreferrer noopener\">MVOT Uruguay<\/a>) y P\u00e9rez Scremini. <\/p>\n\n\n\n<div style=\"height:50px\" aria-hidden=\"true\" class=\"wp-block-spacer\"><\/div>\n\n\n\n<p>Las Unidades cuentan con personal id\u00f3neo para la tarea y Veh\u00edculos de Transporte de Personal. <\/p>\n\n\n\n<div style=\"height:50px\" aria-hidden=\"true\" class=\"wp-block-spacer\"><\/div>\n\n\n\n<p>Esta actividad se est\u00e1 llevando a cabo en el barrio Piedras Blancas y se estima que durar\u00e1 15 d\u00edas aproximadamente. <\/p>\n\n\n\n<div style=\"height:50px\" aria-hidden=\"true\" class=\"wp-block-spacer\"><\/div>\n\n\n\n<div aria-label=\"Carousel Gallery\" class=\"wp-block-coblocks-gallery-carousel alignfull\"><div class=\"coblocks-gallery-carousel-swiper-container is-cropped coblocks-gallery has-caption-style-dark has-no-thumbnails\"><div class=\"has-carousel has-carousel-xlrg swiper-container\" data-swiper=\"{&quot;alignCells&quot;:false,&quot;autoPlay&quot;:true,&quot;autoPlaySpeed&quot;:&quot;5000&quot;,&quot;draggable&quot;:true,&quot;freeScroll&quot;:false,&quot;loop&quot;:true,&quot;navigation&quot;:true,&quot;pageDots&quot;:false,&quot;pauseHover&quot;:false,&quot;responsiveHeight&quot;:false,&quot;slidesPerView&quot;:1,&quot;thumbnails&quot;:false,&quot;uuid&quot;:&quot;12345&quot;}\" id=\"12345\" style=\"height:550px\"><div class=\"swiper-wrapper\"><div class=\"swiper-slide\"><div class=\"coblocks-gallery--item\" role=\"button\"><figure class=\"coblocks-gallery--figure has-margin-left-mobile-5 has-margin-right-mobile-5\"><img loading=\"lazy\" decoding=\"async\" width=\"1024\" height=\"683\" alt=\"\" class=\"wp-image-15186\" data-id=\"15186\" data-link=\"https:\/\/www.ejercito.mil.uy\/?attachment_id=15186\" src=\"https:\/\/www.ejercito.mil.uy\/wp-content\/uploads\/2022\/08\/Apoyo-a-la-Fundacion-Perez-Scremini-7-1024x683.jpg\" srcset=\"https:\/\/www.ejercito.mil.uy\/wp-content\/uploads\/2022\/08\/Apoyo-a-la-Fundacion-Perez-Scremini-7-1024x683.jpg 1024w, https:\/\/www.ejercito.mil.uy\/wp-content\/uploads\/2022\/08\/Apoyo-a-la-Fundacion-Perez-Scremini-7-300x200.jpg 300w, https:\/\/www.ejercito.mil.uy\/wp-content\/uploads\/2022\/08\/Apoyo-a-la-Fundacion-Perez-Scremini-7.jpg 1200w\" sizes=\"(max-width: 1024px) 100vw, 1024px\" \/><\/figure><figcaption class=\"coblocks-gallery--caption coblocks-gallery--primary-caption\"><\/figcaption><\/div><\/div><div class=\"swiper-slide\"><div class=\"coblocks-gallery--item\" role=\"button\"><figure class=\"coblocks-gallery--figure has-margin-left-mobile-5 has-margin-right-mobile-5\"><img loading=\"lazy\" decoding=\"async\" width=\"1024\" height=\"683\" alt=\"\" class=\"wp-image-15185\" data-id=\"15185\" data-link=\"https:\/\/www.ejercito.mil.uy\/?attachment_id=15185\" src=\"https:\/\/www.ejercito.mil.uy\/wp-content\/uploads\/2022\/08\/Apoyo-a-la-Fundacion-Perez-Scremini-8-1024x683.jpg\" srcset=\"https:\/\/www.ejercito.mil.uy\/wp-content\/uploads\/2022\/08\/Apoyo-a-la-Fundacion-Perez-Scremini-8-1024x683.jpg 1024w, https:\/\/www.ejercito.mil.uy\/wp-content\/uploads\/2022\/08\/Apoyo-a-la-Fundacion-Perez-Scremini-8-300x200.jpg 300w, https:\/\/www.ejercito.mil.uy\/wp-content\/uploads\/2022\/08\/Apoyo-a-la-Fundacion-Perez-Scremini-8.jpg 1200w\" sizes=\"(max-width: 1024px) 100vw, 1024px\" \/><\/figure><figcaption class=\"coblocks-gallery--caption coblocks-gallery--primary-caption\"><\/figcaption><\/div><\/div><div class=\"swiper-slide\"><div class=\"coblocks-gallery--item\" role=\"button\"><figure class=\"coblocks-gallery--figure has-margin-left-mobile-5 has-margin-right-mobile-5\"><img loading=\"lazy\" decoding=\"async\" width=\"1024\" height=\"683\" alt=\"\" class=\"wp-image-15184\" data-id=\"15184\" data-link=\"https:\/\/www.ejercito.mil.uy\/?attachment_id=15184\" src=\"https:\/\/www.ejercito.mil.uy\/wp-content\/uploads\/2022\/08\/Apoyo-a-la-Fundacion-Perez-Scremini-1-1024x683.jpg\" srcset=\"https:\/\/www.ejercito.mil.uy\/wp-content\/uploads\/2022\/08\/Apoyo-a-la-Fundacion-Perez-Scremini-1-1024x683.jpg 1024w, https:\/\/www.ejercito.mil.uy\/wp-content\/uploads\/2022\/08\/Apoyo-a-la-Fundacion-Perez-Scremini-1-300x200.jpg 300w, https:\/\/www.ejercito.mil.uy\/wp-content\/uploads\/2022\/08\/Apoyo-a-la-Fundacion-Perez-Scremini-1.jpg 1200w\" sizes=\"(max-width: 1024px) 100vw, 1024px\" \/><\/figure><figcaption class=\"coblocks-gallery--caption coblocks-gallery--primary-caption\"><\/figcaption><\/div><\/div><\/div><button class=\"nav-button__prev\" id=\"12345-prev\"><\/button><button class=\"nav-button__next\" id=\"12345-next\"><\/button><\/div><\/div><\/div>\n\n\n\n<div style=\"height:50px\" aria-hidden=\"true\" class=\"wp-block-spacer\"><\/div>\n\n\n\n<p> Asimismo, habr\u00e1 una segunda fase con tareas de instalaci\u00f3n el\u00e9ctrica y pintura. <\/p>\n\n\n\n<div style=\"height:50px\" aria-hidden=\"true\" class=\"wp-block-spacer\"><\/div>\n\n\n\n<p>\u00a1Estas buenas acciones siguen demostrando que juntos podemos! <\/p>\n\n\n\n<div style=\"height:50px\" aria-hidden=\"true\" class=\"wp-block-spacer\"><\/div>\n\n\n\n<div class=\"wp-block-coblocks-gallery-stacked alignfull\"><ul class=\"alignfull coblocks-gallery has-fullwidth-images\"><li class=\"coblocks-gallery--item\"><figure class=\"coblocks-gallery--figure\"><img loading=\"lazy\" decoding=\"async\" width=\"1024\" height=\"683\" alt=\"\" class=\"wp-image-15187 has-shadow-none\" data-id=\"15187\" data-imglink=\"\" data-link=\"https:\/\/www.ejercito.mil.uy\/?attachment_id=15187\" src=\"https:\/\/www.ejercito.mil.uy\/wp-content\/uploads\/2022\/08\/Apoyo-a-la-Fundacion-Perez-Scremini-2-1024x683.jpg\" srcset=\"https:\/\/www.ejercito.mil.uy\/wp-content\/uploads\/2022\/08\/Apoyo-a-la-Fundacion-Perez-Scremini-2-1024x683.jpg 1024w, https:\/\/www.ejercito.mil.uy\/wp-content\/uploads\/2022\/08\/Apoyo-a-la-Fundacion-Perez-Scremini-2-300x200.jpg 300w, https:\/\/www.ejercito.mil.uy\/wp-content\/uploads\/2022\/08\/Apoyo-a-la-Fundacion-Perez-Scremini-2.jpg 1200w\" sizes=\"(max-width: 1024px) 100vw, 1024px\" \/><\/figure><\/li><\/ul><\/div>\n\n\n\n<div style=\"height:50px\" aria-hidden=\"true\" class=\"wp-block-spacer\"><\/div>\n\n\n\n<p><a href=\"https:\/\/www.facebook.com\/BatallonIngenieros6Uy\/?__cft__[0]=AZWq2So8fXef8-OpAvH9cIZHw-10oMjFgfFe4ZrNwQoqHaz0VB7hPf7Iipgfxhdf_pQiz_n41Hqc4lBxNzjAKkyCEZynk6iBvjwS8gOtqgttSk7dQANFb9PVRWdUTZFXt5aDv2Ay3jNNjfKn2RaiYRHCgfx1zADj6D6I-jFx5C6JTQ&amp;__tn__=kK-R\" target=\"_blank\" rel=\"noreferrer noopener\">Batall\u00f3n de Ingenieros de Combate No. 6 Uy<\/a><\/p>\n\n\n\n<div style=\"height:50px\" aria-hidden=\"true\" class=\"wp-block-spacer\"><\/div>\n","protected":false},"excerpt":{"rendered":"<p>11.08.2022 &#8211; La Brigada de Ingenieros N\u00ba 1 y el Batall\u00f3n \u00abAnsina\u00bb de Ingenieros de Combate N\u00ba 6 contin\u00faan apoyando a la Fundaci\u00f3n P\u00e9rez Scremini en la reparaci\u00f3n de viviendas de los pacientes que reciben tratamiento. <\/p>\n","protected":false},"author":14,"featured_media":15180,"comment_status":"open","ping_status":"open","sticky":false,"template":"","format":"standard","meta":{"_coblocks_attr":"","_coblocks_dimensions":"","_coblocks_responsive_height":"","_coblocks_accordion_ie_support":"","_monsterinsights_skip_tracking":false,"_monsterinsights_sitenote_active":false,"_monsterinsights_sitenote_note":"","_monsterinsights_sitenote_category":0,"_uf_show_specific_survey":0,"_uf_disable_surveys":false,"footnotes":""},"categories":[2,10,14,1],"tags":[27,536,557,48,393,609,608],"class_list":["post-15179","post","type-post","status-publish","format-standard","has-post-thumbnail","hentry","category-blog","category-destacados","category-noticias","category-sin-categoria","tag-apoyo","tag-colaboracion","tag-ejercito","tag-ingenieros","tag-pintura","tag-reparacion","tag-viviendas"],"aioseo_notices":[],"_links":{"self":[{"href":"https:\/\/www.ejercito.mil.uy\/index.php\/wp-json\/wp\/v2\/posts\/15179","targetHints":{"allow":["GET"]}}],"collection":[{"href":"https:\/\/www.ejercito.mil.uy\/index.php\/wp-json\/wp\/v2\/posts"}],"about":[{"href":"https:\/\/www.ejercito.mil.uy\/index.php\/wp-json\/wp\/v2\/types\/post"}],"author":[{"embeddable":true,"href":"https:\/\/www.ejercito.mil.uy\/index.php\/wp-json\/wp\/v2\/users\/14"}],"replies":[{"embeddable":true,"href":"https:\/\/www.ejercito.mil.uy\/index.php\/wp-json\/wp\/v2\/comments?post=15179"}],"version-history":[{"count":2,"href":"https:\/\/www.ejercito.mil.uy\/index.php\/wp-json\/wp\/v2\/posts\/15179\/revisions"}],"predecessor-version":[{"id":15189,"href":"https:\/\/www.ejercito.mil.uy\/index.php\/wp-json\/wp\/v2\/posts\/15179\/revisions\/15189"}],"wp:featuredmedia":[{"embeddable":true,"href":"https:\/\/www.ejercito.mil.uy\/index.php\/wp-json\/wp\/v2\/media\/15180"}],"wp:attachment":[{"href":"https:\/\/www.ejercito.mil.uy\/index.php\/wp-json\/wp\/v2\/media?parent=15179"}],"wp:term":[{"taxonomy":"category","embeddable":true,"href":"https:\/\/www.ejercito.mil.uy\/index.php\/wp-json\/wp\/v2\/categories?post=15179"},{"taxonomy":"post_tag","embeddable":true,"href":"https:\/\/www.ejercito.mil.uy\/index.php\/wp-json\/wp\/v2\/tags?post=15179"}],"curies":[{"name":"wp","href":"https:\/\/api.w.org\/{rel}","templated":true}]}}