{"id":15250,"date":"2022-08-13T17:20:19","date_gmt":"2022-08-13T20:20:19","guid":{"rendered":"https:\/\/www.ejercito.mil.uy\/?p=15250"},"modified":"2022-08-18T17:39:15","modified_gmt":"2022-08-18T20:39:15","slug":"cursos-de-empleo-tactico-y-tecnico-de-artilleria-de-campana-nivel-2-y-3","status":"publish","type":"post","link":"https:\/\/www.ejercito.mil.uy\/index.php\/2022\/08\/13\/cursos-de-empleo-tactico-y-tecnico-de-artilleria-de-campana-nivel-2-y-3\/","title":{"rendered":"Cursos de Empleo T\u00e1ctico y T\u00e9cnico de Artiller\u00eda de Campa\u00f1a Nivel 2 y 3"},"content":{"rendered":"\n<p class=\"has-small-font-size\">13.08.2022  &#8211;  Montevideo <\/p>\n\n\n\n<div style=\"height:50px\" aria-hidden=\"true\" class=\"wp-block-spacer\"><\/div>\n\n\n\n<p>Desde el 4 de julio al 5 de agosto, se desarrollaron los cursos de Empleo T\u00e1ctico y T\u00e9cnico de Artiller\u00eda de Campa\u00f1a Nivel 2 y 3 para Personal Subalterno, en el Centro de Instrucci\u00f3n de Artiller\u00eda de Campa\u00f1a y Antia\u00e9rea \u00abCnel. Antonio E. Trifoglio\u00bb (CIACA).<\/p>\n\n\n\n<div style=\"height:50px\" aria-hidden=\"true\" class=\"wp-block-spacer\"><\/div>\n\n\n\n<p>Los alumnos fueron instruidos en diferentes funciones, abarcando los tres subsistemas de la Artiller\u00eda de Campa\u00f1a: <\/p>\n\n\n\n<div style=\"height:50px\" aria-hidden=\"true\" class=\"wp-block-spacer\"><\/div>\n\n\n\n<p><span class=\"has-inline-color has-vivid-red-color\">Direcci\u00f3n de Tiro <\/span><\/p>\n\n\n\n<div style=\"height:50px\" aria-hidden=\"true\" class=\"wp-block-spacer\"><\/div>\n\n\n\n<p><span class=\"has-inline-color has-vivid-red-color\">Bater\u00eda de Tiro<\/span><\/p>\n\n\n\n<div style=\"height:50px\" aria-hidden=\"true\" class=\"wp-block-spacer\"><\/div>\n\n\n\n<p><span class=\"has-inline-color has-vivid-red-color\"> Observaci\u00f3n <\/span><\/p>\n\n\n\n<div style=\"height:50px\" aria-hidden=\"true\" class=\"wp-block-spacer\"><\/div>\n\n\n\n<p>El curso finaliz\u00f3 con una campa\u00f1a de tiro reduc<span class=\"has-inline-color has-black-color\">ido con calibre 14.5 mm. <\/span>Se evalu\u00f3 a los cursantes en funciones de observador, comandante de l\u00ednea de fuego y calculador de central de tiro.<\/p>\n\n\n\n<div style=\"height:50px\" aria-hidden=\"true\" class=\"wp-block-spacer\"><\/div>\n\n\n\n<div aria-label=\"Carousel Gallery\" class=\"wp-block-coblocks-gallery-carousel\"><div class=\"coblocks-gallery-carousel-swiper-container is-cropped coblocks-gallery has-no-alignment has-caption-style-dark has-horizontal-gutter has-no-thumbnails\"><div class=\"has-carousel has-carousel-xlrg swiper-container\" data-swiper=\"{&quot;alignCells&quot;:false,&quot;autoPlay&quot;:true,&quot;autoPlaySpeed&quot;:&quot;5000&quot;,&quot;draggable&quot;:true,&quot;freeScroll&quot;:false,&quot;loop&quot;:true,&quot;navigation&quot;:true,&quot;pageDots&quot;:false,&quot;pauseHover&quot;:false,&quot;responsiveHeight&quot;:false,&quot;slidesPerView&quot;:1,&quot;thumbnails&quot;:false,&quot;uuid&quot;:&quot;12345&quot;}\" id=\"12345\" style=\"height:550px\"><div class=\"swiper-wrapper\"><div class=\"swiper-slide\"><div class=\"coblocks-gallery--item\" role=\"button\"><figure class=\"coblocks-gallery--figure has-margin-left-5 has-margin-left-mobile-5 has-margin-right-5 has-margin-right-mobile-5\"><img fetchpriority=\"high\" decoding=\"async\" width=\"1024\" height=\"683\" alt=\"\" class=\"wp-image-15253\" data-id=\"15253\" data-link=\"https:\/\/www.ejercito.mil.uy\/?attachment_id=15253\" src=\"https:\/\/www.ejercito.mil.uy\/wp-content\/uploads\/2022\/08\/Cursos-de-Empleo-Tactico-y-Tecnico-de-Artilleria-de-Campana-Nivel-2-y-3-4-1024x683.jpg\" srcset=\"https:\/\/www.ejercito.mil.uy\/wp-content\/uploads\/2022\/08\/Cursos-de-Empleo-Tactico-y-Tecnico-de-Artilleria-de-Campana-Nivel-2-y-3-4-1024x683.jpg 1024w, https:\/\/www.ejercito.mil.uy\/wp-content\/uploads\/2022\/08\/Cursos-de-Empleo-Tactico-y-Tecnico-de-Artilleria-de-Campana-Nivel-2-y-3-4-300x200.jpg 300w, https:\/\/www.ejercito.mil.uy\/wp-content\/uploads\/2022\/08\/Cursos-de-Empleo-Tactico-y-Tecnico-de-Artilleria-de-Campana-Nivel-2-y-3-4.jpg 1200w\" sizes=\"(max-width: 1024px) 100vw, 1024px\" \/><\/figure><figcaption class=\"coblocks-gallery--caption coblocks-gallery--primary-caption\"><\/figcaption><\/div><\/div><div class=\"swiper-slide\"><div class=\"coblocks-gallery--item\" role=\"button\"><figure class=\"coblocks-gallery--figure has-margin-left-5 has-margin-left-mobile-5 has-margin-right-5 has-margin-right-mobile-5\"><img decoding=\"async\" width=\"1024\" height=\"683\" alt=\"\" class=\"wp-image-15254\" data-id=\"15254\" data-link=\"https:\/\/www.ejercito.mil.uy\/?attachment_id=15254\" src=\"https:\/\/www.ejercito.mil.uy\/wp-content\/uploads\/2022\/08\/Cursos-de-Empleo-Tactico-y-Tecnico-de-Artilleria-de-Campana-Nivel-2-y-3-3-1024x683.jpg\" srcset=\"https:\/\/www.ejercito.mil.uy\/wp-content\/uploads\/2022\/08\/Cursos-de-Empleo-Tactico-y-Tecnico-de-Artilleria-de-Campana-Nivel-2-y-3-3-1024x683.jpg 1024w, https:\/\/www.ejercito.mil.uy\/wp-content\/uploads\/2022\/08\/Cursos-de-Empleo-Tactico-y-Tecnico-de-Artilleria-de-Campana-Nivel-2-y-3-3-300x200.jpg 300w, https:\/\/www.ejercito.mil.uy\/wp-content\/uploads\/2022\/08\/Cursos-de-Empleo-Tactico-y-Tecnico-de-Artilleria-de-Campana-Nivel-2-y-3-3.jpg 1200w\" sizes=\"(max-width: 1024px) 100vw, 1024px\" \/><\/figure><figcaption class=\"coblocks-gallery--caption coblocks-gallery--primary-caption\"><\/figcaption><\/div><\/div><div class=\"swiper-slide\"><div class=\"coblocks-gallery--item\" role=\"button\"><figure class=\"coblocks-gallery--figure has-margin-left-5 has-margin-left-mobile-5 has-margin-right-5 has-margin-right-mobile-5\"><img decoding=\"async\" width=\"1024\" height=\"683\" alt=\"\" class=\"wp-image-15252\" data-id=\"15252\" data-link=\"https:\/\/www.ejercito.mil.uy\/?attachment_id=15252\" src=\"https:\/\/www.ejercito.mil.uy\/wp-content\/uploads\/2022\/08\/Cursos-de-Empleo-Tactico-y-Tecnico-de-Artilleria-de-Campana-Nivel-2-y-3-1-1024x683.jpg\" srcset=\"https:\/\/www.ejercito.mil.uy\/wp-content\/uploads\/2022\/08\/Cursos-de-Empleo-Tactico-y-Tecnico-de-Artilleria-de-Campana-Nivel-2-y-3-1-1024x683.jpg 1024w, https:\/\/www.ejercito.mil.uy\/wp-content\/uploads\/2022\/08\/Cursos-de-Empleo-Tactico-y-Tecnico-de-Artilleria-de-Campana-Nivel-2-y-3-1-300x200.jpg 300w, https:\/\/www.ejercito.mil.uy\/wp-content\/uploads\/2022\/08\/Cursos-de-Empleo-Tactico-y-Tecnico-de-Artilleria-de-Campana-Nivel-2-y-3-1.jpg 1200w\" sizes=\"(max-width: 1024px) 100vw, 1024px\" \/><\/figure><figcaption class=\"coblocks-gallery--caption coblocks-gallery--primary-caption\"><\/figcaption><\/div><\/div><\/div><button class=\"nav-button__prev\" id=\"12345-prev\"><\/button><button class=\"nav-button__next\" id=\"12345-next\"><\/button><\/div><\/div><\/div>\n","protected":false},"excerpt":{"rendered":"<p>13.08.2022 &#8211; Desde el 4 de julio al 5 de agosto, se desarrollaron los cursos de Empleo T\u00e1ctico y T\u00e9cnico de Artiller\u00eda de Campa\u00f1a Nivel 2 y 3 para Personal Subalterno.<\/p>\n","protected":false},"author":14,"featured_media":15251,"comment_status":"open","ping_status":"open","sticky":false,"template":"","format":"standard","meta":{"_coblocks_attr":"","_coblocks_dimensions":"","_coblocks_responsive_height":"","_coblocks_accordion_ie_support":"","_monsterinsights_skip_tracking":false,"_monsterinsights_sitenote_active":false,"_monsterinsights_sitenote_note":"","_monsterinsights_sitenote_category":0,"_uf_show_specific_survey":0,"_uf_disable_surveys":false,"footnotes":""},"categories":[2,10,14,1],"tags":[135,314,70,557,13],"class_list":["post-15250","post","type-post","status-publish","format-standard","has-post-thumbnail","hentry","category-blog","category-destacados","category-noticias","category-sin-categoria","tag-artilleria","tag-capacitacion","tag-curso","tag-ejercito","tag-instruccion"],"aioseo_notices":[],"_links":{"self":[{"href":"https:\/\/www.ejercito.mil.uy\/index.php\/wp-json\/wp\/v2\/posts\/15250","targetHints":{"allow":["GET"]}}],"collection":[{"href":"https:\/\/www.ejercito.mil.uy\/index.php\/wp-json\/wp\/v2\/posts"}],"about":[{"href":"https:\/\/www.ejercito.mil.uy\/index.php\/wp-json\/wp\/v2\/types\/post"}],"author":[{"embeddable":true,"href":"https:\/\/www.ejercito.mil.uy\/index.php\/wp-json\/wp\/v2\/users\/14"}],"replies":[{"embeddable":true,"href":"https:\/\/www.ejercito.mil.uy\/index.php\/wp-json\/wp\/v2\/comments?post=15250"}],"version-history":[{"count":2,"href":"https:\/\/www.ejercito.mil.uy\/index.php\/wp-json\/wp\/v2\/posts\/15250\/revisions"}],"predecessor-version":[{"id":15357,"href":"https:\/\/www.ejercito.mil.uy\/index.php\/wp-json\/wp\/v2\/posts\/15250\/revisions\/15357"}],"wp:featuredmedia":[{"embeddable":true,"href":"https:\/\/www.ejercito.mil.uy\/index.php\/wp-json\/wp\/v2\/media\/15251"}],"wp:attachment":[{"href":"https:\/\/www.ejercito.mil.uy\/index.php\/wp-json\/wp\/v2\/media?parent=15250"}],"wp:term":[{"taxonomy":"category","embeddable":true,"href":"https:\/\/www.ejercito.mil.uy\/index.php\/wp-json\/wp\/v2\/categories?post=15250"},{"taxonomy":"post_tag","embeddable":true,"href":"https:\/\/www.ejercito.mil.uy\/index.php\/wp-json\/wp\/v2\/tags?post=15250"}],"curies":[{"name":"wp","href":"https:\/\/api.w.org\/{rel}","templated":true}]}}