{"id":15404,"date":"2022-08-18T17:46:36","date_gmt":"2022-08-18T20:46:36","guid":{"rendered":"https:\/\/www.ejercito.mil.uy\/?p=15404"},"modified":"2022-08-22T18:49:01","modified_gmt":"2022-08-22T21:49:01","slug":"curso-de-infanteria","status":"publish","type":"post","link":"https:\/\/www.ejercito.mil.uy\/index.php\/2022\/08\/18\/curso-de-infanteria\/","title":{"rendered":"Curso de Jefe y Sargento de Secci\u00f3n Morteros y Central Directora de Tiro"},"content":{"rendered":"\n<p class=\"has-small-font-size\">19.08.2022  &#8211; Florida <\/p>\n\n\n\n<div style=\"height:50px\" aria-hidden=\"true\" class=\"wp-block-spacer\"><\/div>\n\n\n\n<p>Finaliz\u00f3 el Curso de Jefe y Sgto. de Secci\u00f3n Morteros y Central Directora de Tiro (CDT). <\/p>\n\n\n\n<div style=\"height:50px\" aria-hidden=\"true\" class=\"wp-block-spacer\"><\/div>\n\n\n\n<p>La instrucci\u00f3n especializada se desarroll\u00f3 en 4 semanas, en la cual los alumnos tuvieron diversas evaluaciones en aspectos t\u00e9cnicos de morteros 81 mm y 120 mm, adem\u00e1s de una formaci\u00f3n t\u00e1ctica del empleo de dichos morteros en diferentes operaciones militares. Se finaliz\u00f3 con un ejercicio de tiro con munici\u00f3n real. <\/p>\n\n\n\n<div style=\"height:50px\" aria-hidden=\"true\" class=\"wp-block-spacer\"><\/div>\n\n\n\n<p>De este curso aprobaron 14 alumnos de las Armas de Infanter\u00eda y Caballer\u00eda, demostrando su compromiso y dedicaci\u00f3n. <\/p>\n\n\n\n<div style=\"height:50px\" aria-hidden=\"true\" class=\"wp-block-spacer\"><\/div>\n\n\n\n<p>Cabe destacar la ayuda del Batall\u00f3n de Infanter\u00eda Mecanizado N\u00b0 15 (Florida) que colabor\u00f3 con apoyo log\u00edstico para realizar el curso. <\/p>\n\n\n\n<div style=\"height:50px\" aria-hidden=\"true\" class=\"wp-block-spacer\"><\/div>\n\n\n\n<p>\u00a1Felicidades camaradas!<\/p>\n\n\n\n<div style=\"height:50px\" aria-hidden=\"true\" class=\"wp-block-spacer\"><\/div>\n\n\n\n<div aria-label=\"Carousel Gallery\" class=\"wp-block-coblocks-gallery-carousel\"><div class=\"coblocks-gallery-carousel-swiper-container is-cropped coblocks-gallery has-no-alignment has-caption-style-dark has-horizontal-gutter has-no-thumbnails\"><div class=\"has-carousel has-carousel-xlrg swiper-container\" data-swiper=\"{&quot;alignCells&quot;:false,&quot;autoPlay&quot;:true,&quot;autoPlaySpeed&quot;:&quot;5000&quot;,&quot;draggable&quot;:true,&quot;freeScroll&quot;:false,&quot;loop&quot;:true,&quot;navigation&quot;:true,&quot;pageDots&quot;:false,&quot;pauseHover&quot;:false,&quot;responsiveHeight&quot;:false,&quot;slidesPerView&quot;:1,&quot;thumbnails&quot;:false,&quot;uuid&quot;:&quot;12345&quot;}\" id=\"12345\" style=\"height:550px\"><div class=\"swiper-wrapper\"><div class=\"swiper-slide\"><div class=\"coblocks-gallery--item\" role=\"button\"><figure class=\"coblocks-gallery--figure has-margin-left-5 has-margin-left-mobile-5 has-margin-right-5 has-margin-right-mobile-5\"><img fetchpriority=\"high\" decoding=\"async\" width=\"1024\" height=\"683\" alt=\"\" class=\"wp-image-15416\" data-id=\"15416\" data-link=\"https:\/\/www.ejercito.mil.uy\/index.php\/2022\/08\/18\/curso-de-infanteria\/curso-de-jefe-y-sargento-de-seccion-morteros-y-central-directora-de-tiro-2\/\" src=\"https:\/\/www.ejercito.mil.uy\/wp-content\/uploads\/2022\/08\/Curso-de-Jefe-y-Sargento-de-Seccion-Morteros-y-Central-Directora-de-Tiro-2-1024x683.jpg\" srcset=\"https:\/\/www.ejercito.mil.uy\/wp-content\/uploads\/2022\/08\/Curso-de-Jefe-y-Sargento-de-Seccion-Morteros-y-Central-Directora-de-Tiro-2-1024x683.jpg 1024w, https:\/\/www.ejercito.mil.uy\/wp-content\/uploads\/2022\/08\/Curso-de-Jefe-y-Sargento-de-Seccion-Morteros-y-Central-Directora-de-Tiro-2-300x200.jpg 300w, https:\/\/www.ejercito.mil.uy\/wp-content\/uploads\/2022\/08\/Curso-de-Jefe-y-Sargento-de-Seccion-Morteros-y-Central-Directora-de-Tiro-2.jpg 1200w\" sizes=\"(max-width: 1024px) 100vw, 1024px\" \/><\/figure><figcaption class=\"coblocks-gallery--caption coblocks-gallery--primary-caption\"><\/figcaption><\/div><\/div><div class=\"swiper-slide\"><div class=\"coblocks-gallery--item\" role=\"button\"><figure class=\"coblocks-gallery--figure has-margin-left-5 has-margin-left-mobile-5 has-margin-right-5 has-margin-right-mobile-5\"><img decoding=\"async\" width=\"1024\" height=\"683\" alt=\"\" class=\"wp-image-15418\" data-id=\"15418\" data-link=\"https:\/\/www.ejercito.mil.uy\/index.php\/2022\/08\/18\/curso-de-infanteria\/curso-de-jefe-y-sargento-de-seccion-morteros-y-central-directora-de-tiro-3\/\" src=\"https:\/\/www.ejercito.mil.uy\/wp-content\/uploads\/2022\/08\/Curso-de-Jefe-y-Sargento-de-Seccion-Morteros-y-Central-Directora-de-Tiro-3-1024x683.jpg\" srcset=\"https:\/\/www.ejercito.mil.uy\/wp-content\/uploads\/2022\/08\/Curso-de-Jefe-y-Sargento-de-Seccion-Morteros-y-Central-Directora-de-Tiro-3-1024x683.jpg 1024w, https:\/\/www.ejercito.mil.uy\/wp-content\/uploads\/2022\/08\/Curso-de-Jefe-y-Sargento-de-Seccion-Morteros-y-Central-Directora-de-Tiro-3-300x200.jpg 300w, https:\/\/www.ejercito.mil.uy\/wp-content\/uploads\/2022\/08\/Curso-de-Jefe-y-Sargento-de-Seccion-Morteros-y-Central-Directora-de-Tiro-3.jpg 1200w\" sizes=\"(max-width: 1024px) 100vw, 1024px\" \/><\/figure><figcaption class=\"coblocks-gallery--caption coblocks-gallery--primary-caption\"><\/figcaption><\/div><\/div><div class=\"swiper-slide\"><div class=\"coblocks-gallery--item\" role=\"button\"><figure class=\"coblocks-gallery--figure has-margin-left-5 has-margin-left-mobile-5 has-margin-right-5 has-margin-right-mobile-5\"><img decoding=\"async\" width=\"1024\" height=\"683\" alt=\"\" class=\"wp-image-15417\" data-id=\"15417\" data-link=\"https:\/\/www.ejercito.mil.uy\/index.php\/2022\/08\/18\/curso-de-infanteria\/curso-de-jefe-y-sargento-de-seccion-morteros-y-central-directora-de-tiro-4\/\" src=\"https:\/\/www.ejercito.mil.uy\/wp-content\/uploads\/2022\/08\/Curso-de-Jefe-y-Sargento-de-Seccion-Morteros-y-Central-Directora-de-Tiro-4-1024x683.jpg\" srcset=\"https:\/\/www.ejercito.mil.uy\/wp-content\/uploads\/2022\/08\/Curso-de-Jefe-y-Sargento-de-Seccion-Morteros-y-Central-Directora-de-Tiro-4-1024x683.jpg 1024w, https:\/\/www.ejercito.mil.uy\/wp-content\/uploads\/2022\/08\/Curso-de-Jefe-y-Sargento-de-Seccion-Morteros-y-Central-Directora-de-Tiro-4-300x200.jpg 300w, https:\/\/www.ejercito.mil.uy\/wp-content\/uploads\/2022\/08\/Curso-de-Jefe-y-Sargento-de-Seccion-Morteros-y-Central-Directora-de-Tiro-4.jpg 1200w\" sizes=\"(max-width: 1024px) 100vw, 1024px\" \/><\/figure><figcaption class=\"coblocks-gallery--caption coblocks-gallery--primary-caption\"><\/figcaption><\/div><\/div><\/div><button class=\"nav-button__prev\" id=\"12345-prev\"><\/button><button class=\"nav-button__next\" id=\"12345-next\"><\/button><\/div><\/div><\/div>\n\n\n\n<div style=\"height:50px\" aria-hidden=\"true\" class=\"wp-block-spacer\"><\/div>\n\n\n\n<div style=\"height:50px\" aria-hidden=\"true\" class=\"wp-block-spacer\"><\/div>\n","protected":false},"excerpt":{"rendered":"<p>19.08.2022 &#8211; Finaliz\u00f3 el Curso de Jefe y Sgto. de Secci\u00f3n Morteros y Central Directora de Tiro (CDT). <\/p>\n","protected":false},"author":14,"featured_media":15415,"comment_status":"open","ping_status":"open","sticky":false,"template":"","format":"standard","meta":{"_coblocks_attr":"","_coblocks_dimensions":"","_coblocks_responsive_height":"","_coblocks_accordion_ie_support":"","_monsterinsights_skip_tracking":false,"_monsterinsights_sitenote_active":false,"_monsterinsights_sitenote_note":"","_monsterinsights_sitenote_category":0,"_uf_show_specific_survey":0,"_uf_disable_surveys":false,"footnotes":""},"categories":[2,10,14,1],"tags":[314,70,565,557,13,296],"class_list":["post-15404","post","type-post","status-publish","format-standard","has-post-thumbnail","hentry","category-blog","category-destacados","category-noticias","category-sin-categoria","tag-capacitacion","tag-curso","tag-ejercicios","tag-ejercito","tag-instruccion","tag-morteros"],"aioseo_notices":[],"_links":{"self":[{"href":"https:\/\/www.ejercito.mil.uy\/index.php\/wp-json\/wp\/v2\/posts\/15404","targetHints":{"allow":["GET"]}}],"collection":[{"href":"https:\/\/www.ejercito.mil.uy\/index.php\/wp-json\/wp\/v2\/posts"}],"about":[{"href":"https:\/\/www.ejercito.mil.uy\/index.php\/wp-json\/wp\/v2\/types\/post"}],"author":[{"embeddable":true,"href":"https:\/\/www.ejercito.mil.uy\/index.php\/wp-json\/wp\/v2\/users\/14"}],"replies":[{"embeddable":true,"href":"https:\/\/www.ejercito.mil.uy\/index.php\/wp-json\/wp\/v2\/comments?post=15404"}],"version-history":[{"count":7,"href":"https:\/\/www.ejercito.mil.uy\/index.php\/wp-json\/wp\/v2\/posts\/15404\/revisions"}],"predecessor-version":[{"id":15424,"href":"https:\/\/www.ejercito.mil.uy\/index.php\/wp-json\/wp\/v2\/posts\/15404\/revisions\/15424"}],"wp:featuredmedia":[{"embeddable":true,"href":"https:\/\/www.ejercito.mil.uy\/index.php\/wp-json\/wp\/v2\/media\/15415"}],"wp:attachment":[{"href":"https:\/\/www.ejercito.mil.uy\/index.php\/wp-json\/wp\/v2\/media?parent=15404"}],"wp:term":[{"taxonomy":"category","embeddable":true,"href":"https:\/\/www.ejercito.mil.uy\/index.php\/wp-json\/wp\/v2\/categories?post=15404"},{"taxonomy":"post_tag","embeddable":true,"href":"https:\/\/www.ejercito.mil.uy\/index.php\/wp-json\/wp\/v2\/tags?post=15404"}],"curies":[{"name":"wp","href":"https:\/\/api.w.org\/{rel}","templated":true}]}}