{"id":15446,"date":"2022-08-23T12:00:00","date_gmt":"2022-08-23T15:00:00","guid":{"rendered":"https:\/\/www.ejercito.mil.uy\/?p=15446"},"modified":"2022-08-23T15:57:32","modified_gmt":"2022-08-23T18:57:32","slug":"proyecto-orientado-al-cultivo-de-forraje-hidroponico","status":"publish","type":"post","link":"https:\/\/www.ejercito.mil.uy\/index.php\/2022\/08\/23\/proyecto-orientado-al-cultivo-de-forraje-hidroponico\/","title":{"rendered":"Curso Interno \u00abSoldado Oriental\u00bb"},"content":{"rendered":"\n<p class=\"wp-block-paragraph\" style=\"font-size:14px\">23.08.2022 &#8211; San Jos\u00e9 <\/p>\n\n\n\n<div style=\"height:51px\" aria-hidden=\"true\" class=\"wp-block-spacer\"><\/div>\n\n\n\n<p class=\"wp-block-paragraph\">Se realiz\u00f3 en el <strong>Batall\u00f3n \u201cCapit\u00e1n Manuel Artigas\u201d de Infanter\u00eda Mecanizado N\u00ba 6<\/strong> el segundo Curso Interno \u00abSoldado Oriental\u00bb de adaptaci\u00f3n al Arma de Infanter\u00eda.<\/p>\n\n\n\n<div style=\"height:53px\" aria-hidden=\"true\" class=\"wp-block-spacer\"><\/div>\n\n\n\n<p class=\"wp-block-paragraph\">Se cont\u00f3 con la participaci\u00f3n de los nuevos Soldados de la Unidad que finalizaron su formaci\u00f3n inicial.<\/p>\n\n\n\n<div style=\"height:50px\" aria-hidden=\"true\" class=\"wp-block-spacer\"><\/div>\n\n\n\n<p class=\"wp-block-paragraph\">En este periodo de entrenamiento, los efectivos lograron nuevas habilidades y destrezas, profundizando su esp\u00edritu de cuerpo, trabajo en equipo y lo m\u00e1s importante la camarader\u00eda.<\/p>\n\n\n\n<div style=\"height:50px\" aria-hidden=\"true\" class=\"wp-block-spacer\"><\/div>\n\n\n\n<div aria-label=\"Carousel Gallery\" class=\"wp-block-coblocks-gallery-carousel alignfull\"><div class=\"coblocks-gallery-carousel-swiper-container is-cropped coblocks-gallery has-caption-style-dark has-horizontal-gutter has-no-thumbnails\"><div class=\"has-carousel has-carousel-xlrg swiper-container has-responsive-height\" data-swiper=\"{&quot;alignCells&quot;:false,&quot;autoPlay&quot;:true,&quot;autoPlaySpeed&quot;:3000,&quot;draggable&quot;:false,&quot;freeScroll&quot;:false,&quot;loop&quot;:false,&quot;navigation&quot;:true,&quot;pageDots&quot;:false,&quot;pauseHover&quot;:false,&quot;responsiveHeight&quot;:true,&quot;slidesPerView&quot;:1,&quot;thumbnails&quot;:false,&quot;uuid&quot;:&quot;12345&quot;}\" id=\"12345\" style=\"height:400px\"><div class=\"swiper-wrapper\"><div class=\"swiper-slide\"><div class=\"coblocks-gallery--item\" role=\"button\"><figure class=\"coblocks-gallery--figure has-margin-left-5 has-margin-left-mobile-5 has-margin-right-5 has-margin-right-mobile-5\"><img loading=\"lazy\" decoding=\"async\" width=\"1024\" height=\"683\" alt=\"\" class=\"wp-image-15433\" data-id=\"15433\" data-link=\"https:\/\/www.ejercito.mil.uy\/index.php\/2022\/08\/21\/curso-interno-soldado-oriental\/23-08-22-curso-soldado-oriental-2\/\" src=\"https:\/\/www.ejercito.mil.uy\/wp-content\/uploads\/2022\/08\/23-08-22-Curso-Soldado-Oriental-2-1024x683.jpg\" srcset=\"https:\/\/www.ejercito.mil.uy\/wp-content\/uploads\/2022\/08\/23-08-22-Curso-Soldado-Oriental-2-1024x683.jpg 1024w, https:\/\/www.ejercito.mil.uy\/wp-content\/uploads\/2022\/08\/23-08-22-Curso-Soldado-Oriental-2-300x200.jpg 300w, https:\/\/www.ejercito.mil.uy\/wp-content\/uploads\/2022\/08\/23-08-22-Curso-Soldado-Oriental-2.jpg 1200w\" sizes=\"auto, (max-width: 1024px) 100vw, 1024px\" \/><\/figure><figcaption class=\"coblocks-gallery--caption coblocks-gallery--primary-caption\"><\/figcaption><\/div><\/div><div class=\"swiper-slide\"><div class=\"coblocks-gallery--item\" role=\"button\"><figure class=\"coblocks-gallery--figure has-margin-left-5 has-margin-left-mobile-5 has-margin-right-5 has-margin-right-mobile-5\"><img loading=\"lazy\" decoding=\"async\" width=\"1024\" height=\"683\" alt=\"\" class=\"wp-image-15432\" data-id=\"15432\" data-link=\"https:\/\/www.ejercito.mil.uy\/index.php\/2022\/08\/21\/curso-interno-soldado-oriental\/23-08-22-curso-soldado-oriental-1\/\" src=\"https:\/\/www.ejercito.mil.uy\/wp-content\/uploads\/2022\/08\/23-08-22-Curso-Soldado-Oriental-1-1024x683.jpg\" srcset=\"https:\/\/www.ejercito.mil.uy\/wp-content\/uploads\/2022\/08\/23-08-22-Curso-Soldado-Oriental-1-1024x683.jpg 1024w, https:\/\/www.ejercito.mil.uy\/wp-content\/uploads\/2022\/08\/23-08-22-Curso-Soldado-Oriental-1-300x200.jpg 300w, https:\/\/www.ejercito.mil.uy\/wp-content\/uploads\/2022\/08\/23-08-22-Curso-Soldado-Oriental-1.jpg 1200w\" sizes=\"auto, (max-width: 1024px) 100vw, 1024px\" \/><\/figure><figcaption class=\"coblocks-gallery--caption coblocks-gallery--primary-caption\"><\/figcaption><\/div><\/div><div class=\"swiper-slide\"><div class=\"coblocks-gallery--item\" role=\"button\"><figure class=\"coblocks-gallery--figure has-margin-left-5 has-margin-left-mobile-5 has-margin-right-5 has-margin-right-mobile-5\"><img loading=\"lazy\" decoding=\"async\" width=\"1024\" height=\"683\" alt=\"\" class=\"wp-image-15434\" data-id=\"15434\" data-link=\"https:\/\/www.ejercito.mil.uy\/index.php\/2022\/08\/21\/curso-interno-soldado-oriental\/23-08-22-curso-soldado-oriental-3\/\" src=\"https:\/\/www.ejercito.mil.uy\/wp-content\/uploads\/2022\/08\/23-08-22-Curso-Soldado-Oriental-3-1024x683.jpg\" srcset=\"https:\/\/www.ejercito.mil.uy\/wp-content\/uploads\/2022\/08\/23-08-22-Curso-Soldado-Oriental-3-1024x683.jpg 1024w, https:\/\/www.ejercito.mil.uy\/wp-content\/uploads\/2022\/08\/23-08-22-Curso-Soldado-Oriental-3-300x200.jpg 300w, https:\/\/www.ejercito.mil.uy\/wp-content\/uploads\/2022\/08\/23-08-22-Curso-Soldado-Oriental-3.jpg 1200w\" sizes=\"auto, (max-width: 1024px) 100vw, 1024px\" \/><\/figure><figcaption class=\"coblocks-gallery--caption coblocks-gallery--primary-caption\"><\/figcaption><\/div><\/div><div class=\"swiper-slide\"><div class=\"coblocks-gallery--item\" role=\"button\"><figure class=\"coblocks-gallery--figure has-margin-left-5 has-margin-left-mobile-5 has-margin-right-5 has-margin-right-mobile-5\"><img loading=\"lazy\" decoding=\"async\" width=\"1024\" height=\"683\" alt=\"\" class=\"wp-image-15435\" data-id=\"15435\" data-link=\"https:\/\/www.ejercito.mil.uy\/index.php\/2022\/08\/21\/curso-interno-soldado-oriental\/23-08-22-curso-soldado-oriental-4\/\" src=\"https:\/\/www.ejercito.mil.uy\/wp-content\/uploads\/2022\/08\/23-08-22-Curso-Soldado-Oriental-4-1024x683.jpg\" srcset=\"https:\/\/www.ejercito.mil.uy\/wp-content\/uploads\/2022\/08\/23-08-22-Curso-Soldado-Oriental-4-1024x683.jpg 1024w, https:\/\/www.ejercito.mil.uy\/wp-content\/uploads\/2022\/08\/23-08-22-Curso-Soldado-Oriental-4-300x200.jpg 300w, https:\/\/www.ejercito.mil.uy\/wp-content\/uploads\/2022\/08\/23-08-22-Curso-Soldado-Oriental-4.jpg 1200w\" sizes=\"auto, (max-width: 1024px) 100vw, 1024px\" \/><\/figure><figcaption class=\"coblocks-gallery--caption coblocks-gallery--primary-caption\"><\/figcaption><\/div><\/div><div class=\"swiper-slide\"><div class=\"coblocks-gallery--item\" role=\"button\"><figure class=\"coblocks-gallery--figure has-margin-left-5 has-margin-left-mobile-5 has-margin-right-5 has-margin-right-mobile-5\"><img loading=\"lazy\" decoding=\"async\" width=\"1024\" height=\"683\" alt=\"\" class=\"wp-image-15436\" data-id=\"15436\" data-link=\"https:\/\/www.ejercito.mil.uy\/index.php\/2022\/08\/21\/curso-interno-soldado-oriental\/23-08-22-curso-soldado-oriental-5\/\" src=\"https:\/\/www.ejercito.mil.uy\/wp-content\/uploads\/2022\/08\/23-08-22-Curso-Soldado-Oriental-5-1024x683.jpg\" srcset=\"https:\/\/www.ejercito.mil.uy\/wp-content\/uploads\/2022\/08\/23-08-22-Curso-Soldado-Oriental-5-1024x683.jpg 1024w, https:\/\/www.ejercito.mil.uy\/wp-content\/uploads\/2022\/08\/23-08-22-Curso-Soldado-Oriental-5-300x200.jpg 300w, https:\/\/www.ejercito.mil.uy\/wp-content\/uploads\/2022\/08\/23-08-22-Curso-Soldado-Oriental-5.jpg 1200w\" sizes=\"auto, (max-width: 1024px) 100vw, 1024px\" \/><\/figure><figcaption class=\"coblocks-gallery--caption coblocks-gallery--primary-caption\"><\/figcaption><\/div><\/div><div class=\"swiper-slide\"><div class=\"coblocks-gallery--item\" role=\"button\"><figure class=\"coblocks-gallery--figure has-margin-left-5 has-margin-left-mobile-5 has-margin-right-5 has-margin-right-mobile-5\"><img loading=\"lazy\" decoding=\"async\" width=\"1024\" height=\"683\" alt=\"\" class=\"wp-image-15439\" data-id=\"15439\" data-link=\"https:\/\/www.ejercito.mil.uy\/index.php\/2022\/08\/21\/curso-interno-soldado-oriental\/23-08-22-curso-soldado-oriental-7\/\" src=\"https:\/\/www.ejercito.mil.uy\/wp-content\/uploads\/2022\/08\/23-08-22-Curso-Soldado-Oriental-7-1024x683.jpg\" srcset=\"https:\/\/www.ejercito.mil.uy\/wp-content\/uploads\/2022\/08\/23-08-22-Curso-Soldado-Oriental-7-1024x683.jpg 1024w, https:\/\/www.ejercito.mil.uy\/wp-content\/uploads\/2022\/08\/23-08-22-Curso-Soldado-Oriental-7-300x200.jpg 300w, https:\/\/www.ejercito.mil.uy\/wp-content\/uploads\/2022\/08\/23-08-22-Curso-Soldado-Oriental-7.jpg 1200w\" sizes=\"auto, (max-width: 1024px) 100vw, 1024px\" \/><\/figure><figcaption class=\"coblocks-gallery--caption coblocks-gallery--primary-caption\"><\/figcaption><\/div><\/div><div class=\"swiper-slide\"><div class=\"coblocks-gallery--item\" role=\"button\"><figure class=\"coblocks-gallery--figure has-margin-left-5 has-margin-left-mobile-5 has-margin-right-5 has-margin-right-mobile-5\"><img loading=\"lazy\" decoding=\"async\" width=\"1024\" height=\"683\" alt=\"\" class=\"wp-image-15438\" data-id=\"15438\" data-link=\"https:\/\/www.ejercito.mil.uy\/index.php\/2022\/08\/21\/curso-interno-soldado-oriental\/23-08-22-curso-soldado-oriental-6-1\/\" src=\"https:\/\/www.ejercito.mil.uy\/wp-content\/uploads\/2022\/08\/23-08-22-Curso-Soldado-Oriental-6-1-1024x683.jpg\" srcset=\"https:\/\/www.ejercito.mil.uy\/wp-content\/uploads\/2022\/08\/23-08-22-Curso-Soldado-Oriental-6-1-1024x683.jpg 1024w, https:\/\/www.ejercito.mil.uy\/wp-content\/uploads\/2022\/08\/23-08-22-Curso-Soldado-Oriental-6-1-300x200.jpg 300w, https:\/\/www.ejercito.mil.uy\/wp-content\/uploads\/2022\/08\/23-08-22-Curso-Soldado-Oriental-6-1.jpg 1200w\" sizes=\"auto, (max-width: 1024px) 100vw, 1024px\" \/><\/figure><figcaption class=\"coblocks-gallery--caption coblocks-gallery--primary-caption\"><\/figcaption><\/div><\/div><\/div><button class=\"nav-button__prev\" id=\"12345-prev\"><\/button><button class=\"nav-button__next\" id=\"12345-next\"><\/button><\/div><\/div><\/div>\n\n\n\n<div style=\"height:50px\" aria-hidden=\"true\" class=\"wp-block-spacer\"><\/div>\n\n\n\n<p class=\"has-medium-font-size wp-block-paragraph\"><strong>\u00a1Felicidades camaradas!<\/strong><\/p>\n","protected":false},"excerpt":{"rendered":"<p>23.08.2022 &#8211; Se realiz\u00f3 en el Batall\u00f3n \u201cCapit\u00e1n Manuel Artigas\u201d de Infanter\u00eda Mecanizado N\u00ba 6 el segundo Curso Interno \u00abSoldado Oriental\u00bb de adaptaci\u00f3n al Arma de Infanter\u00eda.<\/p>\n","protected":false},"author":4,"featured_media":15442,"comment_status":"closed","ping_status":"open","sticky":false,"template":"","format":"standard","meta":{"_coblocks_attr":"","_coblocks_dimensions":"","_coblocks_responsive_height":"","_coblocks_accordion_ie_support":"","_monsterinsights_skip_tracking":false,"_uf_show_specific_survey":0,"_uf_disable_surveys":false,"footnotes":""},"categories":[2,10,14],"tags":[70,622],"class_list":["post-15446","post","type-post","status-publish","format-standard","has-post-thumbnail","hentry","category-blog","category-destacados","category-noticias","tag-curso","tag-soldado-oriental"],"aioseo_notices":[],"aioseo_head":"\n\t\t<!-- All in One SEO 5.0.1 - aioseo.com -->\n\t<meta name=\"description\" content=\"23.08.2022 - Se realiz\u00f3 en el Batall\u00f3n \u201cCapit\u00e1n Manuel Artigas\u201d de Infanter\u00eda Mecanizado N\u00ba 6 el segundo Curso Interno &quot;Soldado Oriental&quot; de adaptaci\u00f3n al Arma de Infanter\u00eda.\" \/>\n\t<meta name=\"robots\" content=\"max-image-preview:large\" \/>\n\t<meta name=\"author\" content=\"Alejandro Castro\"\/>\n\t<link rel=\"canonical\" href=\"https:\/\/www.ejercito.mil.uy\/index.php\/2022\/08\/23\/proyecto-orientado-al-cultivo-de-forraje-hidroponico\/\" \/>\n\t<meta name=\"generator\" content=\"All in One SEO (AIOSEO) 5.0.1\" \/>\n\t\t<meta property=\"og:locale\" content=\"es_ES\" \/>\n\t\t<meta property=\"og:site_name\" content=\"Ej\u00e9rcito Nacional - La Fuerza de todos\" \/>\n\t\t<meta property=\"og:type\" content=\"article\" \/>\n\t\t<meta property=\"og:title\" content=\"Curso Interno \u00abSoldado Oriental\u00bb - Ej\u00e9rcito Nacional\" \/>\n\t\t<meta property=\"og:description\" content=\"23.08.2022 - Se realiz\u00f3 en el Batall\u00f3n \u201cCapit\u00e1n Manuel Artigas\u201d de Infanter\u00eda Mecanizado N\u00ba 6 el segundo Curso Interno &quot;Soldado Oriental&quot; de adaptaci\u00f3n al Arma de Infanter\u00eda.\" \/>\n\t\t<meta property=\"og:url\" content=\"https:\/\/www.ejercito.mil.uy\/index.php\/2022\/08\/23\/proyecto-orientado-al-cultivo-de-forraje-hidroponico\/\" \/>\n\t\t<meta property=\"og:image\" content=\"https:\/\/www.ejercito.mil.uy\/wp-content\/uploads\/2022\/01\/Escudo_EN_URUGUAY.png\" \/>\n\t\t<meta property=\"og:image:secure_url\" content=\"https:\/\/www.ejercito.mil.uy\/wp-content\/uploads\/2022\/01\/Escudo_EN_URUGUAY.png\" \/>\n\t\t<meta property=\"og:image:width\" content=\"134\" \/>\n\t\t<meta property=\"og:image:height\" content=\"119\" \/>\n\t\t<meta property=\"article:published_time\" content=\"2022-08-23T15:00:00+00:00\" \/>\n\t\t<meta property=\"article:modified_time\" content=\"2022-08-23T18:57:32+00:00\" \/>\n\t\t<meta name=\"twitter:card\" content=\"summary_large_image\" \/>\n\t\t<meta name=\"twitter:title\" content=\"Curso Interno \u00abSoldado Oriental\u00bb - Ej\u00e9rcito Nacional\" \/>\n\t\t<meta name=\"twitter:description\" content=\"23.08.2022 - Se realiz\u00f3 en el Batall\u00f3n \u201cCapit\u00e1n Manuel Artigas\u201d de Infanter\u00eda Mecanizado N\u00ba 6 el segundo Curso Interno &quot;Soldado Oriental&quot; de adaptaci\u00f3n al Arma de Infanter\u00eda.\" \/>\n\t\t<meta name=\"twitter:image\" content=\"https:\/\/www.ejercito.mil.uy\/wp-content\/uploads\/2022\/01\/Escudo_EN_URUGUAY.png\" \/>\n\t\t<script type=\"application\/ld+json\" class=\"aioseo-schema\">\n\t\t\t{\"@context\":\"https:\\\/\\\/schema.org\",\"@graph\":[{\"@type\":\"BlogPosting\",\"@id\":\"https:\\\/\\\/www.ejercito.mil.uy\\\/index.php\\\/2022\\\/08\\\/23\\\/proyecto-orientado-al-cultivo-de-forraje-hidroponico\\\/#blogposting\",\"name\":\"Curso Interno \\u00abSoldado Oriental\\u00bb - Ej\\u00e9rcito Nacional\",\"headline\":\"Curso Interno \\u00abSoldado Oriental\\u00bb\",\"author\":{\"@id\":\"https:\\\/\\\/www.ejercito.mil.uy\\\/index.php\\\/author\\\/acastro\\\/#author\"},\"publisher\":{\"@id\":\"https:\\\/\\\/www.ejercito.mil.uy\\\/#organization\"},\"image\":{\"@type\":\"ImageObject\",\"url\":\"https:\\\/\\\/www.ejercito.mil.uy\\\/wp-content\\\/uploads\\\/2022\\\/08\\\/23-08-22-Curso-Soldado-Oriental-8-1.jpg\",\"width\":1200,\"height\":800},\"datePublished\":\"2022-08-23T12:00:00-03:00\",\"dateModified\":\"2022-08-23T15:57:32-03:00\",\"inLanguage\":\"es-UY\",\"mainEntityOfPage\":{\"@id\":\"https:\\\/\\\/www.ejercito.mil.uy\\\/index.php\\\/2022\\\/08\\\/23\\\/proyecto-orientado-al-cultivo-de-forraje-hidroponico\\\/#webpage\"},\"isPartOf\":{\"@id\":\"https:\\\/\\\/www.ejercito.mil.uy\\\/index.php\\\/2022\\\/08\\\/23\\\/proyecto-orientado-al-cultivo-de-forraje-hidroponico\\\/#webpage\"},\"articleSection\":\"Blog, Destacados, Noticias, curso, soldado oriental\"},{\"@type\":\"BreadcrumbList\",\"@id\":\"https:\\\/\\\/www.ejercito.mil.uy\\\/index.php\\\/2022\\\/08\\\/23\\\/proyecto-orientado-al-cultivo-de-forraje-hidroponico\\\/#breadcrumblist\",\"itemListElement\":[{\"@type\":\"ListItem\",\"@id\":\"https:\\\/\\\/www.ejercito.mil.uy#listItem\",\"position\":1,\"name\":\"Home\",\"item\":\"https:\\\/\\\/www.ejercito.mil.uy\",\"nextItem\":{\"@type\":\"ListItem\",\"@id\":\"https:\\\/\\\/www.ejercito.mil.uy\\\/index.php\\\/category\\\/destacados\\\/#listItem\",\"name\":\"Destacados\"}},{\"@type\":\"ListItem\",\"@id\":\"https:\\\/\\\/www.ejercito.mil.uy\\\/index.php\\\/category\\\/destacados\\\/#listItem\",\"position\":2,\"name\":\"Destacados\",\"item\":\"https:\\\/\\\/www.ejercito.mil.uy\\\/index.php\\\/category\\\/destacados\\\/\",\"nextItem\":{\"@type\":\"ListItem\",\"@id\":\"https:\\\/\\\/www.ejercito.mil.uy\\\/index.php\\\/category\\\/destacados\\\/noticias\\\/#listItem\",\"name\":\"Noticias\"},\"previousItem\":{\"@type\":\"ListItem\",\"@id\":\"https:\\\/\\\/www.ejercito.mil.uy#listItem\",\"name\":\"Home\"}},{\"@type\":\"ListItem\",\"@id\":\"https:\\\/\\\/www.ejercito.mil.uy\\\/index.php\\\/category\\\/destacados\\\/noticias\\\/#listItem\",\"position\":3,\"name\":\"Noticias\",\"item\":\"https:\\\/\\\/www.ejercito.mil.uy\\\/index.php\\\/category\\\/destacados\\\/noticias\\\/\",\"nextItem\":{\"@type\":\"ListItem\",\"@id\":\"https:\\\/\\\/www.ejercito.mil.uy\\\/index.php\\\/2022\\\/08\\\/23\\\/proyecto-orientado-al-cultivo-de-forraje-hidroponico\\\/#listItem\",\"name\":\"Curso Interno \\u00abSoldado Oriental\\u00bb\"},\"previousItem\":{\"@type\":\"ListItem\",\"@id\":\"https:\\\/\\\/www.ejercito.mil.uy\\\/index.php\\\/category\\\/destacados\\\/#listItem\",\"name\":\"Destacados\"}},{\"@type\":\"ListItem\",\"@id\":\"https:\\\/\\\/www.ejercito.mil.uy\\\/index.php\\\/2022\\\/08\\\/23\\\/proyecto-orientado-al-cultivo-de-forraje-hidroponico\\\/#listItem\",\"position\":4,\"name\":\"Curso Interno \\u00abSoldado Oriental\\u00bb\",\"previousItem\":{\"@type\":\"ListItem\",\"@id\":\"https:\\\/\\\/www.ejercito.mil.uy\\\/index.php\\\/category\\\/destacados\\\/noticias\\\/#listItem\",\"name\":\"Noticias\"}}]},{\"@type\":\"Organization\",\"@id\":\"https:\\\/\\\/www.ejercito.mil.uy\\\/#organization\",\"name\":\"Ej\\u00e9rcito Nacional\",\"description\":\"La Fuerza de todos\",\"url\":\"https:\\\/\\\/www.ejercito.mil.uy\\\/\",\"logo\":{\"@type\":\"ImageObject\",\"url\":\"https:\\\/\\\/www.ejercito.mil.uy\\\/wp-content\\\/uploads\\\/2022\\\/01\\\/Escudo_EN_URUGUAY.png\",\"@id\":\"https:\\\/\\\/www.ejercito.mil.uy\\\/index.php\\\/2022\\\/08\\\/23\\\/proyecto-orientado-al-cultivo-de-forraje-hidroponico\\\/#organizationLogo\",\"width\":134,\"height\":119},\"image\":{\"@id\":\"https:\\\/\\\/www.ejercito.mil.uy\\\/index.php\\\/2022\\\/08\\\/23\\\/proyecto-orientado-al-cultivo-de-forraje-hidroponico\\\/#organizationLogo\"}},{\"@type\":\"Person\",\"@id\":\"https:\\\/\\\/www.ejercito.mil.uy\\\/index.php\\\/author\\\/acastro\\\/#author\",\"url\":\"https:\\\/\\\/www.ejercito.mil.uy\\\/index.php\\\/author\\\/acastro\\\/\",\"name\":\"Alejandro Castro\",\"image\":{\"@type\":\"ImageObject\",\"@id\":\"https:\\\/\\\/www.ejercito.mil.uy\\\/index.php\\\/2022\\\/08\\\/23\\\/proyecto-orientado-al-cultivo-de-forraje-hidroponico\\\/#authorImage\",\"url\":\"https:\\\/\\\/secure.gravatar.com\\\/avatar\\\/89bb77d4bf696501dd94ca89e6794e1787eaffba7c7197528d249e15bd099f68?s=96&d=mm&r=g\",\"width\":96,\"height\":96,\"caption\":\"Alejandro Castro\"}},{\"@type\":\"WebPage\",\"@id\":\"https:\\\/\\\/www.ejercito.mil.uy\\\/index.php\\\/2022\\\/08\\\/23\\\/proyecto-orientado-al-cultivo-de-forraje-hidroponico\\\/#webpage\",\"url\":\"https:\\\/\\\/www.ejercito.mil.uy\\\/index.php\\\/2022\\\/08\\\/23\\\/proyecto-orientado-al-cultivo-de-forraje-hidroponico\\\/\",\"name\":\"Curso Interno \\u00abSoldado Oriental\\u00bb - Ej\\u00e9rcito Nacional\",\"description\":\"23.08.2022 - Se realiz\\u00f3 en el Batall\\u00f3n \\u201cCapit\\u00e1n Manuel Artigas\\u201d de Infanter\\u00eda Mecanizado N\\u00ba 6 el segundo Curso Interno \\\"Soldado Oriental\\\" de adaptaci\\u00f3n al Arma de Infanter\\u00eda.\",\"inLanguage\":\"es-UY\",\"isPartOf\":{\"@id\":\"https:\\\/\\\/www.ejercito.mil.uy\\\/#website\"},\"breadcrumb\":{\"@id\":\"https:\\\/\\\/www.ejercito.mil.uy\\\/index.php\\\/2022\\\/08\\\/23\\\/proyecto-orientado-al-cultivo-de-forraje-hidroponico\\\/#breadcrumblist\"},\"author\":{\"@id\":\"https:\\\/\\\/www.ejercito.mil.uy\\\/index.php\\\/author\\\/acastro\\\/#author\"},\"creator\":{\"@id\":\"https:\\\/\\\/www.ejercito.mil.uy\\\/index.php\\\/author\\\/acastro\\\/#author\"},\"image\":{\"@type\":\"ImageObject\",\"url\":\"https:\\\/\\\/www.ejercito.mil.uy\\\/wp-content\\\/uploads\\\/2022\\\/08\\\/23-08-22-Curso-Soldado-Oriental-8-1.jpg\",\"@id\":\"https:\\\/\\\/www.ejercito.mil.uy\\\/index.php\\\/2022\\\/08\\\/23\\\/proyecto-orientado-al-cultivo-de-forraje-hidroponico\\\/#mainImage\",\"width\":1200,\"height\":800},\"primaryImageOfPage\":{\"@id\":\"https:\\\/\\\/www.ejercito.mil.uy\\\/index.php\\\/2022\\\/08\\\/23\\\/proyecto-orientado-al-cultivo-de-forraje-hidroponico\\\/#mainImage\"},\"datePublished\":\"2022-08-23T12:00:00-03:00\",\"dateModified\":\"2022-08-23T15:57:32-03:00\"},{\"@type\":\"WebSite\",\"@id\":\"https:\\\/\\\/www.ejercito.mil.uy\\\/#website\",\"url\":\"https:\\\/\\\/www.ejercito.mil.uy\\\/\",\"name\":\"Ej\\u00e9rcito Nacional\",\"description\":\"La Fuerza de todos\",\"inLanguage\":\"es-UY\",\"publisher\":{\"@id\":\"https:\\\/\\\/www.ejercito.mil.uy\\\/#organization\"}}]}\n\t\t<\/script>\n\t\t<!-- All in One SEO -->\n\n","aioseo_head_json":{"title":"Curso Interno \u00abSoldado Oriental\u00bb - Ej\u00e9rcito Nacional","description":"23.08.2022 - Se realiz\u00f3 en el Batall\u00f3n \u201cCapit\u00e1n Manuel Artigas\u201d de Infanter\u00eda Mecanizado N\u00ba 6 el segundo Curso Interno \"Soldado Oriental\" de adaptaci\u00f3n al Arma de Infanter\u00eda.","canonical_url":"https:\/\/www.ejercito.mil.uy\/index.php\/2022\/08\/23\/proyecto-orientado-al-cultivo-de-forraje-hidroponico\/","robots":"max-image-preview:large","keywords":"","webmasterTools":{"miscellaneous":""},"schema":{"@context":"https:\/\/schema.org","@graph":[{"@type":"BlogPosting","@id":"https:\/\/www.ejercito.mil.uy\/index.php\/2022\/08\/23\/proyecto-orientado-al-cultivo-de-forraje-hidroponico\/#blogposting","name":"Curso Interno \u00abSoldado Oriental\u00bb - Ej\u00e9rcito Nacional","headline":"Curso Interno \u00abSoldado Oriental\u00bb","author":{"@id":"https:\/\/www.ejercito.mil.uy\/index.php\/author\/acastro\/#author"},"publisher":{"@id":"https:\/\/www.ejercito.mil.uy\/#organization"},"image":{"@type":"ImageObject","url":"https:\/\/www.ejercito.mil.uy\/wp-content\/uploads\/2022\/08\/23-08-22-Curso-Soldado-Oriental-8-1.jpg","width":1200,"height":800},"datePublished":"2022-08-23T12:00:00-03:00","dateModified":"2022-08-23T15:57:32-03:00","inLanguage":"es-UY","mainEntityOfPage":{"@id":"https:\/\/www.ejercito.mil.uy\/index.php\/2022\/08\/23\/proyecto-orientado-al-cultivo-de-forraje-hidroponico\/#webpage"},"isPartOf":{"@id":"https:\/\/www.ejercito.mil.uy\/index.php\/2022\/08\/23\/proyecto-orientado-al-cultivo-de-forraje-hidroponico\/#webpage"},"articleSection":"Blog, Destacados, Noticias, curso, soldado oriental"},{"@type":"BreadcrumbList","@id":"https:\/\/www.ejercito.mil.uy\/index.php\/2022\/08\/23\/proyecto-orientado-al-cultivo-de-forraje-hidroponico\/#breadcrumblist","itemListElement":[{"@type":"ListItem","@id":"https:\/\/www.ejercito.mil.uy#listItem","position":1,"name":"Home","item":"https:\/\/www.ejercito.mil.uy","nextItem":{"@type":"ListItem","@id":"https:\/\/www.ejercito.mil.uy\/index.php\/category\/destacados\/#listItem","name":"Destacados"}},{"@type":"ListItem","@id":"https:\/\/www.ejercito.mil.uy\/index.php\/category\/destacados\/#listItem","position":2,"name":"Destacados","item":"https:\/\/www.ejercito.mil.uy\/index.php\/category\/destacados\/","nextItem":{"@type":"ListItem","@id":"https:\/\/www.ejercito.mil.uy\/index.php\/category\/destacados\/noticias\/#listItem","name":"Noticias"},"previousItem":{"@type":"ListItem","@id":"https:\/\/www.ejercito.mil.uy#listItem","name":"Home"}},{"@type":"ListItem","@id":"https:\/\/www.ejercito.mil.uy\/index.php\/category\/destacados\/noticias\/#listItem","position":3,"name":"Noticias","item":"https:\/\/www.ejercito.mil.uy\/index.php\/category\/destacados\/noticias\/","nextItem":{"@type":"ListItem","@id":"https:\/\/www.ejercito.mil.uy\/index.php\/2022\/08\/23\/proyecto-orientado-al-cultivo-de-forraje-hidroponico\/#listItem","name":"Curso Interno \u00abSoldado Oriental\u00bb"},"previousItem":{"@type":"ListItem","@id":"https:\/\/www.ejercito.mil.uy\/index.php\/category\/destacados\/#listItem","name":"Destacados"}},{"@type":"ListItem","@id":"https:\/\/www.ejercito.mil.uy\/index.php\/2022\/08\/23\/proyecto-orientado-al-cultivo-de-forraje-hidroponico\/#listItem","position":4,"name":"Curso Interno \u00abSoldado Oriental\u00bb","previousItem":{"@type":"ListItem","@id":"https:\/\/www.ejercito.mil.uy\/index.php\/category\/destacados\/noticias\/#listItem","name":"Noticias"}}]},{"@type":"Organization","@id":"https:\/\/www.ejercito.mil.uy\/#organization","name":"Ej\u00e9rcito Nacional","description":"La Fuerza de todos","url":"https:\/\/www.ejercito.mil.uy\/","logo":{"@type":"ImageObject","url":"https:\/\/www.ejercito.mil.uy\/wp-content\/uploads\/2022\/01\/Escudo_EN_URUGUAY.png","@id":"https:\/\/www.ejercito.mil.uy\/index.php\/2022\/08\/23\/proyecto-orientado-al-cultivo-de-forraje-hidroponico\/#organizationLogo","width":134,"height":119},"image":{"@id":"https:\/\/www.ejercito.mil.uy\/index.php\/2022\/08\/23\/proyecto-orientado-al-cultivo-de-forraje-hidroponico\/#organizationLogo"}},{"@type":"Person","@id":"https:\/\/www.ejercito.mil.uy\/index.php\/author\/acastro\/#author","url":"https:\/\/www.ejercito.mil.uy\/index.php\/author\/acastro\/","name":"Alejandro Castro","image":{"@type":"ImageObject","@id":"https:\/\/www.ejercito.mil.uy\/index.php\/2022\/08\/23\/proyecto-orientado-al-cultivo-de-forraje-hidroponico\/#authorImage","url":"https:\/\/secure.gravatar.com\/avatar\/89bb77d4bf696501dd94ca89e6794e1787eaffba7c7197528d249e15bd099f68?s=96&d=mm&r=g","width":96,"height":96,"caption":"Alejandro Castro"}},{"@type":"WebPage","@id":"https:\/\/www.ejercito.mil.uy\/index.php\/2022\/08\/23\/proyecto-orientado-al-cultivo-de-forraje-hidroponico\/#webpage","url":"https:\/\/www.ejercito.mil.uy\/index.php\/2022\/08\/23\/proyecto-orientado-al-cultivo-de-forraje-hidroponico\/","name":"Curso Interno \u00abSoldado Oriental\u00bb - Ej\u00e9rcito Nacional","description":"23.08.2022 - Se realiz\u00f3 en el Batall\u00f3n \u201cCapit\u00e1n Manuel Artigas\u201d de Infanter\u00eda Mecanizado N\u00ba 6 el segundo Curso Interno \"Soldado Oriental\" de adaptaci\u00f3n al Arma de Infanter\u00eda.","inLanguage":"es-UY","isPartOf":{"@id":"https:\/\/www.ejercito.mil.uy\/#website"},"breadcrumb":{"@id":"https:\/\/www.ejercito.mil.uy\/index.php\/2022\/08\/23\/proyecto-orientado-al-cultivo-de-forraje-hidroponico\/#breadcrumblist"},"author":{"@id":"https:\/\/www.ejercito.mil.uy\/index.php\/author\/acastro\/#author"},"creator":{"@id":"https:\/\/www.ejercito.mil.uy\/index.php\/author\/acastro\/#author"},"image":{"@type":"ImageObject","url":"https:\/\/www.ejercito.mil.uy\/wp-content\/uploads\/2022\/08\/23-08-22-Curso-Soldado-Oriental-8-1.jpg","@id":"https:\/\/www.ejercito.mil.uy\/index.php\/2022\/08\/23\/proyecto-orientado-al-cultivo-de-forraje-hidroponico\/#mainImage","width":1200,"height":800},"primaryImageOfPage":{"@id":"https:\/\/www.ejercito.mil.uy\/index.php\/2022\/08\/23\/proyecto-orientado-al-cultivo-de-forraje-hidroponico\/#mainImage"},"datePublished":"2022-08-23T12:00:00-03:00","dateModified":"2022-08-23T15:57:32-03:00"},{"@type":"WebSite","@id":"https:\/\/www.ejercito.mil.uy\/#website","url":"https:\/\/www.ejercito.mil.uy\/","name":"Ej\u00e9rcito Nacional","description":"La Fuerza de todos","inLanguage":"es-UY","publisher":{"@id":"https:\/\/www.ejercito.mil.uy\/#organization"}}]},"og:locale":"es_ES","og:site_name":"Ej\u00e9rcito Nacional - La Fuerza de todos","og:type":"article","og:title":"Curso Interno \u00abSoldado Oriental\u00bb - Ej\u00e9rcito Nacional","og:description":"23.08.2022 - Se realiz\u00f3 en el Batall\u00f3n \u201cCapit\u00e1n Manuel Artigas\u201d de Infanter\u00eda Mecanizado N\u00ba 6 el segundo Curso Interno &quot;Soldado Oriental&quot; de adaptaci\u00f3n al Arma de Infanter\u00eda.","og:url":"https:\/\/www.ejercito.mil.uy\/index.php\/2022\/08\/23\/proyecto-orientado-al-cultivo-de-forraje-hidroponico\/","og:image":"https:\/\/www.ejercito.mil.uy\/wp-content\/uploads\/2022\/01\/Escudo_EN_URUGUAY.png","og:image:secure_url":"https:\/\/www.ejercito.mil.uy\/wp-content\/uploads\/2022\/01\/Escudo_EN_URUGUAY.png","og:image:width":134,"og:image:height":119,"article:published_time":"2022-08-23T15:00:00+00:00","article:modified_time":"2022-08-23T18:57:32+00:00","twitter:card":"summary_large_image","twitter:title":"Curso Interno \u00abSoldado Oriental\u00bb - Ej\u00e9rcito Nacional","twitter:description":"23.08.2022 - Se realiz\u00f3 en el Batall\u00f3n \u201cCapit\u00e1n Manuel Artigas\u201d de Infanter\u00eda Mecanizado N\u00ba 6 el segundo Curso Interno &quot;Soldado Oriental&quot; de adaptaci\u00f3n al Arma de Infanter\u00eda.","twitter:image":"https:\/\/www.ejercito.mil.uy\/wp-content\/uploads\/2022\/01\/Escudo_EN_URUGUAY.png"},"aioseo_meta_data":{"post_id":"15446","title":null,"description":null,"keywords":null,"keyphrases":null,"primary_term":null,"canonical_url":null,"og_title":null,"og_description":null,"og_object_type":"default","og_image_type":"default","og_image_url":null,"og_image_width":null,"og_image_height":null,"og_image_custom_url":null,"og_image_custom_fields":null,"og_video":null,"og_custom_url":null,"og_article_section":null,"og_article_tags":null,"twitter_use_og":false,"twitter_card":"default","twitter_image_type":"default","twitter_image_url":null,"twitter_image_custom_url":null,"twitter_image_custom_fields":null,"twitter_title":null,"twitter_description":null,"schema":{"blockGraphs":[],"customGraphs":[],"default":{"data":{"Article":[],"Course":[],"Dataset":[],"FAQPage":[],"Movie":[],"Person":[],"Product":[],"ProductReview":[],"Car":[],"Recipe":[],"Service":[],"SoftwareApplication":[],"WebPage":[]},"graphName":"","isEnabled":true},"graphs":[]},"schema_type":"default","schema_type_options":null,"pillar_content":false,"robots_default":true,"robots_noindex":false,"robots_noarchive":false,"robots_nosnippet":false,"robots_nofollow":false,"robots_noimageindex":false,"robots_noodp":false,"robots_notranslate":false,"robots_max_snippet":null,"robots_max_videopreview":null,"robots_max_imagepreview":"large","priority":null,"frequency":null,"local_seo":null,"breadcrumb_settings":null,"limit_modified_date":false,"ai":null,"created":"2025-08-30 03:12:29","updated":"2025-08-30 03:12:29","seo_analyzer_scan_date":null,"focus_keyword":null,"additional_keywords":null,"truseo_locale":null},"aioseo_breadcrumb":"<div class=\"aioseo-breadcrumbs\"><span class=\"aioseo-breadcrumb\">\n\t\t\t<a href=\"https:\/\/www.ejercito.mil.uy\" title=\"Home\">Home<\/a>\n\t\t<\/span><span class=\"aioseo-breadcrumb-separator\">&raquo;<\/span><span class=\"aioseo-breadcrumb\">\n\t\t\t<a href=\"https:\/\/www.ejercito.mil.uy\/index.php\/category\/destacados\/\" title=\"Destacados\">Destacados<\/a>\n\t\t<\/span><span class=\"aioseo-breadcrumb-separator\">&raquo;<\/span><span class=\"aioseo-breadcrumb\">\n\t\t\t<a href=\"https:\/\/www.ejercito.mil.uy\/index.php\/category\/destacados\/noticias\/\" title=\"Noticias\">Noticias<\/a>\n\t\t<\/span><span class=\"aioseo-breadcrumb-separator\">&raquo;<\/span><span class=\"aioseo-breadcrumb\">\n\t\t\tCurso Interno \u00abSoldado Oriental\u00bb\n\t\t<\/span><\/div>","aioseo_breadcrumb_json":[{"label":"Home","link":"https:\/\/www.ejercito.mil.uy"},{"label":"Destacados","link":"https:\/\/www.ejercito.mil.uy\/index.php\/category\/destacados\/"},{"label":"Noticias","link":"https:\/\/www.ejercito.mil.uy\/index.php\/category\/destacados\/noticias\/"},{"label":"Curso Interno \u00abSoldado Oriental\u00bb","link":"https:\/\/www.ejercito.mil.uy\/index.php\/2022\/08\/23\/proyecto-orientado-al-cultivo-de-forraje-hidroponico\/"}],"_links":{"self":[{"href":"https:\/\/www.ejercito.mil.uy\/index.php\/wp-json\/wp\/v2\/posts\/15446","targetHints":{"allow":["GET"]}}],"collection":[{"href":"https:\/\/www.ejercito.mil.uy\/index.php\/wp-json\/wp\/v2\/posts"}],"about":[{"href":"https:\/\/www.ejercito.mil.uy\/index.php\/wp-json\/wp\/v2\/types\/post"}],"author":[{"embeddable":true,"href":"https:\/\/www.ejercito.mil.uy\/index.php\/wp-json\/wp\/v2\/users\/4"}],"replies":[{"embeddable":true,"href":"https:\/\/www.ejercito.mil.uy\/index.php\/wp-json\/wp\/v2\/comments?post=15446"}],"version-history":[{"count":6,"href":"https:\/\/www.ejercito.mil.uy\/index.php\/wp-json\/wp\/v2\/posts\/15446\/revisions"}],"predecessor-version":[{"id":15495,"href":"https:\/\/www.ejercito.mil.uy\/index.php\/wp-json\/wp\/v2\/posts\/15446\/revisions\/15495"}],"wp:featuredmedia":[{"embeddable":true,"href":"https:\/\/www.ejercito.mil.uy\/index.php\/wp-json\/wp\/v2\/media\/15442"}],"wp:attachment":[{"href":"https:\/\/www.ejercito.mil.uy\/index.php\/wp-json\/wp\/v2\/media?parent=15446"}],"wp:term":[{"taxonomy":"category","embeddable":true,"href":"https:\/\/www.ejercito.mil.uy\/index.php\/wp-json\/wp\/v2\/categories?post=15446"},{"taxonomy":"post_tag","embeddable":true,"href":"https:\/\/www.ejercito.mil.uy\/index.php\/wp-json\/wp\/v2\/tags?post=15446"}],"curies":[{"name":"wp","href":"https:\/\/api.w.org\/{rel}","templated":true}]}}