{"id":15465,"date":"2022-08-21T19:00:00","date_gmt":"2022-08-21T22:00:00","guid":{"rendered":"https:\/\/www.ejercito.mil.uy\/?p=15465"},"modified":"2022-08-23T16:31:48","modified_gmt":"2022-08-23T19:31:48","slug":"apoyo-a-escuela-en-tacuarembo","status":"publish","type":"post","link":"https:\/\/www.ejercito.mil.uy\/index.php\/2022\/08\/21\/apoyo-a-escuela-en-tacuarembo\/","title":{"rendered":"Apoyo a Escuela en Tacuaremb\u00f3"},"content":{"rendered":"\n<p style=\"font-size:14px\">21.08.2022 &#8211; Tacuaremb\u00f3 <\/p>\n\n\n\n<div style=\"height:51px\" aria-hidden=\"true\" class=\"wp-block-spacer\"><\/div>\n\n\n\n<p>Entre los d\u00edas 10 y 11 de agosto, el <a href=\"https:\/\/www.facebook.com\/profile.php?id=100064805856044&amp;__cft__[0]=AZUUOD-Pb0AemzLhMzB8gv9nXiq8LoorYwfFk4d2XLXlvkFV1K9GSlbPLup4A5X7nd8A5BQyuSAI0xTo7F-HVZltK-9Ekd4B3lyz73MdqaqTbakGplZnZu1v3mS4PIVWdwXBtwIfmmMLlh1Xa6liwEcC&amp;__tn__=-]K-R\" target=\"_blank\" rel=\"noreferrer noopener\">Grupo \u00abLas Piedras\u00bb de Artiller\u00eda 105 mm N\u00ba 3<\/a>, apoy\u00f3 a la Escuela N\u00ba 112 con el armado de un invern\u00e1culo.<\/p>\n\n\n\n<div style=\"height:50px\" aria-hidden=\"true\" class=\"wp-block-spacer\"><\/div>\n\n\n\n<p>El invern\u00e1culo es usado para el cultivo y la protecci\u00f3n de plantas. A su alrededor contiene una cubierta pl\u00e1stica para producir las condiciones clim\u00e1ticas necesarias.<\/p>\n\n\n\n<div style=\"height:50px\" aria-hidden=\"true\" class=\"wp-block-spacer\"><\/div>\n\n\n\n<div style=\"height:50px\" aria-hidden=\"true\" class=\"wp-block-spacer\"><\/div>\n","protected":false},"excerpt":{"rendered":"<p>21.08.2022 &#8211; Entre los d\u00edas 10 y 11 de agosto, el Grupo \u00abLas Piedras\u00bb de Artiller\u00eda 105 mm N\u00ba 3, apoy\u00f3 a la Escuela N\u00ba 112 con el armado de un invern\u00e1culo.<\/p>\n","protected":false},"author":4,"featured_media":15466,"comment_status":"closed","ping_status":"open","sticky":false,"template":"","format":"standard","meta":{"_coblocks_attr":"","_coblocks_dimensions":"","_coblocks_responsive_height":"","_coblocks_accordion_ie_support":"","_monsterinsights_skip_tracking":false,"_monsterinsights_sitenote_active":false,"_monsterinsights_sitenote_note":"","_monsterinsights_sitenote_category":0,"_uf_show_specific_survey":0,"_uf_disable_surveys":false,"footnotes":""},"categories":[2,14],"tags":[27,107],"class_list":["post-15465","post","type-post","status-publish","format-standard","has-post-thumbnail","hentry","category-blog","category-noticias","tag-apoyo","tag-escuela"],"aioseo_notices":[],"_links":{"self":[{"href":"https:\/\/www.ejercito.mil.uy\/index.php\/wp-json\/wp\/v2\/posts\/15465","targetHints":{"allow":["GET"]}}],"collection":[{"href":"https:\/\/www.ejercito.mil.uy\/index.php\/wp-json\/wp\/v2\/posts"}],"about":[{"href":"https:\/\/www.ejercito.mil.uy\/index.php\/wp-json\/wp\/v2\/types\/post"}],"author":[{"embeddable":true,"href":"https:\/\/www.ejercito.mil.uy\/index.php\/wp-json\/wp\/v2\/users\/4"}],"replies":[{"embeddable":true,"href":"https:\/\/www.ejercito.mil.uy\/index.php\/wp-json\/wp\/v2\/comments?post=15465"}],"version-history":[{"count":3,"href":"https:\/\/www.ejercito.mil.uy\/index.php\/wp-json\/wp\/v2\/posts\/15465\/revisions"}],"predecessor-version":[{"id":15481,"href":"https:\/\/www.ejercito.mil.uy\/index.php\/wp-json\/wp\/v2\/posts\/15465\/revisions\/15481"}],"wp:featuredmedia":[{"embeddable":true,"href":"https:\/\/www.ejercito.mil.uy\/index.php\/wp-json\/wp\/v2\/media\/15466"}],"wp:attachment":[{"href":"https:\/\/www.ejercito.mil.uy\/index.php\/wp-json\/wp\/v2\/media?parent=15465"}],"wp:term":[{"taxonomy":"category","embeddable":true,"href":"https:\/\/www.ejercito.mil.uy\/index.php\/wp-json\/wp\/v2\/categories?post=15465"},{"taxonomy":"post_tag","embeddable":true,"href":"https:\/\/www.ejercito.mil.uy\/index.php\/wp-json\/wp\/v2\/tags?post=15465"}],"curies":[{"name":"wp","href":"https:\/\/api.w.org\/{rel}","templated":true}]}}