{"id":1569,"date":"2021-03-24T11:42:44","date_gmt":"2021-03-24T14:42:44","guid":{"rendered":"http:\/\/cge12.ejercito.mil.uy\/?p=1569"},"modified":"2021-04-27T14:26:49","modified_gmt":"2021-04-27T17:26:49","slug":"84-de-vacunados-en-el-ejercito","status":"publish","type":"post","link":"https:\/\/www.ejercito.mil.uy\/index.php\/2021\/03\/24\/84-de-vacunados-en-el-ejercito\/","title":{"rendered":"86% de vacunados en el Ej\u00e9rcito"},"content":{"rendered":"\n<p class=\"wp-block-paragraph\">26.03.2021 &#8211; <\/p>\n\n\n\n<figure class=\"wp-block-gallery columns-3 is-cropped wp-block-gallery-1 is-layout-flex wp-block-gallery-is-layout-flex\"><ul class=\"blocks-gallery-grid\"><li class=\"blocks-gallery-item\"><figure><img loading=\"lazy\" decoding=\"async\" width=\"1024\" height=\"683\" src=\"http:\/\/cge12.ejercito.mil.uy\/wp-content\/uploads\/2021\/03\/04-FB-1024x683.jpg\" alt=\"\" data-id=\"1570\" data-full-url=\"http:\/\/cge12.ejercito.mil.uy\/wp-content\/uploads\/2021\/03\/04-FB.jpg\" data-link=\"http:\/\/cge12.ejercito.mil.uy\/?attachment_id=1570\" class=\"wp-image-1570\" srcset=\"https:\/\/www.ejercito.mil.uy\/wp-content\/uploads\/2021\/03\/04-FB-1024x683.jpg 1024w, https:\/\/www.ejercito.mil.uy\/wp-content\/uploads\/2021\/03\/04-FB-300x200.jpg 300w, https:\/\/www.ejercito.mil.uy\/wp-content\/uploads\/2021\/03\/04-FB.jpg 1200w\" sizes=\"auto, (max-width: 1024px) 100vw, 1024px\" \/><\/figure><\/li><li class=\"blocks-gallery-item\"><figure><img decoding=\"async\" src=\"http:\/\/cge12.ejercito.mil.uy\/wp-content\/uploads\/2021\/03\/covid-2-7-1024x683.jpg\" alt=\"\" data-id=\"1352\" data-full-url=\"http:\/\/cge12.ejercito.mil.uy\/wp-content\/uploads\/2021\/03\/covid-2-7.jpg\" data-link=\"http:\/\/cge12.ejercito.mil.uy\/index.php\/2021\/03\/12\/74-aniversario-del-liceo-militar-general-artigas\/covid-2-7\/\" class=\"wp-image-1352\"\/><\/figure><\/li><li class=\"blocks-gallery-item\"><figure><img decoding=\"async\" src=\"http:\/\/cge12.ejercito.mil.uy\/wp-content\/uploads\/2021\/03\/covid-2-8-1024x683.jpg\" alt=\"\" data-id=\"1353\" data-full-url=\"http:\/\/cge12.ejercito.mil.uy\/wp-content\/uploads\/2021\/03\/covid-2-8.jpg\" data-link=\"http:\/\/cge12.ejercito.mil.uy\/index.php\/2021\/03\/12\/74-aniversario-del-liceo-militar-general-artigas\/covid-2-8\/\" class=\"wp-image-1353\"\/><\/figure><\/li><\/ul><\/figure>\n\n\n\n<p class=\"wp-block-paragraph\">Al momento, el 86% de los integrantes del Ej\u00e9rcito han recibido la primera dosis de la vacuna Coronavac del laboratorio Sinovac. El lunes 29 de marzo comenzar\u00e1 la inoculaci\u00f3n de la segunda dosis de la vacuna. <\/p>\n\n\n\n<p class=\"wp-block-paragraph\">   <\/p>\n\n\n\n<p class=\"wp-block-paragraph\">   <\/p>\n","protected":false},"excerpt":{"rendered":"<p>26.03.2021 &#8211; Al momento, el 86% de los integrantes del Ej\u00e9rcito han recibido la primera dosis de la vacuna Coronavac del laboratorio Sinovac. El lunes 29 de marzo comenzar\u00e1 la inoculaci\u00f3n de la segunda dosis de la vacuna.<\/p>\n","protected":false},"author":3,"featured_media":1570,"comment_status":"closed","ping_status":"open","sticky":false,"template":"","format":"standard","meta":{"_coblocks_attr":"","_coblocks_dimensions":"","_coblocks_responsive_height":"","_coblocks_accordion_ie_support":"","_monsterinsights_skip_tracking":false,"_uf_show_specific_survey":0,"_uf_disable_surveys":false,"footnotes":""},"categories":[2,10,14],"tags":[25,24],"class_list":["post-1569","post","type-post","status-publish","format-standard","has-post-thumbnail","hentry","category-blog","category-destacados","category-noticias","tag-covid","tag-vacunacion-2"],"aioseo_notices":[],"aioseo_head":"\n\t\t<!-- All in One SEO 5.0.1.1 - aioseo.com -->\n\t<meta name=\"description\" content=\"26.03.2021 - Al momento, el 86% de los integrantes del Ej\u00e9rcito han recibido la primera dosis de la vacuna Coronavac del laboratorio Sinovac. El lunes 29 de marzo comenzar\u00e1 la inoculaci\u00f3n de la segunda dosis de la vacuna.\" \/>\n\t<meta name=\"robots\" content=\"max-image-preview:large\" \/>\n\t<meta name=\"author\" content=\"Mariana Meza\"\/>\n\t<link rel=\"canonical\" href=\"https:\/\/www.ejercito.mil.uy\/index.php\/2021\/03\/24\/84-de-vacunados-en-el-ejercito\/\" \/>\n\t<meta name=\"generator\" content=\"All in One SEO (AIOSEO) 5.0.1.1\" \/>\n\t\t<meta property=\"og:locale\" content=\"es_ES\" \/>\n\t\t<meta property=\"og:site_name\" content=\"Ej\u00e9rcito Nacional - La Fuerza de todos\" \/>\n\t\t<meta property=\"og:type\" content=\"article\" \/>\n\t\t<meta property=\"og:title\" content=\"86% de vacunados en el Ej\u00e9rcito - Ej\u00e9rcito Nacional\" \/>\n\t\t<meta property=\"og:description\" content=\"26.03.2021 - Al momento, el 86% de los integrantes del Ej\u00e9rcito han recibido la primera dosis de la vacuna Coronavac del laboratorio Sinovac. El lunes 29 de marzo comenzar\u00e1 la inoculaci\u00f3n de la segunda dosis de la vacuna.\" \/>\n\t\t<meta property=\"og:url\" content=\"https:\/\/www.ejercito.mil.uy\/index.php\/2021\/03\/24\/84-de-vacunados-en-el-ejercito\/\" \/>\n\t\t<meta property=\"og:image\" content=\"https:\/\/www.ejercito.mil.uy\/wp-content\/uploads\/2022\/01\/Escudo_EN_URUGUAY.png\" \/>\n\t\t<meta property=\"og:image:secure_url\" content=\"https:\/\/www.ejercito.mil.uy\/wp-content\/uploads\/2022\/01\/Escudo_EN_URUGUAY.png\" \/>\n\t\t<meta property=\"og:image:width\" content=\"134\" \/>\n\t\t<meta property=\"og:image:height\" content=\"119\" \/>\n\t\t<meta property=\"article:published_time\" content=\"2021-03-24T14:42:44+00:00\" \/>\n\t\t<meta property=\"article:modified_time\" content=\"2021-04-27T17:26:49+00:00\" \/>\n\t\t<meta name=\"twitter:card\" content=\"summary_large_image\" \/>\n\t\t<meta name=\"twitter:title\" content=\"86% de vacunados en el Ej\u00e9rcito - Ej\u00e9rcito Nacional\" \/>\n\t\t<meta name=\"twitter:description\" content=\"26.03.2021 - Al momento, el 86% de los integrantes del Ej\u00e9rcito han recibido la primera dosis de la vacuna Coronavac del laboratorio Sinovac. El lunes 29 de marzo comenzar\u00e1 la inoculaci\u00f3n de la segunda dosis de la vacuna.\" \/>\n\t\t<meta name=\"twitter:image\" content=\"https:\/\/www.ejercito.mil.uy\/wp-content\/uploads\/2022\/01\/Escudo_EN_URUGUAY.png\" \/>\n\t\t<script type=\"application\/ld+json\" class=\"aioseo-schema\">\n\t\t\t{\"@context\":\"https:\\\/\\\/schema.org\",\"@graph\":[{\"@type\":\"BlogPosting\",\"@id\":\"https:\\\/\\\/www.ejercito.mil.uy\\\/index.php\\\/2021\\\/03\\\/24\\\/84-de-vacunados-en-el-ejercito\\\/#blogposting\",\"name\":\"86% de vacunados en el Ej\\u00e9rcito - Ej\\u00e9rcito Nacional\",\"headline\":\"86% de vacunados en el Ej\\u00e9rcito\",\"author\":{\"@id\":\"https:\\\/\\\/www.ejercito.mil.uy\\\/index.php\\\/author\\\/mmeza\\\/#author\"},\"publisher\":{\"@id\":\"https:\\\/\\\/www.ejercito.mil.uy\\\/#organization\"},\"image\":{\"@type\":\"ImageObject\",\"url\":\"https:\\\/\\\/www.ejercito.mil.uy\\\/wp-content\\\/uploads\\\/2021\\\/03\\\/04-FB.jpg\",\"width\":1200,\"height\":800},\"datePublished\":\"2021-03-24T11:42:44-03:00\",\"dateModified\":\"2021-04-27T14:26:49-03:00\",\"inLanguage\":\"es-UY\",\"mainEntityOfPage\":{\"@id\":\"https:\\\/\\\/www.ejercito.mil.uy\\\/index.php\\\/2021\\\/03\\\/24\\\/84-de-vacunados-en-el-ejercito\\\/#webpage\"},\"isPartOf\":{\"@id\":\"https:\\\/\\\/www.ejercito.mil.uy\\\/index.php\\\/2021\\\/03\\\/24\\\/84-de-vacunados-en-el-ejercito\\\/#webpage\"},\"articleSection\":\"Blog, Destacados, Noticias, covid, vacunaci\\u00f3n\"},{\"@type\":\"BreadcrumbList\",\"@id\":\"https:\\\/\\\/www.ejercito.mil.uy\\\/index.php\\\/2021\\\/03\\\/24\\\/84-de-vacunados-en-el-ejercito\\\/#breadcrumblist\",\"itemListElement\":[{\"@type\":\"ListItem\",\"@id\":\"https:\\\/\\\/www.ejercito.mil.uy#listItem\",\"position\":1,\"name\":\"Home\",\"item\":\"https:\\\/\\\/www.ejercito.mil.uy\",\"nextItem\":{\"@type\":\"ListItem\",\"@id\":\"https:\\\/\\\/www.ejercito.mil.uy\\\/index.php\\\/category\\\/destacados\\\/#listItem\",\"name\":\"Destacados\"}},{\"@type\":\"ListItem\",\"@id\":\"https:\\\/\\\/www.ejercito.mil.uy\\\/index.php\\\/category\\\/destacados\\\/#listItem\",\"position\":2,\"name\":\"Destacados\",\"item\":\"https:\\\/\\\/www.ejercito.mil.uy\\\/index.php\\\/category\\\/destacados\\\/\",\"nextItem\":{\"@type\":\"ListItem\",\"@id\":\"https:\\\/\\\/www.ejercito.mil.uy\\\/index.php\\\/category\\\/destacados\\\/noticias\\\/#listItem\",\"name\":\"Noticias\"},\"previousItem\":{\"@type\":\"ListItem\",\"@id\":\"https:\\\/\\\/www.ejercito.mil.uy#listItem\",\"name\":\"Home\"}},{\"@type\":\"ListItem\",\"@id\":\"https:\\\/\\\/www.ejercito.mil.uy\\\/index.php\\\/category\\\/destacados\\\/noticias\\\/#listItem\",\"position\":3,\"name\":\"Noticias\",\"item\":\"https:\\\/\\\/www.ejercito.mil.uy\\\/index.php\\\/category\\\/destacados\\\/noticias\\\/\",\"nextItem\":{\"@type\":\"ListItem\",\"@id\":\"https:\\\/\\\/www.ejercito.mil.uy\\\/index.php\\\/2021\\\/03\\\/24\\\/84-de-vacunados-en-el-ejercito\\\/#listItem\",\"name\":\"86% de vacunados en el Ej\\u00e9rcito\"},\"previousItem\":{\"@type\":\"ListItem\",\"@id\":\"https:\\\/\\\/www.ejercito.mil.uy\\\/index.php\\\/category\\\/destacados\\\/#listItem\",\"name\":\"Destacados\"}},{\"@type\":\"ListItem\",\"@id\":\"https:\\\/\\\/www.ejercito.mil.uy\\\/index.php\\\/2021\\\/03\\\/24\\\/84-de-vacunados-en-el-ejercito\\\/#listItem\",\"position\":4,\"name\":\"86% de vacunados en el Ej\\u00e9rcito\",\"previousItem\":{\"@type\":\"ListItem\",\"@id\":\"https:\\\/\\\/www.ejercito.mil.uy\\\/index.php\\\/category\\\/destacados\\\/noticias\\\/#listItem\",\"name\":\"Noticias\"}}]},{\"@type\":\"Organization\",\"@id\":\"https:\\\/\\\/www.ejercito.mil.uy\\\/#organization\",\"name\":\"Ej\\u00e9rcito Nacional\",\"description\":\"La Fuerza de todos\",\"url\":\"https:\\\/\\\/www.ejercito.mil.uy\\\/\",\"logo\":{\"@type\":\"ImageObject\",\"url\":\"https:\\\/\\\/www.ejercito.mil.uy\\\/wp-content\\\/uploads\\\/2022\\\/01\\\/Escudo_EN_URUGUAY.png\",\"@id\":\"https:\\\/\\\/www.ejercito.mil.uy\\\/index.php\\\/2021\\\/03\\\/24\\\/84-de-vacunados-en-el-ejercito\\\/#organizationLogo\",\"width\":134,\"height\":119},\"image\":{\"@id\":\"https:\\\/\\\/www.ejercito.mil.uy\\\/index.php\\\/2021\\\/03\\\/24\\\/84-de-vacunados-en-el-ejercito\\\/#organizationLogo\"}},{\"@type\":\"Person\",\"@id\":\"https:\\\/\\\/www.ejercito.mil.uy\\\/index.php\\\/author\\\/mmeza\\\/#author\",\"url\":\"https:\\\/\\\/www.ejercito.mil.uy\\\/index.php\\\/author\\\/mmeza\\\/\",\"name\":\"Mariana Meza\",\"image\":{\"@type\":\"ImageObject\",\"@id\":\"https:\\\/\\\/www.ejercito.mil.uy\\\/index.php\\\/2021\\\/03\\\/24\\\/84-de-vacunados-en-el-ejercito\\\/#authorImage\",\"url\":\"https:\\\/\\\/secure.gravatar.com\\\/avatar\\\/79e768dc57d102ec38976296e749735b00f1ef94f745be0e6d1c7d2aa34e7a0e?s=96&d=mm&r=g\",\"width\":96,\"height\":96,\"caption\":\"Mariana Meza\"}},{\"@type\":\"WebPage\",\"@id\":\"https:\\\/\\\/www.ejercito.mil.uy\\\/index.php\\\/2021\\\/03\\\/24\\\/84-de-vacunados-en-el-ejercito\\\/#webpage\",\"url\":\"https:\\\/\\\/www.ejercito.mil.uy\\\/index.php\\\/2021\\\/03\\\/24\\\/84-de-vacunados-en-el-ejercito\\\/\",\"name\":\"86% de vacunados en el Ej\\u00e9rcito - Ej\\u00e9rcito Nacional\",\"description\":\"26.03.2021 - Al momento, el 86% de los integrantes del Ej\\u00e9rcito han recibido la primera dosis de la vacuna Coronavac del laboratorio Sinovac. El lunes 29 de marzo comenzar\\u00e1 la inoculaci\\u00f3n de la segunda dosis de la vacuna.\",\"inLanguage\":\"es-UY\",\"isPartOf\":{\"@id\":\"https:\\\/\\\/www.ejercito.mil.uy\\\/#website\"},\"breadcrumb\":{\"@id\":\"https:\\\/\\\/www.ejercito.mil.uy\\\/index.php\\\/2021\\\/03\\\/24\\\/84-de-vacunados-en-el-ejercito\\\/#breadcrumblist\"},\"author\":{\"@id\":\"https:\\\/\\\/www.ejercito.mil.uy\\\/index.php\\\/author\\\/mmeza\\\/#author\"},\"creator\":{\"@id\":\"https:\\\/\\\/www.ejercito.mil.uy\\\/index.php\\\/author\\\/mmeza\\\/#author\"},\"image\":{\"@type\":\"ImageObject\",\"url\":\"https:\\\/\\\/www.ejercito.mil.uy\\\/wp-content\\\/uploads\\\/2021\\\/03\\\/04-FB.jpg\",\"@id\":\"https:\\\/\\\/www.ejercito.mil.uy\\\/index.php\\\/2021\\\/03\\\/24\\\/84-de-vacunados-en-el-ejercito\\\/#mainImage\",\"width\":1200,\"height\":800},\"primaryImageOfPage\":{\"@id\":\"https:\\\/\\\/www.ejercito.mil.uy\\\/index.php\\\/2021\\\/03\\\/24\\\/84-de-vacunados-en-el-ejercito\\\/#mainImage\"},\"datePublished\":\"2021-03-24T11:42:44-03:00\",\"dateModified\":\"2021-04-27T14:26:49-03:00\"},{\"@type\":\"WebSite\",\"@id\":\"https:\\\/\\\/www.ejercito.mil.uy\\\/#website\",\"url\":\"https:\\\/\\\/www.ejercito.mil.uy\\\/\",\"name\":\"Ej\\u00e9rcito Nacional\",\"description\":\"La Fuerza de todos\",\"inLanguage\":\"es-UY\",\"publisher\":{\"@id\":\"https:\\\/\\\/www.ejercito.mil.uy\\\/#organization\"}}]}\n\t\t<\/script>\n\t\t<!-- All in One SEO -->\n\n","aioseo_head_json":{"title":"86% de vacunados en el Ej\u00e9rcito - Ej\u00e9rcito Nacional","description":"26.03.2021 - Al momento, el 86% de los integrantes del Ej\u00e9rcito han recibido la primera dosis de la vacuna Coronavac del laboratorio Sinovac. El lunes 29 de marzo comenzar\u00e1 la inoculaci\u00f3n de la segunda dosis de la vacuna.","canonical_url":"https:\/\/www.ejercito.mil.uy\/index.php\/2021\/03\/24\/84-de-vacunados-en-el-ejercito\/","robots":"max-image-preview:large","keywords":"","webmasterTools":{"miscellaneous":""},"schema":{"@context":"https:\/\/schema.org","@graph":[{"@type":"BlogPosting","@id":"https:\/\/www.ejercito.mil.uy\/index.php\/2021\/03\/24\/84-de-vacunados-en-el-ejercito\/#blogposting","name":"86% de vacunados en el Ej\u00e9rcito - Ej\u00e9rcito Nacional","headline":"86% de vacunados en el Ej\u00e9rcito","author":{"@id":"https:\/\/www.ejercito.mil.uy\/index.php\/author\/mmeza\/#author"},"publisher":{"@id":"https:\/\/www.ejercito.mil.uy\/#organization"},"image":{"@type":"ImageObject","url":"https:\/\/www.ejercito.mil.uy\/wp-content\/uploads\/2021\/03\/04-FB.jpg","width":1200,"height":800},"datePublished":"2021-03-24T11:42:44-03:00","dateModified":"2021-04-27T14:26:49-03:00","inLanguage":"es-UY","mainEntityOfPage":{"@id":"https:\/\/www.ejercito.mil.uy\/index.php\/2021\/03\/24\/84-de-vacunados-en-el-ejercito\/#webpage"},"isPartOf":{"@id":"https:\/\/www.ejercito.mil.uy\/index.php\/2021\/03\/24\/84-de-vacunados-en-el-ejercito\/#webpage"},"articleSection":"Blog, Destacados, Noticias, covid, vacunaci\u00f3n"},{"@type":"BreadcrumbList","@id":"https:\/\/www.ejercito.mil.uy\/index.php\/2021\/03\/24\/84-de-vacunados-en-el-ejercito\/#breadcrumblist","itemListElement":[{"@type":"ListItem","@id":"https:\/\/www.ejercito.mil.uy#listItem","position":1,"name":"Home","item":"https:\/\/www.ejercito.mil.uy","nextItem":{"@type":"ListItem","@id":"https:\/\/www.ejercito.mil.uy\/index.php\/category\/destacados\/#listItem","name":"Destacados"}},{"@type":"ListItem","@id":"https:\/\/www.ejercito.mil.uy\/index.php\/category\/destacados\/#listItem","position":2,"name":"Destacados","item":"https:\/\/www.ejercito.mil.uy\/index.php\/category\/destacados\/","nextItem":{"@type":"ListItem","@id":"https:\/\/www.ejercito.mil.uy\/index.php\/category\/destacados\/noticias\/#listItem","name":"Noticias"},"previousItem":{"@type":"ListItem","@id":"https:\/\/www.ejercito.mil.uy#listItem","name":"Home"}},{"@type":"ListItem","@id":"https:\/\/www.ejercito.mil.uy\/index.php\/category\/destacados\/noticias\/#listItem","position":3,"name":"Noticias","item":"https:\/\/www.ejercito.mil.uy\/index.php\/category\/destacados\/noticias\/","nextItem":{"@type":"ListItem","@id":"https:\/\/www.ejercito.mil.uy\/index.php\/2021\/03\/24\/84-de-vacunados-en-el-ejercito\/#listItem","name":"86% de vacunados en el Ej\u00e9rcito"},"previousItem":{"@type":"ListItem","@id":"https:\/\/www.ejercito.mil.uy\/index.php\/category\/destacados\/#listItem","name":"Destacados"}},{"@type":"ListItem","@id":"https:\/\/www.ejercito.mil.uy\/index.php\/2021\/03\/24\/84-de-vacunados-en-el-ejercito\/#listItem","position":4,"name":"86% de vacunados en el Ej\u00e9rcito","previousItem":{"@type":"ListItem","@id":"https:\/\/www.ejercito.mil.uy\/index.php\/category\/destacados\/noticias\/#listItem","name":"Noticias"}}]},{"@type":"Organization","@id":"https:\/\/www.ejercito.mil.uy\/#organization","name":"Ej\u00e9rcito Nacional","description":"La Fuerza de todos","url":"https:\/\/www.ejercito.mil.uy\/","logo":{"@type":"ImageObject","url":"https:\/\/www.ejercito.mil.uy\/wp-content\/uploads\/2022\/01\/Escudo_EN_URUGUAY.png","@id":"https:\/\/www.ejercito.mil.uy\/index.php\/2021\/03\/24\/84-de-vacunados-en-el-ejercito\/#organizationLogo","width":134,"height":119},"image":{"@id":"https:\/\/www.ejercito.mil.uy\/index.php\/2021\/03\/24\/84-de-vacunados-en-el-ejercito\/#organizationLogo"}},{"@type":"Person","@id":"https:\/\/www.ejercito.mil.uy\/index.php\/author\/mmeza\/#author","url":"https:\/\/www.ejercito.mil.uy\/index.php\/author\/mmeza\/","name":"Mariana Meza","image":{"@type":"ImageObject","@id":"https:\/\/www.ejercito.mil.uy\/index.php\/2021\/03\/24\/84-de-vacunados-en-el-ejercito\/#authorImage","url":"https:\/\/secure.gravatar.com\/avatar\/79e768dc57d102ec38976296e749735b00f1ef94f745be0e6d1c7d2aa34e7a0e?s=96&d=mm&r=g","width":96,"height":96,"caption":"Mariana Meza"}},{"@type":"WebPage","@id":"https:\/\/www.ejercito.mil.uy\/index.php\/2021\/03\/24\/84-de-vacunados-en-el-ejercito\/#webpage","url":"https:\/\/www.ejercito.mil.uy\/index.php\/2021\/03\/24\/84-de-vacunados-en-el-ejercito\/","name":"86% de vacunados en el Ej\u00e9rcito - Ej\u00e9rcito Nacional","description":"26.03.2021 - Al momento, el 86% de los integrantes del Ej\u00e9rcito han recibido la primera dosis de la vacuna Coronavac del laboratorio Sinovac. El lunes 29 de marzo comenzar\u00e1 la inoculaci\u00f3n de la segunda dosis de la vacuna.","inLanguage":"es-UY","isPartOf":{"@id":"https:\/\/www.ejercito.mil.uy\/#website"},"breadcrumb":{"@id":"https:\/\/www.ejercito.mil.uy\/index.php\/2021\/03\/24\/84-de-vacunados-en-el-ejercito\/#breadcrumblist"},"author":{"@id":"https:\/\/www.ejercito.mil.uy\/index.php\/author\/mmeza\/#author"},"creator":{"@id":"https:\/\/www.ejercito.mil.uy\/index.php\/author\/mmeza\/#author"},"image":{"@type":"ImageObject","url":"https:\/\/www.ejercito.mil.uy\/wp-content\/uploads\/2021\/03\/04-FB.jpg","@id":"https:\/\/www.ejercito.mil.uy\/index.php\/2021\/03\/24\/84-de-vacunados-en-el-ejercito\/#mainImage","width":1200,"height":800},"primaryImageOfPage":{"@id":"https:\/\/www.ejercito.mil.uy\/index.php\/2021\/03\/24\/84-de-vacunados-en-el-ejercito\/#mainImage"},"datePublished":"2021-03-24T11:42:44-03:00","dateModified":"2021-04-27T14:26:49-03:00"},{"@type":"WebSite","@id":"https:\/\/www.ejercito.mil.uy\/#website","url":"https:\/\/www.ejercito.mil.uy\/","name":"Ej\u00e9rcito Nacional","description":"La Fuerza de todos","inLanguage":"es-UY","publisher":{"@id":"https:\/\/www.ejercito.mil.uy\/#organization"}}]},"og:locale":"es_ES","og:site_name":"Ej\u00e9rcito Nacional - La Fuerza de todos","og:type":"article","og:title":"86% de vacunados en el Ej\u00e9rcito - Ej\u00e9rcito Nacional","og:description":"26.03.2021 - Al momento, el 86% de los integrantes del Ej\u00e9rcito han recibido la primera dosis de la vacuna Coronavac del laboratorio Sinovac. El lunes 29 de marzo comenzar\u00e1 la inoculaci\u00f3n de la segunda dosis de la vacuna.","og:url":"https:\/\/www.ejercito.mil.uy\/index.php\/2021\/03\/24\/84-de-vacunados-en-el-ejercito\/","og:image":"https:\/\/www.ejercito.mil.uy\/wp-content\/uploads\/2022\/01\/Escudo_EN_URUGUAY.png","og:image:secure_url":"https:\/\/www.ejercito.mil.uy\/wp-content\/uploads\/2022\/01\/Escudo_EN_URUGUAY.png","og:image:width":134,"og:image:height":119,"article:published_time":"2021-03-24T14:42:44+00:00","article:modified_time":"2021-04-27T17:26:49+00:00","twitter:card":"summary_large_image","twitter:title":"86% de vacunados en el Ej\u00e9rcito - Ej\u00e9rcito Nacional","twitter:description":"26.03.2021 - Al momento, el 86% de los integrantes del Ej\u00e9rcito han recibido la primera dosis de la vacuna Coronavac del laboratorio Sinovac. El lunes 29 de marzo comenzar\u00e1 la inoculaci\u00f3n de la segunda dosis de la vacuna.","twitter:image":"https:\/\/www.ejercito.mil.uy\/wp-content\/uploads\/2022\/01\/Escudo_EN_URUGUAY.png"},"aioseo_meta_data":{"post_id":"1569","title":null,"description":null,"keywords":null,"keyphrases":null,"primary_term":null,"canonical_url":null,"og_title":null,"og_description":null,"og_object_type":"default","og_image_type":"default","og_image_url":null,"og_image_width":null,"og_image_height":null,"og_image_custom_url":null,"og_image_custom_fields":null,"og_video":null,"og_custom_url":null,"og_article_section":null,"og_article_tags":null,"twitter_use_og":false,"twitter_card":"default","twitter_image_type":"default","twitter_image_url":null,"twitter_image_custom_url":null,"twitter_image_custom_fields":null,"twitter_title":null,"twitter_description":null,"schema":{"blockGraphs":[],"customGraphs":[],"default":{"data":{"Article":[],"Course":[],"Dataset":[],"FAQPage":[],"Movie":[],"Person":[],"Product":[],"ProductReview":[],"Car":[],"Recipe":[],"Service":[],"SoftwareApplication":[],"WebPage":[]},"graphName":"","isEnabled":true},"graphs":[]},"schema_type":"default","schema_type_options":null,"pillar_content":false,"robots_default":true,"robots_noindex":false,"robots_noarchive":false,"robots_nosnippet":false,"robots_nofollow":false,"robots_noimageindex":false,"robots_noodp":false,"robots_notranslate":false,"robots_max_snippet":null,"robots_max_videopreview":null,"robots_max_imagepreview":"large","priority":null,"frequency":null,"local_seo":null,"breadcrumb_settings":null,"limit_modified_date":false,"ai":null,"created":"2025-08-30 01:44:36","updated":"2025-08-30 01:44:36","seo_analyzer_scan_date":null,"focus_keyword":null,"additional_keywords":null,"truseo_locale":null},"aioseo_breadcrumb":"<div class=\"aioseo-breadcrumbs\"><span class=\"aioseo-breadcrumb\">\n\t\t\t<a href=\"https:\/\/www.ejercito.mil.uy\" title=\"Home\">Home<\/a>\n\t\t<\/span><span class=\"aioseo-breadcrumb-separator\">&raquo;<\/span><span class=\"aioseo-breadcrumb\">\n\t\t\t<a href=\"https:\/\/www.ejercito.mil.uy\/index.php\/category\/destacados\/\" title=\"Destacados\">Destacados<\/a>\n\t\t<\/span><span class=\"aioseo-breadcrumb-separator\">&raquo;<\/span><span class=\"aioseo-breadcrumb\">\n\t\t\t<a href=\"https:\/\/www.ejercito.mil.uy\/index.php\/category\/destacados\/noticias\/\" title=\"Noticias\">Noticias<\/a>\n\t\t<\/span><span class=\"aioseo-breadcrumb-separator\">&raquo;<\/span><span class=\"aioseo-breadcrumb\">\n\t\t\t86% de vacunados en el Ej\u00e9rcito\n\t\t<\/span><\/div>","aioseo_breadcrumb_json":[{"label":"Home","link":"https:\/\/www.ejercito.mil.uy"},{"label":"Destacados","link":"https:\/\/www.ejercito.mil.uy\/index.php\/category\/destacados\/"},{"label":"Noticias","link":"https:\/\/www.ejercito.mil.uy\/index.php\/category\/destacados\/noticias\/"},{"label":"86% de vacunados en el Ej\u00e9rcito","link":"https:\/\/www.ejercito.mil.uy\/index.php\/2021\/03\/24\/84-de-vacunados-en-el-ejercito\/"}],"_links":{"self":[{"href":"https:\/\/www.ejercito.mil.uy\/index.php\/wp-json\/wp\/v2\/posts\/1569","targetHints":{"allow":["GET"]}}],"collection":[{"href":"https:\/\/www.ejercito.mil.uy\/index.php\/wp-json\/wp\/v2\/posts"}],"about":[{"href":"https:\/\/www.ejercito.mil.uy\/index.php\/wp-json\/wp\/v2\/types\/post"}],"author":[{"embeddable":true,"href":"https:\/\/www.ejercito.mil.uy\/index.php\/wp-json\/wp\/v2\/users\/3"}],"replies":[{"embeddable":true,"href":"https:\/\/www.ejercito.mil.uy\/index.php\/wp-json\/wp\/v2\/comments?post=1569"}],"version-history":[{"count":5,"href":"https:\/\/www.ejercito.mil.uy\/index.php\/wp-json\/wp\/v2\/posts\/1569\/revisions"}],"predecessor-version":[{"id":2445,"href":"https:\/\/www.ejercito.mil.uy\/index.php\/wp-json\/wp\/v2\/posts\/1569\/revisions\/2445"}],"wp:featuredmedia":[{"embeddable":true,"href":"https:\/\/www.ejercito.mil.uy\/index.php\/wp-json\/wp\/v2\/media\/1570"}],"wp:attachment":[{"href":"https:\/\/www.ejercito.mil.uy\/index.php\/wp-json\/wp\/v2\/media?parent=1569"}],"wp:term":[{"taxonomy":"category","embeddable":true,"href":"https:\/\/www.ejercito.mil.uy\/index.php\/wp-json\/wp\/v2\/categories?post=1569"},{"taxonomy":"post_tag","embeddable":true,"href":"https:\/\/www.ejercito.mil.uy\/index.php\/wp-json\/wp\/v2\/tags?post=1569"}],"curies":[{"name":"wp","href":"https:\/\/api.w.org\/{rel}","templated":true}]}}