{"id":15837,"date":"2022-09-01T17:00:10","date_gmt":"2022-09-01T20:00:10","guid":{"rendered":"https:\/\/www.ejercito.mil.uy\/?p=15837"},"modified":"2022-09-01T17:00:54","modified_gmt":"2022-09-01T20:00:54","slug":"apoyo-al-municipio-de-tacuarembo","status":"publish","type":"post","link":"https:\/\/www.ejercito.mil.uy\/index.php\/2022\/09\/01\/apoyo-al-municipio-de-tacuarembo\/","title":{"rendered":"Apoyo al Municipio de Tacuaremb\u00f3"},"content":{"rendered":"\n<p class=\"has-small-font-size\">01.09.2022  &#8211; Tacuaremb\u00f3  <\/p>\n\n\n\n<div style=\"height:50px\" aria-hidden=\"true\" class=\"wp-block-spacer\"><\/div>\n\n\n\n<p><span class=\"has-inline-color has-black-color\"><strong>El pasado 25 de agosto, el Grupo \u00abLas Piedras\u00bb de Artiller\u00eda 105<\/strong><\/span><strong><span class=\"has-inline-color has-black-color\">mm N\u00b0 3 apoy\u00f3 al Municipio de Tacuaremb\u00f3 en la confecci\u00f3n y traslado de 700 plazas de comida, que ser\u00e1n distribuidas a la poblaci\u00f3n en general. <\/span><\/strong><\/p>\n\n\n\n<div style=\"height:50px\" aria-hidden=\"true\" class=\"wp-block-spacer\"><\/div>\n\n\n\n<p>\u00a1Con la colaboraci\u00f3n de todos, salir adelante es m\u00e1s f\u00e1cil! <\/p>\n\n\n\n<div style=\"height:50px\" aria-hidden=\"true\" class=\"wp-block-spacer\"><\/div>\n\n\n\n<p><a href=\"https:\/\/www.facebook.com\/profile.php?id=100064805856044&amp;__cft__[0]=AZUYbJzozZA-xTn0jC-NjY0aH5bnWW1T62icLszc1mrJ7mvghbVp1J4U9TUM8D_HX4jP-eTCcivAS7_xX1JMwXdj6H9hRRRrMhnAQNzGffIzoQSYC8nxUAHr33YqyhbtPjTT49MvcNhroRTfLkhl-AA816oWmXs3VOArClpSXjw34w&amp;__tn__=-]K-R\" target=\"_blank\" rel=\"noreferrer noopener\">Grupo \u00abLas Piedras\u00bb de Artiller\u00eda 105mm No. 3<\/a><\/p>\n\n\n\n<div style=\"height:50px\" aria-hidden=\"true\" class=\"wp-block-spacer\"><\/div>\n\n\n\n<div aria-label=\"Carousel Gallery\" class=\"wp-block-coblocks-gallery-carousel\"><div class=\"coblocks-gallery-carousel-swiper-container is-cropped coblocks-gallery has-no-alignment has-caption-style-dark has-horizontal-gutter has-no-thumbnails\"><div class=\"has-carousel has-carousel-xlrg swiper-container\" data-swiper=\"{&quot;alignCells&quot;:false,&quot;autoPlay&quot;:true,&quot;autoPlaySpeed&quot;:&quot;5000&quot;,&quot;draggable&quot;:true,&quot;freeScroll&quot;:false,&quot;loop&quot;:true,&quot;navigation&quot;:true,&quot;pageDots&quot;:false,&quot;pauseHover&quot;:false,&quot;responsiveHeight&quot;:false,&quot;slidesPerView&quot;:1,&quot;thumbnails&quot;:false,&quot;uuid&quot;:&quot;12345&quot;}\" id=\"12345\" style=\"height:550px\"><div class=\"swiper-wrapper\"><div class=\"swiper-slide\"><div class=\"coblocks-gallery--item\" role=\"button\"><figure class=\"coblocks-gallery--figure has-margin-left-5 has-margin-left-mobile-5 has-margin-right-5 has-margin-right-mobile-5\"><img fetchpriority=\"high\" decoding=\"async\" width=\"1024\" height=\"683\" alt=\"\" class=\"wp-image-15840\" data-id=\"15840\" data-link=\"https:\/\/www.ejercito.mil.uy\/?attachment_id=15840\" src=\"https:\/\/www.ejercito.mil.uy\/wp-content\/uploads\/2022\/09\/Apoyo-al-Municipio-de-Tacuarembo-2-1024x683.jpg\" srcset=\"https:\/\/www.ejercito.mil.uy\/wp-content\/uploads\/2022\/09\/Apoyo-al-Municipio-de-Tacuarembo-2-1024x683.jpg 1024w, https:\/\/www.ejercito.mil.uy\/wp-content\/uploads\/2022\/09\/Apoyo-al-Municipio-de-Tacuarembo-2-300x200.jpg 300w, https:\/\/www.ejercito.mil.uy\/wp-content\/uploads\/2022\/09\/Apoyo-al-Municipio-de-Tacuarembo-2.jpg 1200w\" sizes=\"(max-width: 1024px) 100vw, 1024px\" \/><\/figure><figcaption class=\"coblocks-gallery--caption coblocks-gallery--primary-caption\"><\/figcaption><\/div><\/div><div class=\"swiper-slide\"><div class=\"coblocks-gallery--item\" role=\"button\"><figure class=\"coblocks-gallery--figure has-margin-left-5 has-margin-left-mobile-5 has-margin-right-5 has-margin-right-mobile-5\"><img decoding=\"async\" width=\"1024\" height=\"683\" alt=\"\" class=\"wp-image-15841\" data-id=\"15841\" data-link=\"https:\/\/www.ejercito.mil.uy\/?attachment_id=15841\" src=\"https:\/\/www.ejercito.mil.uy\/wp-content\/uploads\/2022\/09\/Apoyo-al-Municipio-de-Tacuarembo-1-1024x683.jpg\" srcset=\"https:\/\/www.ejercito.mil.uy\/wp-content\/uploads\/2022\/09\/Apoyo-al-Municipio-de-Tacuarembo-1-1024x683.jpg 1024w, https:\/\/www.ejercito.mil.uy\/wp-content\/uploads\/2022\/09\/Apoyo-al-Municipio-de-Tacuarembo-1-300x200.jpg 300w, https:\/\/www.ejercito.mil.uy\/wp-content\/uploads\/2022\/09\/Apoyo-al-Municipio-de-Tacuarembo-1.jpg 1200w\" sizes=\"(max-width: 1024px) 100vw, 1024px\" \/><\/figure><figcaption class=\"coblocks-gallery--caption coblocks-gallery--primary-caption\"><\/figcaption><\/div><\/div><div class=\"swiper-slide\"><div class=\"coblocks-gallery--item\" role=\"button\"><figure class=\"coblocks-gallery--figure has-margin-left-5 has-margin-left-mobile-5 has-margin-right-5 has-margin-right-mobile-5\"><img decoding=\"async\" width=\"1024\" height=\"683\" alt=\"\" class=\"wp-image-15839\" data-id=\"15839\" data-link=\"https:\/\/www.ejercito.mil.uy\/?attachment_id=15839\" src=\"https:\/\/www.ejercito.mil.uy\/wp-content\/uploads\/2022\/09\/Apoyo-al-Municipio-de-Tacuarembo-4-1024x683.jpg\" srcset=\"https:\/\/www.ejercito.mil.uy\/wp-content\/uploads\/2022\/09\/Apoyo-al-Municipio-de-Tacuarembo-4-1024x683.jpg 1024w, https:\/\/www.ejercito.mil.uy\/wp-content\/uploads\/2022\/09\/Apoyo-al-Municipio-de-Tacuarembo-4-300x200.jpg 300w, https:\/\/www.ejercito.mil.uy\/wp-content\/uploads\/2022\/09\/Apoyo-al-Municipio-de-Tacuarembo-4.jpg 1200w\" sizes=\"(max-width: 1024px) 100vw, 1024px\" \/><\/figure><figcaption class=\"coblocks-gallery--caption coblocks-gallery--primary-caption\"><\/figcaption><\/div><\/div><\/div><button class=\"nav-button__prev\" id=\"12345-prev\"><\/button><button class=\"nav-button__next\" id=\"12345-next\"><\/button><\/div><\/div><\/div>\n\n\n\n<div style=\"height:50px\" aria-hidden=\"true\" class=\"wp-block-spacer\"><\/div>\n\n\n\n<div style=\"height:50px\" aria-hidden=\"true\" class=\"wp-block-spacer\"><\/div>\n\n\n\n<div style=\"height:50px\" aria-hidden=\"true\" class=\"wp-block-spacer\"><\/div>\n\n\n\n<div style=\"height:50px\" aria-hidden=\"true\" class=\"wp-block-spacer\"><\/div>\n","protected":false},"excerpt":{"rendered":"<p>01.08.2022 &#8211; El pasado 25 de agosto, el Grupo \u201cLas Piedras\u201d de Artiller\u00eda 105mm N\u00b0 3 apoy\u00f3 al Municipio de Tacuaremb\u00f3 en la confecci\u00f3n y traslado de 700 plazas de comida, que ser\u00e1n distribuidas a la poblaci\u00f3n en general. <\/p>\n","protected":false},"author":14,"featured_media":15838,"comment_status":"open","ping_status":"open","sticky":false,"template":"","format":"standard","meta":{"_coblocks_attr":"","_coblocks_dimensions":"","_coblocks_responsive_height":"","_coblocks_accordion_ie_support":"","_monsterinsights_skip_tracking":false,"_monsterinsights_sitenote_active":false,"_monsterinsights_sitenote_note":"","_monsterinsights_sitenote_category":0,"_uf_show_specific_survey":0,"_uf_disable_surveys":false,"footnotes":""},"categories":[2,14,1],"tags":[80,27,536,557,644],"class_list":["post-15837","post","type-post","status-publish","format-standard","has-post-thumbnail","hentry","category-blog","category-noticias","category-sin-categoria","tag-alimentos","tag-apoyo","tag-colaboracion","tag-ejercito","tag-municipio"],"aioseo_notices":[],"_links":{"self":[{"href":"https:\/\/www.ejercito.mil.uy\/index.php\/wp-json\/wp\/v2\/posts\/15837","targetHints":{"allow":["GET"]}}],"collection":[{"href":"https:\/\/www.ejercito.mil.uy\/index.php\/wp-json\/wp\/v2\/posts"}],"about":[{"href":"https:\/\/www.ejercito.mil.uy\/index.php\/wp-json\/wp\/v2\/types\/post"}],"author":[{"embeddable":true,"href":"https:\/\/www.ejercito.mil.uy\/index.php\/wp-json\/wp\/v2\/users\/14"}],"replies":[{"embeddable":true,"href":"https:\/\/www.ejercito.mil.uy\/index.php\/wp-json\/wp\/v2\/comments?post=15837"}],"version-history":[{"count":2,"href":"https:\/\/www.ejercito.mil.uy\/index.php\/wp-json\/wp\/v2\/posts\/15837\/revisions"}],"predecessor-version":[{"id":15843,"href":"https:\/\/www.ejercito.mil.uy\/index.php\/wp-json\/wp\/v2\/posts\/15837\/revisions\/15843"}],"wp:featuredmedia":[{"embeddable":true,"href":"https:\/\/www.ejercito.mil.uy\/index.php\/wp-json\/wp\/v2\/media\/15838"}],"wp:attachment":[{"href":"https:\/\/www.ejercito.mil.uy\/index.php\/wp-json\/wp\/v2\/media?parent=15837"}],"wp:term":[{"taxonomy":"category","embeddable":true,"href":"https:\/\/www.ejercito.mil.uy\/index.php\/wp-json\/wp\/v2\/categories?post=15837"},{"taxonomy":"post_tag","embeddable":true,"href":"https:\/\/www.ejercito.mil.uy\/index.php\/wp-json\/wp\/v2\/tags?post=15837"}],"curies":[{"name":"wp","href":"https:\/\/api.w.org\/{rel}","templated":true}]}}