{"id":15913,"date":"2022-09-02T13:10:36","date_gmt":"2022-09-02T16:10:36","guid":{"rendered":"https:\/\/www.ejercito.mil.uy\/?p=15913"},"modified":"2022-09-05T13:30:51","modified_gmt":"2022-09-05T16:30:51","slug":"ejercicios-de-evaluacion-del-regimiento-patria-de-caballeria-blindado-no-8","status":"publish","type":"post","link":"https:\/\/www.ejercito.mil.uy\/index.php\/2022\/09\/02\/ejercicios-de-evaluacion-del-regimiento-patria-de-caballeria-blindado-no-8\/","title":{"rendered":"Ejercicios de evaluaci\u00f3n del Regimiento \u00abPatria\u00bb de Caballer\u00eda Blindado N\u00ba 8"},"content":{"rendered":"\n<p class=\"has-small-font-size\">02.09.2022  &#8211; Cerro Largo <\/p>\n\n\n\n<div style=\"height:50px\" aria-hidden=\"true\" class=\"wp-block-spacer\"><\/div>\n\n\n\n<p><strong>Entre los d\u00edas 29 y 31 de agosto se realizaron ejercicios de evaluaci\u00f3n, en el marco de las Operaciones de \u00abFrontera Segura\u00bb y Misi\u00f3n Operativa de Paz, en el Regimiento \u00abPatria\u00bb de Caballer\u00eda Blindado N\u00ba 8 (Cerro Largo) y en el Campo Militar N\u00ba 2 \u00abZapar\u00e1\u00bb. <\/strong><\/p>\n\n\n\n<div style=\"height:50px\" aria-hidden=\"true\" class=\"wp-block-spacer\"><\/div>\n\n\n\n<p>Se realizaron actividades de tiro con armamento individual y colectivo, morteros 81 mm y 120 mm, reductor ATGL-L, ametralladora 50. <\/p>\n\n\n\n<div style=\"height:50px\" aria-hidden=\"true\" class=\"wp-block-spacer\"><\/div>\n\n\n\n<p>La finalidad de esta jornada es poner en pr\u00e1ctica la instrucci\u00f3n realizada en el a\u00f1o <\/p>\n\n\n\n<div style=\"height:50px\" aria-hidden=\"true\" class=\"wp-block-spacer\"><\/div>\n\n\n\n<p>Participaron en total 71 efectivos.<\/p>\n\n\n\n<div style=\"height:50px\" aria-hidden=\"true\" class=\"wp-block-spacer\"><\/div>\n\n\n\n<div aria-label=\"Carousel Gallery\" class=\"wp-block-coblocks-gallery-carousel\"><div class=\"coblocks-gallery-carousel-swiper-container is-cropped coblocks-gallery has-no-alignment has-caption-style-dark has-horizontal-gutter has-no-thumbnails\"><div class=\"has-carousel has-carousel-xlrg swiper-container\" data-swiper=\"{&quot;alignCells&quot;:false,&quot;autoPlay&quot;:true,&quot;autoPlaySpeed&quot;:&quot;5000&quot;,&quot;draggable&quot;:true,&quot;freeScroll&quot;:false,&quot;loop&quot;:true,&quot;navigation&quot;:true,&quot;pageDots&quot;:false,&quot;pauseHover&quot;:false,&quot;responsiveHeight&quot;:false,&quot;slidesPerView&quot;:1,&quot;thumbnails&quot;:false,&quot;uuid&quot;:&quot;12345&quot;}\" id=\"12345\" style=\"height:550px\"><div class=\"swiper-wrapper\"><div class=\"swiper-slide\"><div class=\"coblocks-gallery--item\" role=\"button\"><figure class=\"coblocks-gallery--figure has-margin-left-5 has-margin-left-mobile-5 has-margin-right-5 has-margin-right-mobile-5\"><img fetchpriority=\"high\" decoding=\"async\" width=\"1024\" height=\"683\" alt=\"\" class=\"wp-image-15916\" data-id=\"15916\" data-link=\"https:\/\/www.ejercito.mil.uy\/?attachment_id=15916\" src=\"https:\/\/www.ejercito.mil.uy\/wp-content\/uploads\/2022\/09\/Ejercicios-de-evaluacion-del-Regimiento-Patria-de-Caballeria-Blindado-No-8-9-1024x683.jpg\" srcset=\"https:\/\/www.ejercito.mil.uy\/wp-content\/uploads\/2022\/09\/Ejercicios-de-evaluacion-del-Regimiento-Patria-de-Caballeria-Blindado-No-8-9-1024x683.jpg 1024w, https:\/\/www.ejercito.mil.uy\/wp-content\/uploads\/2022\/09\/Ejercicios-de-evaluacion-del-Regimiento-Patria-de-Caballeria-Blindado-No-8-9-300x200.jpg 300w, https:\/\/www.ejercito.mil.uy\/wp-content\/uploads\/2022\/09\/Ejercicios-de-evaluacion-del-Regimiento-Patria-de-Caballeria-Blindado-No-8-9.jpg 1200w\" sizes=\"(max-width: 1024px) 100vw, 1024px\" \/><\/figure><figcaption class=\"coblocks-gallery--caption coblocks-gallery--primary-caption\"><\/figcaption><\/div><\/div><div class=\"swiper-slide\"><div class=\"coblocks-gallery--item\" role=\"button\"><figure class=\"coblocks-gallery--figure has-margin-left-5 has-margin-left-mobile-5 has-margin-right-5 has-margin-right-mobile-5\"><img decoding=\"async\" width=\"1024\" height=\"683\" alt=\"\" class=\"wp-image-15917\" data-id=\"15917\" data-link=\"https:\/\/www.ejercito.mil.uy\/?attachment_id=15917\" src=\"https:\/\/www.ejercito.mil.uy\/wp-content\/uploads\/2022\/09\/Ejercicios-de-evaluacion-del-Regimiento-Patria-de-Caballeria-Blindado-No-8-7-1024x683.jpg\" srcset=\"https:\/\/www.ejercito.mil.uy\/wp-content\/uploads\/2022\/09\/Ejercicios-de-evaluacion-del-Regimiento-Patria-de-Caballeria-Blindado-No-8-7-1024x683.jpg 1024w, https:\/\/www.ejercito.mil.uy\/wp-content\/uploads\/2022\/09\/Ejercicios-de-evaluacion-del-Regimiento-Patria-de-Caballeria-Blindado-No-8-7-300x200.jpg 300w, https:\/\/www.ejercito.mil.uy\/wp-content\/uploads\/2022\/09\/Ejercicios-de-evaluacion-del-Regimiento-Patria-de-Caballeria-Blindado-No-8-7.jpg 1200w\" sizes=\"(max-width: 1024px) 100vw, 1024px\" \/><\/figure><figcaption class=\"coblocks-gallery--caption coblocks-gallery--primary-caption\"><\/figcaption><\/div><\/div><div class=\"swiper-slide\"><div class=\"coblocks-gallery--item\" role=\"button\"><figure class=\"coblocks-gallery--figure has-margin-left-5 has-margin-left-mobile-5 has-margin-right-5 has-margin-right-mobile-5\"><img decoding=\"async\" width=\"1024\" height=\"683\" alt=\"\" class=\"wp-image-15918\" data-id=\"15918\" data-link=\"https:\/\/www.ejercito.mil.uy\/?attachment_id=15918\" src=\"https:\/\/www.ejercito.mil.uy\/wp-content\/uploads\/2022\/09\/Ejercicios-de-evaluacion-del-Regimiento-Patria-de-Caballeria-Blindado-No-8-6-1024x683.jpg\" srcset=\"https:\/\/www.ejercito.mil.uy\/wp-content\/uploads\/2022\/09\/Ejercicios-de-evaluacion-del-Regimiento-Patria-de-Caballeria-Blindado-No-8-6-1024x683.jpg 1024w, https:\/\/www.ejercito.mil.uy\/wp-content\/uploads\/2022\/09\/Ejercicios-de-evaluacion-del-Regimiento-Patria-de-Caballeria-Blindado-No-8-6-300x200.jpg 300w, https:\/\/www.ejercito.mil.uy\/wp-content\/uploads\/2022\/09\/Ejercicios-de-evaluacion-del-Regimiento-Patria-de-Caballeria-Blindado-No-8-6.jpg 1200w\" sizes=\"(max-width: 1024px) 100vw, 1024px\" \/><\/figure><figcaption class=\"coblocks-gallery--caption coblocks-gallery--primary-caption\"><\/figcaption><\/div><\/div><div class=\"swiper-slide\"><div class=\"coblocks-gallery--item\" role=\"button\"><figure class=\"coblocks-gallery--figure has-margin-left-5 has-margin-left-mobile-5 has-margin-right-5 has-margin-right-mobile-5\"><img loading=\"lazy\" decoding=\"async\" width=\"1024\" height=\"683\" alt=\"\" class=\"wp-image-15919\" data-id=\"15919\" data-link=\"https:\/\/www.ejercito.mil.uy\/?attachment_id=15919\" src=\"https:\/\/www.ejercito.mil.uy\/wp-content\/uploads\/2022\/09\/Ejercicios-de-evaluacion-del-Regimiento-Patria-de-Caballeria-Blindado-No-8-5-1024x683.jpg\" srcset=\"https:\/\/www.ejercito.mil.uy\/wp-content\/uploads\/2022\/09\/Ejercicios-de-evaluacion-del-Regimiento-Patria-de-Caballeria-Blindado-No-8-5-1024x683.jpg 1024w, https:\/\/www.ejercito.mil.uy\/wp-content\/uploads\/2022\/09\/Ejercicios-de-evaluacion-del-Regimiento-Patria-de-Caballeria-Blindado-No-8-5-300x200.jpg 300w, https:\/\/www.ejercito.mil.uy\/wp-content\/uploads\/2022\/09\/Ejercicios-de-evaluacion-del-Regimiento-Patria-de-Caballeria-Blindado-No-8-5.jpg 1200w\" sizes=\"(max-width: 1024px) 100vw, 1024px\" \/><\/figure><figcaption class=\"coblocks-gallery--caption coblocks-gallery--primary-caption\"><\/figcaption><\/div><\/div><div class=\"swiper-slide\"><div class=\"coblocks-gallery--item\" role=\"button\"><figure class=\"coblocks-gallery--figure has-margin-left-5 has-margin-left-mobile-5 has-margin-right-5 has-margin-right-mobile-5\"><img loading=\"lazy\" decoding=\"async\" width=\"1024\" height=\"683\" alt=\"\" class=\"wp-image-15920\" data-id=\"15920\" data-link=\"https:\/\/www.ejercito.mil.uy\/?attachment_id=15920\" src=\"https:\/\/www.ejercito.mil.uy\/wp-content\/uploads\/2022\/09\/Ejercicios-de-evaluacion-del-Regimiento-Patria-de-Caballeria-Blindado-No-8-4-1024x683.jpg\" srcset=\"https:\/\/www.ejercito.mil.uy\/wp-content\/uploads\/2022\/09\/Ejercicios-de-evaluacion-del-Regimiento-Patria-de-Caballeria-Blindado-No-8-4-1024x683.jpg 1024w, https:\/\/www.ejercito.mil.uy\/wp-content\/uploads\/2022\/09\/Ejercicios-de-evaluacion-del-Regimiento-Patria-de-Caballeria-Blindado-No-8-4-300x200.jpg 300w, https:\/\/www.ejercito.mil.uy\/wp-content\/uploads\/2022\/09\/Ejercicios-de-evaluacion-del-Regimiento-Patria-de-Caballeria-Blindado-No-8-4.jpg 1200w\" sizes=\"(max-width: 1024px) 100vw, 1024px\" \/><\/figure><figcaption class=\"coblocks-gallery--caption coblocks-gallery--primary-caption\"><\/figcaption><\/div><\/div><div class=\"swiper-slide\"><div class=\"coblocks-gallery--item\" role=\"button\"><figure class=\"coblocks-gallery--figure has-margin-left-5 has-margin-left-mobile-5 has-margin-right-5 has-margin-right-mobile-5\"><img loading=\"lazy\" decoding=\"async\" width=\"1024\" height=\"683\" alt=\"\" class=\"wp-image-15921\" data-id=\"15921\" data-link=\"https:\/\/www.ejercito.mil.uy\/?attachment_id=15921\" src=\"https:\/\/www.ejercito.mil.uy\/wp-content\/uploads\/2022\/09\/Ejercicios-de-evaluacion-del-Regimiento-Patria-de-Caballeria-Blindado-No-8-2-1024x683.jpg\" srcset=\"https:\/\/www.ejercito.mil.uy\/wp-content\/uploads\/2022\/09\/Ejercicios-de-evaluacion-del-Regimiento-Patria-de-Caballeria-Blindado-No-8-2-1024x683.jpg 1024w, https:\/\/www.ejercito.mil.uy\/wp-content\/uploads\/2022\/09\/Ejercicios-de-evaluacion-del-Regimiento-Patria-de-Caballeria-Blindado-No-8-2-300x200.jpg 300w, https:\/\/www.ejercito.mil.uy\/wp-content\/uploads\/2022\/09\/Ejercicios-de-evaluacion-del-Regimiento-Patria-de-Caballeria-Blindado-No-8-2.jpg 1200w\" sizes=\"(max-width: 1024px) 100vw, 1024px\" \/><\/figure><figcaption class=\"coblocks-gallery--caption coblocks-gallery--primary-caption\"><\/figcaption><\/div><\/div><div class=\"swiper-slide\"><div class=\"coblocks-gallery--item\" role=\"button\"><figure class=\"coblocks-gallery--figure has-margin-left-5 has-margin-left-mobile-5 has-margin-right-5 has-margin-right-mobile-5\"><img loading=\"lazy\" decoding=\"async\" width=\"1024\" height=\"683\" alt=\"\" class=\"wp-image-15915\" data-id=\"15915\" data-link=\"https:\/\/www.ejercito.mil.uy\/?attachment_id=15915\" src=\"https:\/\/www.ejercito.mil.uy\/wp-content\/uploads\/2022\/09\/Ejercicios-de-evaluacion-del-Regimiento-Patria-de-Caballeria-Blindado-No-8-1-1024x683.jpg\" srcset=\"https:\/\/www.ejercito.mil.uy\/wp-content\/uploads\/2022\/09\/Ejercicios-de-evaluacion-del-Regimiento-Patria-de-Caballeria-Blindado-No-8-1-1024x683.jpg 1024w, https:\/\/www.ejercito.mil.uy\/wp-content\/uploads\/2022\/09\/Ejercicios-de-evaluacion-del-Regimiento-Patria-de-Caballeria-Blindado-No-8-1-300x200.jpg 300w, https:\/\/www.ejercito.mil.uy\/wp-content\/uploads\/2022\/09\/Ejercicios-de-evaluacion-del-Regimiento-Patria-de-Caballeria-Blindado-No-8-1.jpg 1200w\" sizes=\"(max-width: 1024px) 100vw, 1024px\" \/><\/figure><figcaption class=\"coblocks-gallery--caption coblocks-gallery--primary-caption\"><\/figcaption><\/div><\/div><\/div><button class=\"nav-button__prev\" id=\"12345-prev\"><\/button><button class=\"nav-button__next\" id=\"12345-next\"><\/button><\/div><\/div><\/div>\n\n\n\n<div style=\"height:50px\" aria-hidden=\"true\" class=\"wp-block-spacer\"><\/div>\n\n\n\n<div style=\"height:50px\" aria-hidden=\"true\" class=\"wp-block-spacer\"><\/div>\n","protected":false},"excerpt":{"rendered":"<p>02.09.2022 &#8211; Entre los d\u00edas 29 y 31 de agosto se realizaron ejercicios de evaluaci\u00f3n, en el marco de las Operaciones de \u00abFrontera Segura\u00bb y Misi\u00f3n Operativa de Paz, en el Regimiento \u00abPatria\u00bb de Caballer\u00eda Blindado N\u00ba 8 (Cerro Largo) y en el Campo Militar N\u00ba 2 \u00abZapar\u00e1\u00bb. <\/p>\n","protected":false},"author":14,"featured_media":15914,"comment_status":"open","ping_status":"open","sticky":false,"template":"","format":"standard","meta":{"_coblocks_attr":"","_coblocks_dimensions":"","_coblocks_responsive_height":"","_coblocks_accordion_ie_support":"","_monsterinsights_skip_tracking":false,"_monsterinsights_sitenote_active":false,"_monsterinsights_sitenote_note":"","_monsterinsights_sitenote_category":0,"_uf_show_specific_survey":0,"_uf_disable_surveys":false,"footnotes":""},"categories":[2,14,1],"tags":[321,141,565,557,290,296,161],"class_list":["post-15913","post","type-post","status-publish","format-standard","has-post-thumbnail","hentry","category-blog","category-noticias","category-sin-categoria","tag-actividades","tag-caballeria","tag-ejercicios","tag-ejercito","tag-evaluacion-2","tag-morteros","tag-tiro"],"aioseo_notices":[],"_links":{"self":[{"href":"https:\/\/www.ejercito.mil.uy\/index.php\/wp-json\/wp\/v2\/posts\/15913","targetHints":{"allow":["GET"]}}],"collection":[{"href":"https:\/\/www.ejercito.mil.uy\/index.php\/wp-json\/wp\/v2\/posts"}],"about":[{"href":"https:\/\/www.ejercito.mil.uy\/index.php\/wp-json\/wp\/v2\/types\/post"}],"author":[{"embeddable":true,"href":"https:\/\/www.ejercito.mil.uy\/index.php\/wp-json\/wp\/v2\/users\/14"}],"replies":[{"embeddable":true,"href":"https:\/\/www.ejercito.mil.uy\/index.php\/wp-json\/wp\/v2\/comments?post=15913"}],"version-history":[{"count":4,"href":"https:\/\/www.ejercito.mil.uy\/index.php\/wp-json\/wp\/v2\/posts\/15913\/revisions"}],"predecessor-version":[{"id":15952,"href":"https:\/\/www.ejercito.mil.uy\/index.php\/wp-json\/wp\/v2\/posts\/15913\/revisions\/15952"}],"wp:featuredmedia":[{"embeddable":true,"href":"https:\/\/www.ejercito.mil.uy\/index.php\/wp-json\/wp\/v2\/media\/15914"}],"wp:attachment":[{"href":"https:\/\/www.ejercito.mil.uy\/index.php\/wp-json\/wp\/v2\/media?parent=15913"}],"wp:term":[{"taxonomy":"category","embeddable":true,"href":"https:\/\/www.ejercito.mil.uy\/index.php\/wp-json\/wp\/v2\/categories?post=15913"},{"taxonomy":"post_tag","embeddable":true,"href":"https:\/\/www.ejercito.mil.uy\/index.php\/wp-json\/wp\/v2\/tags?post=15913"}],"curies":[{"name":"wp","href":"https:\/\/api.w.org\/{rel}","templated":true}]}}