{"id":16016,"date":"2022-09-05T12:00:00","date_gmt":"2022-09-05T15:00:00","guid":{"rendered":"https:\/\/www.ejercito.mil.uy\/?p=16016"},"modified":"2022-09-07T15:26:57","modified_gmt":"2022-09-07T18:26:57","slug":"visita-inspectiva-del-comandante-de-la-division-de-ejercito-iii","status":"publish","type":"post","link":"https:\/\/www.ejercito.mil.uy\/index.php\/2022\/09\/05\/visita-inspectiva-del-comandante-de-la-division-de-ejercito-iii\/","title":{"rendered":"Visita inspectiva del Comandante de la Divisi\u00f3n de Ej\u00e9rcito III"},"content":{"rendered":"\n<p class=\"has-small-font-size\">05.09.2022  &#8211; Durazno <\/p>\n\n\n\n<div style=\"height:50px\" aria-hidden=\"true\" class=\"wp-block-spacer\"><\/div>\n\n\n\n<p><strong>El pasado 30 de agosto, el <a rel=\"noreferrer noopener\" href=\"https:\/\/www.facebook.com\/Batall%C3%B3n-de-Infanter%C3%ADa-Blindado-N%C2%BA13-508257066003601\/?__cft__[0]=AZUbBgHkO-tfCeFiIeyESjNKdi95PgclF4FWd83oquFUSP5APxHJ8nwgxauppDFyIWnY7-jkAFbYWtECCj9ljSNZHjaXH_VrSnsAtIq7RAoLttpAp1fVmRZPs_CvGtaCka5O25gqK4rfd-OblW0Uv2j5dlGkgQUalKuFW6MOFHfq_g&amp;__tn__=kK-R\" target=\"_blank\">Batall\u00f3n de Infanter\u00eda Blindado N\u00ba13<\/a> (Durazno), recibi\u00f3 la visita inspectiva por parte del Sr. Comandante de la Divisi\u00f3n de Ej\u00e9rcito II, Gral. Omar Carabajal. <\/strong><\/p>\n\n\n\n<div style=\"height:50px\" aria-hidden=\"true\" class=\"wp-block-spacer\"><\/div>\n\n\n\n<p>Como parte de la inspecci\u00f3n se recorrieron los distintos predios de la Unidad, se realizaron ejercicios de tiro y actividades f\u00edsicas, adem\u00e1s de un desfile por parte de la Banda de M\u00fasicos de la Brigada de Infanter\u00eda N\u00b0 5. <\/p>\n\n\n\n<div style=\"height:50px\" aria-hidden=\"true\" class=\"wp-block-spacer\"><\/div>\n\n\n\n<p>Estas visitas son importantes para evaluar los aspectos administrativos, log\u00edsticos, organizacionales y operacionales de la Unidad.<\/p>\n\n\n\n<div style=\"height:50px\" aria-hidden=\"true\" class=\"wp-block-spacer\"><\/div>\n\n\n\n<div aria-label=\"Carousel Gallery\" class=\"wp-block-coblocks-gallery-carousel\"><div class=\"coblocks-gallery-carousel-swiper-container is-cropped coblocks-gallery has-no-alignment has-caption-style-dark has-horizontal-gutter has-no-thumbnails\"><div class=\"has-carousel has-carousel-xlrg swiper-container\" data-swiper=\"{&quot;alignCells&quot;:false,&quot;autoPlay&quot;:true,&quot;autoPlaySpeed&quot;:&quot;5000&quot;,&quot;draggable&quot;:true,&quot;freeScroll&quot;:false,&quot;loop&quot;:true,&quot;navigation&quot;:true,&quot;pageDots&quot;:false,&quot;pauseHover&quot;:false,&quot;responsiveHeight&quot;:false,&quot;slidesPerView&quot;:1,&quot;thumbnails&quot;:false,&quot;uuid&quot;:&quot;12345&quot;}\" id=\"12345\" style=\"height:550px\"><div class=\"swiper-wrapper\"><div class=\"swiper-slide\"><div class=\"coblocks-gallery--item\" role=\"button\"><figure class=\"coblocks-gallery--figure has-margin-left-5 has-margin-left-mobile-5 has-margin-right-5 has-margin-right-mobile-5\"><img fetchpriority=\"high\" decoding=\"async\" width=\"1024\" height=\"683\" alt=\"\" class=\"wp-image-16022\" data-id=\"16022\" data-link=\"https:\/\/www.ejercito.mil.uy\/?attachment_id=16022\" src=\"https:\/\/www.ejercito.mil.uy\/wp-content\/uploads\/2022\/09\/Visita-inspectiva-del-Comandante-de-la-Division-de-Ejercito-III-3-1024x683.jpg\" srcset=\"https:\/\/www.ejercito.mil.uy\/wp-content\/uploads\/2022\/09\/Visita-inspectiva-del-Comandante-de-la-Division-de-Ejercito-III-3-1024x683.jpg 1024w, https:\/\/www.ejercito.mil.uy\/wp-content\/uploads\/2022\/09\/Visita-inspectiva-del-Comandante-de-la-Division-de-Ejercito-III-3-300x200.jpg 300w, https:\/\/www.ejercito.mil.uy\/wp-content\/uploads\/2022\/09\/Visita-inspectiva-del-Comandante-de-la-Division-de-Ejercito-III-3.jpg 1200w\" sizes=\"(max-width: 1024px) 100vw, 1024px\" \/><\/figure><figcaption class=\"coblocks-gallery--caption coblocks-gallery--primary-caption\"><\/figcaption><\/div><\/div><div class=\"swiper-slide\"><div class=\"coblocks-gallery--item\" role=\"button\"><figure class=\"coblocks-gallery--figure has-margin-left-5 has-margin-left-mobile-5 has-margin-right-5 has-margin-right-mobile-5\"><img decoding=\"async\" width=\"1024\" height=\"683\" alt=\"\" class=\"wp-image-16017\" data-id=\"16017\" data-link=\"https:\/\/www.ejercito.mil.uy\/?attachment_id=16017\" src=\"https:\/\/www.ejercito.mil.uy\/wp-content\/uploads\/2022\/09\/Visita-inspectiva-del-Comandante-de-la-Division-de-Ejercito-III-4-1024x683.jpg\" srcset=\"https:\/\/www.ejercito.mil.uy\/wp-content\/uploads\/2022\/09\/Visita-inspectiva-del-Comandante-de-la-Division-de-Ejercito-III-4-1024x683.jpg 1024w, https:\/\/www.ejercito.mil.uy\/wp-content\/uploads\/2022\/09\/Visita-inspectiva-del-Comandante-de-la-Division-de-Ejercito-III-4-300x200.jpg 300w, https:\/\/www.ejercito.mil.uy\/wp-content\/uploads\/2022\/09\/Visita-inspectiva-del-Comandante-de-la-Division-de-Ejercito-III-4.jpg 1200w\" sizes=\"(max-width: 1024px) 100vw, 1024px\" \/><\/figure><figcaption class=\"coblocks-gallery--caption coblocks-gallery--primary-caption\"><\/figcaption><\/div><\/div><div class=\"swiper-slide\"><div class=\"coblocks-gallery--item\" role=\"button\"><figure class=\"coblocks-gallery--figure has-margin-left-5 has-margin-left-mobile-5 has-margin-right-5 has-margin-right-mobile-5\"><img decoding=\"async\" width=\"1024\" height=\"683\" alt=\"\" class=\"wp-image-16021\" data-id=\"16021\" data-link=\"https:\/\/www.ejercito.mil.uy\/?attachment_id=16021\" src=\"https:\/\/www.ejercito.mil.uy\/wp-content\/uploads\/2022\/09\/Visita-inspectiva-del-Comandante-de-la-Division-de-Ejercito-III-5-1024x683.jpg\" srcset=\"https:\/\/www.ejercito.mil.uy\/wp-content\/uploads\/2022\/09\/Visita-inspectiva-del-Comandante-de-la-Division-de-Ejercito-III-5-1024x683.jpg 1024w, https:\/\/www.ejercito.mil.uy\/wp-content\/uploads\/2022\/09\/Visita-inspectiva-del-Comandante-de-la-Division-de-Ejercito-III-5-300x200.jpg 300w, https:\/\/www.ejercito.mil.uy\/wp-content\/uploads\/2022\/09\/Visita-inspectiva-del-Comandante-de-la-Division-de-Ejercito-III-5.jpg 1200w\" sizes=\"(max-width: 1024px) 100vw, 1024px\" \/><\/figure><figcaption class=\"coblocks-gallery--caption coblocks-gallery--primary-caption\"><\/figcaption><\/div><\/div><div class=\"swiper-slide\"><div class=\"coblocks-gallery--item\" role=\"button\"><figure class=\"coblocks-gallery--figure has-margin-left-5 has-margin-left-mobile-5 has-margin-right-5 has-margin-right-mobile-5\"><img loading=\"lazy\" decoding=\"async\" width=\"1024\" height=\"683\" alt=\"\" class=\"wp-image-16019\" data-id=\"16019\" data-link=\"https:\/\/www.ejercito.mil.uy\/?attachment_id=16019\" src=\"https:\/\/www.ejercito.mil.uy\/wp-content\/uploads\/2022\/09\/Visita-inspectiva-del-Comandante-de-la-Division-de-Ejercito-III-1-1024x683.jpg\" srcset=\"https:\/\/www.ejercito.mil.uy\/wp-content\/uploads\/2022\/09\/Visita-inspectiva-del-Comandante-de-la-Division-de-Ejercito-III-1-1024x683.jpg 1024w, https:\/\/www.ejercito.mil.uy\/wp-content\/uploads\/2022\/09\/Visita-inspectiva-del-Comandante-de-la-Division-de-Ejercito-III-1-300x200.jpg 300w, https:\/\/www.ejercito.mil.uy\/wp-content\/uploads\/2022\/09\/Visita-inspectiva-del-Comandante-de-la-Division-de-Ejercito-III-1.jpg 1200w\" sizes=\"(max-width: 1024px) 100vw, 1024px\" \/><\/figure><figcaption class=\"coblocks-gallery--caption coblocks-gallery--primary-caption\"><\/figcaption><\/div><\/div><div class=\"swiper-slide\"><div class=\"coblocks-gallery--item\" role=\"button\"><figure class=\"coblocks-gallery--figure has-margin-left-5 has-margin-left-mobile-5 has-margin-right-5 has-margin-right-mobile-5\"><img loading=\"lazy\" decoding=\"async\" width=\"1024\" height=\"683\" alt=\"\" class=\"wp-image-16020\" data-id=\"16020\" data-link=\"https:\/\/www.ejercito.mil.uy\/?attachment_id=16020\" src=\"https:\/\/www.ejercito.mil.uy\/wp-content\/uploads\/2022\/09\/Visita-inspectiva-del-Comandante-de-la-Division-de-Ejercito-III-6-1024x683.jpg\" srcset=\"https:\/\/www.ejercito.mil.uy\/wp-content\/uploads\/2022\/09\/Visita-inspectiva-del-Comandante-de-la-Division-de-Ejercito-III-6-1024x683.jpg 1024w, https:\/\/www.ejercito.mil.uy\/wp-content\/uploads\/2022\/09\/Visita-inspectiva-del-Comandante-de-la-Division-de-Ejercito-III-6-300x200.jpg 300w, https:\/\/www.ejercito.mil.uy\/wp-content\/uploads\/2022\/09\/Visita-inspectiva-del-Comandante-de-la-Division-de-Ejercito-III-6.jpg 1200w\" sizes=\"(max-width: 1024px) 100vw, 1024px\" \/><\/figure><figcaption class=\"coblocks-gallery--caption coblocks-gallery--primary-caption\"><\/figcaption><\/div><\/div><\/div><button class=\"nav-button__prev\" id=\"12345-prev\"><\/button><button class=\"nav-button__next\" id=\"12345-next\"><\/button><\/div><\/div><\/div>\n\n\n\n<div style=\"height:50px\" aria-hidden=\"true\" class=\"wp-block-spacer\"><\/div>\n","protected":false},"excerpt":{"rendered":"<p>05.09.2022 &#8211; El pasado 30 de agosto, el Batall\u00f3n de Infanter\u00eda Blindado N\u00ba13 (Durazno), recibi\u00f3 la visita inspectiva por parte del Sr. Comandante de la Divisi\u00f3n de Ej\u00e9rcito II, Gral. Omar Carabajal. <\/p>\n","protected":false},"author":14,"featured_media":16018,"comment_status":"open","ping_status":"open","sticky":false,"template":"","format":"standard","meta":{"_coblocks_attr":"","_coblocks_dimensions":"","_coblocks_responsive_height":"","_coblocks_accordion_ie_support":"","_monsterinsights_skip_tracking":false,"_monsterinsights_sitenote_active":false,"_monsterinsights_sitenote_note":"","_monsterinsights_sitenote_category":0,"_uf_show_specific_survey":0,"_uf_disable_surveys":false,"footnotes":""},"categories":[2,14,1],"tags":[321,406,557,71,108,46],"class_list":["post-16016","post","type-post","status-publish","format-standard","has-post-thumbnail","hentry","category-blog","category-noticias","category-sin-categoria","tag-actividades","tag-desfile","tag-ejercito","tag-infanteria","tag-inspeccion","tag-visita"],"aioseo_notices":[],"_links":{"self":[{"href":"https:\/\/www.ejercito.mil.uy\/index.php\/wp-json\/wp\/v2\/posts\/16016","targetHints":{"allow":["GET"]}}],"collection":[{"href":"https:\/\/www.ejercito.mil.uy\/index.php\/wp-json\/wp\/v2\/posts"}],"about":[{"href":"https:\/\/www.ejercito.mil.uy\/index.php\/wp-json\/wp\/v2\/types\/post"}],"author":[{"embeddable":true,"href":"https:\/\/www.ejercito.mil.uy\/index.php\/wp-json\/wp\/v2\/users\/14"}],"replies":[{"embeddable":true,"href":"https:\/\/www.ejercito.mil.uy\/index.php\/wp-json\/wp\/v2\/comments?post=16016"}],"version-history":[{"count":2,"href":"https:\/\/www.ejercito.mil.uy\/index.php\/wp-json\/wp\/v2\/posts\/16016\/revisions"}],"predecessor-version":[{"id":16024,"href":"https:\/\/www.ejercito.mil.uy\/index.php\/wp-json\/wp\/v2\/posts\/16016\/revisions\/16024"}],"wp:featuredmedia":[{"embeddable":true,"href":"https:\/\/www.ejercito.mil.uy\/index.php\/wp-json\/wp\/v2\/media\/16018"}],"wp:attachment":[{"href":"https:\/\/www.ejercito.mil.uy\/index.php\/wp-json\/wp\/v2\/media?parent=16016"}],"wp:term":[{"taxonomy":"category","embeddable":true,"href":"https:\/\/www.ejercito.mil.uy\/index.php\/wp-json\/wp\/v2\/categories?post=16016"},{"taxonomy":"post_tag","embeddable":true,"href":"https:\/\/www.ejercito.mil.uy\/index.php\/wp-json\/wp\/v2\/tags?post=16016"}],"curies":[{"name":"wp","href":"https:\/\/api.w.org\/{rel}","templated":true}]}}