{"id":16048,"date":"2022-09-06T15:26:26","date_gmt":"2022-09-06T18:26:26","guid":{"rendered":"https:\/\/www.ejercito.mil.uy\/?p=16048"},"modified":"2022-09-07T15:40:34","modified_gmt":"2022-09-07T18:40:34","slug":"ceremonia-de-relevo-del-consejo-directivo-de-la-fundacion-pedro-sicco","status":"publish","type":"post","link":"https:\/\/www.ejercito.mil.uy\/index.php\/2022\/09\/06\/ceremonia-de-relevo-del-consejo-directivo-de-la-fundacion-pedro-sicco\/","title":{"rendered":"Ceremonia de relevo del Consejo Directivo de la Fundaci\u00f3n Pedro Sicco"},"content":{"rendered":"\n<p class=\"has-small-font-size\">06.09.2022  &#8211; Montevideo <\/p>\n\n\n\n<div style=\"height:50px\" aria-hidden=\"true\" class=\"wp-block-spacer\"><\/div>\n\n\n\n<p class=\"has-luminous-vivid-orange-background-color has-background\"><span class=\"has-inline-color has-black-color\">En el d\u00eda de hoy, en el <\/span><a rel=\"noreferrer noopener\" href=\"https:\/\/www.facebook.com\/Instituto-Militar-de-Estudios-Superiores-104724685504079\/?__cft__[0]=AZVIP6Pj6MtoHtgPFtvmFIUGGM7i0v_EZBS3ZOtldAmQ74Cwk6YGBVYJFXI6bdJ877s6oaVD3AmIj_iqx4MCaGllthjUBrWtQ62mYF0TR_sa458Z23L9SafJXz6KN9isiK7oBu7wnVsEbXnR7iY_dy95r1PZBU_CC5TKTOTfd_mUPg&amp;__tn__=kK-R\" target=\"_blank\">Instituto Militar de Estudios Superiores<\/a><span class=\"has-inline-color has-black-color\"> (IMES), se realiz\u00f3 la ceremonia de relevo del \ud835\udc02\ud835\udc28\ud835\udc27\ud835\udc2c\ud835\udc1e\ud835\udc23\ud835\udc28 \ud835\udc03\ud835\udc22\ud835\udc2b\ud835\udc1e\ud835\udc1c\ud835\udc2d\ud835\udc22\ud835\udc2f\ud835\udc28 \ud835\udc1d\ud835\udc1e \ud835\udc25\ud835\udc1a \ud835\udc05\ud835\udc2e\ud835\udc27\ud835\udc1d\ud835\udc1a\ud835\udc1c\ud835\udc22\ud835\udc28\u0301\ud835\udc27 \ud835\udc0f\ud835\udc1e\ud835\udc1d\ud835\udc2b\ud835\udc28 \ud835\udc12\ud835\udc22\ud835\udc1c\ud835\udc1c\ud835\udc28. <\/span><\/p>\n\n\n\n<div style=\"height:50px\" aria-hidden=\"true\" class=\"wp-block-spacer\"><\/div>\n\n\n\n<p>Se cont\u00f3 con la presencia del Sr. Director General del Sistema de Ense\u00f1anza del Ej\u00e9rcito, Gral. Mario Moreira, el Sr. Director del IMES, Cnel. Gonzalo Contrera, entre otras autoridades militares. <\/p>\n\n\n\n<div style=\"height:50px\" aria-hidden=\"true\" class=\"wp-block-spacer\"><\/div>\n\n\n\n<p>El Gral. (R) Luis P\u00e9rez, Presidente del Consejo Directivo de la Fundaci\u00f3n, fue relevado por el Gral. (R) H\u00e9ctor Tabarez y el Cnel. (R) Rub\u00e9n Rodr\u00edguez (secretario), por el Cnel. (R) Pablo Panizza. <\/p>\n\n\n\n<div style=\"height:50px\" aria-hidden=\"true\" class=\"wp-block-spacer\"><\/div>\n\n\n\n<div aria-label=\"Carousel Gallery\" class=\"wp-block-coblocks-gallery-carousel\"><div class=\"coblocks-gallery-carousel-swiper-container is-cropped coblocks-gallery has-no-alignment has-caption-style-dark has-no-thumbnails\"><div class=\"has-carousel has-carousel-xlrg swiper-container\" data-swiper=\"{&quot;alignCells&quot;:false,&quot;autoPlay&quot;:true,&quot;autoPlaySpeed&quot;:&quot;5000&quot;,&quot;draggable&quot;:true,&quot;freeScroll&quot;:false,&quot;loop&quot;:true,&quot;navigation&quot;:true,&quot;pageDots&quot;:false,&quot;pauseHover&quot;:false,&quot;responsiveHeight&quot;:false,&quot;slidesPerView&quot;:1,&quot;thumbnails&quot;:false,&quot;uuid&quot;:&quot;12345&quot;}\" id=\"12345\" style=\"height:550px\"><div class=\"swiper-wrapper\"><div class=\"swiper-slide\"><div class=\"coblocks-gallery--item\" role=\"button\"><figure class=\"coblocks-gallery--figure has-margin-left-mobile-5 has-margin-right-mobile-5\"><img fetchpriority=\"high\" decoding=\"async\" width=\"1024\" height=\"683\" alt=\"\" class=\"wp-image-16052\" data-id=\"16052\" data-link=\"https:\/\/www.ejercito.mil.uy\/?attachment_id=16052\" src=\"https:\/\/www.ejercito.mil.uy\/wp-content\/uploads\/2022\/09\/Ceremonia-de-relevo-del-Consejo-Directivo-de-la-Fundacion-Pedro-Sicco-4-1024x683.jpg\" srcset=\"https:\/\/www.ejercito.mil.uy\/wp-content\/uploads\/2022\/09\/Ceremonia-de-relevo-del-Consejo-Directivo-de-la-Fundacion-Pedro-Sicco-4-1024x683.jpg 1024w, https:\/\/www.ejercito.mil.uy\/wp-content\/uploads\/2022\/09\/Ceremonia-de-relevo-del-Consejo-Directivo-de-la-Fundacion-Pedro-Sicco-4-300x200.jpg 300w, https:\/\/www.ejercito.mil.uy\/wp-content\/uploads\/2022\/09\/Ceremonia-de-relevo-del-Consejo-Directivo-de-la-Fundacion-Pedro-Sicco-4.jpg 1200w\" sizes=\"(max-width: 1024px) 100vw, 1024px\" \/><\/figure><figcaption class=\"coblocks-gallery--caption coblocks-gallery--primary-caption\"><\/figcaption><\/div><\/div><div class=\"swiper-slide\"><div class=\"coblocks-gallery--item\" role=\"button\"><figure class=\"coblocks-gallery--figure has-margin-left-mobile-5 has-margin-right-mobile-5\"><img decoding=\"async\" width=\"1024\" height=\"683\" alt=\"\" class=\"wp-image-16053\" data-id=\"16053\" data-link=\"https:\/\/www.ejercito.mil.uy\/?attachment_id=16053\" src=\"https:\/\/www.ejercito.mil.uy\/wp-content\/uploads\/2022\/09\/Ceremonia-de-relevo-del-Consejo-Directivo-de-la-Fundacion-Pedro-Sicco-5-1024x683.jpg\" srcset=\"https:\/\/www.ejercito.mil.uy\/wp-content\/uploads\/2022\/09\/Ceremonia-de-relevo-del-Consejo-Directivo-de-la-Fundacion-Pedro-Sicco-5-1024x683.jpg 1024w, https:\/\/www.ejercito.mil.uy\/wp-content\/uploads\/2022\/09\/Ceremonia-de-relevo-del-Consejo-Directivo-de-la-Fundacion-Pedro-Sicco-5-300x200.jpg 300w, https:\/\/www.ejercito.mil.uy\/wp-content\/uploads\/2022\/09\/Ceremonia-de-relevo-del-Consejo-Directivo-de-la-Fundacion-Pedro-Sicco-5.jpg 1200w\" sizes=\"(max-width: 1024px) 100vw, 1024px\" \/><\/figure><figcaption class=\"coblocks-gallery--caption coblocks-gallery--primary-caption\"><\/figcaption><\/div><\/div><\/div><button class=\"nav-button__prev\" id=\"12345-prev\"><\/button><button class=\"nav-button__next\" id=\"12345-next\"><\/button><\/div><\/div><\/div>\n\n\n\n<div style=\"height:50px\" aria-hidden=\"true\" class=\"wp-block-spacer\"><\/div>\n\n\n\n<p>Asimismo, el Gral. Moreira hizo uso de la palabra destacando el arduo trabajo del los Oficiales salientes y felicitando a los Oficiales entrantes por su nueva posici\u00f3n y responsabilidad. <\/p>\n\n\n\n<div style=\"height:50px\" aria-hidden=\"true\" class=\"wp-block-spacer\"><\/div>\n\n\n\n<div class=\"wp-block-coblocks-gallery-stacked\"><ul class=\"coblocks-gallery has-no-alignment has-fullwidth-images has-custom-gutter\"><li class=\"coblocks-gallery--item\"><figure class=\"coblocks-gallery--figure\"><img decoding=\"async\" width=\"1024\" height=\"683\" alt=\"\" class=\"wp-image-16054 has-shadow-none\" data-id=\"16054\" data-imglink=\"\" data-link=\"https:\/\/www.ejercito.mil.uy\/?attachment_id=16054\" src=\"https:\/\/www.ejercito.mil.uy\/wp-content\/uploads\/2022\/09\/Ceremonia-de-relevo-del-Consejo-Directivo-de-la-Fundacion-Pedro-Sicco-8-1024x683.jpg\" srcset=\"https:\/\/www.ejercito.mil.uy\/wp-content\/uploads\/2022\/09\/Ceremonia-de-relevo-del-Consejo-Directivo-de-la-Fundacion-Pedro-Sicco-8-1024x683.jpg 1024w, https:\/\/www.ejercito.mil.uy\/wp-content\/uploads\/2022\/09\/Ceremonia-de-relevo-del-Consejo-Directivo-de-la-Fundacion-Pedro-Sicco-8-300x200.jpg 300w, https:\/\/www.ejercito.mil.uy\/wp-content\/uploads\/2022\/09\/Ceremonia-de-relevo-del-Consejo-Directivo-de-la-Fundacion-Pedro-Sicco-8.jpg 1200w\" sizes=\"(max-width: 1024px) 100vw, 1024px\" \/><\/figure><\/li><\/ul><\/div>\n\n\n\n<div style=\"height:50px\" aria-hidden=\"true\" class=\"wp-block-spacer\"><\/div>\n\n\n\n<p>Esta Fundaci\u00f3n fue creada el 13 de setiembre de 2001, con la finalidad de apoyar al Sistema de Ense\u00f1anza del Ej\u00e9rcito. La misma colabora de forma gratuita con sus fines, cooperando con el suministro de bienes y recursos humanos, t\u00e9cnicos y financieros. <\/p>\n\n\n\n<div style=\"height:50px\" aria-hidden=\"true\" class=\"wp-block-spacer\"><\/div>\n\n\n\n<p>La direcci\u00f3n y administraci\u00f3n de la Fundaci\u00f3n est\u00e1 a cargo de un Consejo Directivo, compuesto por diez miembros, quienes durar\u00e1n tres a\u00f1os en sus cargos.<\/p>\n\n\n\n<div style=\"height:50px\" aria-hidden=\"true\" class=\"wp-block-spacer\"><\/div>\n\n\n\n<p>\u00ab\ud835\udc04\ud835\udc27 \ud835\udc25\ud835\udc1a \ud835\udc1e\ud835\udc27\ud835\udc2c\ud835\udc1e\ud835\udc27\u0303\ud835\udc1a\ud835\udc27\ud835\udc33\ud835\udc1a \ud835\udc1e\ud835\udc2c\ud835\udc2d\u00e1 \ud835\udc1e\ud835\udc25 \ud835\udc1f\ud835\udc2e\ud835\udc2d\ud835\udc2e\ud835\udc2b\ud835\udc28 \ud835\udc1d\ud835\udc1e \ud835\udc27\ud835\udc2e\ud835\udc1e\ud835\udc2c\ud835\udc2d\ud835\udc2b\ud835\udc28 \ud835\udc04\ud835\udc23\ud835\udc1e\u0301\ud835\udc2b\ud835\udc1c\ud835\udc22\ud835\udc2d\ud835\udc28\u00bb expres\u00f3 el Dir. Gral. del Sistema de Ense\u00f1anza del Ej\u00e9rcito.<\/p>\n\n\n\n<div style=\"height:50px\" aria-hidden=\"true\" class=\"wp-block-spacer\"><\/div>\n\n\n\n<div aria-label=\"Carousel Gallery\" class=\"wp-block-coblocks-gallery-carousel\"><div class=\"coblocks-gallery-carousel-swiper-container is-cropped coblocks-gallery has-no-alignment has-caption-style-dark has-horizontal-gutter has-no-thumbnails\"><div class=\"has-carousel has-carousel-xlrg swiper-container\" data-swiper=\"{&quot;alignCells&quot;:false,&quot;autoPlay&quot;:true,&quot;autoPlaySpeed&quot;:&quot;5000&quot;,&quot;draggable&quot;:true,&quot;freeScroll&quot;:false,&quot;loop&quot;:true,&quot;navigation&quot;:true,&quot;pageDots&quot;:false,&quot;pauseHover&quot;:false,&quot;responsiveHeight&quot;:false,&quot;slidesPerView&quot;:1,&quot;thumbnails&quot;:false,&quot;uuid&quot;:&quot;12345&quot;}\" id=\"12345\" style=\"height:550px\"><div class=\"swiper-wrapper\"><div class=\"swiper-slide\"><div class=\"coblocks-gallery--item\" role=\"button\"><figure class=\"coblocks-gallery--figure has-margin-left-5 has-margin-left-mobile-5 has-margin-right-5 has-margin-right-mobile-5\"><img loading=\"lazy\" decoding=\"async\" width=\"1024\" height=\"683\" alt=\"\" class=\"wp-image-16060\" data-id=\"16060\" data-link=\"https:\/\/www.ejercito.mil.uy\/?attachment_id=16060\" src=\"https:\/\/www.ejercito.mil.uy\/wp-content\/uploads\/2022\/09\/Ceremonia-de-relevo-del-Consejo-Directivo-de-la-Fundacion-Pedro-Sicco-3-1024x683.jpg\" srcset=\"https:\/\/www.ejercito.mil.uy\/wp-content\/uploads\/2022\/09\/Ceremonia-de-relevo-del-Consejo-Directivo-de-la-Fundacion-Pedro-Sicco-3-1024x683.jpg 1024w, https:\/\/www.ejercito.mil.uy\/wp-content\/uploads\/2022\/09\/Ceremonia-de-relevo-del-Consejo-Directivo-de-la-Fundacion-Pedro-Sicco-3-300x200.jpg 300w, https:\/\/www.ejercito.mil.uy\/wp-content\/uploads\/2022\/09\/Ceremonia-de-relevo-del-Consejo-Directivo-de-la-Fundacion-Pedro-Sicco-3.jpg 1200w\" sizes=\"(max-width: 1024px) 100vw, 1024px\" \/><\/figure><figcaption class=\"coblocks-gallery--caption coblocks-gallery--primary-caption\"><\/figcaption><\/div><\/div><div class=\"swiper-slide\"><div class=\"coblocks-gallery--item\" role=\"button\"><figure class=\"coblocks-gallery--figure has-margin-left-5 has-margin-left-mobile-5 has-margin-right-5 has-margin-right-mobile-5\"><img loading=\"lazy\" decoding=\"async\" width=\"1024\" height=\"683\" alt=\"\" class=\"wp-image-16061\" data-id=\"16061\" data-link=\"https:\/\/www.ejercito.mil.uy\/?attachment_id=16061\" src=\"https:\/\/www.ejercito.mil.uy\/wp-content\/uploads\/2022\/09\/Ceremonia-de-relevo-del-Consejo-Directivo-de-la-Fundacion-Pedro-Sicco-2-1024x683.jpg\" srcset=\"https:\/\/www.ejercito.mil.uy\/wp-content\/uploads\/2022\/09\/Ceremonia-de-relevo-del-Consejo-Directivo-de-la-Fundacion-Pedro-Sicco-2-1024x683.jpg 1024w, https:\/\/www.ejercito.mil.uy\/wp-content\/uploads\/2022\/09\/Ceremonia-de-relevo-del-Consejo-Directivo-de-la-Fundacion-Pedro-Sicco-2-300x200.jpg 300w, https:\/\/www.ejercito.mil.uy\/wp-content\/uploads\/2022\/09\/Ceremonia-de-relevo-del-Consejo-Directivo-de-la-Fundacion-Pedro-Sicco-2.jpg 1200w\" sizes=\"(max-width: 1024px) 100vw, 1024px\" \/><\/figure><figcaption class=\"coblocks-gallery--caption coblocks-gallery--primary-caption\"><\/figcaption><\/div><\/div><div class=\"swiper-slide\"><div class=\"coblocks-gallery--item\" role=\"button\"><figure class=\"coblocks-gallery--figure has-margin-left-5 has-margin-left-mobile-5 has-margin-right-5 has-margin-right-mobile-5\"><img loading=\"lazy\" decoding=\"async\" width=\"1024\" height=\"683\" alt=\"\" class=\"wp-image-16058\" data-id=\"16058\" data-link=\"https:\/\/www.ejercito.mil.uy\/?attachment_id=16058\" src=\"https:\/\/www.ejercito.mil.uy\/wp-content\/uploads\/2022\/09\/Ceremonia-de-relevo-del-Consejo-Directivo-de-la-Fundacion-Pedro-Sicco-10-1024x683.jpg\" srcset=\"https:\/\/www.ejercito.mil.uy\/wp-content\/uploads\/2022\/09\/Ceremonia-de-relevo-del-Consejo-Directivo-de-la-Fundacion-Pedro-Sicco-10-1024x683.jpg 1024w, https:\/\/www.ejercito.mil.uy\/wp-content\/uploads\/2022\/09\/Ceremonia-de-relevo-del-Consejo-Directivo-de-la-Fundacion-Pedro-Sicco-10-300x200.jpg 300w, https:\/\/www.ejercito.mil.uy\/wp-content\/uploads\/2022\/09\/Ceremonia-de-relevo-del-Consejo-Directivo-de-la-Fundacion-Pedro-Sicco-10.jpg 1200w\" sizes=\"(max-width: 1024px) 100vw, 1024px\" \/><\/figure><figcaption class=\"coblocks-gallery--caption coblocks-gallery--primary-caption\"><\/figcaption><\/div><\/div><div class=\"swiper-slide\"><div class=\"coblocks-gallery--item\" role=\"button\"><figure class=\"coblocks-gallery--figure has-margin-left-5 has-margin-left-mobile-5 has-margin-right-5 has-margin-right-mobile-5\"><img loading=\"lazy\" decoding=\"async\" width=\"1024\" height=\"683\" alt=\"\" class=\"wp-image-16057\" data-id=\"16057\" data-link=\"https:\/\/www.ejercito.mil.uy\/?attachment_id=16057\" src=\"https:\/\/www.ejercito.mil.uy\/wp-content\/uploads\/2022\/09\/Ceremonia-de-relevo-del-Consejo-Directivo-de-la-Fundacion-Pedro-Sicco-1-1024x683.jpg\" srcset=\"https:\/\/www.ejercito.mil.uy\/wp-content\/uploads\/2022\/09\/Ceremonia-de-relevo-del-Consejo-Directivo-de-la-Fundacion-Pedro-Sicco-1-1024x683.jpg 1024w, https:\/\/www.ejercito.mil.uy\/wp-content\/uploads\/2022\/09\/Ceremonia-de-relevo-del-Consejo-Directivo-de-la-Fundacion-Pedro-Sicco-1-300x200.jpg 300w, https:\/\/www.ejercito.mil.uy\/wp-content\/uploads\/2022\/09\/Ceremonia-de-relevo-del-Consejo-Directivo-de-la-Fundacion-Pedro-Sicco-1.jpg 1200w\" sizes=\"(max-width: 1024px) 100vw, 1024px\" \/><\/figure><figcaption class=\"coblocks-gallery--caption coblocks-gallery--primary-caption\"><\/figcaption><\/div><\/div><div class=\"swiper-slide\"><div class=\"coblocks-gallery--item\" role=\"button\"><figure class=\"coblocks-gallery--figure has-margin-left-5 has-margin-left-mobile-5 has-margin-right-5 has-margin-right-mobile-5\"><img loading=\"lazy\" decoding=\"async\" width=\"1024\" height=\"683\" alt=\"\" class=\"wp-image-16059\" data-id=\"16059\" data-link=\"https:\/\/www.ejercito.mil.uy\/?attachment_id=16059\" src=\"https:\/\/www.ejercito.mil.uy\/wp-content\/uploads\/2022\/09\/Ceremonia-de-relevo-del-Consejo-Directivo-de-la-Fundacion-Pedro-Sicco-9-1024x683.jpg\" srcset=\"https:\/\/www.ejercito.mil.uy\/wp-content\/uploads\/2022\/09\/Ceremonia-de-relevo-del-Consejo-Directivo-de-la-Fundacion-Pedro-Sicco-9-1024x683.jpg 1024w, https:\/\/www.ejercito.mil.uy\/wp-content\/uploads\/2022\/09\/Ceremonia-de-relevo-del-Consejo-Directivo-de-la-Fundacion-Pedro-Sicco-9-300x200.jpg 300w, https:\/\/www.ejercito.mil.uy\/wp-content\/uploads\/2022\/09\/Ceremonia-de-relevo-del-Consejo-Directivo-de-la-Fundacion-Pedro-Sicco-9.jpg 1200w\" sizes=\"(max-width: 1024px) 100vw, 1024px\" \/><\/figure><figcaption class=\"coblocks-gallery--caption coblocks-gallery--primary-caption\"><\/figcaption><\/div><\/div><\/div><button class=\"nav-button__prev\" id=\"12345-prev\"><\/button><button class=\"nav-button__next\" id=\"12345-next\"><\/button><\/div><\/div><\/div>\n\n\n\n<div style=\"height:50px\" aria-hidden=\"true\" class=\"wp-block-spacer\"><\/div>\n","protected":false},"excerpt":{"rendered":"<p>06.09.2022 &#8211; En el d\u00eda de hoy, en el Instituto Militar de Estudios Superiores (IMES), se realiz\u00f3 la ceremonia de relevo del Consejo Directivo de la Fundaci\u00f3n Pedro Sicco. <\/p>\n","protected":false},"author":14,"featured_media":16049,"comment_status":"open","ping_status":"open","sticky":false,"template":"","format":"standard","meta":{"_coblocks_attr":"","_coblocks_dimensions":"","_coblocks_responsive_height":"","_coblocks_accordion_ie_support":"","_monsterinsights_skip_tracking":false,"_monsterinsights_sitenote_active":false,"_monsterinsights_sitenote_note":"","_monsterinsights_sitenote_category":0,"_uf_show_specific_survey":0,"_uf_disable_surveys":false,"footnotes":""},"categories":[2,10,14,1],"tags":[653,654,557,69,652],"class_list":["post-16048","post","type-post","status-publish","format-standard","has-post-thumbnail","hentry","category-blog","category-destacados","category-noticias","category-sin-categoria","tag-consejo","tag-directivo","tag-ejercito","tag-ensenanza","tag-relevo"],"aioseo_notices":[],"_links":{"self":[{"href":"https:\/\/www.ejercito.mil.uy\/index.php\/wp-json\/wp\/v2\/posts\/16048","targetHints":{"allow":["GET"]}}],"collection":[{"href":"https:\/\/www.ejercito.mil.uy\/index.php\/wp-json\/wp\/v2\/posts"}],"about":[{"href":"https:\/\/www.ejercito.mil.uy\/index.php\/wp-json\/wp\/v2\/types\/post"}],"author":[{"embeddable":true,"href":"https:\/\/www.ejercito.mil.uy\/index.php\/wp-json\/wp\/v2\/users\/14"}],"replies":[{"embeddable":true,"href":"https:\/\/www.ejercito.mil.uy\/index.php\/wp-json\/wp\/v2\/comments?post=16048"}],"version-history":[{"count":6,"href":"https:\/\/www.ejercito.mil.uy\/index.php\/wp-json\/wp\/v2\/posts\/16048\/revisions"}],"predecessor-version":[{"id":16065,"href":"https:\/\/www.ejercito.mil.uy\/index.php\/wp-json\/wp\/v2\/posts\/16048\/revisions\/16065"}],"wp:featuredmedia":[{"embeddable":true,"href":"https:\/\/www.ejercito.mil.uy\/index.php\/wp-json\/wp\/v2\/media\/16049"}],"wp:attachment":[{"href":"https:\/\/www.ejercito.mil.uy\/index.php\/wp-json\/wp\/v2\/media?parent=16048"}],"wp:term":[{"taxonomy":"category","embeddable":true,"href":"https:\/\/www.ejercito.mil.uy\/index.php\/wp-json\/wp\/v2\/categories?post=16048"},{"taxonomy":"post_tag","embeddable":true,"href":"https:\/\/www.ejercito.mil.uy\/index.php\/wp-json\/wp\/v2\/tags?post=16048"}],"curies":[{"name":"wp","href":"https:\/\/api.w.org\/{rel}","templated":true}]}}