{"id":16075,"date":"2022-09-07T23:00:00","date_gmt":"2022-09-08T02:00:00","guid":{"rendered":"https:\/\/www.ejercito.mil.uy\/?p=16075"},"modified":"2022-09-12T10:27:25","modified_gmt":"2022-09-12T13:27:25","slug":"maestria-en-estrategia-nacional","status":"publish","type":"post","link":"https:\/\/www.ejercito.mil.uy\/index.php\/2022\/09\/07\/maestria-en-estrategia-nacional\/","title":{"rendered":"Maestr\u00eda en Estrategia Nacional"},"content":{"rendered":"\n<p class=\"has-small-font-size wp-block-paragraph\">07.09.2022  &#8211; Montevideo <\/p>\n\n\n\n<div style=\"height:50px\" aria-hidden=\"true\" class=\"wp-block-spacer\"><\/div>\n\n\n\n<div style=\"height:50px\" aria-hidden=\"true\" class=\"wp-block-spacer\"><\/div>\n\n\n\n<p class=\"wp-block-paragraph\"><strong>Compartimos el afiche para cursar \ud835\udc0c\ud835\udc1a\ud835\udc1e\ud835\udc2c\ud835\udc2d\ud835\udc2b\ud835\udc22\u0301\ud835\udc1a \ud835\udc1e\ud835\udc27 \ud835\udc04\ud835\udc2c\ud835\udc2d\ud835\udc2b\ud835\udc1a\ud835\udc2d\ud835\udc1e\ud835\udc20\ud835\udc22\ud835\udc1a \ud835\udc0d\ud835\udc1a\ud835\udc1c\ud835\udc22\ud835\udc28\ud835\udc27\ud835\udc1a\ud835\udc25 que se imparte en el Centro de Altos Estudios Nacionales (CALEN)<\/strong>. <\/p>\n\n\n\n<div style=\"height:50px\" aria-hidden=\"true\" class=\"wp-block-spacer\"><\/div>\n\n\n\n<p class=\"wp-block-paragraph\">La maestr\u00eda es gratuita y est\u00e1 destinada a civiles y militares con t\u00edtulo universitario o t\u00edtulo docente expedido por la Administraci\u00f3n Nacional de Educaci\u00f3n P\u00fablica (ANEP).<\/p>\n\n\n\n<div style=\"height:50px\" aria-hidden=\"true\" class=\"wp-block-spacer\"><\/div>\n\n\n\n<p class=\"wp-block-paragraph\">Los t\u00edtulos a expedirse de \u00ab\ud835\udc0c\ud835\udc1a\ud835\udc20\ud835\udc22\u0301\ud835\udc2c\ud835\udc2d\ud835\udc1e\ud835\udc2b \ud835\udc1e\ud835\udc27 \ud835\udc04\ud835\udc2c\ud835\udc2d\ud835\udc2b\ud835\udc1a\ud835\udc2d\ud835\udc1e\ud835\udc20\ud835\udc22\ud835\udc1a \ud835\udc0d\ud835\udc1a\ud835\udc1c\ud835\udc22\ud835\udc28\ud835\udc27\ud835\udc1a\ud835\udc25\u00bb y \u00ab\ud835\udc0f\ud835\udc28\ud835\udc2c\ud835\udc2d\ud835\udc20\ud835\udc2b\ud835\udc1a\ud835\udc1d\ud835\udc28 \ud835\udc1d\ud835\udc1e \ud835\udc04\ud835\udc2c\ud835\udc29\ud835\udc1e\ud835\udc1c\ud835\udc22\ud835\udc1a\ud835\udc25\ud835\udc22\ud835\udc33\ud835\udc1a\ud835\udc1c\ud835\udc22\ud835\udc28\u0301\ud835\udc27 \ud835\udc1e\ud835\udc27 \ud835\udc04\ud835\udc2c\ud835\udc2d\ud835\udc2b\ud835\udc1a\ud835\udc2d\ud835\udc1e\ud835\udc20\ud835\udc22\ud835\udc1a \ud835\udc0d\ud835\udc1a\ud835\udc1c\ud835\udc22\ud835\udc28\ud835\udc27\ud835\udc1a\ud835\udc25\u00bb, fueron habilitados y reconocidos por el Ministerio de Educaci\u00f3n y Cultura.<\/p>\n\n\n\n<div style=\"height:50px\" aria-hidden=\"true\" class=\"wp-block-spacer\"><\/div>\n\n\n\n<p class=\"wp-block-paragraph\">El cupo m\u00e1ximo de cursantes ser\u00e1 de 25. <\/p>\n\n\n\n<div style=\"height:50px\" aria-hidden=\"true\" class=\"wp-block-spacer\"><\/div>\n\n\n\n<p class=\"wp-block-paragraph\">Proceso de inscripci\u00f3n y selecci\u00f3n: <\/p>\n\n\n\n<div style=\"height:50px\" aria-hidden=\"true\" class=\"wp-block-spacer\"><\/div>\n\n\n\n<p class=\"wp-block-paragraph\">1- Inscripci\u00f3n del 1 al 30 de septiembre de 2022, completando el formulario electr\u00f3nico al cual se accede desde la p\u00e1gina web del CALEN: <a rel=\"noreferrer noopener\" href=\"https:\/\/www.gub.uy\/ministerio-defensa-nacional\/calen\/inscripciones?fbclid=IwAR2mK0TenedU71G_UtSmMbNCMqUD7WJW_x-OdBOGRE62l-Ntx-i76XBPkn0\" target=\"_blank\">https:\/\/www.gub.uy\/ministeriodefensa&#8230;\/calen\/inscripciones<\/a><\/p>\n\n\n\n<div style=\"height:50px\" aria-hidden=\"true\" class=\"wp-block-spacer\"><\/div>\n\n\n\n<p class=\"wp-block-paragraph\"> 2- Entrevista con el tribunal de admisiones, a realizarse en el per\u00edodo comprendido entre el 1 y el 31 de octubre de 2022. En esta instancia, se deber\u00e1 presentar una carta de postulaci\u00f3n (incluyendo l\u00ednea de investigaci\u00f3n de inter\u00e9s), curriculum vitae y t\u00edtulo de grado.<\/p>\n\n\n\n<div style=\"height:50px\" aria-hidden=\"true\" class=\"wp-block-spacer\"><\/div>\n\n\n\n<p class=\"wp-block-paragraph\"> 3- Aprobaci\u00f3n de la prueba de admisi\u00f3n, a realizarse en febrero de 2023.<\/p>\n\n\n\n<div style=\"height:50px\" aria-hidden=\"true\" class=\"wp-block-spacer\"><\/div>\n\n\n\n<div class=\"wp-block-coblocks-gallery-stacked\"><ul class=\"coblocks-gallery has-no-alignment has-fullwidth-images has-5-gutter\"><li class=\"coblocks-gallery--item\"><figure class=\"coblocks-gallery--figure\"><img loading=\"lazy\" decoding=\"async\" width=\"724\" height=\"1024\" alt=\"\" class=\"wp-image-16077 has-shadow-none\" data-id=\"16077\" data-imglink=\"\" data-link=\"https:\/\/www.ejercito.mil.uy\/?attachment_id=16077\" src=\"https:\/\/www.ejercito.mil.uy\/wp-content\/uploads\/2022\/09\/Maestria-en-Estrategia-Nacional-724x1024.jpg\" srcset=\"https:\/\/www.ejercito.mil.uy\/wp-content\/uploads\/2022\/09\/Maestria-en-Estrategia-Nacional-724x1024.jpg 724w, https:\/\/www.ejercito.mil.uy\/wp-content\/uploads\/2022\/09\/Maestria-en-Estrategia-Nacional-212x300.jpg 212w, https:\/\/www.ejercito.mil.uy\/wp-content\/uploads\/2022\/09\/Maestria-en-Estrategia-Nacional.jpg 1240w\" sizes=\"auto, (max-width: 724px) 100vw, 724px\" \/><\/figure><\/li><\/ul><\/div>\n\n\n\n<div style=\"height:50px\" aria-hidden=\"true\" class=\"wp-block-spacer\"><\/div>\n\n\n\n<div style=\"height:50px\" aria-hidden=\"true\" class=\"wp-block-spacer\"><\/div>\n","protected":false},"excerpt":{"rendered":"<p>07.09.2022 &#8211; Compartimos el afiche para cursar Maestr\u00eda en Estrategia Nacional que se imparte en el Centro de Altos Estudios Nacionales (CALEN). <\/p>\n","protected":false},"author":4,"featured_media":16079,"comment_status":"open","ping_status":"open","sticky":false,"template":"","format":"standard","meta":{"_coblocks_attr":"","_coblocks_dimensions":"","_coblocks_responsive_height":"","_coblocks_accordion_ie_support":"","_monsterinsights_skip_tracking":false,"_uf_show_specific_survey":0,"_uf_disable_surveys":false,"footnotes":""},"categories":[2,14,1],"tags":[262,557,658,657,656],"class_list":["post-16075","post","type-post","status-publish","format-standard","has-post-thumbnail","hentry","category-blog","category-noticias","category-sin-categoria","tag-afiche","tag-ejercito","tag-estrategia","tag-inscripcion","tag-mestria"],"aioseo_notices":[],"aioseo_head":"\n\t\t<!-- All in One SEO 5.0.1 - aioseo.com -->\n\t<meta name=\"description\" content=\"07.09.2022 - Compartimos el afiche para cursar Maestr\u00eda en Estrategia Nacional que se imparte en el Centro de Altos Estudios Nacionales (CALEN).\" \/>\n\t<meta name=\"robots\" content=\"max-image-preview:large\" \/>\n\t<meta name=\"author\" content=\"Alejandro Castro\"\/>\n\t<link rel=\"canonical\" href=\"https:\/\/www.ejercito.mil.uy\/index.php\/2022\/09\/07\/maestria-en-estrategia-nacional\/\" \/>\n\t<meta name=\"generator\" content=\"All in One SEO (AIOSEO) 5.0.1\" \/>\n\t\t<meta property=\"og:locale\" content=\"es_ES\" \/>\n\t\t<meta property=\"og:site_name\" content=\"Ej\u00e9rcito Nacional - La Fuerza de todos\" \/>\n\t\t<meta property=\"og:type\" content=\"article\" \/>\n\t\t<meta property=\"og:title\" content=\"Maestr\u00eda en Estrategia Nacional - Ej\u00e9rcito Nacional\" \/>\n\t\t<meta property=\"og:description\" content=\"07.09.2022 - Compartimos el afiche para cursar Maestr\u00eda en Estrategia Nacional que se imparte en el Centro de Altos Estudios Nacionales (CALEN).\" \/>\n\t\t<meta property=\"og:url\" content=\"https:\/\/www.ejercito.mil.uy\/index.php\/2022\/09\/07\/maestria-en-estrategia-nacional\/\" \/>\n\t\t<meta property=\"og:image\" content=\"https:\/\/www.ejercito.mil.uy\/wp-content\/uploads\/2022\/01\/Escudo_EN_URUGUAY.png\" \/>\n\t\t<meta property=\"og:image:secure_url\" content=\"https:\/\/www.ejercito.mil.uy\/wp-content\/uploads\/2022\/01\/Escudo_EN_URUGUAY.png\" \/>\n\t\t<meta property=\"og:image:width\" content=\"134\" \/>\n\t\t<meta property=\"og:image:height\" content=\"119\" \/>\n\t\t<meta property=\"article:published_time\" content=\"2022-09-08T02:00:00+00:00\" \/>\n\t\t<meta property=\"article:modified_time\" content=\"2022-09-12T13:27:25+00:00\" \/>\n\t\t<meta name=\"twitter:card\" content=\"summary_large_image\" \/>\n\t\t<meta name=\"twitter:title\" content=\"Maestr\u00eda en Estrategia Nacional - Ej\u00e9rcito Nacional\" \/>\n\t\t<meta name=\"twitter:description\" content=\"07.09.2022 - Compartimos el afiche para cursar Maestr\u00eda en Estrategia Nacional que se imparte en el Centro de Altos Estudios Nacionales (CALEN).\" \/>\n\t\t<meta name=\"twitter:image\" content=\"https:\/\/www.ejercito.mil.uy\/wp-content\/uploads\/2022\/01\/Escudo_EN_URUGUAY.png\" \/>\n\t\t<script type=\"application\/ld+json\" class=\"aioseo-schema\">\n\t\t\t{\"@context\":\"https:\\\/\\\/schema.org\",\"@graph\":[{\"@type\":\"BlogPosting\",\"@id\":\"https:\\\/\\\/www.ejercito.mil.uy\\\/index.php\\\/2022\\\/09\\\/07\\\/maestria-en-estrategia-nacional\\\/#blogposting\",\"name\":\"Maestr\\u00eda en Estrategia Nacional - Ej\\u00e9rcito Nacional\",\"headline\":\"Maestr\\u00eda en Estrategia Nacional\",\"author\":{\"@id\":\"https:\\\/\\\/www.ejercito.mil.uy\\\/index.php\\\/author\\\/acastro\\\/#author\"},\"publisher\":{\"@id\":\"https:\\\/\\\/www.ejercito.mil.uy\\\/#organization\"},\"image\":{\"@type\":\"ImageObject\",\"url\":\"https:\\\/\\\/www.ejercito.mil.uy\\\/wp-content\\\/uploads\\\/2022\\\/09\\\/Logo-CALEN.jpg\",\"width\":1200,\"height\":800},\"datePublished\":\"2022-09-07T23:00:00-03:00\",\"dateModified\":\"2022-09-12T10:27:25-03:00\",\"inLanguage\":\"es-UY\",\"mainEntityOfPage\":{\"@id\":\"https:\\\/\\\/www.ejercito.mil.uy\\\/index.php\\\/2022\\\/09\\\/07\\\/maestria-en-estrategia-nacional\\\/#webpage\"},\"isPartOf\":{\"@id\":\"https:\\\/\\\/www.ejercito.mil.uy\\\/index.php\\\/2022\\\/09\\\/07\\\/maestria-en-estrategia-nacional\\\/#webpage\"},\"articleSection\":\"Blog, Noticias, Sin categor\\u00eda, afiche, Ej\\u00e9rcito, estrategia, inscripci\\u00f3n, mestr\\u00eda\"},{\"@type\":\"BreadcrumbList\",\"@id\":\"https:\\\/\\\/www.ejercito.mil.uy\\\/index.php\\\/2022\\\/09\\\/07\\\/maestria-en-estrategia-nacional\\\/#breadcrumblist\",\"itemListElement\":[{\"@type\":\"ListItem\",\"@id\":\"https:\\\/\\\/www.ejercito.mil.uy#listItem\",\"position\":1,\"name\":\"Home\",\"item\":\"https:\\\/\\\/www.ejercito.mil.uy\",\"nextItem\":{\"@type\":\"ListItem\",\"@id\":\"https:\\\/\\\/www.ejercito.mil.uy\\\/index.php\\\/category\\\/destacados\\\/#listItem\",\"name\":\"Destacados\"}},{\"@type\":\"ListItem\",\"@id\":\"https:\\\/\\\/www.ejercito.mil.uy\\\/index.php\\\/category\\\/destacados\\\/#listItem\",\"position\":2,\"name\":\"Destacados\",\"item\":\"https:\\\/\\\/www.ejercito.mil.uy\\\/index.php\\\/category\\\/destacados\\\/\",\"nextItem\":{\"@type\":\"ListItem\",\"@id\":\"https:\\\/\\\/www.ejercito.mil.uy\\\/index.php\\\/category\\\/destacados\\\/noticias\\\/#listItem\",\"name\":\"Noticias\"},\"previousItem\":{\"@type\":\"ListItem\",\"@id\":\"https:\\\/\\\/www.ejercito.mil.uy#listItem\",\"name\":\"Home\"}},{\"@type\":\"ListItem\",\"@id\":\"https:\\\/\\\/www.ejercito.mil.uy\\\/index.php\\\/category\\\/destacados\\\/noticias\\\/#listItem\",\"position\":3,\"name\":\"Noticias\",\"item\":\"https:\\\/\\\/www.ejercito.mil.uy\\\/index.php\\\/category\\\/destacados\\\/noticias\\\/\",\"nextItem\":{\"@type\":\"ListItem\",\"@id\":\"https:\\\/\\\/www.ejercito.mil.uy\\\/index.php\\\/2022\\\/09\\\/07\\\/maestria-en-estrategia-nacional\\\/#listItem\",\"name\":\"Maestr\\u00eda en Estrategia Nacional\"},\"previousItem\":{\"@type\":\"ListItem\",\"@id\":\"https:\\\/\\\/www.ejercito.mil.uy\\\/index.php\\\/category\\\/destacados\\\/#listItem\",\"name\":\"Destacados\"}},{\"@type\":\"ListItem\",\"@id\":\"https:\\\/\\\/www.ejercito.mil.uy\\\/index.php\\\/2022\\\/09\\\/07\\\/maestria-en-estrategia-nacional\\\/#listItem\",\"position\":4,\"name\":\"Maestr\\u00eda en Estrategia Nacional\",\"previousItem\":{\"@type\":\"ListItem\",\"@id\":\"https:\\\/\\\/www.ejercito.mil.uy\\\/index.php\\\/category\\\/destacados\\\/noticias\\\/#listItem\",\"name\":\"Noticias\"}}]},{\"@type\":\"Organization\",\"@id\":\"https:\\\/\\\/www.ejercito.mil.uy\\\/#organization\",\"name\":\"Ej\\u00e9rcito Nacional\",\"description\":\"La Fuerza de todos\",\"url\":\"https:\\\/\\\/www.ejercito.mil.uy\\\/\",\"logo\":{\"@type\":\"ImageObject\",\"url\":\"https:\\\/\\\/www.ejercito.mil.uy\\\/wp-content\\\/uploads\\\/2022\\\/01\\\/Escudo_EN_URUGUAY.png\",\"@id\":\"https:\\\/\\\/www.ejercito.mil.uy\\\/index.php\\\/2022\\\/09\\\/07\\\/maestria-en-estrategia-nacional\\\/#organizationLogo\",\"width\":134,\"height\":119},\"image\":{\"@id\":\"https:\\\/\\\/www.ejercito.mil.uy\\\/index.php\\\/2022\\\/09\\\/07\\\/maestria-en-estrategia-nacional\\\/#organizationLogo\"}},{\"@type\":\"Person\",\"@id\":\"https:\\\/\\\/www.ejercito.mil.uy\\\/index.php\\\/author\\\/acastro\\\/#author\",\"url\":\"https:\\\/\\\/www.ejercito.mil.uy\\\/index.php\\\/author\\\/acastro\\\/\",\"name\":\"Alejandro Castro\",\"image\":{\"@type\":\"ImageObject\",\"@id\":\"https:\\\/\\\/www.ejercito.mil.uy\\\/index.php\\\/2022\\\/09\\\/07\\\/maestria-en-estrategia-nacional\\\/#authorImage\",\"url\":\"https:\\\/\\\/secure.gravatar.com\\\/avatar\\\/89bb77d4bf696501dd94ca89e6794e1787eaffba7c7197528d249e15bd099f68?s=96&d=mm&r=g\",\"width\":96,\"height\":96,\"caption\":\"Alejandro Castro\"}},{\"@type\":\"WebPage\",\"@id\":\"https:\\\/\\\/www.ejercito.mil.uy\\\/index.php\\\/2022\\\/09\\\/07\\\/maestria-en-estrategia-nacional\\\/#webpage\",\"url\":\"https:\\\/\\\/www.ejercito.mil.uy\\\/index.php\\\/2022\\\/09\\\/07\\\/maestria-en-estrategia-nacional\\\/\",\"name\":\"Maestr\\u00eda en Estrategia Nacional - Ej\\u00e9rcito Nacional\",\"description\":\"07.09.2022 - Compartimos el afiche para cursar Maestr\\u00eda en Estrategia Nacional que se imparte en el Centro de Altos Estudios Nacionales (CALEN).\",\"inLanguage\":\"es-UY\",\"isPartOf\":{\"@id\":\"https:\\\/\\\/www.ejercito.mil.uy\\\/#website\"},\"breadcrumb\":{\"@id\":\"https:\\\/\\\/www.ejercito.mil.uy\\\/index.php\\\/2022\\\/09\\\/07\\\/maestria-en-estrategia-nacional\\\/#breadcrumblist\"},\"author\":{\"@id\":\"https:\\\/\\\/www.ejercito.mil.uy\\\/index.php\\\/author\\\/acastro\\\/#author\"},\"creator\":{\"@id\":\"https:\\\/\\\/www.ejercito.mil.uy\\\/index.php\\\/author\\\/acastro\\\/#author\"},\"image\":{\"@type\":\"ImageObject\",\"url\":\"https:\\\/\\\/www.ejercito.mil.uy\\\/wp-content\\\/uploads\\\/2022\\\/09\\\/Logo-CALEN.jpg\",\"@id\":\"https:\\\/\\\/www.ejercito.mil.uy\\\/index.php\\\/2022\\\/09\\\/07\\\/maestria-en-estrategia-nacional\\\/#mainImage\",\"width\":1200,\"height\":800},\"primaryImageOfPage\":{\"@id\":\"https:\\\/\\\/www.ejercito.mil.uy\\\/index.php\\\/2022\\\/09\\\/07\\\/maestria-en-estrategia-nacional\\\/#mainImage\"},\"datePublished\":\"2022-09-07T23:00:00-03:00\",\"dateModified\":\"2022-09-12T10:27:25-03:00\"},{\"@type\":\"WebSite\",\"@id\":\"https:\\\/\\\/www.ejercito.mil.uy\\\/#website\",\"url\":\"https:\\\/\\\/www.ejercito.mil.uy\\\/\",\"name\":\"Ej\\u00e9rcito Nacional\",\"description\":\"La Fuerza de todos\",\"inLanguage\":\"es-UY\",\"publisher\":{\"@id\":\"https:\\\/\\\/www.ejercito.mil.uy\\\/#organization\"}}]}\n\t\t<\/script>\n\t\t<!-- All in One SEO -->\n\n","aioseo_head_json":{"title":"Maestr\u00eda en Estrategia Nacional - Ej\u00e9rcito Nacional","description":"07.09.2022 - Compartimos el afiche para cursar Maestr\u00eda en Estrategia Nacional que se imparte en el Centro de Altos Estudios Nacionales (CALEN).","canonical_url":"https:\/\/www.ejercito.mil.uy\/index.php\/2022\/09\/07\/maestria-en-estrategia-nacional\/","robots":"max-image-preview:large","keywords":"","webmasterTools":{"miscellaneous":""},"schema":{"@context":"https:\/\/schema.org","@graph":[{"@type":"BlogPosting","@id":"https:\/\/www.ejercito.mil.uy\/index.php\/2022\/09\/07\/maestria-en-estrategia-nacional\/#blogposting","name":"Maestr\u00eda en Estrategia Nacional - Ej\u00e9rcito Nacional","headline":"Maestr\u00eda en Estrategia Nacional","author":{"@id":"https:\/\/www.ejercito.mil.uy\/index.php\/author\/acastro\/#author"},"publisher":{"@id":"https:\/\/www.ejercito.mil.uy\/#organization"},"image":{"@type":"ImageObject","url":"https:\/\/www.ejercito.mil.uy\/wp-content\/uploads\/2022\/09\/Logo-CALEN.jpg","width":1200,"height":800},"datePublished":"2022-09-07T23:00:00-03:00","dateModified":"2022-09-12T10:27:25-03:00","inLanguage":"es-UY","mainEntityOfPage":{"@id":"https:\/\/www.ejercito.mil.uy\/index.php\/2022\/09\/07\/maestria-en-estrategia-nacional\/#webpage"},"isPartOf":{"@id":"https:\/\/www.ejercito.mil.uy\/index.php\/2022\/09\/07\/maestria-en-estrategia-nacional\/#webpage"},"articleSection":"Blog, Noticias, Sin categor\u00eda, afiche, Ej\u00e9rcito, estrategia, inscripci\u00f3n, mestr\u00eda"},{"@type":"BreadcrumbList","@id":"https:\/\/www.ejercito.mil.uy\/index.php\/2022\/09\/07\/maestria-en-estrategia-nacional\/#breadcrumblist","itemListElement":[{"@type":"ListItem","@id":"https:\/\/www.ejercito.mil.uy#listItem","position":1,"name":"Home","item":"https:\/\/www.ejercito.mil.uy","nextItem":{"@type":"ListItem","@id":"https:\/\/www.ejercito.mil.uy\/index.php\/category\/destacados\/#listItem","name":"Destacados"}},{"@type":"ListItem","@id":"https:\/\/www.ejercito.mil.uy\/index.php\/category\/destacados\/#listItem","position":2,"name":"Destacados","item":"https:\/\/www.ejercito.mil.uy\/index.php\/category\/destacados\/","nextItem":{"@type":"ListItem","@id":"https:\/\/www.ejercito.mil.uy\/index.php\/category\/destacados\/noticias\/#listItem","name":"Noticias"},"previousItem":{"@type":"ListItem","@id":"https:\/\/www.ejercito.mil.uy#listItem","name":"Home"}},{"@type":"ListItem","@id":"https:\/\/www.ejercito.mil.uy\/index.php\/category\/destacados\/noticias\/#listItem","position":3,"name":"Noticias","item":"https:\/\/www.ejercito.mil.uy\/index.php\/category\/destacados\/noticias\/","nextItem":{"@type":"ListItem","@id":"https:\/\/www.ejercito.mil.uy\/index.php\/2022\/09\/07\/maestria-en-estrategia-nacional\/#listItem","name":"Maestr\u00eda en Estrategia Nacional"},"previousItem":{"@type":"ListItem","@id":"https:\/\/www.ejercito.mil.uy\/index.php\/category\/destacados\/#listItem","name":"Destacados"}},{"@type":"ListItem","@id":"https:\/\/www.ejercito.mil.uy\/index.php\/2022\/09\/07\/maestria-en-estrategia-nacional\/#listItem","position":4,"name":"Maestr\u00eda en Estrategia Nacional","previousItem":{"@type":"ListItem","@id":"https:\/\/www.ejercito.mil.uy\/index.php\/category\/destacados\/noticias\/#listItem","name":"Noticias"}}]},{"@type":"Organization","@id":"https:\/\/www.ejercito.mil.uy\/#organization","name":"Ej\u00e9rcito Nacional","description":"La Fuerza de todos","url":"https:\/\/www.ejercito.mil.uy\/","logo":{"@type":"ImageObject","url":"https:\/\/www.ejercito.mil.uy\/wp-content\/uploads\/2022\/01\/Escudo_EN_URUGUAY.png","@id":"https:\/\/www.ejercito.mil.uy\/index.php\/2022\/09\/07\/maestria-en-estrategia-nacional\/#organizationLogo","width":134,"height":119},"image":{"@id":"https:\/\/www.ejercito.mil.uy\/index.php\/2022\/09\/07\/maestria-en-estrategia-nacional\/#organizationLogo"}},{"@type":"Person","@id":"https:\/\/www.ejercito.mil.uy\/index.php\/author\/acastro\/#author","url":"https:\/\/www.ejercito.mil.uy\/index.php\/author\/acastro\/","name":"Alejandro Castro","image":{"@type":"ImageObject","@id":"https:\/\/www.ejercito.mil.uy\/index.php\/2022\/09\/07\/maestria-en-estrategia-nacional\/#authorImage","url":"https:\/\/secure.gravatar.com\/avatar\/89bb77d4bf696501dd94ca89e6794e1787eaffba7c7197528d249e15bd099f68?s=96&d=mm&r=g","width":96,"height":96,"caption":"Alejandro Castro"}},{"@type":"WebPage","@id":"https:\/\/www.ejercito.mil.uy\/index.php\/2022\/09\/07\/maestria-en-estrategia-nacional\/#webpage","url":"https:\/\/www.ejercito.mil.uy\/index.php\/2022\/09\/07\/maestria-en-estrategia-nacional\/","name":"Maestr\u00eda en Estrategia Nacional - Ej\u00e9rcito Nacional","description":"07.09.2022 - Compartimos el afiche para cursar Maestr\u00eda en Estrategia Nacional que se imparte en el Centro de Altos Estudios Nacionales (CALEN).","inLanguage":"es-UY","isPartOf":{"@id":"https:\/\/www.ejercito.mil.uy\/#website"},"breadcrumb":{"@id":"https:\/\/www.ejercito.mil.uy\/index.php\/2022\/09\/07\/maestria-en-estrategia-nacional\/#breadcrumblist"},"author":{"@id":"https:\/\/www.ejercito.mil.uy\/index.php\/author\/acastro\/#author"},"creator":{"@id":"https:\/\/www.ejercito.mil.uy\/index.php\/author\/acastro\/#author"},"image":{"@type":"ImageObject","url":"https:\/\/www.ejercito.mil.uy\/wp-content\/uploads\/2022\/09\/Logo-CALEN.jpg","@id":"https:\/\/www.ejercito.mil.uy\/index.php\/2022\/09\/07\/maestria-en-estrategia-nacional\/#mainImage","width":1200,"height":800},"primaryImageOfPage":{"@id":"https:\/\/www.ejercito.mil.uy\/index.php\/2022\/09\/07\/maestria-en-estrategia-nacional\/#mainImage"},"datePublished":"2022-09-07T23:00:00-03:00","dateModified":"2022-09-12T10:27:25-03:00"},{"@type":"WebSite","@id":"https:\/\/www.ejercito.mil.uy\/#website","url":"https:\/\/www.ejercito.mil.uy\/","name":"Ej\u00e9rcito Nacional","description":"La Fuerza de todos","inLanguage":"es-UY","publisher":{"@id":"https:\/\/www.ejercito.mil.uy\/#organization"}}]},"og:locale":"es_ES","og:site_name":"Ej\u00e9rcito Nacional - La Fuerza de todos","og:type":"article","og:title":"Maestr\u00eda en Estrategia Nacional - Ej\u00e9rcito Nacional","og:description":"07.09.2022 - Compartimos el afiche para cursar Maestr\u00eda en Estrategia Nacional que se imparte en el Centro de Altos Estudios Nacionales (CALEN).","og:url":"https:\/\/www.ejercito.mil.uy\/index.php\/2022\/09\/07\/maestria-en-estrategia-nacional\/","og:image":"https:\/\/www.ejercito.mil.uy\/wp-content\/uploads\/2022\/01\/Escudo_EN_URUGUAY.png","og:image:secure_url":"https:\/\/www.ejercito.mil.uy\/wp-content\/uploads\/2022\/01\/Escudo_EN_URUGUAY.png","og:image:width":134,"og:image:height":119,"article:published_time":"2022-09-08T02:00:00+00:00","article:modified_time":"2022-09-12T13:27:25+00:00","twitter:card":"summary_large_image","twitter:title":"Maestr\u00eda en Estrategia Nacional - Ej\u00e9rcito Nacional","twitter:description":"07.09.2022 - Compartimos el afiche para cursar Maestr\u00eda en Estrategia Nacional que se imparte en el Centro de Altos Estudios Nacionales (CALEN).","twitter:image":"https:\/\/www.ejercito.mil.uy\/wp-content\/uploads\/2022\/01\/Escudo_EN_URUGUAY.png"},"aioseo_meta_data":{"post_id":"16075","title":null,"description":null,"keywords":null,"keyphrases":null,"primary_term":null,"canonical_url":null,"og_title":null,"og_description":null,"og_object_type":"default","og_image_type":"default","og_image_url":null,"og_image_width":null,"og_image_height":null,"og_image_custom_url":null,"og_image_custom_fields":null,"og_video":null,"og_custom_url":null,"og_article_section":null,"og_article_tags":null,"twitter_use_og":false,"twitter_card":"default","twitter_image_type":"default","twitter_image_url":null,"twitter_image_custom_url":null,"twitter_image_custom_fields":null,"twitter_title":null,"twitter_description":null,"schema":{"blockGraphs":[],"customGraphs":[],"default":{"data":{"Article":[],"Course":[],"Dataset":[],"FAQPage":[],"Movie":[],"Person":[],"Product":[],"ProductReview":[],"Car":[],"Recipe":[],"Service":[],"SoftwareApplication":[],"WebPage":[]},"graphName":"","isEnabled":true},"graphs":[]},"schema_type":"default","schema_type_options":null,"pillar_content":false,"robots_default":true,"robots_noindex":false,"robots_noarchive":false,"robots_nosnippet":false,"robots_nofollow":false,"robots_noimageindex":false,"robots_noodp":false,"robots_notranslate":false,"robots_max_snippet":null,"robots_max_videopreview":null,"robots_max_imagepreview":"large","priority":null,"frequency":null,"local_seo":null,"breadcrumb_settings":null,"limit_modified_date":false,"ai":null,"created":"2025-08-30 03:17:01","updated":"2025-08-30 03:17:01","seo_analyzer_scan_date":null,"focus_keyword":null,"additional_keywords":null,"truseo_locale":null},"aioseo_breadcrumb":"<div class=\"aioseo-breadcrumbs\"><span class=\"aioseo-breadcrumb\">\n\t\t\t<a href=\"https:\/\/www.ejercito.mil.uy\" title=\"Home\">Home<\/a>\n\t\t<\/span><span class=\"aioseo-breadcrumb-separator\">&raquo;<\/span><span class=\"aioseo-breadcrumb\">\n\t\t\t<a href=\"https:\/\/www.ejercito.mil.uy\/index.php\/category\/destacados\/\" title=\"Destacados\">Destacados<\/a>\n\t\t<\/span><span class=\"aioseo-breadcrumb-separator\">&raquo;<\/span><span class=\"aioseo-breadcrumb\">\n\t\t\t<a href=\"https:\/\/www.ejercito.mil.uy\/index.php\/category\/destacados\/noticias\/\" title=\"Noticias\">Noticias<\/a>\n\t\t<\/span><span class=\"aioseo-breadcrumb-separator\">&raquo;<\/span><span class=\"aioseo-breadcrumb\">\n\t\t\tMaestr\u00eda en Estrategia Nacional\n\t\t<\/span><\/div>","aioseo_breadcrumb_json":[{"label":"Home","link":"https:\/\/www.ejercito.mil.uy"},{"label":"Destacados","link":"https:\/\/www.ejercito.mil.uy\/index.php\/category\/destacados\/"},{"label":"Noticias","link":"https:\/\/www.ejercito.mil.uy\/index.php\/category\/destacados\/noticias\/"},{"label":"Maestr\u00eda en Estrategia Nacional","link":"https:\/\/www.ejercito.mil.uy\/index.php\/2022\/09\/07\/maestria-en-estrategia-nacional\/"}],"_links":{"self":[{"href":"https:\/\/www.ejercito.mil.uy\/index.php\/wp-json\/wp\/v2\/posts\/16075","targetHints":{"allow":["GET"]}}],"collection":[{"href":"https:\/\/www.ejercito.mil.uy\/index.php\/wp-json\/wp\/v2\/posts"}],"about":[{"href":"https:\/\/www.ejercito.mil.uy\/index.php\/wp-json\/wp\/v2\/types\/post"}],"author":[{"embeddable":true,"href":"https:\/\/www.ejercito.mil.uy\/index.php\/wp-json\/wp\/v2\/users\/4"}],"replies":[{"embeddable":true,"href":"https:\/\/www.ejercito.mil.uy\/index.php\/wp-json\/wp\/v2\/comments?post=16075"}],"version-history":[{"count":3,"href":"https:\/\/www.ejercito.mil.uy\/index.php\/wp-json\/wp\/v2\/posts\/16075\/revisions"}],"predecessor-version":[{"id":16080,"href":"https:\/\/www.ejercito.mil.uy\/index.php\/wp-json\/wp\/v2\/posts\/16075\/revisions\/16080"}],"wp:featuredmedia":[{"embeddable":true,"href":"https:\/\/www.ejercito.mil.uy\/index.php\/wp-json\/wp\/v2\/media\/16079"}],"wp:attachment":[{"href":"https:\/\/www.ejercito.mil.uy\/index.php\/wp-json\/wp\/v2\/media?parent=16075"}],"wp:term":[{"taxonomy":"category","embeddable":true,"href":"https:\/\/www.ejercito.mil.uy\/index.php\/wp-json\/wp\/v2\/categories?post=16075"},{"taxonomy":"post_tag","embeddable":true,"href":"https:\/\/www.ejercito.mil.uy\/index.php\/wp-json\/wp\/v2\/tags?post=16075"}],"curies":[{"name":"wp","href":"https:\/\/api.w.org\/{rel}","templated":true}]}}