{"id":16207,"date":"2022-09-11T16:05:32","date_gmt":"2022-09-11T19:05:32","guid":{"rendered":"https:\/\/www.ejercito.mil.uy\/?p=16207"},"modified":"2022-09-12T16:10:53","modified_gmt":"2022-09-12T19:10:53","slug":"apoyo-por-parte-del-regimiento-patria-de-caballeria-blindado-n-8","status":"publish","type":"post","link":"https:\/\/www.ejercito.mil.uy\/index.php\/2022\/09\/11\/apoyo-por-parte-del-regimiento-patria-de-caballeria-blindado-n-8\/","title":{"rendered":"Apoyo por parte del Regimiento \u00abPatria\u00bb de Caballer\u00eda Blindado N\u00b0 8"},"content":{"rendered":"\n<p class=\"has-small-font-size\">11.09.2022  &#8211; Cerro Largo <\/p>\n\n\n\n<div style=\"height:50px\" aria-hidden=\"true\" class=\"wp-block-spacer\"><\/div>\n\n\n\n<p class=\"has-background\" style=\"background-color:#a00050\"><span class=\"has-inline-color has-white-color\"><strong>El pasado 2 de setiembre, culmin\u00f3 el apoyo del Regimiento \u00abPatria\u00bb<\/strong> <strong>de Caballer\u00eda Blindado N\u00b0 8 a la Direcci\u00f3n de Gesti\u00f3n Social de la Intendencia Departamental de Cerro Largo, en el marco del plan \u00abPlato Caliente\u00bb. <\/strong><\/span><\/p>\n\n\n\n<div style=\"height:50px\" aria-hidden=\"true\" class=\"wp-block-spacer\"><\/div>\n\n\n\n<p>Esta colaboraci\u00f3n fue dirigida a las familias m\u00e1s carenciadas del Departamento, por lo tanto esta Unidad representando al Ej\u00e9rcito Nacional, se ocup\u00f3 del bienestar de esta poblaci\u00f3n. <\/p>\n\n\n\n<div style=\"height:50px\" aria-hidden=\"true\" class=\"wp-block-spacer\"><\/div>\n\n\n\n<p>Se confeccion\u00f3 un total de 91.800 plazas de alimentos. <\/p>\n\n\n\n<div style=\"height:50px\" aria-hidden=\"true\" class=\"wp-block-spacer\"><\/div>\n\n\n\n<p>Toda esta tarea llev\u00f3 un esfuerzo de planificaci\u00f3n, entrenamiento y adaptaci\u00f3n, por lo cual se comenz\u00f3 con los preparativos un mes antes del comenzar con el apoyo. <\/p>\n\n\n\n<div style=\"height:50px\" aria-hidden=\"true\" class=\"wp-block-spacer\"><\/div>\n\n\n\n<p>Previo al inicio, se construy\u00f3 un espacio en una \u00e1rea abierta, que reduc\u00eda las posibilidades de contagio de los efectivos que trabajaron en jornadas de m\u00e1s de 12 horas durante 65 d\u00edas. <\/p>\n\n\n\n<div style=\"height:50px\" aria-hidden=\"true\" class=\"wp-block-spacer\"><\/div>\n\n\n\n<p>Este servicio fue brindado a la poblaci\u00f3n de lunes a viernes, pero asumi\u00f3 un esfuerzo extra que comenzaba todos los domingos a temprana hora, mediante la higienizaci\u00f3n de la zona, preparaci\u00f3n de los alimentos y las previsiones log\u00edsticas, computando as\u00ed 9.360 horas de servicio, procesando 6.942 kg. de carne, 22.289 kg. de verduras y 11.532 kg. de v\u00edveres secos.<\/p>\n\n\n\n<div style=\"height:50px\" aria-hidden=\"true\" class=\"wp-block-spacer\"><\/div>\n\n\n\n<p>De forma directa, fueron 12 efectivos quienes tuvieron la posibilidad de colaborar con nuestros compatriotas; de forma indirecta todos los integrantes de la Unidad, sin importar domingos ni feriados. <\/p>\n\n\n\n<div style=\"height:50px\" aria-hidden=\"true\" class=\"wp-block-spacer\"><\/div>\n\n\n\n<p>\u00a1Gracias camaradas! <\/p>\n\n\n\n<div style=\"height:50px\" aria-hidden=\"true\" class=\"wp-block-spacer\"><\/div>\n\n\n\n<div aria-label=\"Carousel Gallery\" class=\"wp-block-coblocks-gallery-carousel\"><div class=\"coblocks-gallery-carousel-swiper-container is-cropped coblocks-gallery has-no-alignment has-caption-style-dark has-horizontal-gutter has-no-thumbnails\"><div class=\"has-carousel has-carousel-xlrg swiper-container\" data-swiper=\"{&quot;alignCells&quot;:false,&quot;autoPlay&quot;:false,&quot;autoPlaySpeed&quot;:3000,&quot;draggable&quot;:true,&quot;freeScroll&quot;:false,&quot;loop&quot;:false,&quot;navigation&quot;:true,&quot;pageDots&quot;:false,&quot;pauseHover&quot;:false,&quot;responsiveHeight&quot;:false,&quot;slidesPerView&quot;:1,&quot;thumbnails&quot;:false,&quot;uuid&quot;:&quot;12345&quot;}\" id=\"12345\" style=\"height:550px\"><div class=\"swiper-wrapper\"><div class=\"swiper-slide\"><div class=\"coblocks-gallery--item\" role=\"button\"><figure class=\"coblocks-gallery--figure has-margin-left-5 has-margin-left-mobile-5 has-margin-right-5 has-margin-right-mobile-5\"><img fetchpriority=\"high\" decoding=\"async\" width=\"1024\" height=\"683\" alt=\"\" class=\"wp-image-16214\" data-id=\"16214\" data-link=\"https:\/\/www.ejercito.mil.uy\/?attachment_id=16214\" src=\"https:\/\/www.ejercito.mil.uy\/wp-content\/uploads\/2022\/09\/Apoyo-por-parte-del-Regimiento-Patria-de-Caballeria-Blindado-N\u00b0-8-6-1-1024x683.jpg\" srcset=\"https:\/\/www.ejercito.mil.uy\/wp-content\/uploads\/2022\/09\/Apoyo-por-parte-del-Regimiento-Patria-de-Caballeria-Blindado-N\u00b0-8-6-1-1024x683.jpg 1024w, https:\/\/www.ejercito.mil.uy\/wp-content\/uploads\/2022\/09\/Apoyo-por-parte-del-Regimiento-Patria-de-Caballeria-Blindado-N\u00b0-8-6-1-300x200.jpg 300w, https:\/\/www.ejercito.mil.uy\/wp-content\/uploads\/2022\/09\/Apoyo-por-parte-del-Regimiento-Patria-de-Caballeria-Blindado-N\u00b0-8-6-1.jpg 1200w\" sizes=\"(max-width: 1024px) 100vw, 1024px\" \/><\/figure><figcaption class=\"coblocks-gallery--caption coblocks-gallery--primary-caption\"><\/figcaption><\/div><\/div><div class=\"swiper-slide\"><div class=\"coblocks-gallery--item\" role=\"button\"><figure class=\"coblocks-gallery--figure has-margin-left-5 has-margin-left-mobile-5 has-margin-right-5 has-margin-right-mobile-5\"><img decoding=\"async\" width=\"1024\" height=\"683\" alt=\"\" class=\"wp-image-16215\" data-id=\"16215\" data-link=\"https:\/\/www.ejercito.mil.uy\/?attachment_id=16215\" src=\"https:\/\/www.ejercito.mil.uy\/wp-content\/uploads\/2022\/09\/Apoyo-por-parte-del-Regimiento-Patria-de-Caballeria-Blindado-N\u00b0-8-5-1-1024x683.jpg\" srcset=\"https:\/\/www.ejercito.mil.uy\/wp-content\/uploads\/2022\/09\/Apoyo-por-parte-del-Regimiento-Patria-de-Caballeria-Blindado-N\u00b0-8-5-1-1024x683.jpg 1024w, https:\/\/www.ejercito.mil.uy\/wp-content\/uploads\/2022\/09\/Apoyo-por-parte-del-Regimiento-Patria-de-Caballeria-Blindado-N\u00b0-8-5-1-300x200.jpg 300w, https:\/\/www.ejercito.mil.uy\/wp-content\/uploads\/2022\/09\/Apoyo-por-parte-del-Regimiento-Patria-de-Caballeria-Blindado-N\u00b0-8-5-1.jpg 1200w\" sizes=\"(max-width: 1024px) 100vw, 1024px\" \/><\/figure><figcaption class=\"coblocks-gallery--caption coblocks-gallery--primary-caption\"><\/figcaption><\/div><\/div><div class=\"swiper-slide\"><div class=\"coblocks-gallery--item\" role=\"button\"><figure class=\"coblocks-gallery--figure has-margin-left-5 has-margin-left-mobile-5 has-margin-right-5 has-margin-right-mobile-5\"><img decoding=\"async\" width=\"1024\" height=\"683\" alt=\"\" class=\"wp-image-16211\" data-id=\"16211\" data-link=\"https:\/\/www.ejercito.mil.uy\/?attachment_id=16211\" src=\"https:\/\/www.ejercito.mil.uy\/wp-content\/uploads\/2022\/09\/Apoyo-por-parte-del-Regimiento-Patria-de-Caballeria-Blindado-N\u00b0-8-1-1024x683.jpg\" srcset=\"https:\/\/www.ejercito.mil.uy\/wp-content\/uploads\/2022\/09\/Apoyo-por-parte-del-Regimiento-Patria-de-Caballeria-Blindado-N\u00b0-8-1-1024x683.jpg 1024w, https:\/\/www.ejercito.mil.uy\/wp-content\/uploads\/2022\/09\/Apoyo-por-parte-del-Regimiento-Patria-de-Caballeria-Blindado-N\u00b0-8-1-300x200.jpg 300w, https:\/\/www.ejercito.mil.uy\/wp-content\/uploads\/2022\/09\/Apoyo-por-parte-del-Regimiento-Patria-de-Caballeria-Blindado-N\u00b0-8-1.jpg 1200w\" sizes=\"(max-width: 1024px) 100vw, 1024px\" \/><\/figure><figcaption class=\"coblocks-gallery--caption coblocks-gallery--primary-caption\"><\/figcaption><\/div><\/div><div class=\"swiper-slide\"><div class=\"coblocks-gallery--item\" role=\"button\"><figure class=\"coblocks-gallery--figure has-margin-left-5 has-margin-left-mobile-5 has-margin-right-5 has-margin-right-mobile-5\"><img loading=\"lazy\" decoding=\"async\" width=\"1024\" height=\"683\" alt=\"\" class=\"wp-image-16210\" data-id=\"16210\" data-link=\"https:\/\/www.ejercito.mil.uy\/?attachment_id=16210\" src=\"https:\/\/www.ejercito.mil.uy\/wp-content\/uploads\/2022\/09\/Apoyo-por-parte-del-Regimiento-Patria-de-Caballeria-Blindado-N\u00b0-8-3-1024x683.jpg\" srcset=\"https:\/\/www.ejercito.mil.uy\/wp-content\/uploads\/2022\/09\/Apoyo-por-parte-del-Regimiento-Patria-de-Caballeria-Blindado-N\u00b0-8-3-1024x683.jpg 1024w, https:\/\/www.ejercito.mil.uy\/wp-content\/uploads\/2022\/09\/Apoyo-por-parte-del-Regimiento-Patria-de-Caballeria-Blindado-N\u00b0-8-3-300x200.jpg 300w, https:\/\/www.ejercito.mil.uy\/wp-content\/uploads\/2022\/09\/Apoyo-por-parte-del-Regimiento-Patria-de-Caballeria-Blindado-N\u00b0-8-3.jpg 1200w\" sizes=\"(max-width: 1024px) 100vw, 1024px\" \/><\/figure><figcaption class=\"coblocks-gallery--caption coblocks-gallery--primary-caption\"><\/figcaption><\/div><\/div><\/div><button class=\"nav-button__prev\" id=\"12345-prev\"><\/button><button class=\"nav-button__next\" id=\"12345-next\"><\/button><\/div><\/div><\/div>\n\n\n\n<div style=\"height:50px\" aria-hidden=\"true\" class=\"wp-block-spacer\"><\/div>\n\n\n\n<div style=\"height:50px\" aria-hidden=\"true\" class=\"wp-block-spacer\"><\/div>\n","protected":false},"excerpt":{"rendered":"<p>11.09.2022 &#8211; El pasado 2 de setiembre, culmin\u00f3 el apoyo del Regimiento \u00abPatria\u00bb de Caballer\u00eda Blindado N\u00b0 8 a la Direcci\u00f3n de Gesti\u00f3n Social de la Intendencia Departamental de Cerro Largo, en el marco del plan \u00abPlato Caliente\u00bb. <\/p>\n","protected":false},"author":14,"featured_media":16209,"comment_status":"open","ping_status":"open","sticky":false,"template":"","format":"standard","meta":{"_coblocks_attr":"","_coblocks_dimensions":"","_coblocks_responsive_height":"","_coblocks_accordion_ie_support":"","_monsterinsights_skip_tracking":false,"_monsterinsights_sitenote_active":false,"_monsterinsights_sitenote_note":"","_monsterinsights_sitenote_category":0,"_uf_show_specific_survey":0,"_uf_disable_surveys":false,"footnotes":""},"categories":[2,14,1],"tags":[80,27,141,458,557],"class_list":["post-16207","post","type-post","status-publish","format-standard","has-post-thumbnail","hentry","category-blog","category-noticias","category-sin-categoria","tag-alimentos","tag-apoyo","tag-caballeria","tag-contribucion","tag-ejercito"],"aioseo_notices":[],"_links":{"self":[{"href":"https:\/\/www.ejercito.mil.uy\/index.php\/wp-json\/wp\/v2\/posts\/16207","targetHints":{"allow":["GET"]}}],"collection":[{"href":"https:\/\/www.ejercito.mil.uy\/index.php\/wp-json\/wp\/v2\/posts"}],"about":[{"href":"https:\/\/www.ejercito.mil.uy\/index.php\/wp-json\/wp\/v2\/types\/post"}],"author":[{"embeddable":true,"href":"https:\/\/www.ejercito.mil.uy\/index.php\/wp-json\/wp\/v2\/users\/14"}],"replies":[{"embeddable":true,"href":"https:\/\/www.ejercito.mil.uy\/index.php\/wp-json\/wp\/v2\/comments?post=16207"}],"version-history":[{"count":3,"href":"https:\/\/www.ejercito.mil.uy\/index.php\/wp-json\/wp\/v2\/posts\/16207\/revisions"}],"predecessor-version":[{"id":16218,"href":"https:\/\/www.ejercito.mil.uy\/index.php\/wp-json\/wp\/v2\/posts\/16207\/revisions\/16218"}],"wp:featuredmedia":[{"embeddable":true,"href":"https:\/\/www.ejercito.mil.uy\/index.php\/wp-json\/wp\/v2\/media\/16209"}],"wp:attachment":[{"href":"https:\/\/www.ejercito.mil.uy\/index.php\/wp-json\/wp\/v2\/media?parent=16207"}],"wp:term":[{"taxonomy":"category","embeddable":true,"href":"https:\/\/www.ejercito.mil.uy\/index.php\/wp-json\/wp\/v2\/categories?post=16207"},{"taxonomy":"post_tag","embeddable":true,"href":"https:\/\/www.ejercito.mil.uy\/index.php\/wp-json\/wp\/v2\/tags?post=16207"}],"curies":[{"name":"wp","href":"https:\/\/api.w.org\/{rel}","templated":true}]}}