{"id":1633,"date":"2021-04-01T09:00:00","date_gmt":"2021-04-01T12:00:00","guid":{"rendered":"http:\/\/www.ejercito.mil.uy\/?p=1633"},"modified":"2021-04-05T09:13:26","modified_gmt":"2021-04-05T12:13:26","slug":"hasta-siempre","status":"publish","type":"post","link":"https:\/\/www.ejercito.mil.uy\/index.php\/2021\/04\/01\/hasta-siempre\/","title":{"rendered":"Hasta siempre"},"content":{"rendered":"\n<p class=\"wp-block-paragraph\">01.04.2021 &#8211; Goma, Rep\u00fablica Democr\u00e1tica del Congo<\/p>\n\n\n\n<div style=\"height:35px\" aria-hidden=\"true\" class=\"wp-block-spacer\"><\/div>\n\n\n\n<p class=\"wp-block-paragraph\">El Comandante de la Fuerza de la MONUSCO,<strong> Gral. Ricardo Augusto Ferreira Costa<\/strong> (perteneciente al <a href=\"https:\/\/www.facebook.com\/exercito\/?__cft__[0]=AZWziVC6lzkjMLNf9OR4ZBKMuLHblTPzob9CMpMIRPVGnoi-5U-5W4oMSB17UlE04eJQC4tooxWIyrEcyI1OCfaYrqjTYFCS4l8IvMaa7VrVoEIm2QQpuU9vBuXOGDaMTNF0h_3kWL2KAUQFv90TXjyu&amp;__tn__=kK-R\" target=\"_blank\" rel=\"noreferrer noopener\">Ex\u00e9rcito Brasileiro<\/a>), se despidi\u00f3 del <strong>Batall\u00f3n de Infanter\u00eda \u00abUruguay IV\u00bb<\/strong>, en la Rep\u00fablica Democr\u00e1tica del Congo, tras haber finalizado su per\u00edodo.<\/p>\n\n\n\n<div style=\"height:35px\" aria-hidden=\"true\" class=\"wp-block-spacer\"><\/div>\n\n\n\n<p class=\"wp-block-paragraph\">En la oportunidad el Sr. Gral., agradeci\u00f3 el trabajo y el apoyo permanente del URUBATT a lo largo de su gesti\u00f3n. Durante la ceremonia, el Sr. Jefe del Batall\u00f3n, <strong>Cnel. Pablo Gonz\u00e1lez<\/strong> le obsequi\u00f3 un pabell\u00f3n patrio, agradeci\u00e9ndole la conducci\u00f3n de la Fuerza por \u00e9l realizada.<\/p>\n\n\n\n<div style=\"height:35px\" aria-hidden=\"true\" class=\"wp-block-spacer\"><\/div>\n\n\n\n<div class=\"wp-block-coblocks-gallery-carousel coblocks-animate\" data-coblocks-animation=\"clipHorizontal\"><div class=\"is-cropped coblocks-gallery has-no-alignment has-caption-style-dark has-horizontal-gutter has-lightbox\"><div class=\"has-carousel has-carousel-lrg\" style=\"height:400px\" data-flickity=\"{&quot;autoPlay&quot;:4000,&quot;draggable&quot;:true,&quot;pageDots&quot;:false,&quot;prevNextButtons&quot;:true,&quot;wrapAround&quot;:true,&quot;cellAlign&quot;:&quot;center&quot;,&quot;pauseAutoPlayOnHover&quot;:false,&quot;freeScroll&quot;:true,&quot;arrowShape&quot;:{&quot;x0&quot;:10,&quot;x1&quot;:60,&quot;y1&quot;:50,&quot;x2&quot;:65,&quot;y2&quot;:45,&quot;x3&quot;:20},&quot;thumbnails&quot;:false,&quot;responsiveHeight&quot;:false}\"><div class=\"coblocks-gallery--item\"><figure class=\"coblocks-gallery--figure has-margin-left-10 has-margin-left-mobile-5 has-margin-right-10 has-margin-right-mobile-5\"><img loading=\"lazy\" decoding=\"async\" width=\"1024\" height=\"683\" src=\"http:\/\/www.ejercito.mil.uy\/wp-content\/uploads\/2021\/04\/2-1-1024x683.jpg\" alt=\"\" data-id=\"1635\" data-link=\"http:\/\/www.ejercito.mil.uy\/index.php\/2021\/04\/01\/hasta-siempre\/2-1\/\" class=\"wp-image-1635\" srcset=\"https:\/\/www.ejercito.mil.uy\/wp-content\/uploads\/2021\/04\/2-1-1024x683.jpg 1024w, https:\/\/www.ejercito.mil.uy\/wp-content\/uploads\/2021\/04\/2-1-300x200.jpg 300w, https:\/\/www.ejercito.mil.uy\/wp-content\/uploads\/2021\/04\/2-1.jpg 1200w\" sizes=\"auto, (max-width: 1024px) 100vw, 1024px\" \/><\/figure><\/div><div class=\"coblocks-gallery--item\"><figure class=\"coblocks-gallery--figure has-margin-left-10 has-margin-left-mobile-5 has-margin-right-10 has-margin-right-mobile-5\"><img loading=\"lazy\" decoding=\"async\" width=\"1024\" height=\"683\" src=\"http:\/\/www.ejercito.mil.uy\/wp-content\/uploads\/2021\/04\/167113163_4239559059401213_7589779639934450392_n-1-1024x683.jpg\" alt=\"\" data-id=\"1642\" data-link=\"http:\/\/www.ejercito.mil.uy\/index.php\/2021\/04\/01\/hasta-siempre\/167113163_4239559059401213_7589779639934450392_n-1\/\" class=\"wp-image-1642\" srcset=\"https:\/\/www.ejercito.mil.uy\/wp-content\/uploads\/2021\/04\/167113163_4239559059401213_7589779639934450392_n-1-1024x683.jpg 1024w, https:\/\/www.ejercito.mil.uy\/wp-content\/uploads\/2021\/04\/167113163_4239559059401213_7589779639934450392_n-1-300x200.jpg 300w, https:\/\/www.ejercito.mil.uy\/wp-content\/uploads\/2021\/04\/167113163_4239559059401213_7589779639934450392_n-1.jpg 1200w\" sizes=\"auto, (max-width: 1024px) 100vw, 1024px\" \/><\/figure><\/div><div class=\"coblocks-gallery--item\"><figure class=\"coblocks-gallery--figure has-margin-left-10 has-margin-left-mobile-5 has-margin-right-10 has-margin-right-mobile-5\"><img loading=\"lazy\" decoding=\"async\" width=\"1024\" height=\"683\" src=\"http:\/\/www.ejercito.mil.uy\/wp-content\/uploads\/2021\/04\/167554726_4239559336067852_7063204493002763369_n-1-1024x683.jpg\" alt=\"\" data-id=\"1649\" data-link=\"http:\/\/www.ejercito.mil.uy\/index.php\/2021\/04\/01\/hasta-siempre\/167554726_4239559336067852_7063204493002763369_n-1\/\" class=\"wp-image-1649\" srcset=\"https:\/\/www.ejercito.mil.uy\/wp-content\/uploads\/2021\/04\/167554726_4239559336067852_7063204493002763369_n-1-1024x683.jpg 1024w, https:\/\/www.ejercito.mil.uy\/wp-content\/uploads\/2021\/04\/167554726_4239559336067852_7063204493002763369_n-1-300x200.jpg 300w, https:\/\/www.ejercito.mil.uy\/wp-content\/uploads\/2021\/04\/167554726_4239559336067852_7063204493002763369_n-1.jpg 1200w\" sizes=\"auto, (max-width: 1024px) 100vw, 1024px\" \/><\/figure><\/div><div class=\"coblocks-gallery--item\"><figure class=\"coblocks-gallery--figure has-margin-left-10 has-margin-left-mobile-5 has-margin-right-10 has-margin-right-mobile-5\"><img loading=\"lazy\" decoding=\"async\" width=\"1024\" height=\"683\" src=\"http:\/\/www.ejercito.mil.uy\/wp-content\/uploads\/2021\/04\/167434777_4239559486067837_4497015858214564076_n-1-1024x683.jpg\" alt=\"\" data-id=\"1647\" data-link=\"http:\/\/www.ejercito.mil.uy\/index.php\/2021\/04\/01\/hasta-siempre\/167434777_4239559486067837_4497015858214564076_n-1\/\" class=\"wp-image-1647\" srcset=\"https:\/\/www.ejercito.mil.uy\/wp-content\/uploads\/2021\/04\/167434777_4239559486067837_4497015858214564076_n-1-1024x683.jpg 1024w, https:\/\/www.ejercito.mil.uy\/wp-content\/uploads\/2021\/04\/167434777_4239559486067837_4497015858214564076_n-1-300x200.jpg 300w, https:\/\/www.ejercito.mil.uy\/wp-content\/uploads\/2021\/04\/167434777_4239559486067837_4497015858214564076_n-1.jpg 1200w\" sizes=\"auto, (max-width: 1024px) 100vw, 1024px\" \/><\/figure><\/div><div class=\"coblocks-gallery--item\"><figure class=\"coblocks-gallery--figure has-margin-left-10 has-margin-left-mobile-5 has-margin-right-10 has-margin-right-mobile-5\"><img loading=\"lazy\" decoding=\"async\" width=\"1024\" height=\"683\" src=\"http:\/\/www.ejercito.mil.uy\/wp-content\/uploads\/2021\/04\/167050605_4239559162734536_361053090415788040_n-1-1024x683.jpg\" alt=\"\" data-id=\"1637\" data-link=\"http:\/\/www.ejercito.mil.uy\/index.php\/2021\/04\/01\/hasta-siempre\/167050605_4239559162734536_361053090415788040_n-1\/\" class=\"wp-image-1637\" srcset=\"https:\/\/www.ejercito.mil.uy\/wp-content\/uploads\/2021\/04\/167050605_4239559162734536_361053090415788040_n-1-1024x683.jpg 1024w, https:\/\/www.ejercito.mil.uy\/wp-content\/uploads\/2021\/04\/167050605_4239559162734536_361053090415788040_n-1-300x200.jpg 300w, https:\/\/www.ejercito.mil.uy\/wp-content\/uploads\/2021\/04\/167050605_4239559162734536_361053090415788040_n-1.jpg 1200w\" sizes=\"auto, (max-width: 1024px) 100vw, 1024px\" \/><\/figure><\/div><div class=\"coblocks-gallery--item\"><figure class=\"coblocks-gallery--figure has-margin-left-10 has-margin-left-mobile-5 has-margin-right-10 has-margin-right-mobile-5\"><img loading=\"lazy\" decoding=\"async\" width=\"1024\" height=\"683\" src=\"http:\/\/www.ejercito.mil.uy\/wp-content\/uploads\/2021\/04\/167434819_4239559496067836_7788804221995704848_n-1-1024x683.jpg\" alt=\"\" data-id=\"1648\" data-link=\"http:\/\/www.ejercito.mil.uy\/index.php\/2021\/04\/01\/hasta-siempre\/167434819_4239559496067836_7788804221995704848_n-1\/\" class=\"wp-image-1648\" srcset=\"https:\/\/www.ejercito.mil.uy\/wp-content\/uploads\/2021\/04\/167434819_4239559496067836_7788804221995704848_n-1-1024x683.jpg 1024w, https:\/\/www.ejercito.mil.uy\/wp-content\/uploads\/2021\/04\/167434819_4239559496067836_7788804221995704848_n-1-300x200.jpg 300w, https:\/\/www.ejercito.mil.uy\/wp-content\/uploads\/2021\/04\/167434819_4239559496067836_7788804221995704848_n-1.jpg 1200w\" sizes=\"auto, (max-width: 1024px) 100vw, 1024px\" \/><\/figure><\/div><div class=\"coblocks-gallery--item\"><figure class=\"coblocks-gallery--figure has-margin-left-10 has-margin-left-mobile-5 has-margin-right-10 has-margin-right-mobile-5\"><img loading=\"lazy\" decoding=\"async\" width=\"1024\" height=\"683\" src=\"http:\/\/www.ejercito.mil.uy\/wp-content\/uploads\/2021\/04\/167107923_4239559532734499_1223955657835162002_n-1-1024x683.jpg\" alt=\"\" data-id=\"1640\" data-link=\"http:\/\/www.ejercito.mil.uy\/index.php\/2021\/04\/01\/hasta-siempre\/167107923_4239559532734499_1223955657835162002_n-1\/\" class=\"wp-image-1640\" srcset=\"https:\/\/www.ejercito.mil.uy\/wp-content\/uploads\/2021\/04\/167107923_4239559532734499_1223955657835162002_n-1-1024x683.jpg 1024w, https:\/\/www.ejercito.mil.uy\/wp-content\/uploads\/2021\/04\/167107923_4239559532734499_1223955657835162002_n-1-300x200.jpg 300w, https:\/\/www.ejercito.mil.uy\/wp-content\/uploads\/2021\/04\/167107923_4239559532734499_1223955657835162002_n-1.jpg 1200w\" sizes=\"auto, (max-width: 1024px) 100vw, 1024px\" \/><\/figure><\/div><\/div><\/div><\/div>\n\n\n\n<div style=\"height:35px\" aria-hidden=\"true\" class=\"wp-block-spacer\"><\/div>\n\n\n\n<p class=\"wp-block-paragraph\"><\/p>\n","protected":false},"excerpt":{"rendered":"<p>01.04.2021 &#8211; Goma, Rep\u00fablica Democr\u00e1tica del Congo El Comandante de la Fuerza de la MONUSCO, Gral. Ricardo Augusto Ferreira Costa (perteneciente al Ex\u00e9rcito Brasileiro), se despidi\u00f3 del Batall\u00f3n de Infanter\u00eda \u00abUruguay IV\u00bb, en la Rep\u00fablica Democr\u00e1tica del Congo, tras haber finalizado su per\u00edodo. En la oportunidad el Sr. Gral., agradeci\u00f3 el trabajo y el apoyo <a href=\"https:\/\/www.ejercito.mil.uy\/index.php\/2021\/04\/01\/hasta-siempre\/\" class=\"more-link\">&#8230;<span class=\"screen-reader-text\">  Hasta siempre<\/span><\/a><\/p>\n","protected":false},"author":4,"featured_media":1650,"comment_status":"open","ping_status":"open","sticky":false,"template":"","format":"standard","meta":{"_coblocks_attr":"","_coblocks_dimensions":"","_coblocks_responsive_height":"","_coblocks_accordion_ie_support":"","_monsterinsights_skip_tracking":false,"_uf_show_specific_survey":0,"_uf_disable_surveys":false,"footnotes":""},"categories":[2,14],"tags":[],"class_list":["post-1633","post","type-post","status-publish","format-standard","has-post-thumbnail","hentry","category-blog","category-noticias"],"aioseo_notices":[],"aioseo_head":"\n\t\t<!-- All in One SEO 5.0.1.1 - aioseo.com -->\n\t<meta name=\"description\" content=\"01.04.2021 - Goma, Rep\u00fablica Democr\u00e1tica del Congo El Comandante de la Fuerza de la MONUSCO, Gral. Ricardo Augusto Ferreira Costa (perteneciente al Ex\u00e9rcito Brasileiro), se despidi\u00f3 del Batall\u00f3n de Infanter\u00eda &quot;Uruguay IV&quot;, en la Rep\u00fablica Democr\u00e1tica del Congo, tras haber finalizado su per\u00edodo. En la oportunidad el Sr. Gral., agradeci\u00f3 el trabajo y el apoyo\" \/>\n\t<meta name=\"robots\" content=\"max-image-preview:large\" \/>\n\t<meta name=\"author\" content=\"Alejandro Castro\"\/>\n\t<link rel=\"canonical\" href=\"https:\/\/www.ejercito.mil.uy\/index.php\/2021\/04\/01\/hasta-siempre\/\" \/>\n\t<meta name=\"generator\" content=\"All in One SEO (AIOSEO) 5.0.1.1\" \/>\n\t\t<meta property=\"og:locale\" content=\"es_ES\" \/>\n\t\t<meta property=\"og:site_name\" content=\"Ej\u00e9rcito Nacional - La Fuerza de todos\" \/>\n\t\t<meta property=\"og:type\" content=\"article\" \/>\n\t\t<meta property=\"og:title\" content=\"Hasta siempre - Ej\u00e9rcito Nacional\" \/>\n\t\t<meta property=\"og:description\" content=\"01.04.2021 - Goma, Rep\u00fablica Democr\u00e1tica del Congo El Comandante de la Fuerza de la MONUSCO, Gral. Ricardo Augusto Ferreira Costa (perteneciente al Ex\u00e9rcito Brasileiro), se despidi\u00f3 del Batall\u00f3n de Infanter\u00eda &quot;Uruguay IV&quot;, en la Rep\u00fablica Democr\u00e1tica del Congo, tras haber finalizado su per\u00edodo. En la oportunidad el Sr. Gral., agradeci\u00f3 el trabajo y el apoyo\" \/>\n\t\t<meta property=\"og:url\" content=\"https:\/\/www.ejercito.mil.uy\/index.php\/2021\/04\/01\/hasta-siempre\/\" \/>\n\t\t<meta property=\"og:image\" content=\"https:\/\/www.ejercito.mil.uy\/wp-content\/uploads\/2022\/01\/Escudo_EN_URUGUAY.png\" \/>\n\t\t<meta property=\"og:image:secure_url\" content=\"https:\/\/www.ejercito.mil.uy\/wp-content\/uploads\/2022\/01\/Escudo_EN_URUGUAY.png\" \/>\n\t\t<meta property=\"og:image:width\" content=\"134\" \/>\n\t\t<meta property=\"og:image:height\" content=\"119\" \/>\n\t\t<meta property=\"article:published_time\" content=\"2021-04-01T12:00:00+00:00\" \/>\n\t\t<meta property=\"article:modified_time\" content=\"2021-04-05T12:13:26+00:00\" \/>\n\t\t<meta name=\"twitter:card\" content=\"summary_large_image\" \/>\n\t\t<meta name=\"twitter:title\" content=\"Hasta siempre - Ej\u00e9rcito Nacional\" \/>\n\t\t<meta name=\"twitter:description\" content=\"01.04.2021 - Goma, Rep\u00fablica Democr\u00e1tica del Congo El Comandante de la Fuerza de la MONUSCO, Gral. Ricardo Augusto Ferreira Costa (perteneciente al Ex\u00e9rcito Brasileiro), se despidi\u00f3 del Batall\u00f3n de Infanter\u00eda &quot;Uruguay IV&quot;, en la Rep\u00fablica Democr\u00e1tica del Congo, tras haber finalizado su per\u00edodo. En la oportunidad el Sr. Gral., agradeci\u00f3 el trabajo y el apoyo\" \/>\n\t\t<meta name=\"twitter:image\" content=\"https:\/\/www.ejercito.mil.uy\/wp-content\/uploads\/2022\/01\/Escudo_EN_URUGUAY.png\" \/>\n\t\t<script type=\"application\/ld+json\" class=\"aioseo-schema\">\n\t\t\t{\"@context\":\"https:\\\/\\\/schema.org\",\"@graph\":[{\"@type\":\"BlogPosting\",\"@id\":\"https:\\\/\\\/www.ejercito.mil.uy\\\/index.php\\\/2021\\\/04\\\/01\\\/hasta-siempre\\\/#blogposting\",\"name\":\"Hasta siempre - Ej\\u00e9rcito Nacional\",\"headline\":\"Hasta siempre\",\"author\":{\"@id\":\"https:\\\/\\\/www.ejercito.mil.uy\\\/index.php\\\/author\\\/acastro\\\/#author\"},\"publisher\":{\"@id\":\"https:\\\/\\\/www.ejercito.mil.uy\\\/#organization\"},\"image\":{\"@type\":\"ImageObject\",\"url\":\"https:\\\/\\\/www.ejercito.mil.uy\\\/wp-content\\\/uploads\\\/2021\\\/04\\\/167695645_4239559056067880_1677453871504158189_n.jpg\",\"width\":1200,\"height\":800},\"datePublished\":\"2021-04-01T09:00:00-03:00\",\"dateModified\":\"2021-04-05T09:13:26-03:00\",\"inLanguage\":\"es-UY\",\"mainEntityOfPage\":{\"@id\":\"https:\\\/\\\/www.ejercito.mil.uy\\\/index.php\\\/2021\\\/04\\\/01\\\/hasta-siempre\\\/#webpage\"},\"isPartOf\":{\"@id\":\"https:\\\/\\\/www.ejercito.mil.uy\\\/index.php\\\/2021\\\/04\\\/01\\\/hasta-siempre\\\/#webpage\"},\"articleSection\":\"Blog, Noticias\"},{\"@type\":\"BreadcrumbList\",\"@id\":\"https:\\\/\\\/www.ejercito.mil.uy\\\/index.php\\\/2021\\\/04\\\/01\\\/hasta-siempre\\\/#breadcrumblist\",\"itemListElement\":[{\"@type\":\"ListItem\",\"@id\":\"https:\\\/\\\/www.ejercito.mil.uy#listItem\",\"position\":1,\"name\":\"Home\",\"item\":\"https:\\\/\\\/www.ejercito.mil.uy\",\"nextItem\":{\"@type\":\"ListItem\",\"@id\":\"https:\\\/\\\/www.ejercito.mil.uy\\\/index.php\\\/category\\\/destacados\\\/#listItem\",\"name\":\"Destacados\"}},{\"@type\":\"ListItem\",\"@id\":\"https:\\\/\\\/www.ejercito.mil.uy\\\/index.php\\\/category\\\/destacados\\\/#listItem\",\"position\":2,\"name\":\"Destacados\",\"item\":\"https:\\\/\\\/www.ejercito.mil.uy\\\/index.php\\\/category\\\/destacados\\\/\",\"nextItem\":{\"@type\":\"ListItem\",\"@id\":\"https:\\\/\\\/www.ejercito.mil.uy\\\/index.php\\\/category\\\/destacados\\\/noticias\\\/#listItem\",\"name\":\"Noticias\"},\"previousItem\":{\"@type\":\"ListItem\",\"@id\":\"https:\\\/\\\/www.ejercito.mil.uy#listItem\",\"name\":\"Home\"}},{\"@type\":\"ListItem\",\"@id\":\"https:\\\/\\\/www.ejercito.mil.uy\\\/index.php\\\/category\\\/destacados\\\/noticias\\\/#listItem\",\"position\":3,\"name\":\"Noticias\",\"item\":\"https:\\\/\\\/www.ejercito.mil.uy\\\/index.php\\\/category\\\/destacados\\\/noticias\\\/\",\"nextItem\":{\"@type\":\"ListItem\",\"@id\":\"https:\\\/\\\/www.ejercito.mil.uy\\\/index.php\\\/2021\\\/04\\\/01\\\/hasta-siempre\\\/#listItem\",\"name\":\"Hasta siempre\"},\"previousItem\":{\"@type\":\"ListItem\",\"@id\":\"https:\\\/\\\/www.ejercito.mil.uy\\\/index.php\\\/category\\\/destacados\\\/#listItem\",\"name\":\"Destacados\"}},{\"@type\":\"ListItem\",\"@id\":\"https:\\\/\\\/www.ejercito.mil.uy\\\/index.php\\\/2021\\\/04\\\/01\\\/hasta-siempre\\\/#listItem\",\"position\":4,\"name\":\"Hasta siempre\",\"previousItem\":{\"@type\":\"ListItem\",\"@id\":\"https:\\\/\\\/www.ejercito.mil.uy\\\/index.php\\\/category\\\/destacados\\\/noticias\\\/#listItem\",\"name\":\"Noticias\"}}]},{\"@type\":\"Organization\",\"@id\":\"https:\\\/\\\/www.ejercito.mil.uy\\\/#organization\",\"name\":\"Ej\\u00e9rcito Nacional\",\"description\":\"La Fuerza de todos\",\"url\":\"https:\\\/\\\/www.ejercito.mil.uy\\\/\",\"logo\":{\"@type\":\"ImageObject\",\"url\":\"https:\\\/\\\/www.ejercito.mil.uy\\\/wp-content\\\/uploads\\\/2022\\\/01\\\/Escudo_EN_URUGUAY.png\",\"@id\":\"https:\\\/\\\/www.ejercito.mil.uy\\\/index.php\\\/2021\\\/04\\\/01\\\/hasta-siempre\\\/#organizationLogo\",\"width\":134,\"height\":119},\"image\":{\"@id\":\"https:\\\/\\\/www.ejercito.mil.uy\\\/index.php\\\/2021\\\/04\\\/01\\\/hasta-siempre\\\/#organizationLogo\"}},{\"@type\":\"Person\",\"@id\":\"https:\\\/\\\/www.ejercito.mil.uy\\\/index.php\\\/author\\\/acastro\\\/#author\",\"url\":\"https:\\\/\\\/www.ejercito.mil.uy\\\/index.php\\\/author\\\/acastro\\\/\",\"name\":\"Alejandro Castro\",\"image\":{\"@type\":\"ImageObject\",\"@id\":\"https:\\\/\\\/www.ejercito.mil.uy\\\/index.php\\\/2021\\\/04\\\/01\\\/hasta-siempre\\\/#authorImage\",\"url\":\"https:\\\/\\\/secure.gravatar.com\\\/avatar\\\/89bb77d4bf696501dd94ca89e6794e1787eaffba7c7197528d249e15bd099f68?s=96&d=mm&r=g\",\"width\":96,\"height\":96,\"caption\":\"Alejandro Castro\"}},{\"@type\":\"WebPage\",\"@id\":\"https:\\\/\\\/www.ejercito.mil.uy\\\/index.php\\\/2021\\\/04\\\/01\\\/hasta-siempre\\\/#webpage\",\"url\":\"https:\\\/\\\/www.ejercito.mil.uy\\\/index.php\\\/2021\\\/04\\\/01\\\/hasta-siempre\\\/\",\"name\":\"Hasta siempre - Ej\\u00e9rcito Nacional\",\"description\":\"01.04.2021 - Goma, Rep\\u00fablica Democr\\u00e1tica del Congo El Comandante de la Fuerza de la MONUSCO, Gral. Ricardo Augusto Ferreira Costa (perteneciente al Ex\\u00e9rcito Brasileiro), se despidi\\u00f3 del Batall\\u00f3n de Infanter\\u00eda \\\"Uruguay IV\\\", en la Rep\\u00fablica Democr\\u00e1tica del Congo, tras haber finalizado su per\\u00edodo. En la oportunidad el Sr. Gral., agradeci\\u00f3 el trabajo y el apoyo\",\"inLanguage\":\"es-UY\",\"isPartOf\":{\"@id\":\"https:\\\/\\\/www.ejercito.mil.uy\\\/#website\"},\"breadcrumb\":{\"@id\":\"https:\\\/\\\/www.ejercito.mil.uy\\\/index.php\\\/2021\\\/04\\\/01\\\/hasta-siempre\\\/#breadcrumblist\"},\"author\":{\"@id\":\"https:\\\/\\\/www.ejercito.mil.uy\\\/index.php\\\/author\\\/acastro\\\/#author\"},\"creator\":{\"@id\":\"https:\\\/\\\/www.ejercito.mil.uy\\\/index.php\\\/author\\\/acastro\\\/#author\"},\"image\":{\"@type\":\"ImageObject\",\"url\":\"https:\\\/\\\/www.ejercito.mil.uy\\\/wp-content\\\/uploads\\\/2021\\\/04\\\/167695645_4239559056067880_1677453871504158189_n.jpg\",\"@id\":\"https:\\\/\\\/www.ejercito.mil.uy\\\/index.php\\\/2021\\\/04\\\/01\\\/hasta-siempre\\\/#mainImage\",\"width\":1200,\"height\":800},\"primaryImageOfPage\":{\"@id\":\"https:\\\/\\\/www.ejercito.mil.uy\\\/index.php\\\/2021\\\/04\\\/01\\\/hasta-siempre\\\/#mainImage\"},\"datePublished\":\"2021-04-01T09:00:00-03:00\",\"dateModified\":\"2021-04-05T09:13:26-03:00\"},{\"@type\":\"WebSite\",\"@id\":\"https:\\\/\\\/www.ejercito.mil.uy\\\/#website\",\"url\":\"https:\\\/\\\/www.ejercito.mil.uy\\\/\",\"name\":\"Ej\\u00e9rcito Nacional\",\"description\":\"La Fuerza de todos\",\"inLanguage\":\"es-UY\",\"publisher\":{\"@id\":\"https:\\\/\\\/www.ejercito.mil.uy\\\/#organization\"}}]}\n\t\t<\/script>\n\t\t<!-- All in One SEO -->\n\n","aioseo_head_json":{"title":"Hasta siempre - Ej\u00e9rcito Nacional","description":"01.04.2021 - Goma, Rep\u00fablica Democr\u00e1tica del Congo El Comandante de la Fuerza de la MONUSCO, Gral. Ricardo Augusto Ferreira Costa (perteneciente al Ex\u00e9rcito Brasileiro), se despidi\u00f3 del Batall\u00f3n de Infanter\u00eda \"Uruguay IV\", en la Rep\u00fablica Democr\u00e1tica del Congo, tras haber finalizado su per\u00edodo. En la oportunidad el Sr. Gral., agradeci\u00f3 el trabajo y el apoyo","canonical_url":"https:\/\/www.ejercito.mil.uy\/index.php\/2021\/04\/01\/hasta-siempre\/","robots":"max-image-preview:large","keywords":"","webmasterTools":{"miscellaneous":""},"schema":{"@context":"https:\/\/schema.org","@graph":[{"@type":"BlogPosting","@id":"https:\/\/www.ejercito.mil.uy\/index.php\/2021\/04\/01\/hasta-siempre\/#blogposting","name":"Hasta siempre - Ej\u00e9rcito Nacional","headline":"Hasta siempre","author":{"@id":"https:\/\/www.ejercito.mil.uy\/index.php\/author\/acastro\/#author"},"publisher":{"@id":"https:\/\/www.ejercito.mil.uy\/#organization"},"image":{"@type":"ImageObject","url":"https:\/\/www.ejercito.mil.uy\/wp-content\/uploads\/2021\/04\/167695645_4239559056067880_1677453871504158189_n.jpg","width":1200,"height":800},"datePublished":"2021-04-01T09:00:00-03:00","dateModified":"2021-04-05T09:13:26-03:00","inLanguage":"es-UY","mainEntityOfPage":{"@id":"https:\/\/www.ejercito.mil.uy\/index.php\/2021\/04\/01\/hasta-siempre\/#webpage"},"isPartOf":{"@id":"https:\/\/www.ejercito.mil.uy\/index.php\/2021\/04\/01\/hasta-siempre\/#webpage"},"articleSection":"Blog, Noticias"},{"@type":"BreadcrumbList","@id":"https:\/\/www.ejercito.mil.uy\/index.php\/2021\/04\/01\/hasta-siempre\/#breadcrumblist","itemListElement":[{"@type":"ListItem","@id":"https:\/\/www.ejercito.mil.uy#listItem","position":1,"name":"Home","item":"https:\/\/www.ejercito.mil.uy","nextItem":{"@type":"ListItem","@id":"https:\/\/www.ejercito.mil.uy\/index.php\/category\/destacados\/#listItem","name":"Destacados"}},{"@type":"ListItem","@id":"https:\/\/www.ejercito.mil.uy\/index.php\/category\/destacados\/#listItem","position":2,"name":"Destacados","item":"https:\/\/www.ejercito.mil.uy\/index.php\/category\/destacados\/","nextItem":{"@type":"ListItem","@id":"https:\/\/www.ejercito.mil.uy\/index.php\/category\/destacados\/noticias\/#listItem","name":"Noticias"},"previousItem":{"@type":"ListItem","@id":"https:\/\/www.ejercito.mil.uy#listItem","name":"Home"}},{"@type":"ListItem","@id":"https:\/\/www.ejercito.mil.uy\/index.php\/category\/destacados\/noticias\/#listItem","position":3,"name":"Noticias","item":"https:\/\/www.ejercito.mil.uy\/index.php\/category\/destacados\/noticias\/","nextItem":{"@type":"ListItem","@id":"https:\/\/www.ejercito.mil.uy\/index.php\/2021\/04\/01\/hasta-siempre\/#listItem","name":"Hasta siempre"},"previousItem":{"@type":"ListItem","@id":"https:\/\/www.ejercito.mil.uy\/index.php\/category\/destacados\/#listItem","name":"Destacados"}},{"@type":"ListItem","@id":"https:\/\/www.ejercito.mil.uy\/index.php\/2021\/04\/01\/hasta-siempre\/#listItem","position":4,"name":"Hasta siempre","previousItem":{"@type":"ListItem","@id":"https:\/\/www.ejercito.mil.uy\/index.php\/category\/destacados\/noticias\/#listItem","name":"Noticias"}}]},{"@type":"Organization","@id":"https:\/\/www.ejercito.mil.uy\/#organization","name":"Ej\u00e9rcito Nacional","description":"La Fuerza de todos","url":"https:\/\/www.ejercito.mil.uy\/","logo":{"@type":"ImageObject","url":"https:\/\/www.ejercito.mil.uy\/wp-content\/uploads\/2022\/01\/Escudo_EN_URUGUAY.png","@id":"https:\/\/www.ejercito.mil.uy\/index.php\/2021\/04\/01\/hasta-siempre\/#organizationLogo","width":134,"height":119},"image":{"@id":"https:\/\/www.ejercito.mil.uy\/index.php\/2021\/04\/01\/hasta-siempre\/#organizationLogo"}},{"@type":"Person","@id":"https:\/\/www.ejercito.mil.uy\/index.php\/author\/acastro\/#author","url":"https:\/\/www.ejercito.mil.uy\/index.php\/author\/acastro\/","name":"Alejandro Castro","image":{"@type":"ImageObject","@id":"https:\/\/www.ejercito.mil.uy\/index.php\/2021\/04\/01\/hasta-siempre\/#authorImage","url":"https:\/\/secure.gravatar.com\/avatar\/89bb77d4bf696501dd94ca89e6794e1787eaffba7c7197528d249e15bd099f68?s=96&d=mm&r=g","width":96,"height":96,"caption":"Alejandro Castro"}},{"@type":"WebPage","@id":"https:\/\/www.ejercito.mil.uy\/index.php\/2021\/04\/01\/hasta-siempre\/#webpage","url":"https:\/\/www.ejercito.mil.uy\/index.php\/2021\/04\/01\/hasta-siempre\/","name":"Hasta siempre - Ej\u00e9rcito Nacional","description":"01.04.2021 - Goma, Rep\u00fablica Democr\u00e1tica del Congo El Comandante de la Fuerza de la MONUSCO, Gral. Ricardo Augusto Ferreira Costa (perteneciente al Ex\u00e9rcito Brasileiro), se despidi\u00f3 del Batall\u00f3n de Infanter\u00eda \"Uruguay IV\", en la Rep\u00fablica Democr\u00e1tica del Congo, tras haber finalizado su per\u00edodo. En la oportunidad el Sr. Gral., agradeci\u00f3 el trabajo y el apoyo","inLanguage":"es-UY","isPartOf":{"@id":"https:\/\/www.ejercito.mil.uy\/#website"},"breadcrumb":{"@id":"https:\/\/www.ejercito.mil.uy\/index.php\/2021\/04\/01\/hasta-siempre\/#breadcrumblist"},"author":{"@id":"https:\/\/www.ejercito.mil.uy\/index.php\/author\/acastro\/#author"},"creator":{"@id":"https:\/\/www.ejercito.mil.uy\/index.php\/author\/acastro\/#author"},"image":{"@type":"ImageObject","url":"https:\/\/www.ejercito.mil.uy\/wp-content\/uploads\/2021\/04\/167695645_4239559056067880_1677453871504158189_n.jpg","@id":"https:\/\/www.ejercito.mil.uy\/index.php\/2021\/04\/01\/hasta-siempre\/#mainImage","width":1200,"height":800},"primaryImageOfPage":{"@id":"https:\/\/www.ejercito.mil.uy\/index.php\/2021\/04\/01\/hasta-siempre\/#mainImage"},"datePublished":"2021-04-01T09:00:00-03:00","dateModified":"2021-04-05T09:13:26-03:00"},{"@type":"WebSite","@id":"https:\/\/www.ejercito.mil.uy\/#website","url":"https:\/\/www.ejercito.mil.uy\/","name":"Ej\u00e9rcito Nacional","description":"La Fuerza de todos","inLanguage":"es-UY","publisher":{"@id":"https:\/\/www.ejercito.mil.uy\/#organization"}}]},"og:locale":"es_ES","og:site_name":"Ej\u00e9rcito Nacional - La Fuerza de todos","og:type":"article","og:title":"Hasta siempre - Ej\u00e9rcito Nacional","og:description":"01.04.2021 - Goma, Rep\u00fablica Democr\u00e1tica del Congo El Comandante de la Fuerza de la MONUSCO, Gral. Ricardo Augusto Ferreira Costa (perteneciente al Ex\u00e9rcito Brasileiro), se despidi\u00f3 del Batall\u00f3n de Infanter\u00eda &quot;Uruguay IV&quot;, en la Rep\u00fablica Democr\u00e1tica del Congo, tras haber finalizado su per\u00edodo. En la oportunidad el Sr. Gral., agradeci\u00f3 el trabajo y el apoyo","og:url":"https:\/\/www.ejercito.mil.uy\/index.php\/2021\/04\/01\/hasta-siempre\/","og:image":"https:\/\/www.ejercito.mil.uy\/wp-content\/uploads\/2022\/01\/Escudo_EN_URUGUAY.png","og:image:secure_url":"https:\/\/www.ejercito.mil.uy\/wp-content\/uploads\/2022\/01\/Escudo_EN_URUGUAY.png","og:image:width":134,"og:image:height":119,"article:published_time":"2021-04-01T12:00:00+00:00","article:modified_time":"2021-04-05T12:13:26+00:00","twitter:card":"summary_large_image","twitter:title":"Hasta siempre - Ej\u00e9rcito Nacional","twitter:description":"01.04.2021 - Goma, Rep\u00fablica Democr\u00e1tica del Congo El Comandante de la Fuerza de la MONUSCO, Gral. Ricardo Augusto Ferreira Costa (perteneciente al Ex\u00e9rcito Brasileiro), se despidi\u00f3 del Batall\u00f3n de Infanter\u00eda &quot;Uruguay IV&quot;, en la Rep\u00fablica Democr\u00e1tica del Congo, tras haber finalizado su per\u00edodo. En la oportunidad el Sr. Gral., agradeci\u00f3 el trabajo y el apoyo","twitter:image":"https:\/\/www.ejercito.mil.uy\/wp-content\/uploads\/2022\/01\/Escudo_EN_URUGUAY.png"},"aioseo_meta_data":{"post_id":"1633","title":null,"description":null,"keywords":null,"keyphrases":null,"primary_term":null,"canonical_url":null,"og_title":null,"og_description":null,"og_object_type":"default","og_image_type":"default","og_image_url":null,"og_image_width":null,"og_image_height":null,"og_image_custom_url":null,"og_image_custom_fields":null,"og_video":null,"og_custom_url":null,"og_article_section":null,"og_article_tags":null,"twitter_use_og":false,"twitter_card":"default","twitter_image_type":"default","twitter_image_url":null,"twitter_image_custom_url":null,"twitter_image_custom_fields":null,"twitter_title":null,"twitter_description":null,"schema":{"blockGraphs":[],"customGraphs":[],"default":{"data":{"Article":[],"Course":[],"Dataset":[],"FAQPage":[],"Movie":[],"Person":[],"Product":[],"ProductReview":[],"Car":[],"Recipe":[],"Service":[],"SoftwareApplication":[],"WebPage":[]},"graphName":"","isEnabled":true},"graphs":[]},"schema_type":"default","schema_type_options":null,"pillar_content":false,"robots_default":true,"robots_noindex":false,"robots_noarchive":false,"robots_nosnippet":false,"robots_nofollow":false,"robots_noimageindex":false,"robots_noodp":false,"robots_notranslate":false,"robots_max_snippet":null,"robots_max_videopreview":null,"robots_max_imagepreview":"large","priority":null,"frequency":null,"local_seo":null,"breadcrumb_settings":null,"limit_modified_date":false,"ai":null,"created":"2025-08-30 01:44:36","updated":"2025-08-30 01:44:36","seo_analyzer_scan_date":null,"focus_keyword":null,"additional_keywords":null,"truseo_locale":null},"aioseo_breadcrumb":"<div class=\"aioseo-breadcrumbs\"><span class=\"aioseo-breadcrumb\">\n\t\t\t<a href=\"https:\/\/www.ejercito.mil.uy\" title=\"Home\">Home<\/a>\n\t\t<\/span><span class=\"aioseo-breadcrumb-separator\">&raquo;<\/span><span class=\"aioseo-breadcrumb\">\n\t\t\t<a href=\"https:\/\/www.ejercito.mil.uy\/index.php\/category\/destacados\/\" title=\"Destacados\">Destacados<\/a>\n\t\t<\/span><span class=\"aioseo-breadcrumb-separator\">&raquo;<\/span><span class=\"aioseo-breadcrumb\">\n\t\t\t<a href=\"https:\/\/www.ejercito.mil.uy\/index.php\/category\/destacados\/noticias\/\" title=\"Noticias\">Noticias<\/a>\n\t\t<\/span><span class=\"aioseo-breadcrumb-separator\">&raquo;<\/span><span class=\"aioseo-breadcrumb\">\n\t\t\tHasta siempre\n\t\t<\/span><\/div>","aioseo_breadcrumb_json":[{"label":"Home","link":"https:\/\/www.ejercito.mil.uy"},{"label":"Destacados","link":"https:\/\/www.ejercito.mil.uy\/index.php\/category\/destacados\/"},{"label":"Noticias","link":"https:\/\/www.ejercito.mil.uy\/index.php\/category\/destacados\/noticias\/"},{"label":"Hasta siempre","link":"https:\/\/www.ejercito.mil.uy\/index.php\/2021\/04\/01\/hasta-siempre\/"}],"_links":{"self":[{"href":"https:\/\/www.ejercito.mil.uy\/index.php\/wp-json\/wp\/v2\/posts\/1633","targetHints":{"allow":["GET"]}}],"collection":[{"href":"https:\/\/www.ejercito.mil.uy\/index.php\/wp-json\/wp\/v2\/posts"}],"about":[{"href":"https:\/\/www.ejercito.mil.uy\/index.php\/wp-json\/wp\/v2\/types\/post"}],"author":[{"embeddable":true,"href":"https:\/\/www.ejercito.mil.uy\/index.php\/wp-json\/wp\/v2\/users\/4"}],"replies":[{"embeddable":true,"href":"https:\/\/www.ejercito.mil.uy\/index.php\/wp-json\/wp\/v2\/comments?post=1633"}],"version-history":[{"count":4,"href":"https:\/\/www.ejercito.mil.uy\/index.php\/wp-json\/wp\/v2\/posts\/1633\/revisions"}],"predecessor-version":[{"id":1654,"href":"https:\/\/www.ejercito.mil.uy\/index.php\/wp-json\/wp\/v2\/posts\/1633\/revisions\/1654"}],"wp:featuredmedia":[{"embeddable":true,"href":"https:\/\/www.ejercito.mil.uy\/index.php\/wp-json\/wp\/v2\/media\/1650"}],"wp:attachment":[{"href":"https:\/\/www.ejercito.mil.uy\/index.php\/wp-json\/wp\/v2\/media?parent=1633"}],"wp:term":[{"taxonomy":"category","embeddable":true,"href":"https:\/\/www.ejercito.mil.uy\/index.php\/wp-json\/wp\/v2\/categories?post=1633"},{"taxonomy":"post_tag","embeddable":true,"href":"https:\/\/www.ejercito.mil.uy\/index.php\/wp-json\/wp\/v2\/tags?post=1633"}],"curies":[{"name":"wp","href":"https:\/\/api.w.org\/{rel}","templated":true}]}}