{"id":16381,"date":"2022-09-20T01:20:19","date_gmt":"2022-09-20T04:20:19","guid":{"rendered":"https:\/\/www.ejercito.mil.uy\/?p=16381"},"modified":"2022-09-21T01:20:49","modified_gmt":"2022-09-21T04:20:49","slug":"prueba-del-arma-de-caballeria","status":"publish","type":"post","link":"https:\/\/www.ejercito.mil.uy\/index.php\/2022\/09\/20\/prueba-del-arma-de-caballeria\/","title":{"rendered":"Prueba del Arma de Caballer\u00eda"},"content":{"rendered":"\n<p class=\"has-small-font-size\">20.09.2022 &#8211; Cerro Largo <\/p>\n\n\n\n<div style=\"height:50px\" aria-hidden=\"true\" class=\"wp-block-spacer\"><\/div>\n\n\n\n<p class=\"has-background\" style=\"background-color:#983b5c\"><span class=\"has-inline-color has-white-color\"><strong>Del 13 al 15 de setiembre, se realiz\u00f3 la primera edici\u00f3n de la \u00ab\ud835\udc0d\ud835\udc2e\ud835\udc1e\ud835\udc2f\ud835\udc1a \ud835\udc0f\ud835\udc2b\ud835\udc2e\ud835\udc1e\ud835\udc1b\ud835\udc1a \ud835\udc1d\ud835\udc1e\ud835\udc25 \ud835\udc00\ud835\udc2b\ud835\udc26\ud835\udc1a \ud835\udc1d\ud835\udc1e \ud835\udc02\ud835\udc1a\ud835\udc1b\ud835\udc1a\ud835\udc25\ud835\udc25\ud835\udc1e\ud835\udc2b\ud835\udc22\u0301\ud835\udc1a\u00bb.  <\/strong><\/span><\/p>\n\n\n\n<div style=\"height:50px\" aria-hidden=\"true\" class=\"wp-block-spacer\"><\/div>\n\n\n\n<p>La actividad se desarroll\u00f3 en el Regimiento \u00abPatria\u00bb de Caballer\u00eda Blindado N\u00ba 8 (<a href=\"https:\/\/www.facebook.com\/hashtag\/cerrolargo?__eep__=6&amp;__cft__[0]=AZWHJirqNjv2ED580MXLAGNw3IDrmwmb4lq7PL--LvEiQGbfWEOXZCg8e_odJkpLk6xGLpP9oWmIYTKfAyavBVb_w1FRRxyM3r7WCtpt6Wzy-f5CIp6OX2CUCHBnJii1w2_7FyrWu5Icj80JIr-PnzKIfn7qKM0IkSGF4JYb9rjq8A&amp;__tn__=*NK-R\">#CerroLargo<\/a>). <\/p>\n\n\n\n<div style=\"height:50px\" aria-hidden=\"true\" class=\"wp-block-spacer\"><\/div>\n\n\n\n<p>Se cont\u00f3 con la presencia del Sr. Comandante en Jefe del Ej\u00e9rcito y dem\u00e1s autoridades militares.<\/p>\n\n\n\n<div style=\"height:50px\" aria-hidden=\"true\" class=\"wp-block-spacer\"><\/div>\n\n\n\n<p>Se realizaron las siguientes pruebas:<\/p>\n\n\n\n<div style=\"height:50px\" aria-hidden=\"true\" class=\"wp-block-spacer\"><\/div>\n\n\n\n<p> &#8211; tiro con arma corta y fusil<\/p>\n\n\n\n<div style=\"height:50px\" aria-hidden=\"true\" class=\"wp-block-spacer\"><\/div>\n\n\n\n<p>&#8211; arme y desarme de armamento de campa\u00f1a<\/p>\n\n\n\n<div style=\"height:50px\" aria-hidden=\"true\" class=\"wp-block-spacer\"><\/div>\n\n\n\n<p>&#8211; emisi\u00f3n de \u00f3rdenes de operaciones<\/p>\n\n\n\n<div style=\"height:50px\" aria-hidden=\"true\" class=\"wp-block-spacer\"><\/div>\n\n\n\n<p> &#8211; orientaci\u00f3n y lectura de cartas<\/p>\n\n\n\n<div style=\"height:50px\" aria-hidden=\"true\" class=\"wp-block-spacer\"><\/div>\n\n\n\n<p>&#8211; marcha final de m\u00e1s de 4.800 metros emulando la \u00abcarga de Sarand\u00ed\u00bb<\/p>\n\n\n\n<div style=\"height:50px\" aria-hidden=\"true\" class=\"wp-block-spacer\"><\/div>\n\n\n\n<p>En 1994 se realiz\u00f3 la primera prueba del Arma de Caballer\u00eda que por diferentes razones no tuvo continuidad. Aun as\u00ed, expres\u00f3 el Inspector del Arma de Caballer\u00eda: \u00ab\ud835\udc92\ud835\udc96\ud835\udc86 \ud835\udc86\ud835\udc8f \ud835\udc8f\ud835\udc90\ud835\udc97\ud835\udc8a\ud835\udc86\ud835\udc8e\ud835\udc83\ud835\udc93\ud835\udc86 \ud835\udc85\ud835\udc86 2021 \ud835\udc94\ud835\udc96\ud835\udc93\ud835\udc88\ud835\udc8a\ud835\udc90\u0301 \ud835\udc8d\ud835\udc82 \ud835\udc8a\ud835\udc85\ud835\udc86\ud835\udc82 \ud835\udc85\ud835\udc86 \ud835\udc93\ud835\udc86\ud835\udc82\ud835\udc8d\ud835\udc8a\ud835\udc9b\ud835\udc82\ud835\udc93 \ud835\udc96\ud835\udc8f\ud835\udc82 \ud835\udc8f\ud835\udc96\ud835\udc86\ud835\udc97\ud835\udc82 \ud835\udc91\ud835\udc93\ud835\udc96\ud835\udc86\ud835\udc83\ud835\udc82 \ud835\udc9a \ud835\udc87\ud835\udc96\ud835\udc86 \ud835\udc8e\ud835\udc96\ud835\udc9a \ud835\udc93\ud835\udc86\ud835\udc84\ud835\udc90\ud835\udc8f\ud835\udc87\ud835\udc90\ud835\udc93\ud835\udc95\ud835\udc82\ud835\udc8f\ud835\udc95\ud835\udc86 \ud835\udc97\ud835\udc86\ud835\udc93 \ud835\udc8d\ud835\udc82 \ud835\udc91\ud835\udc93\ud835\udc86\ud835\udc85\ud835\udc8a\ud835\udc94\ud835\udc91\ud835\udc90\ud835\udc94\ud835\udc8a\ud835\udc84\ud835\udc8a\ud835\udc90\u0301\ud835\udc8f \ud835\udc92\ud835\udc96\ud835\udc86 \ud835\udc86\ud835\udc99\ud835\udc8ast\u00eda, \ud835\udc86\ud835\udc8d \ud835\udc86\ud835\udc8f\ud835\udc95\ud835\udc96\ud835\udc94\ud835\udc8a\ud835\udc82\ud835\udc94\ud835\udc8e\ud835\udc90, \ud835\udc8d\ud835\udc82 \ud835\udc97\ud835\udc90\ud835\udc8d\ud835\udc96\ud835\udc8f\ud835\udc95\ud835\udc82\ud835\udc85, \ud835\udc95\ud835\udc90\ud835\udc85\ud835\udc90 \ud835\udc86\ud835\udc8d\ud835\udc8d\ud835\udc90 \ud835\udc85\ud835\udc86\ud835\udc8f\ud835\udc95\ud835\udc93\ud835\udc90 \ud835\udc85\ud835\udc86 \ud835\udc96\ud835\udc8f \ud835\udc82\ud835\udc8e\ud835\udc83\ud835\udc8a\ud835\udc86\ud835\udc8f\ud835\udc95\ud835\udc86 \ud835\udc82\ud835\udc93\ud835\udc8e\ud835\udc90\u0301\ud835\udc8f\ud835\udc8a\ud835\udc84\ud835\udc90 \ud835\udc85\ud835\udc86 \ud835\udc84\ud835\udc82\ud835\udc8e\ud835\udc82\ud835\udc93\ud835\udc82\ud835\udc85\ud835\udc86\ud835\udc93\u00ed\ud835\udc82 \ud835\udc9a \ud835\udc91\ud835\udc93\ud835\udc90\ud835\udc87\ud835\udc86\ud835\udc94\ud835\udc8a\ud835\udc90\ud835\udc8f\ud835\udc82\ud835\udc8d\ud835\udc8a\ud835\udc94\ud835\udc8e\ud835\udc90\u00bb.<\/p>\n\n\n\n<div style=\"height:50px\" aria-hidden=\"true\" class=\"wp-block-spacer\"><\/div>\n\n\n\n<p>La finalidad de esta prueba, es evaluar las capacidades t\u00e9cnicas y t\u00e1cticas, la cohesi\u00f3n y resistencia de los efectivos, teniendo siempre presente las virtudes y valores del Soldado de Caballer\u00eda. <\/p>\n\n\n\n<div style=\"height:50px\" aria-hidden=\"true\" class=\"wp-block-spacer\"><\/div>\n\n\n\n<p>Por \u00faltimo, el Inspector dirigi\u00f3 sus palabras al mando superior, destacando su constante apoyo para que la nueva prueba sea una realidad. <\/p>\n\n\n\n<div style=\"height:50px\" aria-hidden=\"true\" class=\"wp-block-spacer\"><\/div>\n\n\n\n<p>Resultados: <\/p>\n\n\n\n<div style=\"height:50px\" aria-hidden=\"true\" class=\"wp-block-spacer\"><\/div>\n\n\n\n<p> Primer puesto: <a href=\"https:\/\/www.facebook.com\/regcmec4\/?__cft__[0]=AZWHJirqNjv2ED580MXLAGNw3IDrmwmb4lq7PL--LvEiQGbfWEOXZCg8e_odJkpLk6xGLpP9oWmIYTKfAyavBVb_w1FRRxyM3r7WCtpt6Wzy-f5CIp6OX2CUCHBnJii1w2_7FyrWu5Icj80JIr-PnzKIfn7qKM0IkSGF4JYb9rjq8A&amp;__tn__=kK-R\" target=\"_blank\" rel=\"noreferrer noopener\">Regimiento de Caballeria Mecanizado Nro 4<\/a><\/p>\n\n\n\n<div style=\"height:50px\" aria-hidden=\"true\" class=\"wp-block-spacer\"><\/div>\n\n\n\n<p> Segundo puesto: Regimiento \u00abGeneral Paricio Saravia\u00bb de Caballer\u00eda N\u00ba 7<\/p>\n\n\n\n<div style=\"height:50px\" aria-hidden=\"true\" class=\"wp-block-spacer\"><\/div>\n\n\n\n<p> Tercer puesto: Regimiento \u00abPatria\u00bb de Caballer\u00eda N\u00ba 8 <\/p>\n\n\n\n<div style=\"height:50px\" aria-hidden=\"true\" class=\"wp-block-spacer\"><\/div>\n\n\n\n<p>\u00a1Felicidades a todos los camaradas que participaron por su arduo esfuerzo! <\/p>\n\n\n\n<div style=\"height:50px\" aria-hidden=\"true\" class=\"wp-block-spacer\"><\/div>\n\n\n\n<div aria-label=\"Carousel Gallery\" class=\"wp-block-coblocks-gallery-carousel\"><div class=\"coblocks-gallery-carousel-swiper-container is-cropped coblocks-gallery has-no-alignment has-caption-style-dark has-horizontal-gutter has-no-thumbnails\"><div class=\"has-carousel has-carousel-xlrg swiper-container\" data-swiper=\"{&quot;alignCells&quot;:false,&quot;autoPlay&quot;:true,&quot;autoPlaySpeed&quot;:&quot;5000&quot;,&quot;draggable&quot;:true,&quot;freeScroll&quot;:false,&quot;loop&quot;:true,&quot;navigation&quot;:true,&quot;pageDots&quot;:false,&quot;pauseHover&quot;:false,&quot;responsiveHeight&quot;:false,&quot;slidesPerView&quot;:1,&quot;thumbnails&quot;:false,&quot;uuid&quot;:&quot;12345&quot;}\" id=\"12345\" style=\"height:550px\"><div class=\"swiper-wrapper\"><div class=\"swiper-slide\"><div class=\"coblocks-gallery--item\" role=\"button\"><figure class=\"coblocks-gallery--figure has-margin-left-5 has-margin-left-mobile-5 has-margin-right-5 has-margin-right-mobile-5\"><img fetchpriority=\"high\" decoding=\"async\" width=\"1024\" height=\"683\" alt=\"\" class=\"wp-image-16387\" data-id=\"16387\" data-link=\"https:\/\/www.ejercito.mil.uy\/?attachment_id=16387\" src=\"https:\/\/www.ejercito.mil.uy\/wp-content\/uploads\/2022\/09\/Prueba-del-Arma-de-Caballeria-7-1024x683.jpg\" srcset=\"https:\/\/www.ejercito.mil.uy\/wp-content\/uploads\/2022\/09\/Prueba-del-Arma-de-Caballeria-7-1024x683.jpg 1024w, https:\/\/www.ejercito.mil.uy\/wp-content\/uploads\/2022\/09\/Prueba-del-Arma-de-Caballeria-7-300x200.jpg 300w, https:\/\/www.ejercito.mil.uy\/wp-content\/uploads\/2022\/09\/Prueba-del-Arma-de-Caballeria-7.jpg 1200w\" sizes=\"(max-width: 1024px) 100vw, 1024px\" \/><\/figure><figcaption class=\"coblocks-gallery--caption coblocks-gallery--primary-caption\"><\/figcaption><\/div><\/div><div class=\"swiper-slide\"><div class=\"coblocks-gallery--item\" role=\"button\"><figure class=\"coblocks-gallery--figure has-margin-left-5 has-margin-left-mobile-5 has-margin-right-5 has-margin-right-mobile-5\"><img decoding=\"async\" width=\"1024\" height=\"683\" alt=\"\" class=\"wp-image-16386\" data-id=\"16386\" data-link=\"https:\/\/www.ejercito.mil.uy\/?attachment_id=16386\" src=\"https:\/\/www.ejercito.mil.uy\/wp-content\/uploads\/2022\/09\/307559472_465989762225495_7713829272040970094_n-1024x683.jpg\" srcset=\"https:\/\/www.ejercito.mil.uy\/wp-content\/uploads\/2022\/09\/307559472_465989762225495_7713829272040970094_n-1024x683.jpg 1024w, https:\/\/www.ejercito.mil.uy\/wp-content\/uploads\/2022\/09\/307559472_465989762225495_7713829272040970094_n-300x200.jpg 300w, https:\/\/www.ejercito.mil.uy\/wp-content\/uploads\/2022\/09\/307559472_465989762225495_7713829272040970094_n.jpg 1200w\" sizes=\"(max-width: 1024px) 100vw, 1024px\" \/><\/figure><figcaption class=\"coblocks-gallery--caption coblocks-gallery--primary-caption\"><\/figcaption><\/div><\/div><div class=\"swiper-slide\"><div class=\"coblocks-gallery--item\" role=\"button\"><figure class=\"coblocks-gallery--figure has-margin-left-5 has-margin-left-mobile-5 has-margin-right-5 has-margin-right-mobile-5\"><img decoding=\"async\" width=\"1024\" height=\"683\" alt=\"\" class=\"wp-image-16392\" data-id=\"16392\" data-link=\"https:\/\/www.ejercito.mil.uy\/?attachment_id=16392\" src=\"https:\/\/www.ejercito.mil.uy\/wp-content\/uploads\/2022\/09\/Prueba-del-Arma-de-Caballeria-2-1024x683.jpg\" srcset=\"https:\/\/www.ejercito.mil.uy\/wp-content\/uploads\/2022\/09\/Prueba-del-Arma-de-Caballeria-2-1024x683.jpg 1024w, https:\/\/www.ejercito.mil.uy\/wp-content\/uploads\/2022\/09\/Prueba-del-Arma-de-Caballeria-2-300x200.jpg 300w, https:\/\/www.ejercito.mil.uy\/wp-content\/uploads\/2022\/09\/Prueba-del-Arma-de-Caballeria-2.jpg 1200w\" sizes=\"(max-width: 1024px) 100vw, 1024px\" \/><\/figure><figcaption class=\"coblocks-gallery--caption coblocks-gallery--primary-caption\"><\/figcaption><\/div><\/div><div class=\"swiper-slide\"><div class=\"coblocks-gallery--item\" role=\"button\"><figure class=\"coblocks-gallery--figure has-margin-left-5 has-margin-left-mobile-5 has-margin-right-5 has-margin-right-mobile-5\"><img loading=\"lazy\" decoding=\"async\" width=\"1024\" height=\"683\" alt=\"\" class=\"wp-image-16391\" data-id=\"16391\" data-link=\"https:\/\/www.ejercito.mil.uy\/?attachment_id=16391\" src=\"https:\/\/www.ejercito.mil.uy\/wp-content\/uploads\/2022\/09\/Prueba-del-Arma-de-Caballeria-3-1024x683.jpg\" srcset=\"https:\/\/www.ejercito.mil.uy\/wp-content\/uploads\/2022\/09\/Prueba-del-Arma-de-Caballeria-3-1024x683.jpg 1024w, https:\/\/www.ejercito.mil.uy\/wp-content\/uploads\/2022\/09\/Prueba-del-Arma-de-Caballeria-3-300x200.jpg 300w, https:\/\/www.ejercito.mil.uy\/wp-content\/uploads\/2022\/09\/Prueba-del-Arma-de-Caballeria-3.jpg 1200w\" sizes=\"(max-width: 1024px) 100vw, 1024px\" \/><\/figure><figcaption class=\"coblocks-gallery--caption coblocks-gallery--primary-caption\"><\/figcaption><\/div><\/div><div class=\"swiper-slide\"><div class=\"coblocks-gallery--item\" role=\"button\"><figure class=\"coblocks-gallery--figure has-margin-left-5 has-margin-left-mobile-5 has-margin-right-5 has-margin-right-mobile-5\"><img loading=\"lazy\" decoding=\"async\" width=\"1024\" height=\"683\" alt=\"\" class=\"wp-image-16390\" data-id=\"16390\" data-link=\"https:\/\/www.ejercito.mil.uy\/?attachment_id=16390\" src=\"https:\/\/www.ejercito.mil.uy\/wp-content\/uploads\/2022\/09\/Prueba-del-Arma-de-Caballeria-4-1024x683.jpg\" srcset=\"https:\/\/www.ejercito.mil.uy\/wp-content\/uploads\/2022\/09\/Prueba-del-Arma-de-Caballeria-4-1024x683.jpg 1024w, https:\/\/www.ejercito.mil.uy\/wp-content\/uploads\/2022\/09\/Prueba-del-Arma-de-Caballeria-4-300x200.jpg 300w, https:\/\/www.ejercito.mil.uy\/wp-content\/uploads\/2022\/09\/Prueba-del-Arma-de-Caballeria-4.jpg 1200w\" sizes=\"(max-width: 1024px) 100vw, 1024px\" \/><\/figure><figcaption class=\"coblocks-gallery--caption coblocks-gallery--primary-caption\"><\/figcaption><\/div><\/div><div class=\"swiper-slide\"><div class=\"coblocks-gallery--item\" role=\"button\"><figure class=\"coblocks-gallery--figure has-margin-left-5 has-margin-left-mobile-5 has-margin-right-5 has-margin-right-mobile-5\"><img loading=\"lazy\" decoding=\"async\" width=\"1024\" height=\"683\" alt=\"\" class=\"wp-image-16389\" data-id=\"16389\" data-link=\"https:\/\/www.ejercito.mil.uy\/?attachment_id=16389\" src=\"https:\/\/www.ejercito.mil.uy\/wp-content\/uploads\/2022\/09\/Prueba-del-Arma-de-Caballeria-5-1024x683.jpg\" srcset=\"https:\/\/www.ejercito.mil.uy\/wp-content\/uploads\/2022\/09\/Prueba-del-Arma-de-Caballeria-5-1024x683.jpg 1024w, https:\/\/www.ejercito.mil.uy\/wp-content\/uploads\/2022\/09\/Prueba-del-Arma-de-Caballeria-5-300x200.jpg 300w, https:\/\/www.ejercito.mil.uy\/wp-content\/uploads\/2022\/09\/Prueba-del-Arma-de-Caballeria-5.jpg 1200w\" sizes=\"(max-width: 1024px) 100vw, 1024px\" \/><\/figure><figcaption class=\"coblocks-gallery--caption coblocks-gallery--primary-caption\"><\/figcaption><\/div><\/div><div class=\"swiper-slide\"><div class=\"coblocks-gallery--item\" role=\"button\"><figure class=\"coblocks-gallery--figure has-margin-left-5 has-margin-left-mobile-5 has-margin-right-5 has-margin-right-mobile-5\"><img loading=\"lazy\" decoding=\"async\" width=\"1024\" height=\"684\" alt=\"\" class=\"wp-image-16388\" data-id=\"16388\" data-link=\"https:\/\/www.ejercito.mil.uy\/?attachment_id=16388\" src=\"https:\/\/www.ejercito.mil.uy\/wp-content\/uploads\/2022\/09\/Prueba-del-Arma-de-Caballeria-6-1024x684.jpg\" srcset=\"https:\/\/www.ejercito.mil.uy\/wp-content\/uploads\/2022\/09\/Prueba-del-Arma-de-Caballeria-6-1024x684.jpg 1024w, https:\/\/www.ejercito.mil.uy\/wp-content\/uploads\/2022\/09\/Prueba-del-Arma-de-Caballeria-6-300x200.jpg 300w, https:\/\/www.ejercito.mil.uy\/wp-content\/uploads\/2022\/09\/Prueba-del-Arma-de-Caballeria-6.jpg 2048w\" sizes=\"(max-width: 1024px) 100vw, 1024px\" \/><\/figure><figcaption class=\"coblocks-gallery--caption coblocks-gallery--primary-caption\"><\/figcaption><\/div><\/div><div class=\"swiper-slide\"><div class=\"coblocks-gallery--item\" role=\"button\"><figure class=\"coblocks-gallery--figure has-margin-left-5 has-margin-left-mobile-5 has-margin-right-5 has-margin-right-mobile-5\"><img loading=\"lazy\" decoding=\"async\" width=\"1024\" height=\"683\" alt=\"\" class=\"wp-image-16385\" data-id=\"16385\" data-link=\"https:\/\/www.ejercito.mil.uy\/?attachment_id=16385\" src=\"https:\/\/www.ejercito.mil.uy\/wp-content\/uploads\/2022\/09\/Prueba-del-Arma-de-Caballeria-10-1024x683.jpg\" srcset=\"https:\/\/www.ejercito.mil.uy\/wp-content\/uploads\/2022\/09\/Prueba-del-Arma-de-Caballeria-10-1024x683.jpg 1024w, https:\/\/www.ejercito.mil.uy\/wp-content\/uploads\/2022\/09\/Prueba-del-Arma-de-Caballeria-10-300x200.jpg 300w, https:\/\/www.ejercito.mil.uy\/wp-content\/uploads\/2022\/09\/Prueba-del-Arma-de-Caballeria-10.jpg 1200w\" sizes=\"(max-width: 1024px) 100vw, 1024px\" \/><\/figure><figcaption class=\"coblocks-gallery--caption coblocks-gallery--primary-caption\"><\/figcaption><\/div><\/div><div class=\"swiper-slide\"><div class=\"coblocks-gallery--item\" role=\"button\"><figure class=\"coblocks-gallery--figure has-margin-left-5 has-margin-left-mobile-5 has-margin-right-5 has-margin-right-mobile-5\"><img loading=\"lazy\" decoding=\"async\" width=\"1024\" height=\"683\" alt=\"\" class=\"wp-image-16384\" data-id=\"16384\" data-link=\"https:\/\/www.ejercito.mil.uy\/?attachment_id=16384\" src=\"https:\/\/www.ejercito.mil.uy\/wp-content\/uploads\/2022\/09\/Prueba-del-Arma-de-Caballeria-11-1024x683.jpg\" srcset=\"https:\/\/www.ejercito.mil.uy\/wp-content\/uploads\/2022\/09\/Prueba-del-Arma-de-Caballeria-11-1024x683.jpg 1024w, https:\/\/www.ejercito.mil.uy\/wp-content\/uploads\/2022\/09\/Prueba-del-Arma-de-Caballeria-11-300x200.jpg 300w, https:\/\/www.ejercito.mil.uy\/wp-content\/uploads\/2022\/09\/Prueba-del-Arma-de-Caballeria-11.jpg 1200w\" sizes=\"(max-width: 1024px) 100vw, 1024px\" \/><\/figure><figcaption class=\"coblocks-gallery--caption coblocks-gallery--primary-caption\"><\/figcaption><\/div><\/div><div class=\"swiper-slide\"><div class=\"coblocks-gallery--item\" role=\"button\"><figure class=\"coblocks-gallery--figure has-margin-left-5 has-margin-left-mobile-5 has-margin-right-5 has-margin-right-mobile-5\"><img loading=\"lazy\" decoding=\"async\" width=\"1024\" height=\"683\" alt=\"\" class=\"wp-image-16393\" data-id=\"16393\" data-link=\"https:\/\/www.ejercito.mil.uy\/?attachment_id=16393\" src=\"https:\/\/www.ejercito.mil.uy\/wp-content\/uploads\/2022\/09\/Prueba-de-Arma-de-Ingenieros-1-1-1024x683.jpg\" srcset=\"https:\/\/www.ejercito.mil.uy\/wp-content\/uploads\/2022\/09\/Prueba-de-Arma-de-Ingenieros-1-1-1024x683.jpg 1024w, https:\/\/www.ejercito.mil.uy\/wp-content\/uploads\/2022\/09\/Prueba-de-Arma-de-Ingenieros-1-1-300x200.jpg 300w, https:\/\/www.ejercito.mil.uy\/wp-content\/uploads\/2022\/09\/Prueba-de-Arma-de-Ingenieros-1-1.jpg 1200w\" sizes=\"(max-width: 1024px) 100vw, 1024px\" \/><\/figure><figcaption class=\"coblocks-gallery--caption coblocks-gallery--primary-caption\"><\/figcaption><\/div><\/div><div class=\"swiper-slide\"><div class=\"coblocks-gallery--item\" role=\"button\"><figure class=\"coblocks-gallery--figure has-margin-left-5 has-margin-left-mobile-5 has-margin-right-5 has-margin-right-mobile-5\"><img loading=\"lazy\" decoding=\"async\" width=\"1024\" height=\"683\" alt=\"\" class=\"wp-image-16383\" data-id=\"16383\" data-link=\"https:\/\/www.ejercito.mil.uy\/?attachment_id=16383\" src=\"https:\/\/www.ejercito.mil.uy\/wp-content\/uploads\/2022\/09\/Prueba-del-Arma-de-Caballeria-1-1024x683.jpg\" srcset=\"https:\/\/www.ejercito.mil.uy\/wp-content\/uploads\/2022\/09\/Prueba-del-Arma-de-Caballeria-1-1024x683.jpg 1024w, https:\/\/www.ejercito.mil.uy\/wp-content\/uploads\/2022\/09\/Prueba-del-Arma-de-Caballeria-1-300x200.jpg 300w, https:\/\/www.ejercito.mil.uy\/wp-content\/uploads\/2022\/09\/Prueba-del-Arma-de-Caballeria-1.jpg 1200w\" sizes=\"(max-width: 1024px) 100vw, 1024px\" \/><\/figure><figcaption class=\"coblocks-gallery--caption coblocks-gallery--primary-caption\"><\/figcaption><\/div><\/div><\/div><button class=\"nav-button__prev\" id=\"12345-prev\"><\/button><button class=\"nav-button__next\" id=\"12345-next\"><\/button><\/div><\/div><\/div>\n\n\n\n<div style=\"height:50px\" aria-hidden=\"true\" class=\"wp-block-spacer\"><\/div>\n","protected":false},"excerpt":{"rendered":"<p>20.09.2022 &#8211; Del 13 al 15 de setiembre, se realiz\u00f3 la primera edici\u00f3n de la \u00abNueva Prueba del Arma de Caballer\u00eda\u00bb.  <\/p>\n","protected":false},"author":14,"featured_media":16382,"comment_status":"open","ping_status":"open","sticky":false,"template":"","format":"standard","meta":{"_coblocks_attr":"","_coblocks_dimensions":"","_coblocks_responsive_height":"","_coblocks_accordion_ie_support":"","_monsterinsights_skip_tracking":false,"_monsterinsights_sitenote_active":false,"_monsterinsights_sitenote_note":"","_monsterinsights_sitenote_category":0,"_uf_show_specific_survey":0,"_uf_disable_surveys":false,"footnotes":""},"categories":[2,10,14,1],"tags":[321,141,565,557,455,22],"class_list":["post-16381","post","type-post","status-publish","format-standard","has-post-thumbnail","hentry","category-blog","category-destacados","category-noticias","category-sin-categoria","tag-actividades","tag-caballeria","tag-ejercicios","tag-ejercito","tag-premios","tag-prueba"],"aioseo_notices":[],"_links":{"self":[{"href":"https:\/\/www.ejercito.mil.uy\/index.php\/wp-json\/wp\/v2\/posts\/16381","targetHints":{"allow":["GET"]}}],"collection":[{"href":"https:\/\/www.ejercito.mil.uy\/index.php\/wp-json\/wp\/v2\/posts"}],"about":[{"href":"https:\/\/www.ejercito.mil.uy\/index.php\/wp-json\/wp\/v2\/types\/post"}],"author":[{"embeddable":true,"href":"https:\/\/www.ejercito.mil.uy\/index.php\/wp-json\/wp\/v2\/users\/14"}],"replies":[{"embeddable":true,"href":"https:\/\/www.ejercito.mil.uy\/index.php\/wp-json\/wp\/v2\/comments?post=16381"}],"version-history":[{"count":2,"href":"https:\/\/www.ejercito.mil.uy\/index.php\/wp-json\/wp\/v2\/posts\/16381\/revisions"}],"predecessor-version":[{"id":16395,"href":"https:\/\/www.ejercito.mil.uy\/index.php\/wp-json\/wp\/v2\/posts\/16381\/revisions\/16395"}],"wp:featuredmedia":[{"embeddable":true,"href":"https:\/\/www.ejercito.mil.uy\/index.php\/wp-json\/wp\/v2\/media\/16382"}],"wp:attachment":[{"href":"https:\/\/www.ejercito.mil.uy\/index.php\/wp-json\/wp\/v2\/media?parent=16381"}],"wp:term":[{"taxonomy":"category","embeddable":true,"href":"https:\/\/www.ejercito.mil.uy\/index.php\/wp-json\/wp\/v2\/categories?post=16381"},{"taxonomy":"post_tag","embeddable":true,"href":"https:\/\/www.ejercito.mil.uy\/index.php\/wp-json\/wp\/v2\/tags?post=16381"}],"curies":[{"name":"wp","href":"https:\/\/api.w.org\/{rel}","templated":true}]}}