{"id":16512,"date":"2022-09-27T15:49:22","date_gmt":"2022-09-27T18:49:22","guid":{"rendered":"https:\/\/www.ejercito.mil.uy\/?p=16512"},"modified":"2022-09-28T15:51:37","modified_gmt":"2022-09-28T18:51:37","slug":"finalizo-la-reparacion-de-camineria-en-el-campo-militar-abra-de-castellanos","status":"publish","type":"post","link":"https:\/\/www.ejercito.mil.uy\/index.php\/2022\/09\/27\/finalizo-la-reparacion-de-camineria-en-el-campo-militar-abra-de-castellanos\/","title":{"rendered":"Finaliz\u00f3 la reparaci\u00f3n de caminer\u00eda en el Campo Militar \u00abAbra de Castellanos\u00bb"},"content":{"rendered":"\n<p class=\"has-small-font-size\">27.09.2022 &#8211; Maldonado <\/p>\n\n\n\n<div style=\"height:50px\" aria-hidden=\"true\" class=\"wp-block-spacer\"><\/div>\n\n\n\n<p class=\"has-black-background-color has-background\"><strong><span class=\"has-inline-color has-white-color\">El Batall\u00f3n \u00abGral. Celestino Bov\u00e9\u00bb de Ingenieros de Combate N\u00ba 4 finaliz\u00f3 con la reparaci\u00f3n de \ud835\udc1c\ud835\udc1a\ud835\udc26\ud835\udc22\ud835\udc27\ud835\udc1e\ud835\udc2b\ud835\udc22\u0301\ud835\udc1a \ud835\udc1e\ud835\udc27 \ud835\udc1e\ud835\udc25 \ud835\udc02\ud835\udc1a\ud835\udc26\ud835\udc29\ud835\udc28 \ud835\udc0c\ud835\udc22\ud835\udc25\ud835\udc22\ud835\udc2d\ud835\udc1a\ud835\udc2b \u00ab\ud835\udc00\ud835\udc1b\ud835\udc2b\ud835\udc1a \ud835\udc1d\ud835\udc1e \ud835\udc02\ud835\udc1a\ud835\udc2c\ud835\udc2d\ud835\udc1e\ud835\udc25\ud835\udc25\ud835\udc1a\ud835\udc27\ud835\udc28\ud835\udc2c\u00bb (Maldonado), donde emple\u00f3 efectivos y juego completo de maquinaria vial compuesto por:<\/span><\/strong><\/p>\n\n\n\n<div style=\"height:50px\" aria-hidden=\"true\" class=\"wp-block-spacer\"><\/div>\n\n\n\n<p><strong><span class=\"has-inline-color has-vivid-red-color\"> &#8211; motoniveladora<\/span><\/strong><\/p>\n\n\n\n<div style=\"height:50px\" aria-hidden=\"true\" class=\"wp-block-spacer\"><\/div>\n\n\n\n<p><strong><span class=\"has-inline-color has-vivid-red-color\"> &#8211; compactador vibratorio<\/span><\/strong><\/p>\n\n\n\n<div style=\"height:50px\" aria-hidden=\"true\" class=\"wp-block-spacer\"><\/div>\n\n\n\n<p><span class=\"has-inline-color has-vivid-red-color\"><strong>&#8211;<\/strong> <strong>tanqu<\/strong><\/span><strong><span class=\"has-inline-color has-vivid-red-color\">e regador de agua<\/span><\/strong><\/p>\n\n\n\n<div style=\"height:50px\" aria-hidden=\"true\" class=\"wp-block-spacer\"><\/div>\n\n\n\n<p><strong><span class=\"has-inline-color has-vivid-red-color\">&#8211; tractor de banda<\/span><\/strong><\/p>\n\n\n\n<div style=\"height:50px\" aria-hidden=\"true\" class=\"wp-block-spacer\"><\/div>\n\n\n\n<p><strong><span class=\"has-inline-color has-vivid-red-color\">&#8211; tractor pala <\/span><\/strong><\/p>\n\n\n\n<div style=\"height:50px\" aria-hidden=\"true\" class=\"wp-block-spacer\"><\/div>\n\n\n\n<p><strong><span class=\"has-inline-color has-vivid-red-color\">&#8211; cami\u00f3n volcador <\/span><\/strong><\/p>\n\n\n\n<div style=\"height:50px\" aria-hidden=\"true\" class=\"wp-block-spacer\"><\/div>\n\n\n\n<p>Los caminos sufren un deterioro permanente, el cual sucede por distintos factores (en su mayor\u00eda relacionados con la naturaleza). Por esta raz\u00f3n, la reparaci\u00f3n es fundamental y necesaria para garantizar un tr\u00e1nsito seguro y ameno para los conductores.<\/p>\n\n\n\n<div style=\"height:50px\" aria-hidden=\"true\" class=\"wp-block-spacer\"><\/div>\n\n\n\n<p>Asimismo, la Unidad comenz\u00f3 el apoyo al \ud835\udddf\ud835\uddf6\ud835\uddf0\ud835\uddf2\ud835\uddfc \ud835\udde1\u00ba \ud835\udfed de la ciudad de San Carlos, realizando tareas de pintura en paredes de aulas y corredores.<\/p>\n\n\n\n<div style=\"height:50px\" aria-hidden=\"true\" class=\"wp-block-spacer\"><\/div>\n\n\n\n<p><a href=\"https:\/\/www.facebook.com\/bning4uy\/?__cft__[0]=AZUSxiEXpHleSgyeFcJBxNsJ_B4GmTK7YQ77I5zh7OuxFevXjPoUsAZrt3XWJ9plLFmJjGVw5Dp5IR7hbai_KxRo-rzetiJq2nfdDZwv-FNc38fSPEsDKtFQivHBSSUSsyE4zeZiWZbZGkS_L2k6WOMfoNwJjIHJkzkKzYz2JXsUSQ&amp;__tn__=kK-R\" target=\"_blank\" rel=\"noreferrer noopener\">Batall\u00f3n de Ingenieros de Combate N\u00ba4 Uy<\/a><\/p>\n\n\n\n<div style=\"height:50px\" aria-hidden=\"true\" class=\"wp-block-spacer\"><\/div>\n\n\n\n<div aria-label=\"Carousel Gallery\" class=\"wp-block-coblocks-gallery-carousel\"><div class=\"coblocks-gallery-carousel-swiper-container is-cropped coblocks-gallery has-no-alignment has-caption-style-dark has-horizontal-gutter has-no-thumbnails\"><div class=\"has-carousel has-carousel-xlrg swiper-container\" data-swiper=\"{&quot;alignCells&quot;:false,&quot;autoPlay&quot;:true,&quot;autoPlaySpeed&quot;:&quot;5000&quot;,&quot;draggable&quot;:true,&quot;freeScroll&quot;:false,&quot;loop&quot;:true,&quot;navigation&quot;:true,&quot;pageDots&quot;:false,&quot;pauseHover&quot;:false,&quot;responsiveHeight&quot;:false,&quot;slidesPerView&quot;:1,&quot;thumbnails&quot;:false,&quot;uuid&quot;:&quot;12345&quot;}\" id=\"12345\" style=\"height:550px\"><div class=\"swiper-wrapper\"><div class=\"swiper-slide\"><div class=\"coblocks-gallery--item\" role=\"button\"><figure class=\"coblocks-gallery--figure has-margin-left-5 has-margin-left-mobile-5 has-margin-right-5 has-margin-right-mobile-5\"><img fetchpriority=\"high\" decoding=\"async\" width=\"1024\" height=\"683\" alt=\"\" class=\"wp-image-16516\" data-id=\"16516\" data-link=\"https:\/\/www.ejercito.mil.uy\/?attachment_id=16516\" src=\"https:\/\/www.ejercito.mil.uy\/wp-content\/uploads\/2022\/09\/Finalizo-la-reparacion-de-camineria-en-el-Campo-Militar-Abra-de-Castellanos-por-parte-del-Bn.-Ing.-N4.-4-1024x683.jpg\" srcset=\"https:\/\/www.ejercito.mil.uy\/wp-content\/uploads\/2022\/09\/Finalizo-la-reparacion-de-camineria-en-el-Campo-Militar-Abra-de-Castellanos-por-parte-del-Bn.-Ing.-N4.-4-1024x683.jpg 1024w, https:\/\/www.ejercito.mil.uy\/wp-content\/uploads\/2022\/09\/Finalizo-la-reparacion-de-camineria-en-el-Campo-Militar-Abra-de-Castellanos-por-parte-del-Bn.-Ing.-N4.-4-300x200.jpg 300w, https:\/\/www.ejercito.mil.uy\/wp-content\/uploads\/2022\/09\/Finalizo-la-reparacion-de-camineria-en-el-Campo-Militar-Abra-de-Castellanos-por-parte-del-Bn.-Ing.-N4.-4.jpg 1200w\" sizes=\"(max-width: 1024px) 100vw, 1024px\" \/><\/figure><figcaption class=\"coblocks-gallery--caption coblocks-gallery--primary-caption\"><\/figcaption><\/div><\/div><div class=\"swiper-slide\"><div class=\"coblocks-gallery--item\" role=\"button\"><figure class=\"coblocks-gallery--figure has-margin-left-5 has-margin-left-mobile-5 has-margin-right-5 has-margin-right-mobile-5\"><img decoding=\"async\" width=\"1024\" height=\"683\" alt=\"\" class=\"wp-image-16517\" data-id=\"16517\" data-link=\"https:\/\/www.ejercito.mil.uy\/?attachment_id=16517\" src=\"https:\/\/www.ejercito.mil.uy\/wp-content\/uploads\/2022\/09\/Finalizo-la-reparacion-de-camineria-en-el-Campo-Militar-Abra-de-Castellanos-por-parte-del-Bn.-Ing.-N4.-3-1024x683.jpg\" srcset=\"https:\/\/www.ejercito.mil.uy\/wp-content\/uploads\/2022\/09\/Finalizo-la-reparacion-de-camineria-en-el-Campo-Militar-Abra-de-Castellanos-por-parte-del-Bn.-Ing.-N4.-3-1024x683.jpg 1024w, https:\/\/www.ejercito.mil.uy\/wp-content\/uploads\/2022\/09\/Finalizo-la-reparacion-de-camineria-en-el-Campo-Militar-Abra-de-Castellanos-por-parte-del-Bn.-Ing.-N4.-3-300x200.jpg 300w, https:\/\/www.ejercito.mil.uy\/wp-content\/uploads\/2022\/09\/Finalizo-la-reparacion-de-camineria-en-el-Campo-Militar-Abra-de-Castellanos-por-parte-del-Bn.-Ing.-N4.-3.jpg 1200w\" sizes=\"(max-width: 1024px) 100vw, 1024px\" \/><\/figure><figcaption class=\"coblocks-gallery--caption coblocks-gallery--primary-caption\"><\/figcaption><\/div><\/div><div class=\"swiper-slide\"><div class=\"coblocks-gallery--item\" role=\"button\"><figure class=\"coblocks-gallery--figure has-margin-left-5 has-margin-left-mobile-5 has-margin-right-5 has-margin-right-mobile-5\"><img decoding=\"async\" width=\"1024\" height=\"683\" alt=\"\" class=\"wp-image-16515\" data-id=\"16515\" data-link=\"https:\/\/www.ejercito.mil.uy\/?attachment_id=16515\" src=\"https:\/\/www.ejercito.mil.uy\/wp-content\/uploads\/2022\/09\/Finalizo-la-reparacion-de-camineria-en-el-Campo-Militar-Abra-de-Castellanos-por-parte-del-Bn.-Ing.-N4.-1-1024x683.jpg\" srcset=\"https:\/\/www.ejercito.mil.uy\/wp-content\/uploads\/2022\/09\/Finalizo-la-reparacion-de-camineria-en-el-Campo-Militar-Abra-de-Castellanos-por-parte-del-Bn.-Ing.-N4.-1-1024x683.jpg 1024w, https:\/\/www.ejercito.mil.uy\/wp-content\/uploads\/2022\/09\/Finalizo-la-reparacion-de-camineria-en-el-Campo-Militar-Abra-de-Castellanos-por-parte-del-Bn.-Ing.-N4.-1-300x200.jpg 300w, https:\/\/www.ejercito.mil.uy\/wp-content\/uploads\/2022\/09\/Finalizo-la-reparacion-de-camineria-en-el-Campo-Militar-Abra-de-Castellanos-por-parte-del-Bn.-Ing.-N4.-1.jpg 1200w\" sizes=\"(max-width: 1024px) 100vw, 1024px\" \/><\/figure><figcaption class=\"coblocks-gallery--caption coblocks-gallery--primary-caption\"><\/figcaption><\/div><\/div><div class=\"swiper-slide\"><div class=\"coblocks-gallery--item\" role=\"button\"><figure class=\"coblocks-gallery--figure has-margin-left-5 has-margin-left-mobile-5 has-margin-right-5 has-margin-right-mobile-5\"><img loading=\"lazy\" decoding=\"async\" width=\"1024\" height=\"683\" alt=\"\" class=\"wp-image-16518\" data-id=\"16518\" data-link=\"https:\/\/www.ejercito.mil.uy\/?attachment_id=16518\" src=\"https:\/\/www.ejercito.mil.uy\/wp-content\/uploads\/2022\/09\/Finalizo-la-reparacion-de-camineria-en-el-Campo-Militar-Abra-de-Castellanos-por-parte-del-Bn.-Ing.-N4.-2-1024x683.jpg\" srcset=\"https:\/\/www.ejercito.mil.uy\/wp-content\/uploads\/2022\/09\/Finalizo-la-reparacion-de-camineria-en-el-Campo-Militar-Abra-de-Castellanos-por-parte-del-Bn.-Ing.-N4.-2-1024x683.jpg 1024w, https:\/\/www.ejercito.mil.uy\/wp-content\/uploads\/2022\/09\/Finalizo-la-reparacion-de-camineria-en-el-Campo-Militar-Abra-de-Castellanos-por-parte-del-Bn.-Ing.-N4.-2-300x200.jpg 300w, https:\/\/www.ejercito.mil.uy\/wp-content\/uploads\/2022\/09\/Finalizo-la-reparacion-de-camineria-en-el-Campo-Militar-Abra-de-Castellanos-por-parte-del-Bn.-Ing.-N4.-2.jpg 1200w\" sizes=\"(max-width: 1024px) 100vw, 1024px\" \/><\/figure><figcaption class=\"coblocks-gallery--caption coblocks-gallery--primary-caption\"><\/figcaption><\/div><\/div><\/div><button class=\"nav-button__prev\" id=\"12345-prev\"><\/button><button class=\"nav-button__next\" id=\"12345-next\"><\/button><\/div><\/div><\/div>\n\n\n\n<p><\/p>\n","protected":false},"excerpt":{"rendered":"<p>27.09.2022 &#8211; El Batall\u00f3n \u00abGral. Celestino Bov\u00e9\u00bb de Ingenieros de Combate N\u00ba 4 finaliz\u00f3 con la reparaci\u00f3n de caminer\u00eda en el Campo Militar \u00abAbra de Castellanos\u00bb (Maldonado), donde emple\u00f3 efectivos y juego completo de maquinaria vial. <\/p>\n","protected":false},"author":14,"featured_media":16514,"comment_status":"open","ping_status":"open","sticky":false,"template":"","format":"standard","meta":{"_coblocks_attr":"","_coblocks_dimensions":"","_coblocks_responsive_height":"","_coblocks_accordion_ie_support":"","_monsterinsights_skip_tracking":false,"_monsterinsights_sitenote_active":false,"_monsterinsights_sitenote_note":"","_monsterinsights_sitenote_category":0,"_uf_show_specific_survey":0,"_uf_disable_surveys":false,"footnotes":""},"categories":[2,14,1],"tags":[27,47,557,48,691,393,609],"class_list":["post-16512","post","type-post","status-publish","format-standard","has-post-thumbnail","hentry","category-blog","category-noticias","category-sin-categoria","tag-apoyo","tag-camineria","tag-ejercito","tag-ingenieros","tag-maquinaria","tag-pintura","tag-reparacion"],"aioseo_notices":[],"_links":{"self":[{"href":"https:\/\/www.ejercito.mil.uy\/index.php\/wp-json\/wp\/v2\/posts\/16512","targetHints":{"allow":["GET"]}}],"collection":[{"href":"https:\/\/www.ejercito.mil.uy\/index.php\/wp-json\/wp\/v2\/posts"}],"about":[{"href":"https:\/\/www.ejercito.mil.uy\/index.php\/wp-json\/wp\/v2\/types\/post"}],"author":[{"embeddable":true,"href":"https:\/\/www.ejercito.mil.uy\/index.php\/wp-json\/wp\/v2\/users\/14"}],"replies":[{"embeddable":true,"href":"https:\/\/www.ejercito.mil.uy\/index.php\/wp-json\/wp\/v2\/comments?post=16512"}],"version-history":[{"count":4,"href":"https:\/\/www.ejercito.mil.uy\/index.php\/wp-json\/wp\/v2\/posts\/16512\/revisions"}],"predecessor-version":[{"id":16521,"href":"https:\/\/www.ejercito.mil.uy\/index.php\/wp-json\/wp\/v2\/posts\/16512\/revisions\/16521"}],"wp:featuredmedia":[{"embeddable":true,"href":"https:\/\/www.ejercito.mil.uy\/index.php\/wp-json\/wp\/v2\/media\/16514"}],"wp:attachment":[{"href":"https:\/\/www.ejercito.mil.uy\/index.php\/wp-json\/wp\/v2\/media?parent=16512"}],"wp:term":[{"taxonomy":"category","embeddable":true,"href":"https:\/\/www.ejercito.mil.uy\/index.php\/wp-json\/wp\/v2\/categories?post=16512"},{"taxonomy":"post_tag","embeddable":true,"href":"https:\/\/www.ejercito.mil.uy\/index.php\/wp-json\/wp\/v2\/tags?post=16512"}],"curies":[{"name":"wp","href":"https:\/\/api.w.org\/{rel}","templated":true}]}}