{"id":16601,"date":"2022-10-01T12:46:14","date_gmt":"2022-10-01T15:46:14","guid":{"rendered":"https:\/\/www.ejercito.mil.uy\/?p=16601"},"modified":"2022-10-04T12:46:22","modified_gmt":"2022-10-04T15:46:22","slug":"capacitacion-en-reanimacion-cardiopulmonar","status":"publish","type":"post","link":"https:\/\/www.ejercito.mil.uy\/index.php\/2022\/10\/01\/capacitacion-en-reanimacion-cardiopulmonar\/","title":{"rendered":"Capacitaci\u00f3n en reanimaci\u00f3n cardiopulmonar"},"content":{"rendered":"\n<p class=\"has-small-font-size\">01.10.2022 &#8211; Maldonado <\/p>\n\n\n\n<div style=\"height:50px\" aria-hidden=\"true\" class=\"wp-block-spacer\"><\/div>\n\n\n\n<p class=\"has-black-background-color has-background\"><strong><span class=\"has-inline-color has-white-color\">En el marco de la semana del coraz\u00f3n, 10 efectivos del Batall\u00f3n \u00abGral. Celestino Bov\u00e9\u00bb de Ingenieros de Combate N\u00ba 4 y funcionarios policiales participaron de \ud835\udc2e\ud835\udc27\ud835\udc1a \ud835\udc1c\ud835\udc1a\ud835\udc29\ud835\udc1a\ud835\udc1c\ud835\udc22\ud835\udc2d\ud835\udc1a\ud835\udc1c\ud835\udc22\ud835\udc28\u0301\ud835\udc27 \ud835\udc1e\ud835\udc27 \ud835\udc2b\ud835\udc1e\ud835\udc1a\ud835\udc27\ud835\udc22\ud835\udc26\ud835\udc1a\ud835\udc1c\ud835\udc22\ud835\udc28\u0301\ud835\udc27 \ud835\udc1c\ud835\udc1a\ud835\udc2b\ud835\udc1d\ud835\udc22\ud835\udc28\ud835\udc29\ud835\udc2e\ud835\udc25\ud835\udc26\ud835\udc28\ud835\udc27\ud835\udc1a\ud835\udc2b (\ud835\udc11\ud835\udc02\ud835\udc0f), organizado por la Intendencia Departamental de Maldonado.<\/span><\/strong><\/p>\n\n\n\n<div style=\"height:50px\" aria-hidden=\"true\" class=\"wp-block-spacer\"><\/div>\n\n\n\n<p>La capacitaci\u00f3n consiste en una serie de maniobras secuenciales que pueden mejorar la probabilidad de salvar la vida de una persona en los primeros minutos de padecer un episodio cardiorespiratorio, adem\u00e1s de capacitarlos en el uso del desfibrilador.<\/p>\n\n\n\n<div style=\"height:50px\" aria-hidden=\"true\" class=\"wp-block-spacer\"><\/div>\n\n\n\n<p>La entrega de diplomas se desarroll\u00f3 en la Explanada Municipal. <\/p>\n\n\n\n<div style=\"height:50px\" aria-hidden=\"true\" class=\"wp-block-spacer\"><\/div>\n\n\n\n<p>Es fundamental apuntar a la concientizaci\u00f3n y educaci\u00f3n de medidas que representan y ayudan a mejorar los porcentajes de supervivencia ante esta situaci\u00f3n de emergencia.<\/p>\n\n\n\n<div style=\"height:50px\" aria-hidden=\"true\" class=\"wp-block-spacer\"><\/div>\n\n\n\n<div aria-label=\"Carousel Gallery\" class=\"wp-block-coblocks-gallery-carousel\"><div class=\"coblocks-gallery-carousel-swiper-container is-cropped coblocks-gallery has-no-alignment has-caption-style-dark has-horizontal-gutter has-no-thumbnails\"><div class=\"has-carousel has-carousel-xlrg swiper-container\" data-swiper=\"{&quot;alignCells&quot;:false,&quot;autoPlay&quot;:true,&quot;autoPlaySpeed&quot;:&quot;5000&quot;,&quot;draggable&quot;:true,&quot;freeScroll&quot;:false,&quot;loop&quot;:true,&quot;navigation&quot;:true,&quot;pageDots&quot;:false,&quot;pauseHover&quot;:false,&quot;responsiveHeight&quot;:false,&quot;slidesPerView&quot;:1,&quot;thumbnails&quot;:false,&quot;uuid&quot;:&quot;12345&quot;}\" id=\"12345\" style=\"height:550px\"><div class=\"swiper-wrapper\"><div class=\"swiper-slide\"><div class=\"coblocks-gallery--item\" role=\"button\"><figure class=\"coblocks-gallery--figure has-margin-left-5 has-margin-left-mobile-5 has-margin-right-5 has-margin-right-mobile-5\"><img fetchpriority=\"high\" decoding=\"async\" width=\"1024\" height=\"683\" alt=\"\" class=\"wp-image-16606\" data-id=\"16606\" data-link=\"https:\/\/www.ejercito.mil.uy\/?attachment_id=16606\" src=\"https:\/\/www.ejercito.mil.uy\/wp-content\/uploads\/2022\/10\/Capacitacion-en-reanimacion-cardiopulmonar-5-1024x683.jpg\" srcset=\"https:\/\/www.ejercito.mil.uy\/wp-content\/uploads\/2022\/10\/Capacitacion-en-reanimacion-cardiopulmonar-5-1024x683.jpg 1024w, https:\/\/www.ejercito.mil.uy\/wp-content\/uploads\/2022\/10\/Capacitacion-en-reanimacion-cardiopulmonar-5-300x200.jpg 300w, https:\/\/www.ejercito.mil.uy\/wp-content\/uploads\/2022\/10\/Capacitacion-en-reanimacion-cardiopulmonar-5.jpg 1200w\" sizes=\"(max-width: 1024px) 100vw, 1024px\" \/><\/figure><figcaption class=\"coblocks-gallery--caption coblocks-gallery--primary-caption\"><\/figcaption><\/div><\/div><div class=\"swiper-slide\"><div class=\"coblocks-gallery--item\" role=\"button\"><figure class=\"coblocks-gallery--figure has-margin-left-5 has-margin-left-mobile-5 has-margin-right-5 has-margin-right-mobile-5\"><img decoding=\"async\" width=\"1024\" height=\"683\" alt=\"\" class=\"wp-image-16605\" data-id=\"16605\" data-link=\"https:\/\/www.ejercito.mil.uy\/?attachment_id=16605\" src=\"https:\/\/www.ejercito.mil.uy\/wp-content\/uploads\/2022\/10\/Capacitacion-en-reanimacion-cardiopulmonar-4-1024x683.jpg\" srcset=\"https:\/\/www.ejercito.mil.uy\/wp-content\/uploads\/2022\/10\/Capacitacion-en-reanimacion-cardiopulmonar-4-1024x683.jpg 1024w, https:\/\/www.ejercito.mil.uy\/wp-content\/uploads\/2022\/10\/Capacitacion-en-reanimacion-cardiopulmonar-4-300x200.jpg 300w, https:\/\/www.ejercito.mil.uy\/wp-content\/uploads\/2022\/10\/Capacitacion-en-reanimacion-cardiopulmonar-4.jpg 1200w\" sizes=\"(max-width: 1024px) 100vw, 1024px\" \/><\/figure><figcaption class=\"coblocks-gallery--caption coblocks-gallery--primary-caption\"><\/figcaption><\/div><\/div><div class=\"swiper-slide\"><div class=\"coblocks-gallery--item\" role=\"button\"><figure class=\"coblocks-gallery--figure has-margin-left-5 has-margin-left-mobile-5 has-margin-right-5 has-margin-right-mobile-5\"><img decoding=\"async\" width=\"1024\" height=\"683\" alt=\"\" class=\"wp-image-16604\" data-id=\"16604\" data-link=\"https:\/\/www.ejercito.mil.uy\/?attachment_id=16604\" src=\"https:\/\/www.ejercito.mil.uy\/wp-content\/uploads\/2022\/10\/Capacitacion-en-reanimacion-cardiopulmonar-3-1024x683.jpg\" srcset=\"https:\/\/www.ejercito.mil.uy\/wp-content\/uploads\/2022\/10\/Capacitacion-en-reanimacion-cardiopulmonar-3-1024x683.jpg 1024w, https:\/\/www.ejercito.mil.uy\/wp-content\/uploads\/2022\/10\/Capacitacion-en-reanimacion-cardiopulmonar-3-300x200.jpg 300w, https:\/\/www.ejercito.mil.uy\/wp-content\/uploads\/2022\/10\/Capacitacion-en-reanimacion-cardiopulmonar-3.jpg 1200w\" sizes=\"(max-width: 1024px) 100vw, 1024px\" \/><\/figure><figcaption class=\"coblocks-gallery--caption coblocks-gallery--primary-caption\"><\/figcaption><\/div><\/div><div class=\"swiper-slide\"><div class=\"coblocks-gallery--item\" role=\"button\"><figure class=\"coblocks-gallery--figure has-margin-left-5 has-margin-left-mobile-5 has-margin-right-5 has-margin-right-mobile-5\"><img loading=\"lazy\" decoding=\"async\" width=\"1024\" height=\"683\" alt=\"\" class=\"wp-image-16603\" data-id=\"16603\" data-link=\"https:\/\/www.ejercito.mil.uy\/?attachment_id=16603\" src=\"https:\/\/www.ejercito.mil.uy\/wp-content\/uploads\/2022\/10\/Capacitacion-en-reanimacion-cardiopulmonar-2-1024x683.jpg\" srcset=\"https:\/\/www.ejercito.mil.uy\/wp-content\/uploads\/2022\/10\/Capacitacion-en-reanimacion-cardiopulmonar-2-1024x683.jpg 1024w, https:\/\/www.ejercito.mil.uy\/wp-content\/uploads\/2022\/10\/Capacitacion-en-reanimacion-cardiopulmonar-2-300x200.jpg 300w, https:\/\/www.ejercito.mil.uy\/wp-content\/uploads\/2022\/10\/Capacitacion-en-reanimacion-cardiopulmonar-2.jpg 1200w\" sizes=\"(max-width: 1024px) 100vw, 1024px\" \/><\/figure><figcaption class=\"coblocks-gallery--caption coblocks-gallery--primary-caption\"><\/figcaption><\/div><\/div><\/div><button class=\"nav-button__prev\" id=\"12345-prev\"><\/button><button class=\"nav-button__next\" id=\"12345-next\"><\/button><\/div><\/div><\/div>\n\n\n\n<p><\/p>\n","protected":false},"excerpt":{"rendered":"<p>01.10.2022 &#8211; Efectivos del Batall\u00f3n \u00abGral. Celestino Bov\u00e9\u00bb de Ingenieros de Combate N\u00ba 4 y funcionarios policiales participaron de una capacitaci\u00f3n en reanimaci\u00f3n cardiopulmonar. <\/p>\n","protected":false},"author":14,"featured_media":16602,"comment_status":"open","ping_status":"open","sticky":false,"template":"","format":"standard","meta":{"_coblocks_attr":"","_coblocks_dimensions":"","_coblocks_responsive_height":"","_coblocks_accordion_ie_support":"","_monsterinsights_skip_tracking":false,"_monsterinsights_sitenote_active":false,"_monsterinsights_sitenote_note":"","_monsterinsights_sitenote_category":0,"_uf_show_specific_survey":0,"_uf_disable_surveys":false,"footnotes":""},"categories":[2,10,14,1],"tags":[314,693,70,543,557,48,694,159],"class_list":["post-16601","post","type-post","status-publish","format-standard","has-post-thumbnail","hentry","category-blog","category-destacados","category-noticias","category-sin-categoria","tag-capacitacion","tag-cardiopulomar","tag-curso","tag-diplomas","tag-ejercito","tag-ingenieros","tag-reanimacion","tag-salud"],"aioseo_notices":[],"_links":{"self":[{"href":"https:\/\/www.ejercito.mil.uy\/index.php\/wp-json\/wp\/v2\/posts\/16601","targetHints":{"allow":["GET"]}}],"collection":[{"href":"https:\/\/www.ejercito.mil.uy\/index.php\/wp-json\/wp\/v2\/posts"}],"about":[{"href":"https:\/\/www.ejercito.mil.uy\/index.php\/wp-json\/wp\/v2\/types\/post"}],"author":[{"embeddable":true,"href":"https:\/\/www.ejercito.mil.uy\/index.php\/wp-json\/wp\/v2\/users\/14"}],"replies":[{"embeddable":true,"href":"https:\/\/www.ejercito.mil.uy\/index.php\/wp-json\/wp\/v2\/comments?post=16601"}],"version-history":[{"count":1,"href":"https:\/\/www.ejercito.mil.uy\/index.php\/wp-json\/wp\/v2\/posts\/16601\/revisions"}],"predecessor-version":[{"id":16607,"href":"https:\/\/www.ejercito.mil.uy\/index.php\/wp-json\/wp\/v2\/posts\/16601\/revisions\/16607"}],"wp:featuredmedia":[{"embeddable":true,"href":"https:\/\/www.ejercito.mil.uy\/index.php\/wp-json\/wp\/v2\/media\/16602"}],"wp:attachment":[{"href":"https:\/\/www.ejercito.mil.uy\/index.php\/wp-json\/wp\/v2\/media?parent=16601"}],"wp:term":[{"taxonomy":"category","embeddable":true,"href":"https:\/\/www.ejercito.mil.uy\/index.php\/wp-json\/wp\/v2\/categories?post=16601"},{"taxonomy":"post_tag","embeddable":true,"href":"https:\/\/www.ejercito.mil.uy\/index.php\/wp-json\/wp\/v2\/tags?post=16601"}],"curies":[{"name":"wp","href":"https:\/\/api.w.org\/{rel}","templated":true}]}}