{"id":16799,"date":"2022-10-16T15:24:11","date_gmt":"2022-10-16T18:24:11","guid":{"rendered":"https:\/\/www.ejercito.mil.uy\/?p=16799"},"modified":"2022-10-18T14:44:12","modified_gmt":"2022-10-18T17:44:12","slug":"chalecos-blindados-y-normas-nij","status":"publish","type":"post","link":"https:\/\/www.ejercito.mil.uy\/index.php\/2022\/10\/16\/chalecos-blindados-y-normas-nij\/","title":{"rendered":"Chalecos blindados y normas NIJ"},"content":{"rendered":"\n<p class=\"has-small-font-size\">16.10.2022 <\/p>\n\n\n\n<div style=\"height:50px\" aria-hidden=\"true\" class=\"wp-block-spacer\"><\/div>\n\n\n\n<p class=\"has-black-color has-vivid-red-background-color has-text-color has-background\"><strong><span class=\"has-inline-color has-white-color\">El pasado 27 de setiembre, se realiz\u00f3 en el Servicio de Intendencia del Ej\u00e9rcito, una charla referente a conocimientos sobre chalecos blindados y las normas NIJ, que refieren a los requisitos de blindaje. <\/span><\/strong><\/p>\n\n\n\n<div style=\"height:50px\" aria-hidden=\"true\" class=\"wp-block-spacer\"><\/div>\n\n\n\n<p>La actividad estuvo a cargo del Sr. vicepresidente de Desarrollo de Negocios para las regiones de LATAM, Julio Ram\u00edrez y la empresa Point Blank. <\/p>\n\n\n\n<div style=\"height:50px\" aria-hidden=\"true\" class=\"wp-block-spacer\"><\/div>\n\n\n\n<p>La charla se realiz\u00f3 tanto de forma presencial como virtual, con una instancia pr\u00e1ctica de pruebas bal\u00edsticas en el pol\u00edgono con la colaboraci\u00f3n del personal del Registro Nacional de Armas. <\/p>\n\n\n\n<div style=\"height:50px\" aria-hidden=\"true\" class=\"wp-block-spacer\"><\/div>\n\n\n\n<p>Se cont\u00f3 con la presencia del personal de la <a href=\"https:\/\/www.facebook.com\/fau.mil.uy?__cft__[0]=AZWLzlkBa1jJk8lCoLoddS4dgXVKPLtZF2jrkm8fdTtR5_Yuj5Kvg-0c-nvZQJtBq-9PsL5sp9aP_PsWTUBFnot2tMGfmAbDAXlrWgwQJvrX-ny4DffoDgx15iyPBES_8m2mgjSi7wv3I1uoDp1QK70NbiHctWBpKHlqRGE2F8bw7Q6Dxeud66bsToi7nsVlLeY&amp;__tn__=-]K-R\" target=\"_blank\" rel=\"noreferrer noopener\">Fuerza A\u00e9rea Uruguaya<\/a>, <a href=\"https:\/\/www.facebook.com\/profile.php?id=100069134233149&amp;__cft__[0]=AZWLzlkBa1jJk8lCoLoddS4dgXVKPLtZF2jrkm8fdTtR5_Yuj5Kvg-0c-nvZQJtBq-9PsL5sp9aP_PsWTUBFnot2tMGfmAbDAXlrWgwQJvrX-ny4DffoDgx15iyPBES_8m2mgjSi7wv3I1uoDp1QK70NbiHctWBpKHlqRGE2F8bw7Q6Dxeud66bsToi7nsVlLeY&amp;__tn__=-]K-R\" target=\"_blank\" rel=\"noreferrer noopener\">Armada Nacional Uruguay<\/a>, Estado Mayor de La Defensa (ESMADE), Comando de Apoyo Log\u00edstico del Ej\u00e9rcito (CALE), Institutos de ense\u00f1anza y servicios dependientes.<\/p>\n\n\n\n<div style=\"height:50px\" aria-hidden=\"true\" class=\"wp-block-spacer\"><\/div>\n\n\n\n<div aria-label=\"Carousel Gallery\" class=\"wp-block-coblocks-gallery-carousel\"><div class=\"coblocks-gallery-carousel-swiper-container is-cropped coblocks-gallery has-no-alignment has-caption-style-dark has-no-thumbnails\"><div class=\"has-carousel has-carousel-xlrg swiper-container\" data-swiper=\"{&quot;alignCells&quot;:false,&quot;autoPlay&quot;:true,&quot;autoPlaySpeed&quot;:&quot;5000&quot;,&quot;draggable&quot;:true,&quot;freeScroll&quot;:false,&quot;loop&quot;:true,&quot;navigation&quot;:true,&quot;pageDots&quot;:false,&quot;pauseHover&quot;:false,&quot;responsiveHeight&quot;:false,&quot;slidesPerView&quot;:1,&quot;thumbnails&quot;:false,&quot;uuid&quot;:&quot;12345&quot;}\" id=\"12345\" style=\"height:550px\"><div class=\"swiper-wrapper\"><div class=\"swiper-slide\"><div class=\"coblocks-gallery--item\" role=\"button\"><figure class=\"coblocks-gallery--figure\"><img fetchpriority=\"high\" decoding=\"async\" width=\"1024\" height=\"683\" alt=\"\" class=\"wp-image-16805\" data-id=\"16805\" data-link=\"https:\/\/www.ejercito.mil.uy\/?attachment_id=16805\" src=\"https:\/\/www.ejercito.mil.uy\/wp-content\/uploads\/2022\/10\/311831124_489626239861847_2863360603383046112_n-1024x683.jpg\" srcset=\"https:\/\/www.ejercito.mil.uy\/wp-content\/uploads\/2022\/10\/311831124_489626239861847_2863360603383046112_n-1024x683.jpg 1024w, https:\/\/www.ejercito.mil.uy\/wp-content\/uploads\/2022\/10\/311831124_489626239861847_2863360603383046112_n-300x200.jpg 300w, https:\/\/www.ejercito.mil.uy\/wp-content\/uploads\/2022\/10\/311831124_489626239861847_2863360603383046112_n.jpg 1200w\" sizes=\"(max-width: 1024px) 100vw, 1024px\" \/><\/figure><figcaption class=\"coblocks-gallery--caption coblocks-gallery--primary-caption\"><\/figcaption><\/div><\/div><div class=\"swiper-slide\"><div class=\"coblocks-gallery--item\" role=\"button\"><figure class=\"coblocks-gallery--figure\"><img decoding=\"async\" width=\"1024\" height=\"683\" alt=\"\" class=\"wp-image-16806\" data-id=\"16806\" data-link=\"https:\/\/www.ejercito.mil.uy\/?attachment_id=16806\" src=\"https:\/\/www.ejercito.mil.uy\/wp-content\/uploads\/2022\/10\/311676216_489626143195190_901806457347512916_n-1024x683.jpg\" srcset=\"https:\/\/www.ejercito.mil.uy\/wp-content\/uploads\/2022\/10\/311676216_489626143195190_901806457347512916_n-1024x683.jpg 1024w, https:\/\/www.ejercito.mil.uy\/wp-content\/uploads\/2022\/10\/311676216_489626143195190_901806457347512916_n-300x200.jpg 300w, https:\/\/www.ejercito.mil.uy\/wp-content\/uploads\/2022\/10\/311676216_489626143195190_901806457347512916_n.jpg 1200w\" sizes=\"(max-width: 1024px) 100vw, 1024px\" \/><\/figure><figcaption class=\"coblocks-gallery--caption coblocks-gallery--primary-caption\"><\/figcaption><\/div><\/div><div class=\"swiper-slide\"><div class=\"coblocks-gallery--item\" role=\"button\"><figure class=\"coblocks-gallery--figure\"><img decoding=\"async\" width=\"1024\" height=\"683\" alt=\"\" class=\"wp-image-16804\" data-id=\"16804\" data-link=\"https:\/\/www.ejercito.mil.uy\/?attachment_id=16804\" src=\"https:\/\/www.ejercito.mil.uy\/wp-content\/uploads\/2022\/10\/311900438_489626163195188_1850556377517980663_n-1024x683.jpg\" srcset=\"https:\/\/www.ejercito.mil.uy\/wp-content\/uploads\/2022\/10\/311900438_489626163195188_1850556377517980663_n-1024x683.jpg 1024w, https:\/\/www.ejercito.mil.uy\/wp-content\/uploads\/2022\/10\/311900438_489626163195188_1850556377517980663_n-300x200.jpg 300w, https:\/\/www.ejercito.mil.uy\/wp-content\/uploads\/2022\/10\/311900438_489626163195188_1850556377517980663_n.jpg 1200w\" sizes=\"(max-width: 1024px) 100vw, 1024px\" \/><\/figure><figcaption class=\"coblocks-gallery--caption coblocks-gallery--primary-caption\"><\/figcaption><\/div><\/div><div class=\"swiper-slide\"><div class=\"coblocks-gallery--item\" role=\"button\"><figure class=\"coblocks-gallery--figure\"><img loading=\"lazy\" decoding=\"async\" width=\"1024\" height=\"683\" alt=\"\" class=\"wp-image-16802\" data-id=\"16802\" data-link=\"https:\/\/www.ejercito.mil.uy\/?attachment_id=16802\" src=\"https:\/\/www.ejercito.mil.uy\/wp-content\/uploads\/2022\/10\/311917234_489626189861852_6026180272415700821_n-1024x683.jpg\" srcset=\"https:\/\/www.ejercito.mil.uy\/wp-content\/uploads\/2022\/10\/311917234_489626189861852_6026180272415700821_n-1024x683.jpg 1024w, https:\/\/www.ejercito.mil.uy\/wp-content\/uploads\/2022\/10\/311917234_489626189861852_6026180272415700821_n-300x200.jpg 300w, https:\/\/www.ejercito.mil.uy\/wp-content\/uploads\/2022\/10\/311917234_489626189861852_6026180272415700821_n.jpg 1200w\" sizes=\"(max-width: 1024px) 100vw, 1024px\" \/><\/figure><figcaption class=\"coblocks-gallery--caption coblocks-gallery--primary-caption\"><\/figcaption><\/div><\/div><div class=\"swiper-slide\"><div class=\"coblocks-gallery--item\" role=\"button\"><figure class=\"coblocks-gallery--figure\"><img loading=\"lazy\" decoding=\"async\" width=\"1024\" height=\"683\" alt=\"\" class=\"wp-image-16803\" data-id=\"16803\" data-link=\"https:\/\/www.ejercito.mil.uy\/?attachment_id=16803\" src=\"https:\/\/www.ejercito.mil.uy\/wp-content\/uploads\/2022\/10\/311702286_489626139861857_5718838120503735808_n-1024x683.jpg\" srcset=\"https:\/\/www.ejercito.mil.uy\/wp-content\/uploads\/2022\/10\/311702286_489626139861857_5718838120503735808_n-1024x683.jpg 1024w, https:\/\/www.ejercito.mil.uy\/wp-content\/uploads\/2022\/10\/311702286_489626139861857_5718838120503735808_n-300x200.jpg 300w, https:\/\/www.ejercito.mil.uy\/wp-content\/uploads\/2022\/10\/311702286_489626139861857_5718838120503735808_n.jpg 1200w\" sizes=\"(max-width: 1024px) 100vw, 1024px\" \/><\/figure><figcaption class=\"coblocks-gallery--caption coblocks-gallery--primary-caption\"><\/figcaption><\/div><\/div><div class=\"swiper-slide\"><div class=\"coblocks-gallery--item\" role=\"button\"><figure class=\"coblocks-gallery--figure\"><img loading=\"lazy\" decoding=\"async\" width=\"1024\" height=\"683\" alt=\"\" class=\"wp-image-16801\" data-id=\"16801\" data-link=\"https:\/\/www.ejercito.mil.uy\/?attachment_id=16801\" src=\"https:\/\/www.ejercito.mil.uy\/wp-content\/uploads\/2022\/10\/311472171_489626293195175_4874509386081369197_n-1024x683.jpg\" srcset=\"https:\/\/www.ejercito.mil.uy\/wp-content\/uploads\/2022\/10\/311472171_489626293195175_4874509386081369197_n-1024x683.jpg 1024w, https:\/\/www.ejercito.mil.uy\/wp-content\/uploads\/2022\/10\/311472171_489626293195175_4874509386081369197_n-300x200.jpg 300w, https:\/\/www.ejercito.mil.uy\/wp-content\/uploads\/2022\/10\/311472171_489626293195175_4874509386081369197_n.jpg 1200w\" sizes=\"(max-width: 1024px) 100vw, 1024px\" \/><\/figure><figcaption class=\"coblocks-gallery--caption coblocks-gallery--primary-caption\"><\/figcaption><\/div><\/div><\/div><button class=\"nav-button__prev\" id=\"12345-prev\"><\/button><button class=\"nav-button__next\" id=\"12345-next\"><\/button><\/div><\/div><\/div>\n\n\n\n<p><\/p>\n","protected":false},"excerpt":{"rendered":"<p>16.10.2022 &#8211; El pasado 27 de setiembre, se realiz\u00f3 en el Servicio de Intendencia del Ej\u00e9rcito, una charla referente a conocimientos sobre chalecos blindados y las normas NIJ, que refieren a los requisitos de blindaje. <\/p>\n","protected":false},"author":14,"featured_media":16800,"comment_status":"open","ping_status":"open","sticky":false,"template":"","format":"standard","meta":{"_coblocks_attr":"","_coblocks_dimensions":"","_coblocks_responsive_height":"","_coblocks_accordion_ie_support":"","_monsterinsights_skip_tracking":false,"_monsterinsights_sitenote_active":false,"_monsterinsights_sitenote_note":"","_monsterinsights_sitenote_category":0,"_uf_show_specific_survey":0,"_uf_disable_surveys":false,"footnotes":""},"categories":[2,10,14,1],"tags":[702,700,699,557,701],"class_list":["post-16799","post","type-post","status-publish","format-standard","has-post-thumbnail","hentry","category-blog","category-destacados","category-noticias","category-sin-categoria","tag-blindados","tag-chalecos","tag-charla","tag-ejercito","tag-normas"],"aioseo_notices":[],"_links":{"self":[{"href":"https:\/\/www.ejercito.mil.uy\/index.php\/wp-json\/wp\/v2\/posts\/16799","targetHints":{"allow":["GET"]}}],"collection":[{"href":"https:\/\/www.ejercito.mil.uy\/index.php\/wp-json\/wp\/v2\/posts"}],"about":[{"href":"https:\/\/www.ejercito.mil.uy\/index.php\/wp-json\/wp\/v2\/types\/post"}],"author":[{"embeddable":true,"href":"https:\/\/www.ejercito.mil.uy\/index.php\/wp-json\/wp\/v2\/users\/14"}],"replies":[{"embeddable":true,"href":"https:\/\/www.ejercito.mil.uy\/index.php\/wp-json\/wp\/v2\/comments?post=16799"}],"version-history":[{"count":3,"href":"https:\/\/www.ejercito.mil.uy\/index.php\/wp-json\/wp\/v2\/posts\/16799\/revisions"}],"predecessor-version":[{"id":16809,"href":"https:\/\/www.ejercito.mil.uy\/index.php\/wp-json\/wp\/v2\/posts\/16799\/revisions\/16809"}],"wp:featuredmedia":[{"embeddable":true,"href":"https:\/\/www.ejercito.mil.uy\/index.php\/wp-json\/wp\/v2\/media\/16800"}],"wp:attachment":[{"href":"https:\/\/www.ejercito.mil.uy\/index.php\/wp-json\/wp\/v2\/media?parent=16799"}],"wp:term":[{"taxonomy":"category","embeddable":true,"href":"https:\/\/www.ejercito.mil.uy\/index.php\/wp-json\/wp\/v2\/categories?post=16799"},{"taxonomy":"post_tag","embeddable":true,"href":"https:\/\/www.ejercito.mil.uy\/index.php\/wp-json\/wp\/v2\/tags?post=16799"}],"curies":[{"name":"wp","href":"https:\/\/api.w.org\/{rel}","templated":true}]}}