{"id":16983,"date":"2022-10-25T16:02:59","date_gmt":"2022-10-25T19:02:59","guid":{"rendered":"https:\/\/www.ejercito.mil.uy\/?p=16983"},"modified":"2022-10-26T16:06:41","modified_gmt":"2022-10-26T19:06:41","slug":"entrega-de-certificados-a-musicos-del-ejercito","status":"publish","type":"post","link":"https:\/\/www.ejercito.mil.uy\/index.php\/2022\/10\/25\/entrega-de-certificados-a-musicos-del-ejercito\/","title":{"rendered":"Entrega de certificados a m\u00fasicos del Ej\u00e9rcito"},"content":{"rendered":"\n<p class=\"has-small-font-size\">25.10.2022 &#8211; Montevideo <\/p>\n\n\n\n<div style=\"height:50px\" aria-hidden=\"true\" class=\"wp-block-spacer\"><\/div>\n\n\n\n<p class=\"has-black-color has-luminous-vivid-orange-background-color has-text-color has-background\"><span class=\"has-inline-color has-black-color\">En la ma\u00f1ana de hoy, se realiz\u00f3 en la <a rel=\"noreferrer noopener\" href=\"https:\/\/www.facebook.com\/EscuelaDeMusicosDelEjercitoOficial?__cft__[0]=AZWEe5o4pfcvNfSDbM24JlEcTqOSIPU86buQmuqTAlMwO-o-BH48rQLmqN3Z0ZostXPQiTVO96Ra5rcFNq3UQqQTRqrOlfCVCE_I8xHwkGiz4e6z3AMeVmxvymbKazU8jt_AXZNJpGZkEEBnOmofHz--4wHktrJ6Vr27PVsWm20DtJxGYdm3_nkyzRXZl5i8_xA&amp;__tn__=-]K-R\" target=\"_blank\">Escuela de M\u00fasicos del Ej\u00e9rcito<\/a> \u00abMayor (BM) Duncan Sadi Baco\u00bb (Emuse), la entrega de \ud835\udfcf\ud835\udfd5 \ud835\udc1c\ud835\udc1e\ud835\udc2b\ud835\udc2d\ud835\udc22\ud835\udc1f\ud835\udc22\ud835\udc1c\ud835\udc1a\ud835\udc1d\ud835\udc28\ud835\udc2c \ud835\udc1a \ud835\udc1e\ud835\udc20\ud835\udc2b\ud835\udc1e\ud835\udc2c\ud835\udc1a\ud835\udc1d\ud835\udc28\ud835\udc2c \ud835\udc1d\ud835\udc1e \ud835\udc04\ud835\udc1d\ud835\udc2e\ud835\udc1c\ud835\udc1a\ud835\udc1c\ud835\udc22\ud835\udc28\u0301\ud835\udc27 \ud835\udc0c\ud835\udc1e\ud835\udc1d\ud835\udc22\ud835\udc1a \ud835\udc01\ud835\udc1a\u0301\ud835\udc2c\ud835\udc22\ud835\udc1c\ud835\udc1a, \ud835\udc28\ud835\udc2b\ud835\udc22\ud835\udc1e\ud835\udc27\ud835\udc2d\ud835\udc1a\ud835\udc1c\ud835\udc22\ud835\udc28\u0301\ud835\udc27 \ud835\udc0c\ud835\udc2e\u0301\ud835\udc2c\ud835\udc22\ud835\udc1c\ud835\udc1a, que completaron su formaci\u00f3n como m\u00fasicos del Ej\u00e9rcito y cursaron el complemento acad\u00e9mico necesario en la Emuse (a\u00f1o 2019, 2020, 2021).<\/span><\/p>\n\n\n\n<div style=\"height:51px\" aria-hidden=\"true\" class=\"wp-block-spacer\"><\/div>\n\n\n\n<div aria-label=\"Carousel Gallery\" class=\"wp-block-coblocks-gallery-carousel\"><div class=\"coblocks-gallery-carousel-swiper-container is-cropped coblocks-gallery has-no-alignment has-caption-style-dark has-no-thumbnails\"><div class=\"has-carousel has-carousel-xlrg swiper-container\" data-swiper=\"{&quot;alignCells&quot;:false,&quot;autoPlay&quot;:true,&quot;autoPlaySpeed&quot;:&quot;5000&quot;,&quot;draggable&quot;:true,&quot;freeScroll&quot;:false,&quot;loop&quot;:true,&quot;navigation&quot;:true,&quot;pageDots&quot;:false,&quot;pauseHover&quot;:false,&quot;responsiveHeight&quot;:false,&quot;slidesPerView&quot;:1,&quot;thumbnails&quot;:false,&quot;uuid&quot;:&quot;12345&quot;}\" id=\"12345\" style=\"height:550px\"><div class=\"swiper-wrapper\"><div class=\"swiper-slide\"><div class=\"coblocks-gallery--item\" role=\"button\"><figure class=\"coblocks-gallery--figure\"><img fetchpriority=\"high\" decoding=\"async\" width=\"1024\" height=\"683\" alt=\"\" class=\"wp-image-16989\" data-id=\"16989\" data-link=\"https:\/\/www.ejercito.mil.uy\/?attachment_id=16989\" src=\"https:\/\/www.ejercito.mil.uy\/wp-content\/uploads\/2022\/10\/Entrega-de-certificados-a-musicos-del-Ejercito-1-1024x683.jpg\" srcset=\"https:\/\/www.ejercito.mil.uy\/wp-content\/uploads\/2022\/10\/Entrega-de-certificados-a-musicos-del-Ejercito-1-1024x683.jpg 1024w, https:\/\/www.ejercito.mil.uy\/wp-content\/uploads\/2022\/10\/Entrega-de-certificados-a-musicos-del-Ejercito-1-300x200.jpg 300w, https:\/\/www.ejercito.mil.uy\/wp-content\/uploads\/2022\/10\/Entrega-de-certificados-a-musicos-del-Ejercito-1.jpg 1200w\" sizes=\"(max-width: 1024px) 100vw, 1024px\" \/><\/figure><figcaption class=\"coblocks-gallery--caption coblocks-gallery--primary-caption\"><\/figcaption><\/div><\/div><div class=\"swiper-slide\"><div class=\"coblocks-gallery--item\" role=\"button\"><figure class=\"coblocks-gallery--figure\"><img decoding=\"async\" width=\"1024\" height=\"683\" alt=\"\" class=\"wp-image-16991\" data-id=\"16991\" data-link=\"https:\/\/www.ejercito.mil.uy\/?attachment_id=16991\" src=\"https:\/\/www.ejercito.mil.uy\/wp-content\/uploads\/2022\/10\/Entrega-de-certificados-a-musicos-del-Ejercito-8-1024x683.jpg\" srcset=\"https:\/\/www.ejercito.mil.uy\/wp-content\/uploads\/2022\/10\/Entrega-de-certificados-a-musicos-del-Ejercito-8-1024x683.jpg 1024w, https:\/\/www.ejercito.mil.uy\/wp-content\/uploads\/2022\/10\/Entrega-de-certificados-a-musicos-del-Ejercito-8-300x200.jpg 300w, https:\/\/www.ejercito.mil.uy\/wp-content\/uploads\/2022\/10\/Entrega-de-certificados-a-musicos-del-Ejercito-8.jpg 1200w\" sizes=\"(max-width: 1024px) 100vw, 1024px\" \/><\/figure><figcaption class=\"coblocks-gallery--caption coblocks-gallery--primary-caption\"><\/figcaption><\/div><\/div><\/div><button class=\"nav-button__prev\" id=\"12345-prev\"><\/button><button class=\"nav-button__next\" id=\"12345-next\"><\/button><\/div><\/div><\/div>\n\n\n\n<div style=\"height:51px\" aria-hidden=\"true\" class=\"wp-block-spacer\"><\/div>\n\n\n\n<p>Se cont\u00f3 con la participaci\u00f3n del Sr. Ministro de Defensa Nacional, Dr. Javier Garc\u00eda, el Sr. Comandante en Jefe del Ej\u00e9rcito, Gral. de Ej\u00e9rcito Gerardo Fregossi, el Sr. Director General del Sistema de Ense\u00f1anza del Ej\u00e9rcito, Gral. Mario Moreira, el Sr. Director General del Instituto Militar de las Armas y Especialidades, Gral. Jorge Fern\u00e1ndez, el Sr. Director de Formaci\u00f3n Militar, Cnel. (R) Alejandro Bordagorri, el Sr. Presidente del Consejo Directivo Central (Codicen), Prof. Robert Silva y el Director General de Educaci\u00f3n T\u00e9cnico Profesional (DGETP- UTU), Prof. Juan Pereyra. <\/p>\n\n\n\n<div style=\"height:51px\" aria-hidden=\"true\" class=\"wp-block-spacer\"><\/div>\n\n\n\n<div aria-label=\"Carousel Gallery\" class=\"wp-block-coblocks-gallery-carousel\"><div class=\"coblocks-gallery-carousel-swiper-container is-cropped coblocks-gallery has-no-alignment has-caption-style-dark has-no-thumbnails\"><div class=\"has-carousel has-carousel-xlrg swiper-container\" data-swiper=\"{&quot;alignCells&quot;:false,&quot;autoPlay&quot;:true,&quot;autoPlaySpeed&quot;:&quot;5000&quot;,&quot;draggable&quot;:true,&quot;freeScroll&quot;:false,&quot;loop&quot;:true,&quot;navigation&quot;:true,&quot;pageDots&quot;:false,&quot;pauseHover&quot;:false,&quot;responsiveHeight&quot;:false,&quot;slidesPerView&quot;:1,&quot;thumbnails&quot;:false,&quot;uuid&quot;:&quot;12345&quot;}\" id=\"12345\" style=\"height:550px\"><div class=\"swiper-wrapper\"><div class=\"swiper-slide\"><div class=\"coblocks-gallery--item\" role=\"button\"><figure class=\"coblocks-gallery--figure\"><img decoding=\"async\" width=\"1024\" height=\"683\" alt=\"\" class=\"wp-image-16984\" data-id=\"16984\" data-link=\"https:\/\/www.ejercito.mil.uy\/?attachment_id=16984\" src=\"https:\/\/www.ejercito.mil.uy\/wp-content\/uploads\/2022\/10\/Entrega-de-certificados-a-musicos-del-Ejercito-6-1024x683.jpg\" srcset=\"https:\/\/www.ejercito.mil.uy\/wp-content\/uploads\/2022\/10\/Entrega-de-certificados-a-musicos-del-Ejercito-6-1024x683.jpg 1024w, https:\/\/www.ejercito.mil.uy\/wp-content\/uploads\/2022\/10\/Entrega-de-certificados-a-musicos-del-Ejercito-6-300x200.jpg 300w, https:\/\/www.ejercito.mil.uy\/wp-content\/uploads\/2022\/10\/Entrega-de-certificados-a-musicos-del-Ejercito-6.jpg 1200w\" sizes=\"(max-width: 1024px) 100vw, 1024px\" \/><\/figure><figcaption class=\"coblocks-gallery--caption coblocks-gallery--primary-caption\"><\/figcaption><\/div><\/div><div class=\"swiper-slide\"><div class=\"coblocks-gallery--item\" role=\"button\"><figure class=\"coblocks-gallery--figure\"><img loading=\"lazy\" decoding=\"async\" width=\"1024\" height=\"683\" alt=\"\" class=\"wp-image-16985\" data-id=\"16985\" data-link=\"https:\/\/www.ejercito.mil.uy\/?attachment_id=16985\" src=\"https:\/\/www.ejercito.mil.uy\/wp-content\/uploads\/2022\/10\/Entrega-de-certificados-a-musicos-del-Ejercito-7-1024x683.jpg\" srcset=\"https:\/\/www.ejercito.mil.uy\/wp-content\/uploads\/2022\/10\/Entrega-de-certificados-a-musicos-del-Ejercito-7-1024x683.jpg 1024w, https:\/\/www.ejercito.mil.uy\/wp-content\/uploads\/2022\/10\/Entrega-de-certificados-a-musicos-del-Ejercito-7-300x200.jpg 300w, https:\/\/www.ejercito.mil.uy\/wp-content\/uploads\/2022\/10\/Entrega-de-certificados-a-musicos-del-Ejercito-7.jpg 1200w\" sizes=\"(max-width: 1024px) 100vw, 1024px\" \/><\/figure><figcaption class=\"coblocks-gallery--caption coblocks-gallery--primary-caption\"><\/figcaption><\/div><\/div><\/div><button class=\"nav-button__prev\" id=\"12345-prev\"><\/button><button class=\"nav-button__next\" id=\"12345-next\"><\/button><\/div><\/div><\/div>\n\n\n\n<div style=\"height:51px\" aria-hidden=\"true\" class=\"wp-block-spacer\"><\/div>\n\n\n\n<p>Es la primera entrega de certificados que se hace con la cooperaci\u00f3n mutua entre la UTU y el Sistema de Ense\u00f1anza del Ej\u00e9rcito.<\/p>\n\n\n\n<div style=\"height:51px\" aria-hidden=\"true\" class=\"wp-block-spacer\"><\/div>\n\n\n\n<div aria-label=\"Carousel Gallery\" class=\"wp-block-coblocks-gallery-carousel\"><div class=\"coblocks-gallery-carousel-swiper-container is-cropped coblocks-gallery has-no-alignment has-caption-style-dark has-no-thumbnails\"><div class=\"has-carousel has-carousel-xlrg swiper-container\" data-swiper=\"{&quot;alignCells&quot;:false,&quot;autoPlay&quot;:true,&quot;autoPlaySpeed&quot;:&quot;5000&quot;,&quot;draggable&quot;:true,&quot;freeScroll&quot;:false,&quot;loop&quot;:true,&quot;navigation&quot;:true,&quot;pageDots&quot;:false,&quot;pauseHover&quot;:false,&quot;responsiveHeight&quot;:false,&quot;slidesPerView&quot;:1,&quot;thumbnails&quot;:false,&quot;uuid&quot;:&quot;12345&quot;}\" id=\"12345\" style=\"height:550px\"><div class=\"swiper-wrapper\"><div class=\"swiper-slide\"><div class=\"coblocks-gallery--item\" role=\"button\"><figure class=\"coblocks-gallery--figure\"><img loading=\"lazy\" decoding=\"async\" width=\"1024\" height=\"683\" alt=\"\" class=\"wp-image-16993\" data-id=\"16993\" data-link=\"https:\/\/www.ejercito.mil.uy\/?attachment_id=16993\" src=\"https:\/\/www.ejercito.mil.uy\/wp-content\/uploads\/2022\/10\/Entrega-de-certificados-a-musicos-del-Ejercito-4-1024x683.jpg\" srcset=\"https:\/\/www.ejercito.mil.uy\/wp-content\/uploads\/2022\/10\/Entrega-de-certificados-a-musicos-del-Ejercito-4-1024x683.jpg 1024w, https:\/\/www.ejercito.mil.uy\/wp-content\/uploads\/2022\/10\/Entrega-de-certificados-a-musicos-del-Ejercito-4-300x200.jpg 300w, https:\/\/www.ejercito.mil.uy\/wp-content\/uploads\/2022\/10\/Entrega-de-certificados-a-musicos-del-Ejercito-4.jpg 1200w\" sizes=\"(max-width: 1024px) 100vw, 1024px\" \/><\/figure><figcaption class=\"coblocks-gallery--caption coblocks-gallery--primary-caption\"><\/figcaption><\/div><\/div><div class=\"swiper-slide\"><div class=\"coblocks-gallery--item\" role=\"button\"><figure class=\"coblocks-gallery--figure\"><img loading=\"lazy\" decoding=\"async\" width=\"1024\" height=\"683\" alt=\"\" class=\"wp-image-16992\" data-id=\"16992\" data-link=\"https:\/\/www.ejercito.mil.uy\/?attachment_id=16992\" src=\"https:\/\/www.ejercito.mil.uy\/wp-content\/uploads\/2022\/10\/Entrega-de-certificados-a-musicos-del-Ejercito-3-1024x683.jpg\" srcset=\"https:\/\/www.ejercito.mil.uy\/wp-content\/uploads\/2022\/10\/Entrega-de-certificados-a-musicos-del-Ejercito-3-1024x683.jpg 1024w, https:\/\/www.ejercito.mil.uy\/wp-content\/uploads\/2022\/10\/Entrega-de-certificados-a-musicos-del-Ejercito-3-300x200.jpg 300w, https:\/\/www.ejercito.mil.uy\/wp-content\/uploads\/2022\/10\/Entrega-de-certificados-a-musicos-del-Ejercito-3.jpg 1200w\" sizes=\"(max-width: 1024px) 100vw, 1024px\" \/><\/figure><figcaption class=\"coblocks-gallery--caption coblocks-gallery--primary-caption\"><\/figcaption><\/div><\/div><\/div><button class=\"nav-button__prev\" id=\"12345-prev\"><\/button><button class=\"nav-button__next\" id=\"12345-next\"><\/button><\/div><\/div><\/div>\n\n\n\n<div style=\"height:51px\" aria-hidden=\"true\" class=\"wp-block-spacer\"><\/div>\n\n\n\n<p>El inspector de la Inspecci\u00f3n de Bandas Militares del Ej\u00e9rcito, Tte. Cnel. Ram\u00f3n Garc\u00eda, entreg\u00f3 un reconocimiento a la inspectora de m\u00fasica de la DGETP-UTU, Prof. Jacqueline Mor, por su destacado apoyo y colaboraci\u00f3n en el proceso.<\/p>\n\n\n\n<div style=\"height:51px\" aria-hidden=\"true\" class=\"wp-block-spacer\"><\/div>\n\n\n\n<div aria-label=\"Carousel Gallery\" class=\"wp-block-coblocks-gallery-carousel\"><div class=\"coblocks-gallery-carousel-swiper-container is-cropped coblocks-gallery has-no-alignment has-caption-style-dark has-no-thumbnails\"><div class=\"has-carousel has-carousel-xlrg swiper-container\" data-swiper=\"{&quot;alignCells&quot;:false,&quot;autoPlay&quot;:false,&quot;autoPlaySpeed&quot;:3000,&quot;draggable&quot;:true,&quot;freeScroll&quot;:false,&quot;loop&quot;:false,&quot;navigation&quot;:true,&quot;pageDots&quot;:false,&quot;pauseHover&quot;:false,&quot;responsiveHeight&quot;:false,&quot;slidesPerView&quot;:1,&quot;thumbnails&quot;:false,&quot;uuid&quot;:&quot;12345&quot;}\" id=\"12345\" style=\"height:400px\"><div class=\"swiper-wrapper\"><div class=\"swiper-slide\"><div class=\"coblocks-gallery--item\" role=\"button\"><figure class=\"coblocks-gallery--figure\"><img loading=\"lazy\" decoding=\"async\" width=\"1024\" height=\"683\" alt=\"\" class=\"wp-image-16986\" data-id=\"16986\" data-link=\"https:\/\/www.ejercito.mil.uy\/?attachment_id=16986\" src=\"https:\/\/www.ejercito.mil.uy\/wp-content\/uploads\/2022\/10\/Entrega-de-certificados-a-musicos-del-Ejercito-2-1024x683.jpg\" srcset=\"https:\/\/www.ejercito.mil.uy\/wp-content\/uploads\/2022\/10\/Entrega-de-certificados-a-musicos-del-Ejercito-2-1024x683.jpg 1024w, https:\/\/www.ejercito.mil.uy\/wp-content\/uploads\/2022\/10\/Entrega-de-certificados-a-musicos-del-Ejercito-2-300x200.jpg 300w, https:\/\/www.ejercito.mil.uy\/wp-content\/uploads\/2022\/10\/Entrega-de-certificados-a-musicos-del-Ejercito-2.jpg 1200w\" sizes=\"(max-width: 1024px) 100vw, 1024px\" \/><\/figure><figcaption class=\"coblocks-gallery--caption coblocks-gallery--primary-caption\"><\/figcaption><\/div><\/div><\/div><button class=\"nav-button__prev\" id=\"12345-prev\"><\/button><button class=\"nav-button__next\" id=\"12345-next\"><\/button><\/div><\/div><\/div>\n\n\n\n<div style=\"height:51px\" aria-hidden=\"true\" class=\"wp-block-spacer\"><\/div>\n\n\n\n<p>Posteriormente, los integrantes de la Emuse, efectuaron una breve demostraci\u00f3n de habilidades musicales y militares <\/p>\n\n\n\n<div style=\"height:51px\" aria-hidden=\"true\" class=\"wp-block-spacer\"><\/div>\n\n\n\n<div class=\"wp-block-coblocks-gallery-stacked\"><ul class=\"coblocks-gallery has-no-alignment has-fullwidth-images has-custom-gutter\"><li class=\"coblocks-gallery--item\"><figure class=\"coblocks-gallery--figure\"><img loading=\"lazy\" decoding=\"async\" width=\"1024\" height=\"683\" alt=\"\" class=\"wp-image-16988 has-shadow-none\" data-id=\"16988\" data-imglink=\"\" data-link=\"https:\/\/www.ejercito.mil.uy\/?attachment_id=16988\" src=\"https:\/\/www.ejercito.mil.uy\/wp-content\/uploads\/2022\/10\/Entrega-de-certificados-a-musicos-del-Ejercito-10-1024x683.jpg\" srcset=\"https:\/\/www.ejercito.mil.uy\/wp-content\/uploads\/2022\/10\/Entrega-de-certificados-a-musicos-del-Ejercito-10-1024x683.jpg 1024w, https:\/\/www.ejercito.mil.uy\/wp-content\/uploads\/2022\/10\/Entrega-de-certificados-a-musicos-del-Ejercito-10-300x200.jpg 300w, https:\/\/www.ejercito.mil.uy\/wp-content\/uploads\/2022\/10\/Entrega-de-certificados-a-musicos-del-Ejercito-10.jpg 1200w\" sizes=\"(max-width: 1024px) 100vw, 1024px\" \/><\/figure><\/li><\/ul><\/div>\n\n\n\n<div style=\"height:51px\" aria-hidden=\"true\" class=\"wp-block-spacer\"><\/div>\n\n\n\n<p>La formaci\u00f3n permite que los estudiantes tengan herramientas expresivas e integrales que potencian su desarrollo. <\/p>\n\n\n\n<div style=\"height:51px\" aria-hidden=\"true\" class=\"wp-block-spacer\"><\/div>\n\n\n\n<p>\u00a1Felicidades camaradas! <\/p>\n\n\n\n<div style=\"height:51px\" aria-hidden=\"true\" class=\"wp-block-spacer\"><\/div>\n","protected":false},"excerpt":{"rendered":"<p>25.10.2022 &#8211; Se realiz\u00f3 en la Escuela de M\u00fasicos del Ej\u00e9rcito, la entrega de 17 certificados a egresados de Educaci\u00f3n Media B\u00e1sica, orientaci\u00f3n M\u00fasica, que completaron su formaci\u00f3n como m\u00fasicos del Ej\u00e9rcito. <\/p>\n","protected":false},"author":14,"featured_media":16987,"comment_status":"open","ping_status":"open","sticky":false,"template":"","format":"standard","meta":{"_coblocks_attr":"","_coblocks_dimensions":"","_coblocks_responsive_height":"","_coblocks_accordion_ie_support":"","_monsterinsights_skip_tracking":false,"_monsterinsights_sitenote_active":false,"_monsterinsights_sitenote_note":"","_monsterinsights_sitenote_category":0,"_uf_show_specific_survey":0,"_uf_disable_surveys":false,"footnotes":""},"categories":[2,10,14,1],"tags":[711,712,713,557,714,715,158,716],"class_list":["post-16983","post","type-post","status-publish","format-standard","has-post-thumbnail","hentry","category-blog","category-destacados","category-noticias","category-sin-categoria","tag-bandas","tag-certificados","tag-egresados","tag-ejercito","tag-entrgea","tag-estudio","tag-musicos","tag-utu"],"aioseo_notices":[],"_links":{"self":[{"href":"https:\/\/www.ejercito.mil.uy\/index.php\/wp-json\/wp\/v2\/posts\/16983","targetHints":{"allow":["GET"]}}],"collection":[{"href":"https:\/\/www.ejercito.mil.uy\/index.php\/wp-json\/wp\/v2\/posts"}],"about":[{"href":"https:\/\/www.ejercito.mil.uy\/index.php\/wp-json\/wp\/v2\/types\/post"}],"author":[{"embeddable":true,"href":"https:\/\/www.ejercito.mil.uy\/index.php\/wp-json\/wp\/v2\/users\/14"}],"replies":[{"embeddable":true,"href":"https:\/\/www.ejercito.mil.uy\/index.php\/wp-json\/wp\/v2\/comments?post=16983"}],"version-history":[{"count":4,"href":"https:\/\/www.ejercito.mil.uy\/index.php\/wp-json\/wp\/v2\/posts\/16983\/revisions"}],"predecessor-version":[{"id":16998,"href":"https:\/\/www.ejercito.mil.uy\/index.php\/wp-json\/wp\/v2\/posts\/16983\/revisions\/16998"}],"wp:featuredmedia":[{"embeddable":true,"href":"https:\/\/www.ejercito.mil.uy\/index.php\/wp-json\/wp\/v2\/media\/16987"}],"wp:attachment":[{"href":"https:\/\/www.ejercito.mil.uy\/index.php\/wp-json\/wp\/v2\/media?parent=16983"}],"wp:term":[{"taxonomy":"category","embeddable":true,"href":"https:\/\/www.ejercito.mil.uy\/index.php\/wp-json\/wp\/v2\/categories?post=16983"},{"taxonomy":"post_tag","embeddable":true,"href":"https:\/\/www.ejercito.mil.uy\/index.php\/wp-json\/wp\/v2\/tags?post=16983"}],"curies":[{"name":"wp","href":"https:\/\/api.w.org\/{rel}","templated":true}]}}