{"id":17007,"date":"2022-10-27T15:47:14","date_gmt":"2022-10-27T18:47:14","guid":{"rendered":"https:\/\/www.ejercito.mil.uy\/?p=17007"},"modified":"2022-10-28T15:48:55","modified_gmt":"2022-10-28T18:48:55","slug":"capacitaciones-de-manejo-defensivo-para-motos-vehiculos-blindados-y-pesados","status":"publish","type":"post","link":"https:\/\/www.ejercito.mil.uy\/index.php\/2022\/10\/27\/capacitaciones-de-manejo-defensivo-para-motos-vehiculos-blindados-y-pesados\/","title":{"rendered":"Capacitaciones de manejo defensivo para motos, veh\u00edculos blindados y pesados"},"content":{"rendered":"\n<p class=\"has-small-font-size\">27.10.2022 <\/p>\n\n\n\n<div style=\"height:50px\" aria-hidden=\"true\" class=\"wp-block-spacer\"><\/div>\n\n\n\n<p class=\"has-black-color has-luminous-vivid-amber-background-color has-text-color has-background\"><strong>Se realizaron capacitaciones de manejo defensivo para motos, veh\u00edculos blindados y pesados, en los \u00e1mbitos de la Divisi\u00f3n de Ej\u00e9rcito IV (Minas), III (Tacuaremb\u00f3), II (San Jos\u00e9), I y en el Comando de Apoyo Log\u00edstico del Ej\u00e9rcito (Montevideo). <\/strong><\/p>\n\n\n\n<div style=\"height:51px\" aria-hidden=\"true\" class=\"wp-block-spacer\"><\/div>\n\n\n\n<p>Esta actividad es realizada por el Departamento IV (Log\u00edstica) del Estado Mayor del Ej\u00e9rcito, conjuntamente con el Banco de Seguros del Estado. En esta oportunidad se capacitaron a 280 integrantes de la Fuerza, quienes se desempe\u00f1an como conductores en sus diferentes unidades. <\/p>\n\n\n\n<div style=\"height:51px\" aria-hidden=\"true\" class=\"wp-block-spacer\"><\/div>\n\n\n\n<p>Se abordaron temas como errores b\u00e1sicos de la conducci\u00f3n, condiciones adversas, situaciones en el tr\u00e1nsito, sustancias psicoactivas y estad\u00edsticas, entre otros. <\/p>\n\n\n\n<div style=\"height:51px\" aria-hidden=\"true\" class=\"wp-block-spacer\"><\/div>\n\n\n\n<p>El manejo defensivo es conducir evitando accidentes, sin cometer errores a pesar de acciones incorrectas de otros usuarios de la v\u00eda o condiciones adversas. <\/p>\n\n\n\n<div style=\"height:51px\" aria-hidden=\"true\" class=\"wp-block-spacer\"><\/div>\n\n\n\n<p>Por lo tanto, el conocimiento, prevenci\u00f3n, juicio y habilidad son elementos primordiales para el manejo defensivo. <\/p>\n\n\n\n<div style=\"height:51px\" aria-hidden=\"true\" class=\"wp-block-spacer\"><\/div>\n\n\n\n<p>Al finalizar el curso, los participantes ser\u00e1n capaces de aplicar maniobras de prevenci\u00f3n y herramientas en la conducci\u00f3n de veh\u00edculos para evitar siniestros que generen riesgos.<\/p>\n\n\n\n<div style=\"height:51px\" aria-hidden=\"true\" class=\"wp-block-spacer\"><\/div>\n\n\n\n<div aria-label=\"Carousel Gallery\" class=\"wp-block-coblocks-gallery-carousel\"><div class=\"coblocks-gallery-carousel-swiper-container is-cropped coblocks-gallery has-no-alignment has-caption-style-dark has-no-thumbnails\"><div class=\"has-carousel has-carousel-xlrg swiper-container\" data-swiper=\"{&quot;alignCells&quot;:false,&quot;autoPlay&quot;:true,&quot;autoPlaySpeed&quot;:&quot;5000&quot;,&quot;draggable&quot;:true,&quot;freeScroll&quot;:false,&quot;loop&quot;:true,&quot;navigation&quot;:true,&quot;pageDots&quot;:false,&quot;pauseHover&quot;:false,&quot;responsiveHeight&quot;:false,&quot;slidesPerView&quot;:1,&quot;thumbnails&quot;:false,&quot;uuid&quot;:&quot;12345&quot;}\" id=\"12345\" style=\"height:550px\"><div class=\"swiper-wrapper\"><div class=\"swiper-slide\"><div class=\"coblocks-gallery--item\" role=\"button\"><figure class=\"coblocks-gallery--figure\"><img fetchpriority=\"high\" decoding=\"async\" width=\"1024\" height=\"683\" alt=\"\" class=\"wp-image-17013\" data-id=\"17013\" data-link=\"https:\/\/www.ejercito.mil.uy\/?attachment_id=17013\" src=\"https:\/\/www.ejercito.mil.uy\/wp-content\/uploads\/2022\/10\/Capacitaciones-de-manejo-defensivo-para-motos-vehiculos-blindados-y-pesados-4-1024x683.jpg\" srcset=\"https:\/\/www.ejercito.mil.uy\/wp-content\/uploads\/2022\/10\/Capacitaciones-de-manejo-defensivo-para-motos-vehiculos-blindados-y-pesados-4-1024x683.jpg 1024w, https:\/\/www.ejercito.mil.uy\/wp-content\/uploads\/2022\/10\/Capacitaciones-de-manejo-defensivo-para-motos-vehiculos-blindados-y-pesados-4-300x200.jpg 300w, https:\/\/www.ejercito.mil.uy\/wp-content\/uploads\/2022\/10\/Capacitaciones-de-manejo-defensivo-para-motos-vehiculos-blindados-y-pesados-4.jpg 1200w\" sizes=\"(max-width: 1024px) 100vw, 1024px\" \/><\/figure><figcaption class=\"coblocks-gallery--caption coblocks-gallery--primary-caption\"><\/figcaption><\/div><\/div><div class=\"swiper-slide\"><div class=\"coblocks-gallery--item\" role=\"button\"><figure class=\"coblocks-gallery--figure\"><img decoding=\"async\" width=\"1024\" height=\"683\" alt=\"\" class=\"wp-image-17008\" data-id=\"17008\" data-link=\"https:\/\/www.ejercito.mil.uy\/?attachment_id=17008\" src=\"https:\/\/www.ejercito.mil.uy\/wp-content\/uploads\/2022\/10\/Capacitaciones-de-manejo-defensivo-para-motos-vehiculos-blindados-y-pesados-2-1024x683.jpg\" srcset=\"https:\/\/www.ejercito.mil.uy\/wp-content\/uploads\/2022\/10\/Capacitaciones-de-manejo-defensivo-para-motos-vehiculos-blindados-y-pesados-2-1024x683.jpg 1024w, https:\/\/www.ejercito.mil.uy\/wp-content\/uploads\/2022\/10\/Capacitaciones-de-manejo-defensivo-para-motos-vehiculos-blindados-y-pesados-2-300x200.jpg 300w, https:\/\/www.ejercito.mil.uy\/wp-content\/uploads\/2022\/10\/Capacitaciones-de-manejo-defensivo-para-motos-vehiculos-blindados-y-pesados-2.jpg 1200w\" sizes=\"(max-width: 1024px) 100vw, 1024px\" \/><\/figure><figcaption class=\"coblocks-gallery--caption coblocks-gallery--primary-caption\"><\/figcaption><\/div><\/div><div class=\"swiper-slide\"><div class=\"coblocks-gallery--item\" role=\"button\"><figure class=\"coblocks-gallery--figure\"><img decoding=\"async\" width=\"1024\" height=\"683\" alt=\"\" class=\"wp-image-17009\" data-id=\"17009\" data-link=\"https:\/\/www.ejercito.mil.uy\/?attachment_id=17009\" src=\"https:\/\/www.ejercito.mil.uy\/wp-content\/uploads\/2022\/10\/Capacitaciones-de-manejo-defensivo-para-motos-vehiculos-blindados-y-pesados-1-1024x683.jpg\" srcset=\"https:\/\/www.ejercito.mil.uy\/wp-content\/uploads\/2022\/10\/Capacitaciones-de-manejo-defensivo-para-motos-vehiculos-blindados-y-pesados-1-1024x683.jpg 1024w, https:\/\/www.ejercito.mil.uy\/wp-content\/uploads\/2022\/10\/Capacitaciones-de-manejo-defensivo-para-motos-vehiculos-blindados-y-pesados-1-300x200.jpg 300w, https:\/\/www.ejercito.mil.uy\/wp-content\/uploads\/2022\/10\/Capacitaciones-de-manejo-defensivo-para-motos-vehiculos-blindados-y-pesados-1.jpg 1200w\" sizes=\"(max-width: 1024px) 100vw, 1024px\" \/><\/figure><figcaption class=\"coblocks-gallery--caption coblocks-gallery--primary-caption\"><\/figcaption><\/div><\/div><div class=\"swiper-slide\"><div class=\"coblocks-gallery--item\" role=\"button\"><figure class=\"coblocks-gallery--figure\"><img loading=\"lazy\" decoding=\"async\" width=\"1024\" height=\"683\" alt=\"\" class=\"wp-image-17010\" data-id=\"17010\" data-link=\"https:\/\/www.ejercito.mil.uy\/?attachment_id=17010\" src=\"https:\/\/www.ejercito.mil.uy\/wp-content\/uploads\/2022\/10\/Capacitaciones-de-manejo-defensivo-para-motos-vehiculos-blindados-y-pesados-7-1024x683.jpg\" srcset=\"https:\/\/www.ejercito.mil.uy\/wp-content\/uploads\/2022\/10\/Capacitaciones-de-manejo-defensivo-para-motos-vehiculos-blindados-y-pesados-7-1024x683.jpg 1024w, https:\/\/www.ejercito.mil.uy\/wp-content\/uploads\/2022\/10\/Capacitaciones-de-manejo-defensivo-para-motos-vehiculos-blindados-y-pesados-7-300x200.jpg 300w, https:\/\/www.ejercito.mil.uy\/wp-content\/uploads\/2022\/10\/Capacitaciones-de-manejo-defensivo-para-motos-vehiculos-blindados-y-pesados-7.jpg 1200w\" sizes=\"(max-width: 1024px) 100vw, 1024px\" \/><\/figure><figcaption class=\"coblocks-gallery--caption coblocks-gallery--primary-caption\"><\/figcaption><\/div><\/div><div class=\"swiper-slide\"><div class=\"coblocks-gallery--item\" role=\"button\"><figure class=\"coblocks-gallery--figure\"><img loading=\"lazy\" decoding=\"async\" width=\"1024\" height=\"683\" alt=\"\" class=\"wp-image-17011\" data-id=\"17011\" data-link=\"https:\/\/www.ejercito.mil.uy\/?attachment_id=17011\" src=\"https:\/\/www.ejercito.mil.uy\/wp-content\/uploads\/2022\/10\/Capacitaciones-de-manejo-defensivo-para-motos-vehiculos-blindados-y-pesados-6-1024x683.jpg\" srcset=\"https:\/\/www.ejercito.mil.uy\/wp-content\/uploads\/2022\/10\/Capacitaciones-de-manejo-defensivo-para-motos-vehiculos-blindados-y-pesados-6-1024x683.jpg 1024w, https:\/\/www.ejercito.mil.uy\/wp-content\/uploads\/2022\/10\/Capacitaciones-de-manejo-defensivo-para-motos-vehiculos-blindados-y-pesados-6-300x200.jpg 300w, https:\/\/www.ejercito.mil.uy\/wp-content\/uploads\/2022\/10\/Capacitaciones-de-manejo-defensivo-para-motos-vehiculos-blindados-y-pesados-6.jpg 1200w\" sizes=\"(max-width: 1024px) 100vw, 1024px\" \/><\/figure><figcaption class=\"coblocks-gallery--caption coblocks-gallery--primary-caption\"><\/figcaption><\/div><\/div><div class=\"swiper-slide\"><div class=\"coblocks-gallery--item\" role=\"button\"><figure class=\"coblocks-gallery--figure\"><img loading=\"lazy\" decoding=\"async\" width=\"1024\" height=\"683\" alt=\"\" class=\"wp-image-17012\" data-id=\"17012\" data-link=\"https:\/\/www.ejercito.mil.uy\/?attachment_id=17012\" src=\"https:\/\/www.ejercito.mil.uy\/wp-content\/uploads\/2022\/10\/Capacitaciones-de-manejo-defensivo-para-motos-vehiculos-blindados-y-pesados-5-1024x683.jpg\" srcset=\"https:\/\/www.ejercito.mil.uy\/wp-content\/uploads\/2022\/10\/Capacitaciones-de-manejo-defensivo-para-motos-vehiculos-blindados-y-pesados-5-1024x683.jpg 1024w, https:\/\/www.ejercito.mil.uy\/wp-content\/uploads\/2022\/10\/Capacitaciones-de-manejo-defensivo-para-motos-vehiculos-blindados-y-pesados-5-300x200.jpg 300w, https:\/\/www.ejercito.mil.uy\/wp-content\/uploads\/2022\/10\/Capacitaciones-de-manejo-defensivo-para-motos-vehiculos-blindados-y-pesados-5.jpg 1200w\" sizes=\"(max-width: 1024px) 100vw, 1024px\" \/><\/figure><figcaption class=\"coblocks-gallery--caption coblocks-gallery--primary-caption\"><\/figcaption><\/div><\/div><\/div><button class=\"nav-button__prev\" id=\"12345-prev\"><\/button><button class=\"nav-button__next\" id=\"12345-next\"><\/button><\/div><\/div><\/div>\n\n\n\n<p><\/p>\n","protected":false},"excerpt":{"rendered":"<p>27.10.2022 -Se realizaron capacitaciones de manejo defensivo para motos, veh\u00edculos blindados y pesados, en los \u00e1mbitos de la Divisi\u00f3n de Ej\u00e9rcito IV (Minas), III (Tacuaremb\u00f3), II (San Jos\u00e9), I y en el Comando de Apoyo Log\u00edstico del Ej\u00e9rcito (Montevideo). <\/p>\n","protected":false},"author":14,"featured_media":17014,"comment_status":"open","ping_status":"open","sticky":false,"template":"","format":"standard","meta":{"_coblocks_attr":"","_coblocks_dimensions":"","_coblocks_responsive_height":"","_coblocks_accordion_ie_support":"","_monsterinsights_skip_tracking":false,"_monsterinsights_sitenote_active":false,"_monsterinsights_sitenote_note":"","_monsterinsights_sitenote_category":0,"_uf_show_specific_survey":0,"_uf_disable_surveys":false,"footnotes":""},"categories":[2,10,14,1],"tags":[702,720,557,719,721,722,88],"class_list":["post-17007","post","type-post","status-publish","format-standard","has-post-thumbnail","hentry","category-blog","category-destacados","category-noticias","category-sin-categoria","tag-blindados","tag-capacitaciones","tag-ejercito","tag-manejo","tag-motos","tag-pesados","tag-vehiculos"],"aioseo_notices":[],"_links":{"self":[{"href":"https:\/\/www.ejercito.mil.uy\/index.php\/wp-json\/wp\/v2\/posts\/17007","targetHints":{"allow":["GET"]}}],"collection":[{"href":"https:\/\/www.ejercito.mil.uy\/index.php\/wp-json\/wp\/v2\/posts"}],"about":[{"href":"https:\/\/www.ejercito.mil.uy\/index.php\/wp-json\/wp\/v2\/types\/post"}],"author":[{"embeddable":true,"href":"https:\/\/www.ejercito.mil.uy\/index.php\/wp-json\/wp\/v2\/users\/14"}],"replies":[{"embeddable":true,"href":"https:\/\/www.ejercito.mil.uy\/index.php\/wp-json\/wp\/v2\/comments?post=17007"}],"version-history":[{"count":2,"href":"https:\/\/www.ejercito.mil.uy\/index.php\/wp-json\/wp\/v2\/posts\/17007\/revisions"}],"predecessor-version":[{"id":17016,"href":"https:\/\/www.ejercito.mil.uy\/index.php\/wp-json\/wp\/v2\/posts\/17007\/revisions\/17016"}],"wp:featuredmedia":[{"embeddable":true,"href":"https:\/\/www.ejercito.mil.uy\/index.php\/wp-json\/wp\/v2\/media\/17014"}],"wp:attachment":[{"href":"https:\/\/www.ejercito.mil.uy\/index.php\/wp-json\/wp\/v2\/media?parent=17007"}],"wp:term":[{"taxonomy":"category","embeddable":true,"href":"https:\/\/www.ejercito.mil.uy\/index.php\/wp-json\/wp\/v2\/categories?post=17007"},{"taxonomy":"post_tag","embeddable":true,"href":"https:\/\/www.ejercito.mil.uy\/index.php\/wp-json\/wp\/v2\/tags?post=17007"}],"curies":[{"name":"wp","href":"https:\/\/api.w.org\/{rel}","templated":true}]}}