{"id":17095,"date":"2022-11-01T17:00:28","date_gmt":"2022-11-01T20:00:28","guid":{"rendered":"https:\/\/www.ejercito.mil.uy\/?p=17095"},"modified":"2022-11-03T17:01:25","modified_gmt":"2022-11-03T20:01:25","slug":"documental-aspirantes-episodio-5","status":"publish","type":"post","link":"https:\/\/www.ejercito.mil.uy\/index.php\/2022\/11\/01\/documental-aspirantes-episodio-5\/","title":{"rendered":"Documental \u00abASPIRANTES\u00bb \u2013 Episodio 5"},"content":{"rendered":"\n<p class=\"has-small-font-size\">01.11.2022 <\/p>\n\n\n\n<div style=\"height:50px\" aria-hidden=\"true\" class=\"wp-block-spacer\"><\/div>\n\n\n\n<p><span class=\"has-inline-color has-black-color\"><strong>Presentamos el quinto episodio del documental \u00abAspirantes\u00bb, donde los j\u00f3venes reciben su Uniforme de paseo,<\/strong> <strong>primer s\u00edmbolo que los identifica como integrantes de la Escuela Militar. Esta vestimenta emula los colores y dise\u00f1o que vistiera el Gral. Artigas.<\/strong><\/span><\/p>\n\n\n\n<div style=\"height:50px\" aria-hidden=\"true\" class=\"wp-block-spacer\"><\/div>\n\n\n\n<p><a href=\"https:\/\/www.facebook.com\/EscuelaMilitarUruguay\/?__cft__[0]=AZVp5I9GYrRR_-7boTy26iNs_glMU4Ye0CJGumwfsOQOoFZ-23SXpEpKBpYos8YkpCFKNWEzrFMoEKphRZzTG4mw1468ghZQ0vtM0TEZnJ65HzqKH9AxeMmc0sSIlf3ypjviIuGeNbf5qVCgLSQDzf2Abl5MQ9QLpb5QnSAzDWa2dGAjzHueCczaatINP1UP7R0&amp;__tn__=kK-R\" target=\"_blank\" rel=\"noreferrer noopener\">Escuela Militar Uruguay<\/a><\/p>\n\n\n\n<div style=\"height:50px\" aria-hidden=\"true\" class=\"wp-block-spacer\"><\/div>\n\n\n\n<figure class=\"wp-block-embed is-type-video is-provider-youtube wp-block-embed-youtube wp-embed-aspect-16-9 wp-has-aspect-ratio\"><div class=\"wp-block-embed__wrapper\">\n<iframe title=\"Documental &quot;ASPIRANTES&quot; - Episodio 5\" width=\"1778\" height=\"1000\" src=\"https:\/\/www.youtube.com\/embed\/Ns3ccSxRU_U?start=53&#038;feature=oembed\" frameborder=\"0\" allow=\"accelerometer; autoplay; clipboard-write; encrypted-media; gyroscope; picture-in-picture\" allowfullscreen><\/iframe>\n<\/div><\/figure>\n","protected":false},"excerpt":{"rendered":"<p>01.11.2022 &#8211; Compartimos el quinto episodio del documental \u00abAspirantes\u00bb, donde los j\u00f3venes reciben su Uniforme de paseo, primer s\u00edmbolo que los identifica como integrantes de la Escuela Militar. Esta vestimenta emula los colores y dise\u00f1o que vistiera el Gral. Artigas.<\/p>\n","protected":false},"author":14,"featured_media":16898,"comment_status":"open","ping_status":"open","sticky":false,"template":"","format":"standard","meta":{"_coblocks_attr":"","_coblocks_dimensions":"","_coblocks_responsive_height":"","_coblocks_accordion_ie_support":"","_monsterinsights_skip_tracking":false,"_monsterinsights_sitenote_active":false,"_monsterinsights_sitenote_note":"","_monsterinsights_sitenote_category":0,"_uf_show_specific_survey":0,"_uf_disable_surveys":false,"footnotes":""},"categories":[2,10,14,1],"tags":[669,670,557,709],"class_list":["post-17095","post","type-post","status-publish","format-standard","has-post-thumbnail","hentry","category-blog","category-destacados","category-noticias","category-sin-categoria","tag-aspirantes","tag-documental","tag-ejercito","tag-episodio-4"],"aioseo_notices":[],"_links":{"self":[{"href":"https:\/\/www.ejercito.mil.uy\/index.php\/wp-json\/wp\/v2\/posts\/17095","targetHints":{"allow":["GET"]}}],"collection":[{"href":"https:\/\/www.ejercito.mil.uy\/index.php\/wp-json\/wp\/v2\/posts"}],"about":[{"href":"https:\/\/www.ejercito.mil.uy\/index.php\/wp-json\/wp\/v2\/types\/post"}],"author":[{"embeddable":true,"href":"https:\/\/www.ejercito.mil.uy\/index.php\/wp-json\/wp\/v2\/users\/14"}],"replies":[{"embeddable":true,"href":"https:\/\/www.ejercito.mil.uy\/index.php\/wp-json\/wp\/v2\/comments?post=17095"}],"version-history":[{"count":2,"href":"https:\/\/www.ejercito.mil.uy\/index.php\/wp-json\/wp\/v2\/posts\/17095\/revisions"}],"predecessor-version":[{"id":17097,"href":"https:\/\/www.ejercito.mil.uy\/index.php\/wp-json\/wp\/v2\/posts\/17095\/revisions\/17097"}],"wp:featuredmedia":[{"embeddable":true,"href":"https:\/\/www.ejercito.mil.uy\/index.php\/wp-json\/wp\/v2\/media\/16898"}],"wp:attachment":[{"href":"https:\/\/www.ejercito.mil.uy\/index.php\/wp-json\/wp\/v2\/media?parent=17095"}],"wp:term":[{"taxonomy":"category","embeddable":true,"href":"https:\/\/www.ejercito.mil.uy\/index.php\/wp-json\/wp\/v2\/categories?post=17095"},{"taxonomy":"post_tag","embeddable":true,"href":"https:\/\/www.ejercito.mil.uy\/index.php\/wp-json\/wp\/v2\/tags?post=17095"}],"curies":[{"name":"wp","href":"https:\/\/api.w.org\/{rel}","templated":true}]}}