{"id":17113,"date":"2022-11-02T17:21:40","date_gmt":"2022-11-02T20:21:40","guid":{"rendered":"https:\/\/www.ejercito.mil.uy\/?p=17113"},"modified":"2022-11-03T17:23:48","modified_gmt":"2022-11-03T20:23:48","slug":"preparacion-fisica-para-postulantes-a-la-escuela-militar","status":"publish","type":"post","link":"https:\/\/www.ejercito.mil.uy\/index.php\/2022\/11\/02\/preparacion-fisica-para-postulantes-a-la-escuela-militar\/","title":{"rendered":"Preparaci\u00f3n f\u00edsica para postulantes a la Escuela Militar"},"content":{"rendered":"\n<p class=\"has-small-font-size\">02.11.2022 &#8211;  Montevideo <\/p>\n\n\n\n<div style=\"height:50px\" aria-hidden=\"true\" class=\"wp-block-spacer\"><\/div>\n\n\n\n<p><strong>Todos los postulantes interesados en disputar vacantes de ingreso a la <a rel=\"noreferrer noopener\" href=\"https:\/\/www.facebook.com\/EscuelaMilitarUruguay\/?__cft__[0]=AZXYoiwFyfEPlfyYYxYE5Q1Bk93wZmqm6Rrb-G9FvnbkZW7iqZqdAxW7J6H46V3MMl8j5XIBSGe_gcIk--9i_k10DM_9EXsqzwx2zE3lp8qfuN5l3gmi29EN0v_DHAAwvVyjsLrrcJ92I-haAu1FadamRhuwfYAfo92Fx_1nR7qseeRgCeUtxuyEL1C8PkMKAfk&amp;__tn__=kK-R\" target=\"_blank\">Escuela Militar<\/a><\/strong><a rel=\"noreferrer noopener\" href=\"https:\/\/www.facebook.com\/EscuelaMilitarUruguay\/?__cft__[0]=AZXYoiwFyfEPlfyYYxYE5Q1Bk93wZmqm6Rrb-G9FvnbkZW7iqZqdAxW7J6H46V3MMl8j5XIBSGe_gcIk--9i_k10DM_9EXsqzwx2zE3lp8qfuN5l3gmi29EN0v_DHAAwvVyjsLrrcJ92I-haAu1FadamRhuwfYAfo92Fx_1nR7qseeRgCeUtxuyEL1C8PkMKAfk&amp;__tn__=kK-R\" target=\"_blank\"> Urugu<\/a><strong><a rel=\"noreferrer noopener\" href=\"https:\/\/www.facebook.com\/EscuelaMilitarUruguay\/?__cft__[0]=AZXYoiwFyfEPlfyYYxYE5Q1Bk93wZmqm6Rrb-G9FvnbkZW7iqZqdAxW7J6H46V3MMl8j5XIBSGe_gcIk--9i_k10DM_9EXsqzwx2zE3lp8qfuN5l3gmi29EN0v_DHAAwvVyjsLrrcJ92I-haAu1FadamRhuwfYAfo92Fx_1nR7qseeRgCeUtxuyEL1C8PkMKAfk&amp;__tn__=kK-R\" target=\"_blank\">ay<\/a>, podr\u00e1n prepararse f\u00edsicamente en las instalaciones del Campo Deportivo del Ej\u00e9rcito (ubicado en Bv. Gral. Artigas 2687, Montevideo). <\/strong><\/p>\n\n\n\n<div style=\"height:51px\" aria-hidden=\"true\" class=\"wp-block-spacer\"><\/div>\n\n\n\n<p>\ud835\udc06\ud835\udc2b\ud835\udc2e\ud835\udc29\ud835\udc28 \ud835\udfcf: Lunes, mi\u00e9rcoles y viernes Nataci\u00f3n: 16:00 a 16:30 h Pista: 16:30 a 18:00 h<\/p>\n\n\n\n<div style=\"height:51px\" aria-hidden=\"true\" class=\"wp-block-spacer\"><\/div>\n\n\n\n<p>\ud835\udc06\ud835\udc2b\ud835\udc2e\ud835\udc29\ud835\udc28 \ud835\udfd0: Martes y jueves Pista: 16:30 a 18:30 h<\/p>\n\n\n\n<div style=\"height:51px\" aria-hidden=\"true\" class=\"wp-block-spacer\"><\/div>\n\n\n\n<p> \ud835\udc06\ud835\udc2b\ud835\udc2e\ud835\udc29\ud835\udc28 \ud835\udfd1: Lunes, mi\u00e9rcoles y viernes Pista: 09:45 a 11:00 h Nataci\u00f3n: 11:00 a 11:30 h<\/p>\n\n\n\n<div style=\"height:51px\" aria-hidden=\"true\" class=\"wp-block-spacer\"><\/div>\n\n\n\n<p>Las inscripciones cierran el \ud835\udfd7 \ud835\udc1d\ud835\udc1e \ud835\udc1d\ud835\udc22\ud835\udc1c\ud835\udc22\ud835\udc1e\ud835\udc26\ud835\udc1b\ud835\udc2b\ud835\udc1e<\/p>\n\n\n\n<div style=\"height:51px\" aria-hidden=\"true\" class=\"wp-block-spacer\"><\/div>\n\n\n\n<p>\ud835\udc03\ud835\udc28\ud835\udc1c\ud835\udc2e\ud835\udc26\ud835\udc1e\ud835\udc27\ud835\udc2d\ud835\udc1a\ud835\udc1c\ud835\udc22\ud835\udc28\u0301\ud835\udc27: Fotocopia de CI, carn\u00e9 de salud o carn\u00e9 de adolescente.<\/p>\n\n\n\n<div style=\"height:51px\" aria-hidden=\"true\" class=\"wp-block-spacer\"><\/div>\n\n\n\n<p>\ud835\udc05\ud835\udc28\ud835\udc2b\ud835\udc26\ud835\udc2e\ud835\udc25\ud835\udc1a\ud835\udc2b\ud835\udc22\ud835\udc28: Retirar en la oficina administrativa del CADE de lunes a viernes de 08:00 a 13:00 h y de 14:00 a 16:45 h.<\/p>\n\n\n\n<div style=\"height:51px\" aria-hidden=\"true\" class=\"wp-block-spacer\"><\/div>\n\n\n\n<p>Por m\u00e1s consultas comunicarse al 2209 2772 \/ 098 166 940 o a trav\u00e9s del correo electr\u00f3nico: cade2555@hotmail.com<\/p>\n\n\n\n<div style=\"height:51px\" aria-hidden=\"true\" class=\"wp-block-spacer\"><\/div>\n\n\n\n<p>\u00a1Los esperamos! <\/p>\n\n\n\n<div style=\"height:51px\" aria-hidden=\"true\" class=\"wp-block-spacer\"><\/div>\n\n\n\n<p><\/p>\n","protected":false},"excerpt":{"rendered":"<p>02.11.2022 &#8211; Todos los postulantes interesados en disputar vacantes de ingreso a la Escuela Militar Uruguay, podr\u00e1n prepararse f\u00edsicamente en las instalaciones del Campo Deportivo del Ej\u00e9rcito (ubicado en Bv. Gral. Artigas 2687, Montevideo). <\/p>\n","protected":false},"author":14,"featured_media":17117,"comment_status":"open","ping_status":"open","sticky":false,"template":"","format":"standard","meta":{"_coblocks_attr":"","_coblocks_dimensions":"","_coblocks_responsive_height":"","_coblocks_accordion_ie_support":"","_monsterinsights_skip_tracking":false,"_monsterinsights_sitenote_active":false,"_monsterinsights_sitenote_note":"","_monsterinsights_sitenote_category":0,"_uf_show_specific_survey":0,"_uf_disable_surveys":false,"footnotes":""},"categories":[2,10,14,1],"tags":[557,728,593,340,729,727],"class_list":["post-17113","post","type-post","status-publish","format-standard","has-post-thumbnail","hentry","category-blog","category-destacados","category-noticias","category-sin-categoria","tag-ejercito","tag-fisico","tag-ingreso","tag-inscripciones","tag-postulantes","tag-vacantes"],"aioseo_notices":[],"_links":{"self":[{"href":"https:\/\/www.ejercito.mil.uy\/index.php\/wp-json\/wp\/v2\/posts\/17113","targetHints":{"allow":["GET"]}}],"collection":[{"href":"https:\/\/www.ejercito.mil.uy\/index.php\/wp-json\/wp\/v2\/posts"}],"about":[{"href":"https:\/\/www.ejercito.mil.uy\/index.php\/wp-json\/wp\/v2\/types\/post"}],"author":[{"embeddable":true,"href":"https:\/\/www.ejercito.mil.uy\/index.php\/wp-json\/wp\/v2\/users\/14"}],"replies":[{"embeddable":true,"href":"https:\/\/www.ejercito.mil.uy\/index.php\/wp-json\/wp\/v2\/comments?post=17113"}],"version-history":[{"count":4,"href":"https:\/\/www.ejercito.mil.uy\/index.php\/wp-json\/wp\/v2\/posts\/17113\/revisions"}],"predecessor-version":[{"id":17119,"href":"https:\/\/www.ejercito.mil.uy\/index.php\/wp-json\/wp\/v2\/posts\/17113\/revisions\/17119"}],"wp:featuredmedia":[{"embeddable":true,"href":"https:\/\/www.ejercito.mil.uy\/index.php\/wp-json\/wp\/v2\/media\/17117"}],"wp:attachment":[{"href":"https:\/\/www.ejercito.mil.uy\/index.php\/wp-json\/wp\/v2\/media?parent=17113"}],"wp:term":[{"taxonomy":"category","embeddable":true,"href":"https:\/\/www.ejercito.mil.uy\/index.php\/wp-json\/wp\/v2\/categories?post=17113"},{"taxonomy":"post_tag","embeddable":true,"href":"https:\/\/www.ejercito.mil.uy\/index.php\/wp-json\/wp\/v2\/tags?post=17113"}],"curies":[{"name":"wp","href":"https:\/\/api.w.org\/{rel}","templated":true}]}}