{"id":17154,"date":"2022-11-07T19:00:00","date_gmt":"2022-11-07T22:00:00","guid":{"rendered":"https:\/\/www.ejercito.mil.uy\/?p=17154"},"modified":"2022-11-08T09:02:32","modified_gmt":"2022-11-08T12:02:32","slug":"relevo-de-jefe-en-el-derpartamento-de-comunicacion-institucional-del-ejercito","status":"publish","type":"post","link":"https:\/\/www.ejercito.mil.uy\/index.php\/2022\/11\/07\/relevo-de-jefe-en-el-derpartamento-de-comunicacion-institucional-del-ejercito\/","title":{"rendered":"Relevo de Jefe en el Departamento de Comunicaci\u00f3n Institucional del Ej\u00e9rcito"},"content":{"rendered":"\n<p class=\"has-small-font-size\">07.11.2022 &#8211;  Montevideo <\/p>\n\n\n\n<div style=\"height:22px\" aria-hidden=\"true\" class=\"wp-block-spacer\"><\/div>\n\n\n\n<p>Hoy se realiz\u00f3 la ceremonia de relevo de Jefe del Departamento de Comunicaci\u00f3n Institucional del Ej\u00e9rcito y vocero de la Fuerza, asumiendo en el cargo el <strong>Cnel. Alejandro R. Alc\u00e1ntara<\/strong>, relevando al <strong>Cnel. Pedro G\u00f3mez<\/strong>.<\/p>\n\n\n\n<div style=\"height:22px\" aria-hidden=\"true\" class=\"wp-block-spacer\"><\/div>\n\n\n\n<div aria-label=\"Carousel Gallery\" class=\"wp-block-coblocks-gallery-carousel\"><div class=\"coblocks-gallery-carousel-swiper-container is-cropped coblocks-gallery has-no-alignment has-caption-style-dark has-no-thumbnails\"><div class=\"has-carousel has-carousel-xlrg swiper-container\" data-swiper=\"{&quot;alignCells&quot;:false,&quot;autoPlay&quot;:false,&quot;autoPlaySpeed&quot;:3000,&quot;draggable&quot;:true,&quot;freeScroll&quot;:false,&quot;loop&quot;:false,&quot;navigation&quot;:true,&quot;pageDots&quot;:false,&quot;pauseHover&quot;:false,&quot;responsiveHeight&quot;:false,&quot;slidesPerView&quot;:1,&quot;thumbnails&quot;:false,&quot;uuid&quot;:&quot;12345&quot;}\" id=\"12345\" style=\"height:500px\"><div class=\"swiper-wrapper\"><div class=\"swiper-slide\"><div class=\"coblocks-gallery--item\" role=\"button\" tabindex=\"0\"><figure class=\"coblocks-gallery--figure\"><img fetchpriority=\"high\" decoding=\"async\" width=\"1024\" height=\"683\" alt=\"\" class=\"wp-image-17157\" data-id=\"17157\" data-link=\"https:\/\/www.ejercito.mil.uy\/?attachment_id=17157\" src=\"https:\/\/www.ejercito.mil.uy\/wp-content\/uploads\/2022\/11\/2022-11-07-RELEVO-Jefe-de-Dpto.-Com.Inst-II-1024x683.jpg\" srcset=\"https:\/\/www.ejercito.mil.uy\/wp-content\/uploads\/2022\/11\/2022-11-07-RELEVO-Jefe-de-Dpto.-Com.Inst-II-1024x683.jpg 1024w, https:\/\/www.ejercito.mil.uy\/wp-content\/uploads\/2022\/11\/2022-11-07-RELEVO-Jefe-de-Dpto.-Com.Inst-II-300x200.jpg 300w, https:\/\/www.ejercito.mil.uy\/wp-content\/uploads\/2022\/11\/2022-11-07-RELEVO-Jefe-de-Dpto.-Com.Inst-II.jpg 1200w\" sizes=\"(max-width: 1024px) 100vw, 1024px\" \/><\/figure><figcaption class=\"coblocks-gallery--caption coblocks-gallery--primary-caption\"><\/figcaption><\/div><\/div><div class=\"swiper-slide\"><div class=\"coblocks-gallery--item\" role=\"button\" tabindex=\"1\"><figure class=\"coblocks-gallery--figure\"><img decoding=\"async\" width=\"1024\" height=\"683\" alt=\"\" class=\"wp-image-17156\" data-id=\"17156\" data-link=\"https:\/\/www.ejercito.mil.uy\/?attachment_id=17156\" src=\"https:\/\/www.ejercito.mil.uy\/wp-content\/uploads\/2022\/11\/2022-11-07-RELEVO-Jefe-de-Dpto.-Com.InstI_-1024x683.jpg\" srcset=\"https:\/\/www.ejercito.mil.uy\/wp-content\/uploads\/2022\/11\/2022-11-07-RELEVO-Jefe-de-Dpto.-Com.InstI_-1024x683.jpg 1024w, https:\/\/www.ejercito.mil.uy\/wp-content\/uploads\/2022\/11\/2022-11-07-RELEVO-Jefe-de-Dpto.-Com.InstI_-300x200.jpg 300w, https:\/\/www.ejercito.mil.uy\/wp-content\/uploads\/2022\/11\/2022-11-07-RELEVO-Jefe-de-Dpto.-Com.InstI_.jpg 1200w\" sizes=\"(max-width: 1024px) 100vw, 1024px\" \/><\/figure><figcaption class=\"coblocks-gallery--caption coblocks-gallery--primary-caption\"><\/figcaption><\/div><\/div><div class=\"swiper-slide\"><div class=\"coblocks-gallery--item\" role=\"button\" tabindex=\"2\"><figure class=\"coblocks-gallery--figure\"><img decoding=\"async\" width=\"1024\" height=\"683\" alt=\"\" class=\"wp-image-17159\" data-id=\"17159\" data-link=\"https:\/\/www.ejercito.mil.uy\/?attachment_id=17159\" src=\"https:\/\/www.ejercito.mil.uy\/wp-content\/uploads\/2022\/11\/2022-11-07-RELEVO-Jefe-de-Dpto.-Com.Inst-IV-1024x683.jpg\" srcset=\"https:\/\/www.ejercito.mil.uy\/wp-content\/uploads\/2022\/11\/2022-11-07-RELEVO-Jefe-de-Dpto.-Com.Inst-IV-1024x683.jpg 1024w, https:\/\/www.ejercito.mil.uy\/wp-content\/uploads\/2022\/11\/2022-11-07-RELEVO-Jefe-de-Dpto.-Com.Inst-IV-300x200.jpg 300w, https:\/\/www.ejercito.mil.uy\/wp-content\/uploads\/2022\/11\/2022-11-07-RELEVO-Jefe-de-Dpto.-Com.Inst-IV.jpg 1200w\" sizes=\"(max-width: 1024px) 100vw, 1024px\" \/><\/figure><figcaption class=\"coblocks-gallery--caption coblocks-gallery--primary-caption\"><\/figcaption><\/div><\/div><div class=\"swiper-slide\"><div class=\"coblocks-gallery--item\" role=\"button\" tabindex=\"3\"><figure class=\"coblocks-gallery--figure\"><img loading=\"lazy\" decoding=\"async\" width=\"1024\" height=\"683\" alt=\"\" class=\"wp-image-17160\" data-id=\"17160\" data-link=\"https:\/\/www.ejercito.mil.uy\/?attachment_id=17160\" src=\"https:\/\/www.ejercito.mil.uy\/wp-content\/uploads\/2022\/11\/2022-11-07-RELEVO-Jefe-de-Dpto.-Com.Inst-V-1024x683.jpg\" srcset=\"https:\/\/www.ejercito.mil.uy\/wp-content\/uploads\/2022\/11\/2022-11-07-RELEVO-Jefe-de-Dpto.-Com.Inst-V-1024x683.jpg 1024w, https:\/\/www.ejercito.mil.uy\/wp-content\/uploads\/2022\/11\/2022-11-07-RELEVO-Jefe-de-Dpto.-Com.Inst-V-300x200.jpg 300w, https:\/\/www.ejercito.mil.uy\/wp-content\/uploads\/2022\/11\/2022-11-07-RELEVO-Jefe-de-Dpto.-Com.Inst-V.jpg 1200w\" sizes=\"(max-width: 1024px) 100vw, 1024px\" \/><\/figure><figcaption class=\"coblocks-gallery--caption coblocks-gallery--primary-caption\"><\/figcaption><\/div><\/div><div class=\"swiper-slide\"><div class=\"coblocks-gallery--item\" role=\"button\" tabindex=\"4\"><figure class=\"coblocks-gallery--figure\"><img loading=\"lazy\" decoding=\"async\" width=\"1024\" height=\"683\" alt=\"\" class=\"wp-image-17161\" data-id=\"17161\" data-link=\"https:\/\/www.ejercito.mil.uy\/?attachment_id=17161\" src=\"https:\/\/www.ejercito.mil.uy\/wp-content\/uploads\/2022\/11\/2022-11-07-RELEVO-Jefe-de-Dpto.-Com.Inst-VI-1024x683.jpg\" srcset=\"https:\/\/www.ejercito.mil.uy\/wp-content\/uploads\/2022\/11\/2022-11-07-RELEVO-Jefe-de-Dpto.-Com.Inst-VI-1024x683.jpg 1024w, https:\/\/www.ejercito.mil.uy\/wp-content\/uploads\/2022\/11\/2022-11-07-RELEVO-Jefe-de-Dpto.-Com.Inst-VI-300x200.jpg 300w, https:\/\/www.ejercito.mil.uy\/wp-content\/uploads\/2022\/11\/2022-11-07-RELEVO-Jefe-de-Dpto.-Com.Inst-VI.jpg 1200w\" sizes=\"(max-width: 1024px) 100vw, 1024px\" \/><\/figure><figcaption class=\"coblocks-gallery--caption coblocks-gallery--primary-caption\"><\/figcaption><\/div><\/div><\/div><button class=\"nav-button__prev\" id=\"12345-prev\"><svg class=\"icon\" style=\"transform:rotate(180deg)\"><\/svg><\/button><button class=\"nav-button__next\" id=\"12345-next\"><svg class=\"icon\"><\/svg><\/button><\/div><\/div><\/div>\n\n\n\n<p><\/p>\n","protected":false},"excerpt":{"rendered":"<p>07.11.2022 &#8211; Se realiz\u00f3 la ceremonia Relevo de Jefe en el Derpartamento de Comunicaci\u00f3n Institucional del Ej\u00e9rcito y vocero de la Fuerza. <\/p>\n","protected":false},"author":14,"featured_media":17155,"comment_status":"open","ping_status":"open","sticky":false,"template":"","format":"standard","meta":{"_coblocks_attr":"","_coblocks_dimensions":"","_coblocks_responsive_height":"","_coblocks_accordion_ie_support":"","_monsterinsights_skip_tracking":false,"_monsterinsights_sitenote_active":false,"_monsterinsights_sitenote_note":"","_monsterinsights_sitenote_category":0,"_uf_show_specific_survey":0,"_uf_disable_surveys":false,"footnotes":""},"categories":[2,10,14,1],"tags":[730,557,732,652,731],"class_list":["post-17154","post","type-post","status-publish","format-standard","has-post-thumbnail","hentry","category-blog","category-destacados","category-noticias","category-sin-categoria","tag-departamento","tag-ejercito","tag-institucional","tag-relevo","tag-vocero"],"aioseo_notices":[],"_links":{"self":[{"href":"https:\/\/www.ejercito.mil.uy\/index.php\/wp-json\/wp\/v2\/posts\/17154","targetHints":{"allow":["GET"]}}],"collection":[{"href":"https:\/\/www.ejercito.mil.uy\/index.php\/wp-json\/wp\/v2\/posts"}],"about":[{"href":"https:\/\/www.ejercito.mil.uy\/index.php\/wp-json\/wp\/v2\/types\/post"}],"author":[{"embeddable":true,"href":"https:\/\/www.ejercito.mil.uy\/index.php\/wp-json\/wp\/v2\/users\/14"}],"replies":[{"embeddable":true,"href":"https:\/\/www.ejercito.mil.uy\/index.php\/wp-json\/wp\/v2\/comments?post=17154"}],"version-history":[{"count":4,"href":"https:\/\/www.ejercito.mil.uy\/index.php\/wp-json\/wp\/v2\/posts\/17154\/revisions"}],"predecessor-version":[{"id":17192,"href":"https:\/\/www.ejercito.mil.uy\/index.php\/wp-json\/wp\/v2\/posts\/17154\/revisions\/17192"}],"wp:featuredmedia":[{"embeddable":true,"href":"https:\/\/www.ejercito.mil.uy\/index.php\/wp-json\/wp\/v2\/media\/17155"}],"wp:attachment":[{"href":"https:\/\/www.ejercito.mil.uy\/index.php\/wp-json\/wp\/v2\/media?parent=17154"}],"wp:term":[{"taxonomy":"category","embeddable":true,"href":"https:\/\/www.ejercito.mil.uy\/index.php\/wp-json\/wp\/v2\/categories?post=17154"},{"taxonomy":"post_tag","embeddable":true,"href":"https:\/\/www.ejercito.mil.uy\/index.php\/wp-json\/wp\/v2\/tags?post=17154"}],"curies":[{"name":"wp","href":"https:\/\/api.w.org\/{rel}","templated":true}]}}