{"id":17209,"date":"2022-11-08T15:27:07","date_gmt":"2022-11-08T18:27:07","guid":{"rendered":"https:\/\/www.ejercito.mil.uy\/?p=17209"},"modified":"2022-11-09T15:27:15","modified_gmt":"2022-11-09T18:27:15","slug":"clausura-del-2-periodo-del-centro-de-instruccion-de-reclutas-de-la-reserva-general-del-ejercito","status":"publish","type":"post","link":"https:\/\/www.ejercito.mil.uy\/index.php\/2022\/11\/08\/clausura-del-2-periodo-del-centro-de-instruccion-de-reclutas-de-la-reserva-general-del-ejercito\/","title":{"rendered":"Clausura del 2\u00b0 periodo del Centro de Instrucci\u00f3n de Reclutas de la Reserva General del Ej\u00e9rcito"},"content":{"rendered":"\n<p class=\"has-small-font-size\">08.11.2022 &#8211;  Montevideo <\/p>\n\n\n\n<div style=\"height:22px\" aria-hidden=\"true\" class=\"wp-block-spacer\"><\/div>\n\n\n\n<p>El pasado 1 de Noviembre, se realiz\u00f3 la ceremonia de \ud835\udc1c\ud835\udc25\ud835\udc1a\ud835\udc2e\ud835\udc2c\ud835\udc2e\ud835\udc2b\ud835\udc1a \ud835\udc1d\ud835\udc1e\ud835\udc25 \ud835\udfd0\u00b0 \ud835\udc29\ud835\udc1e\ud835\udc2b\ud835\udc22\ud835\udc28\ud835\udc1d\ud835\udc28 \ud835\udc1d\ud835\udc1e\ud835\udc25 \ud835\udc02\ud835\udc1e\ud835\udc27\ud835\udc2d\ud835\udc2b\ud835\udc28 \ud835\udc1d\ud835\udc1e \ud835\udc08\ud835\udc27\ud835\udc2c\ud835\udc2d\ud835\udc2b\ud835\udc2e\ud835\udc1c\ud835\udc1c\ud835\udc22\ud835\udc28\u0301\ud835\udc27 \ud835\udc1d\ud835\udc1e \ud835\udc11\ud835\udc1e\ud835\udc1c\ud835\udc25\ud835\udc2e\ud835\udc2d\ud835\udc1a\ud835\udc2c (\ud835\udc02\ud835\udc08\ud835\udc11\ud835\udc11) \ud835\udc1d\ud835\udc1e \ud835\udc25\ud835\udc1a \ud835\udc11\ud835\udc1e\ud835\udc2c\ud835\udc1e\ud835\udc2b\ud835\udc2f\ud835\udc1a \ud835\udc06\ud835\udc1e\ud835\udc27\ud835\udc1e\ud835\udc2b\ud835\udc1a\ud835\udc25 \ud835\udc1d\ud835\udc1e \ud835\udc04\ud835\udc23\ud835\udc1e\u0301\ud835\udc2b\ud835\udc1c\ud835\udc22\ud835\udc2d\ud835\udc28.<\/p>\n\n\n\n<div style=\"height:50px\" aria-hidden=\"true\" class=\"wp-block-spacer\"><\/div>\n\n\n\n<p>Se cont\u00f3 con la participaci\u00f3n del 2do Comandante de la Reserva General del Ej\u00e9rcito, Cnel. Hugo Pesce, el Comandante de Artiller\u00eda de Ej\u00e9rcito, Cnel. Julio Grignoli, entre otras autoridades. <\/p>\n\n\n\n<div style=\"height:50px\" aria-hidden=\"true\" class=\"wp-block-spacer\"><\/div>\n\n\n\n<p>Participaron 5 Oficiales, 25 instructores auxiliares y 146 Soldados nuevos. <\/p>\n\n\n\n<div style=\"height:50px\" aria-hidden=\"true\" class=\"wp-block-spacer\"><\/div>\n\n\n\n<p>Durante un per\u00edodo superior a 2 meses, recibieron instrucci\u00f3n colectiva e individual correspondiente a la capacitaci\u00f3n b\u00e1sica de Soldado, como orden cerrado, orden abierto (diurno y nocturno), educaci\u00f3n f\u00edsica, primeros auxilios, leyes, decretos y reglamentos vigentes para todo efectivo. <\/p>\n\n\n\n<div style=\"height:50px\" aria-hidden=\"true\" class=\"wp-block-spacer\"><\/div>\n\n\n\n<p>\u00a1Felicidades camaradas! <\/p>\n\n\n\n<div style=\"height:50px\" aria-hidden=\"true\" class=\"wp-block-spacer\"><\/div>\n\n\n\n<div aria-label=\"Carousel Gallery\" class=\"wp-block-coblocks-gallery-carousel\"><div class=\"coblocks-gallery-carousel-swiper-container is-cropped coblocks-gallery has-no-alignment has-caption-style-dark has-no-thumbnails\"><div class=\"has-carousel has-carousel-xlrg swiper-container\" data-swiper=\"{&quot;alignCells&quot;:false,&quot;autoPlay&quot;:false,&quot;autoPlaySpeed&quot;:3000,&quot;draggable&quot;:true,&quot;freeScroll&quot;:false,&quot;loop&quot;:false,&quot;navigation&quot;:true,&quot;pageDots&quot;:false,&quot;pauseHover&quot;:false,&quot;responsiveHeight&quot;:false,&quot;slidesPerView&quot;:1,&quot;thumbnails&quot;:false,&quot;uuid&quot;:&quot;12345&quot;}\" id=\"12345\" style=\"height:500px\"><div class=\"swiper-wrapper\"><div class=\"swiper-slide\"><div class=\"coblocks-gallery--item\" role=\"button\"><figure class=\"coblocks-gallery--figure\"><img fetchpriority=\"high\" decoding=\"async\" width=\"1024\" height=\"683\" alt=\"\" class=\"wp-image-17211\" data-id=\"17211\" data-link=\"https:\/\/www.ejercito.mil.uy\/?attachment_id=17211\" src=\"https:\/\/www.ejercito.mil.uy\/wp-content\/uploads\/2022\/11\/Clausura-del-2\u00b0-periodo-del-Centro-de-Instruccion-de-Reclutas-de-la-Reserva-General-del-Ejercito-7-1024x683.jpg\" srcset=\"https:\/\/www.ejercito.mil.uy\/wp-content\/uploads\/2022\/11\/Clausura-del-2\u00b0-periodo-del-Centro-de-Instruccion-de-Reclutas-de-la-Reserva-General-del-Ejercito-7-1024x683.jpg 1024w, https:\/\/www.ejercito.mil.uy\/wp-content\/uploads\/2022\/11\/Clausura-del-2\u00b0-periodo-del-Centro-de-Instruccion-de-Reclutas-de-la-Reserva-General-del-Ejercito-7-300x200.jpg 300w, https:\/\/www.ejercito.mil.uy\/wp-content\/uploads\/2022\/11\/Clausura-del-2\u00b0-periodo-del-Centro-de-Instruccion-de-Reclutas-de-la-Reserva-General-del-Ejercito-7.jpg 1200w\" sizes=\"(max-width: 1024px) 100vw, 1024px\" \/><\/figure><figcaption class=\"coblocks-gallery--caption coblocks-gallery--primary-caption\"><\/figcaption><\/div><\/div><div class=\"swiper-slide\"><div class=\"coblocks-gallery--item\" role=\"button\"><figure class=\"coblocks-gallery--figure\"><img decoding=\"async\" width=\"1024\" height=\"683\" alt=\"\" class=\"wp-image-17215\" data-id=\"17215\" data-link=\"https:\/\/www.ejercito.mil.uy\/?attachment_id=17215\" src=\"https:\/\/www.ejercito.mil.uy\/wp-content\/uploads\/2022\/11\/Clausura-del-2\u00b0-periodo-del-Centro-de-Instruccion-de-Reclutas-de-la-Reserva-General-del-Ejercito-5-1024x683.jpg\" srcset=\"https:\/\/www.ejercito.mil.uy\/wp-content\/uploads\/2022\/11\/Clausura-del-2\u00b0-periodo-del-Centro-de-Instruccion-de-Reclutas-de-la-Reserva-General-del-Ejercito-5-1024x683.jpg 1024w, https:\/\/www.ejercito.mil.uy\/wp-content\/uploads\/2022\/11\/Clausura-del-2\u00b0-periodo-del-Centro-de-Instruccion-de-Reclutas-de-la-Reserva-General-del-Ejercito-5-300x200.jpg 300w, https:\/\/www.ejercito.mil.uy\/wp-content\/uploads\/2022\/11\/Clausura-del-2\u00b0-periodo-del-Centro-de-Instruccion-de-Reclutas-de-la-Reserva-General-del-Ejercito-5.jpg 1200w\" sizes=\"(max-width: 1024px) 100vw, 1024px\" \/><\/figure><figcaption class=\"coblocks-gallery--caption coblocks-gallery--primary-caption\"><\/figcaption><\/div><\/div><div class=\"swiper-slide\"><div class=\"coblocks-gallery--item\" role=\"button\"><figure class=\"coblocks-gallery--figure\"><img decoding=\"async\" width=\"1024\" height=\"683\" alt=\"\" class=\"wp-image-17216\" data-id=\"17216\" data-link=\"https:\/\/www.ejercito.mil.uy\/?attachment_id=17216\" src=\"https:\/\/www.ejercito.mil.uy\/wp-content\/uploads\/2022\/11\/Clausura-del-2\u00b0-periodo-del-Centro-de-Instruccion-de-Reclutas-de-la-Reserva-General-del-Ejercito-6-1024x683.jpg\" srcset=\"https:\/\/www.ejercito.mil.uy\/wp-content\/uploads\/2022\/11\/Clausura-del-2\u00b0-periodo-del-Centro-de-Instruccion-de-Reclutas-de-la-Reserva-General-del-Ejercito-6-1024x683.jpg 1024w, https:\/\/www.ejercito.mil.uy\/wp-content\/uploads\/2022\/11\/Clausura-del-2\u00b0-periodo-del-Centro-de-Instruccion-de-Reclutas-de-la-Reserva-General-del-Ejercito-6-300x200.jpg 300w, https:\/\/www.ejercito.mil.uy\/wp-content\/uploads\/2022\/11\/Clausura-del-2\u00b0-periodo-del-Centro-de-Instruccion-de-Reclutas-de-la-Reserva-General-del-Ejercito-6.jpg 1200w\" sizes=\"(max-width: 1024px) 100vw, 1024px\" \/><\/figure><figcaption class=\"coblocks-gallery--caption coblocks-gallery--primary-caption\"><\/figcaption><\/div><\/div><div class=\"swiper-slide\"><div class=\"coblocks-gallery--item\" role=\"button\"><figure class=\"coblocks-gallery--figure\"><img loading=\"lazy\" decoding=\"async\" width=\"1024\" height=\"683\" alt=\"\" class=\"wp-image-17213\" data-id=\"17213\" data-link=\"https:\/\/www.ejercito.mil.uy\/?attachment_id=17213\" src=\"https:\/\/www.ejercito.mil.uy\/wp-content\/uploads\/2022\/11\/Clausura-del-2\u00b0-periodo-del-Centro-de-Instruccion-de-Reclutas-de-la-Reserva-General-del-Ejercito-3-1024x683.jpg\" srcset=\"https:\/\/www.ejercito.mil.uy\/wp-content\/uploads\/2022\/11\/Clausura-del-2\u00b0-periodo-del-Centro-de-Instruccion-de-Reclutas-de-la-Reserva-General-del-Ejercito-3-1024x683.jpg 1024w, https:\/\/www.ejercito.mil.uy\/wp-content\/uploads\/2022\/11\/Clausura-del-2\u00b0-periodo-del-Centro-de-Instruccion-de-Reclutas-de-la-Reserva-General-del-Ejercito-3-300x200.jpg 300w, https:\/\/www.ejercito.mil.uy\/wp-content\/uploads\/2022\/11\/Clausura-del-2\u00b0-periodo-del-Centro-de-Instruccion-de-Reclutas-de-la-Reserva-General-del-Ejercito-3.jpg 1200w\" sizes=\"(max-width: 1024px) 100vw, 1024px\" \/><\/figure><figcaption class=\"coblocks-gallery--caption coblocks-gallery--primary-caption\"><\/figcaption><\/div><\/div><div class=\"swiper-slide\"><div class=\"coblocks-gallery--item\" role=\"button\"><figure class=\"coblocks-gallery--figure\"><img loading=\"lazy\" decoding=\"async\" width=\"1024\" height=\"683\" alt=\"\" class=\"wp-image-17214\" data-id=\"17214\" data-link=\"https:\/\/www.ejercito.mil.uy\/?attachment_id=17214\" src=\"https:\/\/www.ejercito.mil.uy\/wp-content\/uploads\/2022\/11\/314978632_509640291193775_7250409565568548110_n-copia-1024x683.jpg\" srcset=\"https:\/\/www.ejercito.mil.uy\/wp-content\/uploads\/2022\/11\/314978632_509640291193775_7250409565568548110_n-copia-1024x683.jpg 1024w, https:\/\/www.ejercito.mil.uy\/wp-content\/uploads\/2022\/11\/314978632_509640291193775_7250409565568548110_n-copia-300x200.jpg 300w, https:\/\/www.ejercito.mil.uy\/wp-content\/uploads\/2022\/11\/314978632_509640291193775_7250409565568548110_n-copia.jpg 1200w\" sizes=\"(max-width: 1024px) 100vw, 1024px\" \/><\/figure><figcaption class=\"coblocks-gallery--caption coblocks-gallery--primary-caption\"><\/figcaption><\/div><\/div><div class=\"swiper-slide\"><div class=\"coblocks-gallery--item\" role=\"button\"><figure class=\"coblocks-gallery--figure\"><img loading=\"lazy\" decoding=\"async\" width=\"1024\" height=\"683\" alt=\"\" class=\"wp-image-17212\" data-id=\"17212\" data-link=\"https:\/\/www.ejercito.mil.uy\/?attachment_id=17212\" src=\"https:\/\/www.ejercito.mil.uy\/wp-content\/uploads\/2022\/11\/314976783_509640221193782_5797566201818838652_n-copia-1024x683.jpg\" srcset=\"https:\/\/www.ejercito.mil.uy\/wp-content\/uploads\/2022\/11\/314976783_509640221193782_5797566201818838652_n-copia-1024x683.jpg 1024w, https:\/\/www.ejercito.mil.uy\/wp-content\/uploads\/2022\/11\/314976783_509640221193782_5797566201818838652_n-copia-300x200.jpg 300w, https:\/\/www.ejercito.mil.uy\/wp-content\/uploads\/2022\/11\/314976783_509640221193782_5797566201818838652_n-copia.jpg 1200w\" sizes=\"(max-width: 1024px) 100vw, 1024px\" \/><\/figure><figcaption class=\"coblocks-gallery--caption coblocks-gallery--primary-caption\"><\/figcaption><\/div><\/div><\/div><button class=\"nav-button__prev\" id=\"12345-prev\"><\/button><button class=\"nav-button__next\" id=\"12345-next\"><\/button><\/div><\/div><\/div>\n\n\n\n<p><\/p>\n","protected":false},"excerpt":{"rendered":"<p>08.11.2022 &#8211; El pasado 1 de Noviembre, se realiz\u00f3 la ceremonia de clausura del 2\u00b0 periodo del Centro de Instrucci\u00f3n de Reclutas de la Reserva General del Ej\u00e9rcito.<\/p>\n","protected":false},"author":14,"featured_media":17210,"comment_status":"open","ping_status":"open","sticky":false,"template":"","format":"standard","meta":{"_coblocks_attr":"","_coblocks_dimensions":"","_coblocks_responsive_height":"","_coblocks_accordion_ie_support":"","_monsterinsights_skip_tracking":false,"_monsterinsights_sitenote_active":false,"_monsterinsights_sitenote_note":"","_monsterinsights_sitenote_category":0,"_uf_show_specific_survey":0,"_uf_disable_surveys":false,"footnotes":""},"categories":[2,10,14,1],"tags":[517,589,565,557,13,733,442],"class_list":["post-17209","post","type-post","status-publish","format-standard","has-post-thumbnail","hentry","category-blog","category-destacados","category-noticias","category-sin-categoria","tag-cirr","tag-clausura","tag-ejercicios","tag-ejercito","tag-instruccion","tag-reclutas","tag-soldados"],"aioseo_notices":[],"_links":{"self":[{"href":"https:\/\/www.ejercito.mil.uy\/index.php\/wp-json\/wp\/v2\/posts\/17209","targetHints":{"allow":["GET"]}}],"collection":[{"href":"https:\/\/www.ejercito.mil.uy\/index.php\/wp-json\/wp\/v2\/posts"}],"about":[{"href":"https:\/\/www.ejercito.mil.uy\/index.php\/wp-json\/wp\/v2\/types\/post"}],"author":[{"embeddable":true,"href":"https:\/\/www.ejercito.mil.uy\/index.php\/wp-json\/wp\/v2\/users\/14"}],"replies":[{"embeddable":true,"href":"https:\/\/www.ejercito.mil.uy\/index.php\/wp-json\/wp\/v2\/comments?post=17209"}],"version-history":[{"count":1,"href":"https:\/\/www.ejercito.mil.uy\/index.php\/wp-json\/wp\/v2\/posts\/17209\/revisions"}],"predecessor-version":[{"id":17217,"href":"https:\/\/www.ejercito.mil.uy\/index.php\/wp-json\/wp\/v2\/posts\/17209\/revisions\/17217"}],"wp:featuredmedia":[{"embeddable":true,"href":"https:\/\/www.ejercito.mil.uy\/index.php\/wp-json\/wp\/v2\/media\/17210"}],"wp:attachment":[{"href":"https:\/\/www.ejercito.mil.uy\/index.php\/wp-json\/wp\/v2\/media?parent=17209"}],"wp:term":[{"taxonomy":"category","embeddable":true,"href":"https:\/\/www.ejercito.mil.uy\/index.php\/wp-json\/wp\/v2\/categories?post=17209"},{"taxonomy":"post_tag","embeddable":true,"href":"https:\/\/www.ejercito.mil.uy\/index.php\/wp-json\/wp\/v2\/tags?post=17209"}],"curies":[{"name":"wp","href":"https:\/\/api.w.org\/{rel}","templated":true}]}}