{"id":17227,"date":"2022-11-09T15:52:33","date_gmt":"2022-11-09T18:52:33","guid":{"rendered":"https:\/\/www.ejercito.mil.uy\/?p=17227"},"modified":"2022-11-10T19:56:06","modified_gmt":"2022-11-10T22:56:06","slug":"visita-de-alumnos-de-la-ecome-al-palacio-legislativo","status":"publish","type":"post","link":"https:\/\/www.ejercito.mil.uy\/index.php\/2022\/11\/09\/visita-de-alumnos-de-la-ecome-al-palacio-legislativo\/","title":{"rendered":"Visita de alumnos de la ECOME al Palacio Legislativo"},"content":{"rendered":"\n<p class=\"has-small-font-size\">09.11.2022 &#8211;  Montevideo <\/p>\n\n\n\n<div style=\"height:22px\" aria-hidden=\"true\" class=\"wp-block-spacer\"><\/div>\n\n\n\n<p class=\"has-white-color has-vivid-cyan-blue-background-color has-text-color has-background\">Alumnos de la Escuela de Comunicaciones del Ej\u00e9rcito (Ecome), realizaron una \ud835\ude03\ud835\uddf6\ud835\ude00\ud835\uddf6\ud835\ude01\ud835\uddee \ud835\uddee\ud835\uddf9 \ud835\udde3\ud835\uddee\ud835\uddf9\ud835\uddee\ud835\uddf0\ud835\uddf6\ud835\uddfc \ud835\udddf\ud835\uddf2\ud835\uddf4\ud835\uddf6\ud835\ude00\ud835\uddf9\ud835\uddee\ud835\ude01\ud835\uddf6\ud835\ude03\ud835\uddfc. <\/p>\n\n\n\n<div style=\"height:50px\" aria-hidden=\"true\" class=\"wp-block-spacer\"><\/div>\n\n\n\n<p>Recorrieron los distintos lugares del edificio, entre ellos el Sal\u00f3n de los Pasos Perdidos, las Salas de Sesiones de la C\u00e1mara de Senadores y Representantes, Vest\u00edbulo de Honor, Sala de Eventos Especiales, Sal\u00f3n Central de la Biblioteca, que cuenta con dise\u00f1os aleg\u00f3ricos, como el mueble central que oficia de soporte de la maqueta ecuestre a escala del Gral. Jos\u00e9 Gervasio Artigas, realizada por el escultor italiano <img decoding=\"async\" height=\"16\" width=\"16\" alt=\"\ud83c\uddee\ud83c\uddf9\" src=\"https:\/\/static.xx.fbcdn.net\/images\/emoji.php\/v9\/t52\/1.5\/16\/1f1ee_1f1f9.png\"> \u00c1ngelo Zanelli.<\/p>\n\n\n\n<div style=\"height:50px\" aria-hidden=\"true\" class=\"wp-block-spacer\"><\/div>\n\n\n\n<p>Es el ejemplo testimonial m\u00e1s importante que tiene el pa\u00eds, de una bella y equilibrada arquitectura neo-cl\u00e1sica, de fuerte inspiraci\u00f3n griega en sus fachadas exteriores. <\/p>\n\n\n\n<div style=\"height:51px\" aria-hidden=\"true\" class=\"wp-block-spacer\"><\/div>\n\n\n\n<p>Visitar este lugar es importante, ya que alberga al Poder Legislativo del Uruguay. <\/p>\n\n\n\n<div style=\"height:51px\" aria-hidden=\"true\" class=\"wp-block-spacer\"><\/div>\n\n\n\n<div aria-label=\"Carousel Gallery\" class=\"wp-block-coblocks-gallery-carousel\"><div class=\"coblocks-gallery-carousel-swiper-container is-cropped coblocks-gallery has-no-alignment has-caption-style-dark has-no-thumbnails\"><div class=\"has-carousel has-carousel-xlrg swiper-container\" data-swiper=\"{&quot;alignCells&quot;:false,&quot;autoPlay&quot;:true,&quot;autoPlaySpeed&quot;:&quot;5000&quot;,&quot;draggable&quot;:true,&quot;freeScroll&quot;:false,&quot;loop&quot;:true,&quot;navigation&quot;:true,&quot;pageDots&quot;:false,&quot;pauseHover&quot;:false,&quot;responsiveHeight&quot;:false,&quot;slidesPerView&quot;:1,&quot;thumbnails&quot;:false,&quot;uuid&quot;:&quot;12345&quot;}\" id=\"12345\" style=\"height:550px\"><div class=\"swiper-wrapper\"><div class=\"swiper-slide\"><div class=\"coblocks-gallery--item\" role=\"button\"><figure class=\"coblocks-gallery--figure\"><img fetchpriority=\"high\" decoding=\"async\" width=\"1024\" height=\"683\" alt=\"\" class=\"wp-image-17229\" data-id=\"17229\" data-link=\"https:\/\/www.ejercito.mil.uy\/?attachment_id=17229\" src=\"https:\/\/www.ejercito.mil.uy\/wp-content\/uploads\/2022\/11\/Visita-de-alumnos-de-la-ECOME-al-Palacio-Legislativo-1-1024x683.jpg\" srcset=\"https:\/\/www.ejercito.mil.uy\/wp-content\/uploads\/2022\/11\/Visita-de-alumnos-de-la-ECOME-al-Palacio-Legislativo-1-1024x683.jpg 1024w, https:\/\/www.ejercito.mil.uy\/wp-content\/uploads\/2022\/11\/Visita-de-alumnos-de-la-ECOME-al-Palacio-Legislativo-1-300x200.jpg 300w, https:\/\/www.ejercito.mil.uy\/wp-content\/uploads\/2022\/11\/Visita-de-alumnos-de-la-ECOME-al-Palacio-Legislativo-1.jpg 1200w\" sizes=\"(max-width: 1024px) 100vw, 1024px\" \/><\/figure><figcaption class=\"coblocks-gallery--caption coblocks-gallery--primary-caption\"><\/figcaption><\/div><\/div><div class=\"swiper-slide\"><div class=\"coblocks-gallery--item\" role=\"button\"><figure class=\"coblocks-gallery--figure\"><img decoding=\"async\" width=\"1024\" height=\"683\" alt=\"\" class=\"wp-image-17234\" data-id=\"17234\" data-link=\"https:\/\/www.ejercito.mil.uy\/?attachment_id=17234\" src=\"https:\/\/www.ejercito.mil.uy\/wp-content\/uploads\/2022\/11\/Visita-de-alumnos-de-la-ECOME-al-Palacio-Legislativo-7-1024x683.jpg\" srcset=\"https:\/\/www.ejercito.mil.uy\/wp-content\/uploads\/2022\/11\/Visita-de-alumnos-de-la-ECOME-al-Palacio-Legislativo-7-1024x683.jpg 1024w, https:\/\/www.ejercito.mil.uy\/wp-content\/uploads\/2022\/11\/Visita-de-alumnos-de-la-ECOME-al-Palacio-Legislativo-7-300x200.jpg 300w, https:\/\/www.ejercito.mil.uy\/wp-content\/uploads\/2022\/11\/Visita-de-alumnos-de-la-ECOME-al-Palacio-Legislativo-7.jpg 1200w\" sizes=\"(max-width: 1024px) 100vw, 1024px\" \/><\/figure><figcaption class=\"coblocks-gallery--caption coblocks-gallery--primary-caption\"><\/figcaption><\/div><\/div><div class=\"swiper-slide\"><div class=\"coblocks-gallery--item\" role=\"button\"><figure class=\"coblocks-gallery--figure\"><img loading=\"lazy\" decoding=\"async\" width=\"1024\" height=\"683\" alt=\"\" class=\"wp-image-17232\" data-id=\"17232\" data-link=\"https:\/\/www.ejercito.mil.uy\/?attachment_id=17232\" src=\"https:\/\/www.ejercito.mil.uy\/wp-content\/uploads\/2022\/11\/Visita-de-alumnos-de-la-ECOME-al-Palacio-Legislativo-5-1024x683.jpg\" srcset=\"https:\/\/www.ejercito.mil.uy\/wp-content\/uploads\/2022\/11\/Visita-de-alumnos-de-la-ECOME-al-Palacio-Legislativo-5-1024x683.jpg 1024w, https:\/\/www.ejercito.mil.uy\/wp-content\/uploads\/2022\/11\/Visita-de-alumnos-de-la-ECOME-al-Palacio-Legislativo-5-300x200.jpg 300w, https:\/\/www.ejercito.mil.uy\/wp-content\/uploads\/2022\/11\/Visita-de-alumnos-de-la-ECOME-al-Palacio-Legislativo-5.jpg 1200w\" sizes=\"(max-width: 1024px) 100vw, 1024px\" \/><\/figure><figcaption class=\"coblocks-gallery--caption coblocks-gallery--primary-caption\"><\/figcaption><\/div><\/div><div class=\"swiper-slide\"><div class=\"coblocks-gallery--item\" role=\"button\"><figure class=\"coblocks-gallery--figure\"><img loading=\"lazy\" decoding=\"async\" width=\"1024\" height=\"683\" alt=\"\" class=\"wp-image-17233\" data-id=\"17233\" data-link=\"https:\/\/www.ejercito.mil.uy\/?attachment_id=17233\" src=\"https:\/\/www.ejercito.mil.uy\/wp-content\/uploads\/2022\/11\/Visita-de-alumnos-de-la-ECOME-al-Palacio-Legislativo-6-1024x683.jpg\" srcset=\"https:\/\/www.ejercito.mil.uy\/wp-content\/uploads\/2022\/11\/Visita-de-alumnos-de-la-ECOME-al-Palacio-Legislativo-6-1024x683.jpg 1024w, https:\/\/www.ejercito.mil.uy\/wp-content\/uploads\/2022\/11\/Visita-de-alumnos-de-la-ECOME-al-Palacio-Legislativo-6-300x200.jpg 300w, https:\/\/www.ejercito.mil.uy\/wp-content\/uploads\/2022\/11\/Visita-de-alumnos-de-la-ECOME-al-Palacio-Legislativo-6.jpg 1200w\" sizes=\"(max-width: 1024px) 100vw, 1024px\" \/><\/figure><figcaption class=\"coblocks-gallery--caption coblocks-gallery--primary-caption\"><\/figcaption><\/div><\/div><div class=\"swiper-slide\"><div class=\"coblocks-gallery--item\" role=\"button\"><figure class=\"coblocks-gallery--figure\"><img loading=\"lazy\" decoding=\"async\" width=\"1024\" height=\"683\" alt=\"\" class=\"wp-image-17231\" data-id=\"17231\" data-link=\"https:\/\/www.ejercito.mil.uy\/?attachment_id=17231\" src=\"https:\/\/www.ejercito.mil.uy\/wp-content\/uploads\/2022\/11\/Visita-de-alumnos-de-la-ECOME-al-Palacio-Legislativo-4-1024x683.jpg\" srcset=\"https:\/\/www.ejercito.mil.uy\/wp-content\/uploads\/2022\/11\/Visita-de-alumnos-de-la-ECOME-al-Palacio-Legislativo-4-1024x683.jpg 1024w, https:\/\/www.ejercito.mil.uy\/wp-content\/uploads\/2022\/11\/Visita-de-alumnos-de-la-ECOME-al-Palacio-Legislativo-4-300x200.jpg 300w, https:\/\/www.ejercito.mil.uy\/wp-content\/uploads\/2022\/11\/Visita-de-alumnos-de-la-ECOME-al-Palacio-Legislativo-4.jpg 1200w\" sizes=\"(max-width: 1024px) 100vw, 1024px\" \/><\/figure><figcaption class=\"coblocks-gallery--caption coblocks-gallery--primary-caption\"><\/figcaption><\/div><\/div><div class=\"swiper-slide\"><div class=\"coblocks-gallery--item\" role=\"button\"><figure class=\"coblocks-gallery--figure\"><img loading=\"lazy\" decoding=\"async\" width=\"1024\" height=\"683\" alt=\"\" class=\"wp-image-17230\" data-id=\"17230\" data-link=\"https:\/\/www.ejercito.mil.uy\/?attachment_id=17230\" src=\"https:\/\/www.ejercito.mil.uy\/wp-content\/uploads\/2022\/11\/Visita-de-alumnos-de-la-ECOME-al-Palacio-Legislativo-3-1024x683.jpg\" srcset=\"https:\/\/www.ejercito.mil.uy\/wp-content\/uploads\/2022\/11\/Visita-de-alumnos-de-la-ECOME-al-Palacio-Legislativo-3-1024x683.jpg 1024w, https:\/\/www.ejercito.mil.uy\/wp-content\/uploads\/2022\/11\/Visita-de-alumnos-de-la-ECOME-al-Palacio-Legislativo-3-300x200.jpg 300w, https:\/\/www.ejercito.mil.uy\/wp-content\/uploads\/2022\/11\/Visita-de-alumnos-de-la-ECOME-al-Palacio-Legislativo-3.jpg 1200w\" sizes=\"(max-width: 1024px) 100vw, 1024px\" \/><\/figure><figcaption class=\"coblocks-gallery--caption coblocks-gallery--primary-caption\"><\/figcaption><\/div><\/div><\/div><button class=\"nav-button__prev\" id=\"12345-prev\"><\/button><button class=\"nav-button__next\" id=\"12345-next\"><\/button><\/div><\/div><\/div>\n\n\n\n<div style=\"height:50px\" aria-hidden=\"true\" class=\"wp-block-spacer\"><\/div>\n\n\n\n<p>A su vez, finaliz\u00f3 el \ud835\uddd6\ud835\ude02\ud835\uddff\ud835\ude00\ud835\uddfc \ud835\uddf1\ud835\uddf2 \ud835\udde2\ud835\uddfd\ud835\uddf2\ud835\uddff\ud835\uddee\ud835\uddf1\ud835\uddfc\ud835\uddff \ud835\uddf1\ud835\uddf2 \ud835\udde5\ud835\uddf2\ud835\uddf1\ud835\uddf2\ud835\ude00, en el cual 10 efectivos de la Ecome obtuvieron su diploma.  <\/p>\n\n\n\n<div style=\"height:50px\" aria-hidden=\"true\" class=\"wp-block-spacer\"><\/div>\n\n\n\n<p>\u00a1Felicidades camaradas!  <\/p>\n\n\n\n<div style=\"height:50px\" aria-hidden=\"true\" class=\"wp-block-spacer\"><\/div>\n\n\n\n<div class=\"wp-block-coblocks-gallery-stacked\"><ul class=\"coblocks-gallery has-no-alignment has-fullwidth-images has-custom-gutter\"><li class=\"coblocks-gallery--item\"><figure class=\"coblocks-gallery--figure\"><img loading=\"lazy\" decoding=\"async\" width=\"1024\" height=\"683\" alt=\"\" class=\"wp-image-17235 has-shadow-none\" data-id=\"17235\" data-imglink=\"\" data-link=\"https:\/\/www.ejercito.mil.uy\/?attachment_id=17235\" src=\"https:\/\/www.ejercito.mil.uy\/wp-content\/uploads\/2022\/11\/Curso-de-Operador-de-Redes-1024x683.jpg\" srcset=\"https:\/\/www.ejercito.mil.uy\/wp-content\/uploads\/2022\/11\/Curso-de-Operador-de-Redes-1024x683.jpg 1024w, https:\/\/www.ejercito.mil.uy\/wp-content\/uploads\/2022\/11\/Curso-de-Operador-de-Redes-300x200.jpg 300w, https:\/\/www.ejercito.mil.uy\/wp-content\/uploads\/2022\/11\/Curso-de-Operador-de-Redes.jpg 1200w\" sizes=\"(max-width: 1024px) 100vw, 1024px\" \/><\/figure><\/li><\/ul><\/div>\n\n\n\n<div style=\"height:50px\" aria-hidden=\"true\" class=\"wp-block-spacer\"><\/div>\n","protected":false},"excerpt":{"rendered":"<p>09.11.2022 &#8211; Alumnos de la Escuela de Comunicaciones del Ej\u00e9rcito (Ecome), realizaron una \ud835\ude03\ud835\uddf6\ud835\ude00\ud835\uddf6\ud835\ude01\ud835\uddee \ud835\uddee\ud835\uddf9 \ud835\udde3\ud835\uddee\ud835\uddf9\ud835\uddee\ud835\uddf0\ud835\uddf6\ud835\uddfc \ud835\udddf\ud835\uddf2\ud835\uddf4\ud835\uddf6\ud835\ude00\ud835\uddf9\ud835\uddee\ud835\ude01\ud835\uddf6\ud835\ude03\ud835\uddfc. Asimismo, finaliz\u00f3 el Curso de Operador de Redes.<\/p>\n","protected":false},"author":14,"featured_media":17228,"comment_status":"open","ping_status":"open","sticky":false,"template":"","format":"standard","meta":{"_coblocks_attr":"","_coblocks_dimensions":"","_coblocks_responsive_height":"","_coblocks_accordion_ie_support":"","_monsterinsights_skip_tracking":false,"_monsterinsights_sitenote_active":false,"_monsterinsights_sitenote_note":"","_monsterinsights_sitenote_category":0,"_uf_show_specific_survey":0,"_uf_disable_surveys":false,"footnotes":""},"categories":[2,10,14,1],"tags":[337,251,557,41,734,291,46],"class_list":["post-17227","post","type-post","status-publish","format-standard","has-post-thumbnail","hentry","category-blog","category-destacados","category-noticias","category-sin-categoria","tag-alumnos","tag-ecome","tag-ejercito","tag-historia","tag-legislativo","tag-palacio","tag-visita"],"aioseo_notices":[],"_links":{"self":[{"href":"https:\/\/www.ejercito.mil.uy\/index.php\/wp-json\/wp\/v2\/posts\/17227","targetHints":{"allow":["GET"]}}],"collection":[{"href":"https:\/\/www.ejercito.mil.uy\/index.php\/wp-json\/wp\/v2\/posts"}],"about":[{"href":"https:\/\/www.ejercito.mil.uy\/index.php\/wp-json\/wp\/v2\/types\/post"}],"author":[{"embeddable":true,"href":"https:\/\/www.ejercito.mil.uy\/index.php\/wp-json\/wp\/v2\/users\/14"}],"replies":[{"embeddable":true,"href":"https:\/\/www.ejercito.mil.uy\/index.php\/wp-json\/wp\/v2\/comments?post=17227"}],"version-history":[{"count":5,"href":"https:\/\/www.ejercito.mil.uy\/index.php\/wp-json\/wp\/v2\/posts\/17227\/revisions"}],"predecessor-version":[{"id":17263,"href":"https:\/\/www.ejercito.mil.uy\/index.php\/wp-json\/wp\/v2\/posts\/17227\/revisions\/17263"}],"wp:featuredmedia":[{"embeddable":true,"href":"https:\/\/www.ejercito.mil.uy\/index.php\/wp-json\/wp\/v2\/media\/17228"}],"wp:attachment":[{"href":"https:\/\/www.ejercito.mil.uy\/index.php\/wp-json\/wp\/v2\/media?parent=17227"}],"wp:term":[{"taxonomy":"category","embeddable":true,"href":"https:\/\/www.ejercito.mil.uy\/index.php\/wp-json\/wp\/v2\/categories?post=17227"},{"taxonomy":"post_tag","embeddable":true,"href":"https:\/\/www.ejercito.mil.uy\/index.php\/wp-json\/wp\/v2\/tags?post=17227"}],"curies":[{"name":"wp","href":"https:\/\/api.w.org\/{rel}","templated":true}]}}