{"id":17241,"date":"2022-11-10T19:10:00","date_gmt":"2022-11-10T22:10:00","guid":{"rendered":"https:\/\/www.ejercito.mil.uy\/?p=17241"},"modified":"2022-11-10T19:30:20","modified_gmt":"2022-11-10T22:30:20","slug":"xix-modulo-conjunto-del-curso-del-estado-mayor-de-oficiales-jefes-de-las-fuerzas-armadas","status":"publish","type":"post","link":"https:\/\/www.ejercito.mil.uy\/index.php\/2022\/11\/10\/xix-modulo-conjunto-del-curso-del-estado-mayor-de-oficiales-jefes-de-las-fuerzas-armadas\/","title":{"rendered":"XIX M\u00f3dulo Conjunto del Curso del Estado Mayor de Oficiales Jefes de las Fuerzas Armadas"},"content":{"rendered":"\n<p class=\"has-small-font-size\">10.11.2022 &#8211;  Montevideo <\/p>\n\n\n\n<div style=\"height:22px\" aria-hidden=\"true\" class=\"wp-block-spacer\"><\/div>\n\n\n\n<p class=\"has-background\" style=\"background-color:#4c89a3\"><span class=\"has-inline-color has-white-color\">En la ma\u00f1ana de hoy, en el Instituto Militar de Estudios Superiores (Imes), finaliz\u00f3 el \ud835\uddeb\ud835\udddc\ud835\uddeb \ud835\udde0\ud835\uddfc\u0301\ud835\uddf1\ud835\ude02\ud835\uddf9\ud835\uddfc \ud835\uddd6\ud835\uddfc\ud835\uddfb\ud835\uddf7\ud835\ude02\ud835\uddfb\ud835\ude01\ud835\uddfc \ud835\uddf1\ud835\uddf2\ud835\uddf9 \ud835\uddd6\ud835\ude02\ud835\uddff\ud835\ude00\ud835\uddfc \ud835\uddf1\ud835\uddf2\ud835\uddf9 \ud835\uddd8\ud835\ude00\ud835\ude01\ud835\uddee\ud835\uddf1\ud835\uddfc \ud835\udde0\ud835\uddee\ud835\ude06\ud835\uddfc\ud835\uddff \ud835\uddf1\ud835\uddf2 \ud835\udde2\ud835\uddf3\ud835\uddf6\ud835\uddf0\ud835\uddf6\ud835\uddee\ud835\uddf9\ud835\uddf2\ud835\ude00 \ud835\udddd\ud835\uddf2\ud835\uddf3\ud835\uddf2\ud835\ude00 \ud835\uddf1\ud835\uddf2 \ud835\uddf9\ud835\uddee\ud835\ude00 \ud835\uddd9\ud835\ude02\ud835\uddf2\ud835\uddff\ud835\ude07\ud835\uddee\ud835\ude00 \ud835\uddd4\ud835\uddff\ud835\uddfa\ud835\uddee\ud835\uddf1\ud835\uddee\ud835\ude00.<\/span><\/p>\n\n\n\n<div style=\"height:51px\" aria-hidden=\"true\" class=\"wp-block-spacer\"><\/div>\n\n\n\n<p><br>El m\u00f3dulo tuvo una duraci\u00f3n de 2 semanas, alternando sus locaciones entre la Escuela de Guerra Naval, la Escuela de Comando y Estado Mayor A\u00e9reo, el Centro de Operaciones A\u00e9reas y el Imes.<\/p>\n\n\n\n<div style=\"height:51px\" aria-hidden=\"true\" class=\"wp-block-spacer\"><\/div>\n\n\n\n<p>Participaron en total 42 cursantes, 28 del Ej\u00e9rcito Nacional, 6 de la <a href=\"https:\/\/www.facebook.com\/profile.php?id=100069134233149&amp;__cft__[0]=AZX6E_UqqCD_ZHBPCLid-7McKG0qOJ4tu8jTi4uPM3bFDYPrUO-XAyMGyH4glE-1BFA3iDktr0QJUvYF-DZzHjE0gACLQ60qxa6avD7Z9V3J-up-3y0vSmW-f2hzPw3o8WZaDdKUaaVQPdcl1BKNBEwI&amp;__tn__=-]K-R\" target=\"_blank\" rel=\"noreferrer noopener\">Armada Nacional Uruguay<\/a> y 8 de la <a href=\"https:\/\/www.facebook.com\/fau.mil.uy?__cft__[0]=AZX6E_UqqCD_ZHBPCLid-7McKG0qOJ4tu8jTi4uPM3bFDYPrUO-XAyMGyH4glE-1BFA3iDktr0QJUvYF-DZzHjE0gACLQ60qxa6avD7Z9V3J-up-3y0vSmW-f2hzPw3o8WZaDdKUaaVQPdcl1BKNBEwI&amp;__tn__=-]K-R\" target=\"_blank\" rel=\"noreferrer noopener\">Fuerza A\u00e9rea Uruguaya<\/a>.<\/p>\n\n\n\n<div style=\"height:51px\" aria-hidden=\"true\" class=\"wp-block-spacer\"><\/div>\n\n\n\n<p><br>Se cont\u00f3 con la presencia del Sr. Ministro de Defensa Nacional, Dr. Javier Garc\u00eda; el Sr. Jefe del Estado Mayor de la Defensa, Gral. del Aire Rodolfo Pereyra; el Sr. Director General del Sistema de Ense\u00f1anza del Ej\u00e9rcito, Gral. Mario Moreira; el Sr. Director de la Escuela Guerra Naval, Cap. de Nav\u00edo (CG) Cesar Ricciardi; el Sr. Director de la Escuela de Comando y Estado Mayor A\u00e9reo, Cnel. (Av.) Gustavo Mattos, entre otras autoridades.<\/p>\n\n\n\n<div style=\"height:51px\" aria-hidden=\"true\" class=\"wp-block-spacer\"><\/div>\n\n\n\n<div aria-label=\"Carousel Gallery\" class=\"wp-block-coblocks-gallery-carousel\"><div class=\"coblocks-gallery-carousel-swiper-container is-cropped coblocks-gallery has-no-alignment has-caption-style-dark has-no-thumbnails\"><div class=\"has-carousel has-carousel-xlrg swiper-container\" data-swiper=\"{&quot;alignCells&quot;:false,&quot;autoPlay&quot;:true,&quot;autoPlaySpeed&quot;:&quot;5000&quot;,&quot;draggable&quot;:true,&quot;freeScroll&quot;:false,&quot;loop&quot;:true,&quot;navigation&quot;:true,&quot;pageDots&quot;:false,&quot;pauseHover&quot;:false,&quot;responsiveHeight&quot;:false,&quot;slidesPerView&quot;:1,&quot;thumbnails&quot;:false,&quot;uuid&quot;:&quot;12345&quot;}\" id=\"12345\" style=\"height:550px\"><div class=\"swiper-wrapper\"><div class=\"swiper-slide\"><div class=\"coblocks-gallery--item\" role=\"button\"><figure class=\"coblocks-gallery--figure\"><img fetchpriority=\"high\" decoding=\"async\" width=\"1024\" height=\"683\" alt=\"\" class=\"wp-image-17247\" data-id=\"17247\" data-link=\"https:\/\/www.ejercito.mil.uy\/?attachment_id=17247\" src=\"https:\/\/www.ejercito.mil.uy\/wp-content\/uploads\/2022\/11\/XIX-Modulo-Conjunto-del-Curso-del-Estado-Mayor-de-Oficiales-Jefes-de-las-Fuerzas-Armadas-4-1024x683.jpg\" srcset=\"https:\/\/www.ejercito.mil.uy\/wp-content\/uploads\/2022\/11\/XIX-Modulo-Conjunto-del-Curso-del-Estado-Mayor-de-Oficiales-Jefes-de-las-Fuerzas-Armadas-4-1024x683.jpg 1024w, https:\/\/www.ejercito.mil.uy\/wp-content\/uploads\/2022\/11\/XIX-Modulo-Conjunto-del-Curso-del-Estado-Mayor-de-Oficiales-Jefes-de-las-Fuerzas-Armadas-4-300x200.jpg 300w, https:\/\/www.ejercito.mil.uy\/wp-content\/uploads\/2022\/11\/XIX-Modulo-Conjunto-del-Curso-del-Estado-Mayor-de-Oficiales-Jefes-de-las-Fuerzas-Armadas-4.jpg 1200w\" sizes=\"(max-width: 1024px) 100vw, 1024px\" \/><\/figure><figcaption class=\"coblocks-gallery--caption coblocks-gallery--primary-caption\"><\/figcaption><\/div><\/div><div class=\"swiper-slide\"><div class=\"coblocks-gallery--item\" role=\"button\"><figure class=\"coblocks-gallery--figure\"><img decoding=\"async\" width=\"1024\" height=\"683\" alt=\"\" class=\"wp-image-17249\" data-id=\"17249\" data-link=\"https:\/\/www.ejercito.mil.uy\/?attachment_id=17249\" src=\"https:\/\/www.ejercito.mil.uy\/wp-content\/uploads\/2022\/11\/XIX-Modulo-Conjunto-del-Curso-del-Estado-Mayor-de-Oficiales-Jefes-de-las-Fuerzas-Armadas-6-1024x683.jpg\" srcset=\"https:\/\/www.ejercito.mil.uy\/wp-content\/uploads\/2022\/11\/XIX-Modulo-Conjunto-del-Curso-del-Estado-Mayor-de-Oficiales-Jefes-de-las-Fuerzas-Armadas-6-1024x683.jpg 1024w, https:\/\/www.ejercito.mil.uy\/wp-content\/uploads\/2022\/11\/XIX-Modulo-Conjunto-del-Curso-del-Estado-Mayor-de-Oficiales-Jefes-de-las-Fuerzas-Armadas-6-300x200.jpg 300w, https:\/\/www.ejercito.mil.uy\/wp-content\/uploads\/2022\/11\/XIX-Modulo-Conjunto-del-Curso-del-Estado-Mayor-de-Oficiales-Jefes-de-las-Fuerzas-Armadas-6.jpg 1200w\" sizes=\"(max-width: 1024px) 100vw, 1024px\" \/><\/figure><figcaption class=\"coblocks-gallery--caption coblocks-gallery--primary-caption\"><\/figcaption><\/div><\/div><div class=\"swiper-slide\"><div class=\"coblocks-gallery--item\" role=\"button\"><figure class=\"coblocks-gallery--figure\"><img decoding=\"async\" width=\"1024\" height=\"683\" alt=\"\" class=\"wp-image-17245\" data-id=\"17245\" data-link=\"https:\/\/www.ejercito.mil.uy\/?attachment_id=17245\" src=\"https:\/\/www.ejercito.mil.uy\/wp-content\/uploads\/2022\/11\/XIX-Modulo-Conjunto-del-Curso-del-Estado-Mayor-de-Oficiales-Jefes-de-las-Fuerzas-Armadas-2-1024x683.jpg\" srcset=\"https:\/\/www.ejercito.mil.uy\/wp-content\/uploads\/2022\/11\/XIX-Modulo-Conjunto-del-Curso-del-Estado-Mayor-de-Oficiales-Jefes-de-las-Fuerzas-Armadas-2-1024x683.jpg 1024w, https:\/\/www.ejercito.mil.uy\/wp-content\/uploads\/2022\/11\/XIX-Modulo-Conjunto-del-Curso-del-Estado-Mayor-de-Oficiales-Jefes-de-las-Fuerzas-Armadas-2-300x200.jpg 300w, https:\/\/www.ejercito.mil.uy\/wp-content\/uploads\/2022\/11\/XIX-Modulo-Conjunto-del-Curso-del-Estado-Mayor-de-Oficiales-Jefes-de-las-Fuerzas-Armadas-2.jpg 1200w\" sizes=\"(max-width: 1024px) 100vw, 1024px\" \/><\/figure><figcaption class=\"coblocks-gallery--caption coblocks-gallery--primary-caption\"><\/figcaption><\/div><\/div><div class=\"swiper-slide\"><div class=\"coblocks-gallery--item\" role=\"button\"><figure class=\"coblocks-gallery--figure\"><img loading=\"lazy\" decoding=\"async\" width=\"1024\" height=\"683\" alt=\"\" class=\"wp-image-17246\" data-id=\"17246\" data-link=\"https:\/\/www.ejercito.mil.uy\/?attachment_id=17246\" src=\"https:\/\/www.ejercito.mil.uy\/wp-content\/uploads\/2022\/11\/XIX-Modulo-Conjunto-del-Curso-del-Estado-Mayor-de-Oficiales-Jefes-de-las-Fuerzas-Armadas-3-1024x683.jpg\" srcset=\"https:\/\/www.ejercito.mil.uy\/wp-content\/uploads\/2022\/11\/XIX-Modulo-Conjunto-del-Curso-del-Estado-Mayor-de-Oficiales-Jefes-de-las-Fuerzas-Armadas-3-1024x683.jpg 1024w, https:\/\/www.ejercito.mil.uy\/wp-content\/uploads\/2022\/11\/XIX-Modulo-Conjunto-del-Curso-del-Estado-Mayor-de-Oficiales-Jefes-de-las-Fuerzas-Armadas-3-300x200.jpg 300w, https:\/\/www.ejercito.mil.uy\/wp-content\/uploads\/2022\/11\/XIX-Modulo-Conjunto-del-Curso-del-Estado-Mayor-de-Oficiales-Jefes-de-las-Fuerzas-Armadas-3.jpg 1200w\" sizes=\"(max-width: 1024px) 100vw, 1024px\" \/><\/figure><figcaption class=\"coblocks-gallery--caption coblocks-gallery--primary-caption\"><\/figcaption><\/div><\/div><div class=\"swiper-slide\"><div class=\"coblocks-gallery--item\" role=\"button\"><figure class=\"coblocks-gallery--figure\"><img loading=\"lazy\" decoding=\"async\" width=\"1024\" height=\"683\" alt=\"\" class=\"wp-image-17250\" data-id=\"17250\" data-link=\"https:\/\/www.ejercito.mil.uy\/?attachment_id=17250\" src=\"https:\/\/www.ejercito.mil.uy\/wp-content\/uploads\/2022\/11\/XIX-Modulo-Conjunto-del-Curso-del-Estado-Mayor-de-Oficiales-Jefes-de-las-Fuerzas-Armadas-7-1024x683.jpg\" srcset=\"https:\/\/www.ejercito.mil.uy\/wp-content\/uploads\/2022\/11\/XIX-Modulo-Conjunto-del-Curso-del-Estado-Mayor-de-Oficiales-Jefes-de-las-Fuerzas-Armadas-7-1024x683.jpg 1024w, https:\/\/www.ejercito.mil.uy\/wp-content\/uploads\/2022\/11\/XIX-Modulo-Conjunto-del-Curso-del-Estado-Mayor-de-Oficiales-Jefes-de-las-Fuerzas-Armadas-7-300x200.jpg 300w, https:\/\/www.ejercito.mil.uy\/wp-content\/uploads\/2022\/11\/XIX-Modulo-Conjunto-del-Curso-del-Estado-Mayor-de-Oficiales-Jefes-de-las-Fuerzas-Armadas-7.jpg 1200w\" sizes=\"(max-width: 1024px) 100vw, 1024px\" \/><\/figure><figcaption class=\"coblocks-gallery--caption coblocks-gallery--primary-caption\"><\/figcaption><\/div><\/div><div class=\"swiper-slide\"><div class=\"coblocks-gallery--item\" role=\"button\"><figure class=\"coblocks-gallery--figure\"><img loading=\"lazy\" decoding=\"async\" width=\"1024\" height=\"683\" alt=\"\" class=\"wp-image-17244\" data-id=\"17244\" data-link=\"https:\/\/www.ejercito.mil.uy\/?attachment_id=17244\" src=\"https:\/\/www.ejercito.mil.uy\/wp-content\/uploads\/2022\/11\/XIX-Modulo-Conjunto-del-Curso-del-Estado-Mayor-de-Oficiales-Jefes-de-las-Fuerzas-Armadas-10-1024x683.jpg\" srcset=\"https:\/\/www.ejercito.mil.uy\/wp-content\/uploads\/2022\/11\/XIX-Modulo-Conjunto-del-Curso-del-Estado-Mayor-de-Oficiales-Jefes-de-las-Fuerzas-Armadas-10-1024x683.jpg 1024w, https:\/\/www.ejercito.mil.uy\/wp-content\/uploads\/2022\/11\/XIX-Modulo-Conjunto-del-Curso-del-Estado-Mayor-de-Oficiales-Jefes-de-las-Fuerzas-Armadas-10-300x200.jpg 300w, https:\/\/www.ejercito.mil.uy\/wp-content\/uploads\/2022\/11\/XIX-Modulo-Conjunto-del-Curso-del-Estado-Mayor-de-Oficiales-Jefes-de-las-Fuerzas-Armadas-10.jpg 1200w\" sizes=\"(max-width: 1024px) 100vw, 1024px\" \/><\/figure><figcaption class=\"coblocks-gallery--caption coblocks-gallery--primary-caption\"><\/figcaption><\/div><\/div><div class=\"swiper-slide\"><div class=\"coblocks-gallery--item\" role=\"button\"><figure class=\"coblocks-gallery--figure\"><img loading=\"lazy\" decoding=\"async\" width=\"1024\" height=\"683\" alt=\"\" class=\"wp-image-17251\" data-id=\"17251\" data-link=\"https:\/\/www.ejercito.mil.uy\/?attachment_id=17251\" src=\"https:\/\/www.ejercito.mil.uy\/wp-content\/uploads\/2022\/11\/XIX-Modulo-Conjunto-del-Curso-del-Estado-Mayor-de-Oficiales-Jefes-de-las-Fuerzas-Armadas-8-1024x683.jpg\" srcset=\"https:\/\/www.ejercito.mil.uy\/wp-content\/uploads\/2022\/11\/XIX-Modulo-Conjunto-del-Curso-del-Estado-Mayor-de-Oficiales-Jefes-de-las-Fuerzas-Armadas-8-1024x683.jpg 1024w, https:\/\/www.ejercito.mil.uy\/wp-content\/uploads\/2022\/11\/XIX-Modulo-Conjunto-del-Curso-del-Estado-Mayor-de-Oficiales-Jefes-de-las-Fuerzas-Armadas-8-300x200.jpg 300w, https:\/\/www.ejercito.mil.uy\/wp-content\/uploads\/2022\/11\/XIX-Modulo-Conjunto-del-Curso-del-Estado-Mayor-de-Oficiales-Jefes-de-las-Fuerzas-Armadas-8.jpg 1200w\" sizes=\"(max-width: 1024px) 100vw, 1024px\" \/><\/figure><figcaption class=\"coblocks-gallery--caption coblocks-gallery--primary-caption\"><\/figcaption><\/div><\/div><div class=\"swiper-slide\"><div class=\"coblocks-gallery--item\" role=\"button\"><figure class=\"coblocks-gallery--figure\"><img loading=\"lazy\" decoding=\"async\" width=\"1024\" height=\"683\" alt=\"\" class=\"wp-image-17252\" data-id=\"17252\" data-link=\"https:\/\/www.ejercito.mil.uy\/?attachment_id=17252\" src=\"https:\/\/www.ejercito.mil.uy\/wp-content\/uploads\/2022\/11\/XIX-Modulo-Conjunto-del-Curso-del-Estado-Mayor-de-Oficiales-Jefes-de-las-Fuerzas-Armadas-9-1024x683.jpg\" srcset=\"https:\/\/www.ejercito.mil.uy\/wp-content\/uploads\/2022\/11\/XIX-Modulo-Conjunto-del-Curso-del-Estado-Mayor-de-Oficiales-Jefes-de-las-Fuerzas-Armadas-9-1024x683.jpg 1024w, https:\/\/www.ejercito.mil.uy\/wp-content\/uploads\/2022\/11\/XIX-Modulo-Conjunto-del-Curso-del-Estado-Mayor-de-Oficiales-Jefes-de-las-Fuerzas-Armadas-9-300x200.jpg 300w, https:\/\/www.ejercito.mil.uy\/wp-content\/uploads\/2022\/11\/XIX-Modulo-Conjunto-del-Curso-del-Estado-Mayor-de-Oficiales-Jefes-de-las-Fuerzas-Armadas-9.jpg 1200w\" sizes=\"(max-width: 1024px) 100vw, 1024px\" \/><\/figure><figcaption class=\"coblocks-gallery--caption coblocks-gallery--primary-caption\"><\/figcaption><\/div><\/div><\/div><button class=\"nav-button__prev\" id=\"12345-prev\"><\/button><button class=\"nav-button__next\" id=\"12345-next\"><\/button><\/div><\/div><\/div>\n\n\n\n<div style=\"height:50px\" aria-hidden=\"true\" class=\"wp-block-spacer\"><\/div>\n","protected":false},"excerpt":{"rendered":"<p>10.11.2022 &#8211; En la ma\u00f1ana de hoy, en el Instituto Militar de Estudios Superiores (Imes), finaliz\u00f3 el XIX M\u00f3dulo Conjunto del Curso del Estado Mayor de Oficiales Jefes de las Fuerzas Armadas. <\/p>\n","protected":false},"author":14,"featured_media":17243,"comment_status":"open","ping_status":"open","sticky":false,"template":"","format":"standard","meta":{"_coblocks_attr":"","_coblocks_dimensions":"","_coblocks_responsive_height":"","_coblocks_accordion_ie_support":"","_monsterinsights_skip_tracking":false,"_monsterinsights_sitenote_active":false,"_monsterinsights_sitenote_note":"","_monsterinsights_sitenote_category":0,"_uf_show_specific_survey":0,"_uf_disable_surveys":false,"footnotes":""},"categories":[2,10,14,1],"tags":[70,735,738,736,737,617,739],"class_list":["post-17241","post","type-post","status-publish","format-standard","has-post-thumbnail","hentry","category-blog","category-destacados","category-noticias","category-sin-categoria","tag-curso","tag-estado","tag-fuerzas","tag-jefes","tag-modulo","tag-oficiales","tag-participantes"],"aioseo_notices":[],"_links":{"self":[{"href":"https:\/\/www.ejercito.mil.uy\/index.php\/wp-json\/wp\/v2\/posts\/17241","targetHints":{"allow":["GET"]}}],"collection":[{"href":"https:\/\/www.ejercito.mil.uy\/index.php\/wp-json\/wp\/v2\/posts"}],"about":[{"href":"https:\/\/www.ejercito.mil.uy\/index.php\/wp-json\/wp\/v2\/types\/post"}],"author":[{"embeddable":true,"href":"https:\/\/www.ejercito.mil.uy\/index.php\/wp-json\/wp\/v2\/users\/14"}],"replies":[{"embeddable":true,"href":"https:\/\/www.ejercito.mil.uy\/index.php\/wp-json\/wp\/v2\/comments?post=17241"}],"version-history":[{"count":6,"href":"https:\/\/www.ejercito.mil.uy\/index.php\/wp-json\/wp\/v2\/posts\/17241\/revisions"}],"predecessor-version":[{"id":17262,"href":"https:\/\/www.ejercito.mil.uy\/index.php\/wp-json\/wp\/v2\/posts\/17241\/revisions\/17262"}],"wp:featuredmedia":[{"embeddable":true,"href":"https:\/\/www.ejercito.mil.uy\/index.php\/wp-json\/wp\/v2\/media\/17243"}],"wp:attachment":[{"href":"https:\/\/www.ejercito.mil.uy\/index.php\/wp-json\/wp\/v2\/media?parent=17241"}],"wp:term":[{"taxonomy":"category","embeddable":true,"href":"https:\/\/www.ejercito.mil.uy\/index.php\/wp-json\/wp\/v2\/categories?post=17241"},{"taxonomy":"post_tag","embeddable":true,"href":"https:\/\/www.ejercito.mil.uy\/index.php\/wp-json\/wp\/v2\/tags?post=17241"}],"curies":[{"name":"wp","href":"https:\/\/api.w.org\/{rel}","templated":true}]}}