{"id":17309,"date":"2022-11-16T16:38:12","date_gmt":"2022-11-16T19:38:12","guid":{"rendered":"https:\/\/www.ejercito.mil.uy\/?p=17309"},"modified":"2022-11-16T16:38:44","modified_gmt":"2022-11-16T19:38:44","slug":"xi-reunion-bilateral-de-estado-mayor","status":"publish","type":"post","link":"https:\/\/www.ejercito.mil.uy\/index.php\/2022\/11\/16\/xi-reunion-bilateral-de-estado-mayor\/","title":{"rendered":"XI Reuni\u00f3n Bilateral de Estado Mayor"},"content":{"rendered":"\n<p class=\"has-small-font-size\">16.11.2022 <\/p>\n\n\n\n<div style=\"height:22px\" aria-hidden=\"true\" class=\"wp-block-spacer\"><\/div>\n\n\n\n<p class=\"has-black-color has-text-color has-background\" style=\"background-color:#ceecff\">En la ma\u00f1ana de hoy, se realiz\u00f3 de forma virtual la \ud835\uddeb\ud835\udddc \ud835\udde5\ud835\uddf2\ud835\ude02\ud835\uddfb\ud835\uddf6\ud835\uddfc\u0301\ud835\uddfb \ud835\uddd5\ud835\uddf6\ud835\uddf9\ud835\uddee\ud835\ude01\ud835\uddf2\ud835\uddff\ud835\uddee\ud835\uddf9 \ud835\uddf1\ud835\uddf2 \ud835\uddd8\ud835\ude00\ud835\ude01\ud835\uddee\ud835\uddf1\ud835\uddfc \ud835\udde0\ud835\uddee\ud835\ude06\ud835\uddfc\ud835\uddff entre el <a href=\"https:\/\/www.facebook.com\/ejercitochile\/?__cft__[0]=AZVqVHSGXs1kWwlOnkN5BwwkMxV0Ac0GmJIoSTYHHtE6QFGit1DgvG0W5qAHKniBkh0bJhYZioah4HWdFnCxZ7dmkWYkfBpXWaBhxGBgaiy276e8smg35IXv-zsQAt5Z9qc&amp;__tn__=kK-R\" target=\"_blank\" rel=\"noreferrer noopener\">Ej\u00e9rcito de Chile<\/a> y el Ej\u00e9rcito Nacional, con el objetivo de continuar mejorando el entendimiento entre ambos pa\u00edses.<\/p>\n\n\n\n<div style=\"height:51px\" aria-hidden=\"true\" class=\"wp-block-spacer\"><\/div>\n\n\n\n<p>Se hizo \u00e9nfasis en establecer 13 entendimientos para los a\u00f1os 2023-2024. La finalidad es desarrollar una estrecha integraci\u00f3n y cooperaci\u00f3n para el estudio conjunto de los problemas de inter\u00e9s com\u00fan dentro de los l\u00edmites de cada pa\u00eds, con el prop\u00f3sito de permitir el intercambio de conocimientos sobre las actuales situaciones adversas a la paz, estabilidad y seguridad.<\/p>\n\n\n\n<div style=\"height:51px\" aria-hidden=\"true\" class=\"wp-block-spacer\"><\/div>\n\n\n\n<p>La delegaci\u00f3n uruguaya estuvo conformada por el Sr. Jefe del Estado Mayor del Ej\u00e9rcito (EME), Gral. Luis Mangini; el Sr. Subjefe del EME, Cnel. Elbio Vaz; el Sr. Oficial de Enlace del Ej\u00e9rcito con los Agregados Militares Extranjeros, Cnel. Claudio Su\u00e1rez, entre otras autoridades. Mientras que la delegaci\u00f3n chilena, estuvo encabezada por el Sr. Director de Operaciones del Ej\u00e9rcito, Gral. de Brigada Luis Cu\u00e9llar.<\/p>\n\n\n\n<div style=\"height:51px\" aria-hidden=\"true\" class=\"wp-block-spacer\"><\/div>\n\n\n\n<div class=\"wp-block-coblocks-gallery-stacked\"><ul class=\"coblocks-gallery has-no-alignment has-fullwidth-images\"><li class=\"coblocks-gallery--item\"><figure class=\"coblocks-gallery--figure\"><img fetchpriority=\"high\" decoding=\"async\" width=\"1024\" height=\"683\" alt=\"\" class=\"wp-image-17311 has-shadow-none\" data-id=\"17311\" data-imglink=\"\" data-link=\"https:\/\/www.ejercito.mil.uy\/?attachment_id=17311\" src=\"https:\/\/www.ejercito.mil.uy\/wp-content\/uploads\/2022\/11\/Reunion-Bilateral-de-Estado-Mayor-14-1024x683.jpg\" srcset=\"https:\/\/www.ejercito.mil.uy\/wp-content\/uploads\/2022\/11\/Reunion-Bilateral-de-Estado-Mayor-14-1024x683.jpg 1024w, https:\/\/www.ejercito.mil.uy\/wp-content\/uploads\/2022\/11\/Reunion-Bilateral-de-Estado-Mayor-14-300x200.jpg 300w, https:\/\/www.ejercito.mil.uy\/wp-content\/uploads\/2022\/11\/Reunion-Bilateral-de-Estado-Mayor-14.jpg 1200w\" sizes=\"(max-width: 1024px) 100vw, 1024px\" \/><\/figure><\/li><\/ul><\/div>\n\n\n\n<div style=\"height:50px\" aria-hidden=\"true\" class=\"wp-block-spacer\"><\/div>\n\n\n\n<p><\/p>\n","protected":false},"excerpt":{"rendered":"<p>16.11.2022 &#8211; En la ma\u00f1ana de hoy, se realiz\u00f3 de forma virtual la XI Reuni\u00f3n Bilateral de Estado Mayor entre el Ej\u00e9rcito de Chile y el Ej\u00e9rcito Nacional, con el objetivo de continuar mejorando el entendimiento entre ambos pa\u00edses.<\/p>\n","protected":false},"author":14,"featured_media":17310,"comment_status":"open","ping_status":"open","sticky":false,"template":"","format":"standard","meta":{"_coblocks_attr":"","_coblocks_dimensions":"","_coblocks_responsive_height":"","_coblocks_accordion_ie_support":"","_monsterinsights_skip_tracking":false,"_monsterinsights_sitenote_active":false,"_monsterinsights_sitenote_note":"","_monsterinsights_sitenote_category":0,"_uf_show_specific_survey":0,"_uf_disable_surveys":false,"footnotes":""},"categories":[2,10,14,1],"tags":[744,745,735,743],"class_list":["post-17309","post","type-post","status-publish","format-standard","has-post-thumbnail","hentry","category-blog","category-destacados","category-noticias","category-sin-categoria","tag-bilateral","tag-entendimientos","tag-estado","tag-reunion-2"],"aioseo_notices":[],"_links":{"self":[{"href":"https:\/\/www.ejercito.mil.uy\/index.php\/wp-json\/wp\/v2\/posts\/17309","targetHints":{"allow":["GET"]}}],"collection":[{"href":"https:\/\/www.ejercito.mil.uy\/index.php\/wp-json\/wp\/v2\/posts"}],"about":[{"href":"https:\/\/www.ejercito.mil.uy\/index.php\/wp-json\/wp\/v2\/types\/post"}],"author":[{"embeddable":true,"href":"https:\/\/www.ejercito.mil.uy\/index.php\/wp-json\/wp\/v2\/users\/14"}],"replies":[{"embeddable":true,"href":"https:\/\/www.ejercito.mil.uy\/index.php\/wp-json\/wp\/v2\/comments?post=17309"}],"version-history":[{"count":2,"href":"https:\/\/www.ejercito.mil.uy\/index.php\/wp-json\/wp\/v2\/posts\/17309\/revisions"}],"predecessor-version":[{"id":17313,"href":"https:\/\/www.ejercito.mil.uy\/index.php\/wp-json\/wp\/v2\/posts\/17309\/revisions\/17313"}],"wp:featuredmedia":[{"embeddable":true,"href":"https:\/\/www.ejercito.mil.uy\/index.php\/wp-json\/wp\/v2\/media\/17310"}],"wp:attachment":[{"href":"https:\/\/www.ejercito.mil.uy\/index.php\/wp-json\/wp\/v2\/media?parent=17309"}],"wp:term":[{"taxonomy":"category","embeddable":true,"href":"https:\/\/www.ejercito.mil.uy\/index.php\/wp-json\/wp\/v2\/categories?post=17309"},{"taxonomy":"post_tag","embeddable":true,"href":"https:\/\/www.ejercito.mil.uy\/index.php\/wp-json\/wp\/v2\/tags?post=17309"}],"curies":[{"name":"wp","href":"https:\/\/api.w.org\/{rel}","templated":true}]}}