{"id":17437,"date":"2022-11-23T15:00:00","date_gmt":"2022-11-23T18:00:00","guid":{"rendered":"https:\/\/www.ejercito.mil.uy\/?p=17437"},"modified":"2022-11-23T21:15:25","modified_gmt":"2022-11-24T00:15:25","slug":"convenio-de-plan-de-acreditacion-de-saberes-para-el-personal-subalterno-del-sepae","status":"publish","type":"post","link":"https:\/\/www.ejercito.mil.uy\/index.php\/2022\/11\/23\/convenio-de-plan-de-acreditacion-de-saberes-para-el-personal-subalterno-del-sepae\/","title":{"rendered":"Convenio de Plan de Acreditaci\u00f3n de Saberes para el personal subalterno del SIE"},"content":{"rendered":"\n<p class=\"has-small-font-size\">23.11.2022 &#8211; Montevideo <\/p>\n\n\n\n<div style=\"height:22px\" aria-hidden=\"true\" class=\"wp-block-spacer\"><\/div>\n\n\n\n<p class=\"has-background\" style=\"background-color:#4c7c90\"><mark style=\"color:#ffffff;background-color:rgba(0,0,0,0)\" class=\"has-inline-color has-white-color\">En la ma\u00f1ana de hoy, el Sistema de Ense\u00f1anza del Ej\u00e9rcito (SEE) y la Direcci\u00f3n General de Educaci\u00f3n T\u00e9cnico Profesional de la Administraci\u00f3n Nacional de Educaci\u00f3n P\u00fablica (DGETP-UTU), firmaron un convenio que permitir\u00e1 a 110 efectivos del Personal Subalterno del Servicio de Intendencia del Ej\u00e9rcito (SIE), acreditar sus saberes profesionales en las \u00e1reas de panader\u00eda, vestimenta, zapater\u00eda e inform\u00e1tica.<\/mark><\/p>\n\n\n\n<div style=\"height:51px\" aria-hidden=\"true\" class=\"wp-block-spacer\"><\/div>\n\n\n\n<p><br \/>De esta forma los alumnos podr\u00e1n complementar su proyecci\u00f3n laboral, tanto en el \u00e1mbito militar como civil. Asimismo, el SIE, brindar\u00e1 el uso de sus espacios para acreditar los saberes cuando la UTU lo necesite.<\/p>\n\n\n\n<div style=\"height:51px\" aria-hidden=\"true\" class=\"wp-block-spacer\"><\/div>\n\n\n\n<p><br>Se cont\u00f3 con la firma del Sr. Director General de Educaci\u00f3n T\u00e9cnico Profesional de la Administraci\u00f3n Nacional de Educaci\u00f3n P\u00fablica (DGETP-UTU), Ing. Agr. Prof. T\u00e9c. Juan Pereyra; el Sr. Director General del SEE, Gral. Mario Moreira; el Sr. Director General del Instituto Militar de Estudios Superiores, Cnel. Gonzalo Contrera; el Sr. Director del SIE, Cnel. Jos\u00e9 Varela; entre otras autoridades. <\/p>\n\n\n\n<div style=\"height:51px\" aria-hidden=\"true\" class=\"wp-block-spacer\"><\/div>\n\n\n\n<div aria-label=\"Carousel Gallery\" class=\"wp-block-coblocks-gallery-carousel\"><div class=\"coblocks-gallery-carousel-swiper-container is-cropped coblocks-gallery has-no-alignment has-caption-style-dark has-no-thumbnails\"><div class=\"has-carousel has-carousel-xlrg swiper-container\" data-swiper=\"{&quot;alignCells&quot;:false,&quot;autoPlay&quot;:true,&quot;autoPlaySpeed&quot;:&quot;5000&quot;,&quot;draggable&quot;:true,&quot;freeScroll&quot;:false,&quot;loop&quot;:true,&quot;navigation&quot;:true,&quot;pageDots&quot;:false,&quot;pauseHover&quot;:false,&quot;responsiveHeight&quot;:false,&quot;slidesPerView&quot;:1,&quot;thumbnails&quot;:false,&quot;uuid&quot;:&quot;12345&quot;}\" id=\"12345\" style=\"height:550px\"><div class=\"swiper-wrapper\"><div class=\"swiper-slide\"><div class=\"coblocks-gallery--item\" role=\"button\"><figure class=\"coblocks-gallery--figure has-margin-left-mobile-5 has-margin-right-mobile-5\"><img fetchpriority=\"high\" decoding=\"async\" width=\"1024\" height=\"683\" alt=\"\" class=\"wp-image-17442\" data-id=\"17442\" data-link=\"https:\/\/www.ejercito.mil.uy\/?attachment_id=17442\" src=\"https:\/\/www.ejercito.mil.uy\/wp-content\/uploads\/2022\/11\/Convenio-de-Plan-de-Acreditacion-de-Saberes-para-el-personal-subalterno-del-SEPAE-4-1024x683.jpg\" srcset=\"https:\/\/www.ejercito.mil.uy\/wp-content\/uploads\/2022\/11\/Convenio-de-Plan-de-Acreditacion-de-Saberes-para-el-personal-subalterno-del-SEPAE-4-1024x683.jpg 1024w, https:\/\/www.ejercito.mil.uy\/wp-content\/uploads\/2022\/11\/Convenio-de-Plan-de-Acreditacion-de-Saberes-para-el-personal-subalterno-del-SEPAE-4-300x200.jpg 300w, https:\/\/www.ejercito.mil.uy\/wp-content\/uploads\/2022\/11\/Convenio-de-Plan-de-Acreditacion-de-Saberes-para-el-personal-subalterno-del-SEPAE-4.jpg 1200w\" sizes=\"(max-width: 1024px) 100vw, 1024px\" \/><\/figure><figcaption class=\"coblocks-gallery--caption coblocks-gallery--primary-caption\"><\/figcaption><\/div><\/div><div class=\"swiper-slide\"><div class=\"coblocks-gallery--item\" role=\"button\"><figure class=\"coblocks-gallery--figure has-margin-left-mobile-5 has-margin-right-mobile-5\"><img decoding=\"async\" width=\"1024\" height=\"683\" alt=\"\" class=\"wp-image-17440\" data-id=\"17440\" data-link=\"https:\/\/www.ejercito.mil.uy\/?attachment_id=17440\" src=\"https:\/\/www.ejercito.mil.uy\/wp-content\/uploads\/2022\/11\/Convenio-de-Plan-de-Acreditacion-de-Saberes-para-el-personal-subalterno-del-SEPAE-2-1024x683.jpg\" srcset=\"https:\/\/www.ejercito.mil.uy\/wp-content\/uploads\/2022\/11\/Convenio-de-Plan-de-Acreditacion-de-Saberes-para-el-personal-subalterno-del-SEPAE-2-1024x683.jpg 1024w, https:\/\/www.ejercito.mil.uy\/wp-content\/uploads\/2022\/11\/Convenio-de-Plan-de-Acreditacion-de-Saberes-para-el-personal-subalterno-del-SEPAE-2-300x200.jpg 300w, https:\/\/www.ejercito.mil.uy\/wp-content\/uploads\/2022\/11\/Convenio-de-Plan-de-Acreditacion-de-Saberes-para-el-personal-subalterno-del-SEPAE-2.jpg 1200w\" sizes=\"(max-width: 1024px) 100vw, 1024px\" \/><\/figure><figcaption class=\"coblocks-gallery--caption coblocks-gallery--primary-caption\"><\/figcaption><\/div><\/div><div class=\"swiper-slide\"><div class=\"coblocks-gallery--item\" role=\"button\"><figure class=\"coblocks-gallery--figure has-margin-left-mobile-5 has-margin-right-mobile-5\"><img decoding=\"async\" width=\"1024\" height=\"683\" alt=\"\" class=\"wp-image-17441\" data-id=\"17441\" data-link=\"https:\/\/www.ejercito.mil.uy\/?attachment_id=17441\" src=\"https:\/\/www.ejercito.mil.uy\/wp-content\/uploads\/2022\/11\/Convenio-de-Plan-de-Acreditacion-de-Saberes-para-el-personal-subalterno-del-SEPAE-3-1024x683.jpg\" srcset=\"https:\/\/www.ejercito.mil.uy\/wp-content\/uploads\/2022\/11\/Convenio-de-Plan-de-Acreditacion-de-Saberes-para-el-personal-subalterno-del-SEPAE-3-1024x683.jpg 1024w, https:\/\/www.ejercito.mil.uy\/wp-content\/uploads\/2022\/11\/Convenio-de-Plan-de-Acreditacion-de-Saberes-para-el-personal-subalterno-del-SEPAE-3-300x200.jpg 300w, https:\/\/www.ejercito.mil.uy\/wp-content\/uploads\/2022\/11\/Convenio-de-Plan-de-Acreditacion-de-Saberes-para-el-personal-subalterno-del-SEPAE-3.jpg 1200w\" sizes=\"(max-width: 1024px) 100vw, 1024px\" \/><\/figure><figcaption class=\"coblocks-gallery--caption coblocks-gallery--primary-caption\"><\/figcaption><\/div><\/div><div class=\"swiper-slide\"><div class=\"coblocks-gallery--item\" role=\"button\"><figure class=\"coblocks-gallery--figure has-margin-left-mobile-5 has-margin-right-mobile-5\"><img loading=\"lazy\" decoding=\"async\" width=\"1024\" height=\"683\" alt=\"\" class=\"wp-image-17439\" data-id=\"17439\" data-link=\"https:\/\/www.ejercito.mil.uy\/?attachment_id=17439\" src=\"https:\/\/www.ejercito.mil.uy\/wp-content\/uploads\/2022\/11\/Convenio-de-Plan-de-Acreditacion-de-Saberes-para-el-personal-subalterno-del-SEPAE-1-1024x683.jpg\" srcset=\"https:\/\/www.ejercito.mil.uy\/wp-content\/uploads\/2022\/11\/Convenio-de-Plan-de-Acreditacion-de-Saberes-para-el-personal-subalterno-del-SEPAE-1-1024x683.jpg 1024w, https:\/\/www.ejercito.mil.uy\/wp-content\/uploads\/2022\/11\/Convenio-de-Plan-de-Acreditacion-de-Saberes-para-el-personal-subalterno-del-SEPAE-1-300x200.jpg 300w, https:\/\/www.ejercito.mil.uy\/wp-content\/uploads\/2022\/11\/Convenio-de-Plan-de-Acreditacion-de-Saberes-para-el-personal-subalterno-del-SEPAE-1.jpg 1200w\" sizes=\"(max-width: 1024px) 100vw, 1024px\" \/><\/figure><figcaption class=\"coblocks-gallery--caption coblocks-gallery--primary-caption\"><\/figcaption><\/div><\/div><\/div><button class=\"nav-button__prev\" id=\"12345-prev\"><\/button><button class=\"nav-button__next\" id=\"12345-next\"><\/button><\/div><\/div><\/div>\n","protected":false},"excerpt":{"rendered":"<p>23.11.2022 &#8211; El Sistema de Ense\u00f1anza del Ej\u00e9rcito (SEE) y la UTU, firmaron un convenio que permitir\u00e1 a efectivos del personal subalterno del SIE, acreditar sus saberes profesionales en las \u00e1reas de panader\u00eda, vestimenta, zapater\u00eda e inform\u00e1tica.<\/p>\n","protected":false},"author":14,"featured_media":17438,"comment_status":"open","ping_status":"open","sticky":false,"template":"","format":"standard","meta":{"_coblocks_attr":"","_coblocks_dimensions":"","_coblocks_responsive_height":"","_coblocks_accordion_ie_support":"","_monsterinsights_skip_tracking":false,"_monsterinsights_sitenote_active":false,"_monsterinsights_sitenote_note":"","_monsterinsights_sitenote_category":0,"_uf_show_specific_survey":0,"_uf_disable_surveys":false,"footnotes":""},"categories":[2,10,14,1],"tags":[199,78,69,753,148,716],"class_list":["post-17437","post","type-post","status-publish","format-standard","has-post-thumbnail","hentry","category-blog","category-destacados","category-noticias","category-sin-categoria","tag-convenio","tag-educacion","tag-ensenanza","tag-saberes","tag-sepae","tag-utu"],"aioseo_notices":[],"_links":{"self":[{"href":"https:\/\/www.ejercito.mil.uy\/index.php\/wp-json\/wp\/v2\/posts\/17437","targetHints":{"allow":["GET"]}}],"collection":[{"href":"https:\/\/www.ejercito.mil.uy\/index.php\/wp-json\/wp\/v2\/posts"}],"about":[{"href":"https:\/\/www.ejercito.mil.uy\/index.php\/wp-json\/wp\/v2\/types\/post"}],"author":[{"embeddable":true,"href":"https:\/\/www.ejercito.mil.uy\/index.php\/wp-json\/wp\/v2\/users\/14"}],"replies":[{"embeddable":true,"href":"https:\/\/www.ejercito.mil.uy\/index.php\/wp-json\/wp\/v2\/comments?post=17437"}],"version-history":[{"count":10,"href":"https:\/\/www.ejercito.mil.uy\/index.php\/wp-json\/wp\/v2\/posts\/17437\/revisions"}],"predecessor-version":[{"id":17454,"href":"https:\/\/www.ejercito.mil.uy\/index.php\/wp-json\/wp\/v2\/posts\/17437\/revisions\/17454"}],"wp:featuredmedia":[{"embeddable":true,"href":"https:\/\/www.ejercito.mil.uy\/index.php\/wp-json\/wp\/v2\/media\/17438"}],"wp:attachment":[{"href":"https:\/\/www.ejercito.mil.uy\/index.php\/wp-json\/wp\/v2\/media?parent=17437"}],"wp:term":[{"taxonomy":"category","embeddable":true,"href":"https:\/\/www.ejercito.mil.uy\/index.php\/wp-json\/wp\/v2\/categories?post=17437"},{"taxonomy":"post_tag","embeddable":true,"href":"https:\/\/www.ejercito.mil.uy\/index.php\/wp-json\/wp\/v2\/tags?post=17437"}],"curies":[{"name":"wp","href":"https:\/\/api.w.org\/{rel}","templated":true}]}}