{"id":17459,"date":"2022-11-24T09:26:39","date_gmt":"2022-11-24T12:26:39","guid":{"rendered":"https:\/\/www.ejercito.mil.uy\/?p=17459"},"modified":"2022-11-24T09:26:49","modified_gmt":"2022-11-24T12:26:49","slug":"jornada-de-educacion-de-limpieza-en-la-playa-del-barco","status":"publish","type":"post","link":"https:\/\/www.ejercito.mil.uy\/index.php\/2022\/11\/24\/jornada-de-educacion-de-limpieza-en-la-playa-del-barco\/","title":{"rendered":"Jornada de educaci\u00f3n de limpieza en la playa del Barco"},"content":{"rendered":"\n<p class=\"has-small-font-size\">24.11.2022 &#8211; Rocha<\/p>\n\n\n\n<div style=\"height:50px\" aria-hidden=\"true\" class=\"wp-block-spacer\"><\/div>\n\n\n\n<p class=\"has-light-green-cyan-background-color has-background\"><span class=\"has-inline-color has-black-color\">En el d\u00eda de hoy, se realiz\u00f3 una \ud835\uddf7\ud835\uddfc\ud835\uddff\ud835\uddfb\ud835\uddee\ud835\uddf1\ud835\uddee \ud835\uddf1\ud835\uddf2 \ud835\uddf2\ud835\uddf1\ud835\ude02\ud835\uddf0\ud835\uddee\ud835\uddf0\ud835\uddf6\ud835\uddfc\u0301\ud835\uddfb \ud835\uddfd\ud835\uddee\ud835\uddff\ud835\uddee \ud835\uddf9\ud835\uddf6\ud835\uddfa\ud835\uddfd\ud835\uddf6\ud835\uddee\ud835\uddff \ud835\uddf9\ud835\uddee \ud835\uddfd\ud835\uddf9\ud835\uddee\ud835\ude06\ud835\uddee \ud835\uddf1\ud835\uddf2\ud835\uddf9 \ud835\uddd5\ud835\uddee\ud835\uddff\ud835\uddf0\ud835\uddfc (Rocha), con la participaci\u00f3n del personal del Servicio de Parques del Ej\u00e9rcito (SEPAE); alumnos, padres y maestras de la Escuela N\u00b0 70 y la Direcci\u00f3n de Gesti\u00f3n Ambiental de la Intendencia Departamental de Rocha. <\/span><\/p>\n\n\n\n<div style=\"height:50px\" aria-hidden=\"true\" class=\"wp-block-spacer\"><\/div>\n\n\n\n<p>Estas acciones son importantes ya que la contaminaci\u00f3n de las costas y las aguas destruye h\u00e1bitats naturales de animales y plantas, adem\u00e1s de limitar la posibilidad de utilizar las playas con fines econ\u00f3micos, recreativos y est\u00e9ticos.<\/p>\n\n\n\n<div style=\"height:50px\" aria-hidden=\"true\" class=\"wp-block-spacer\"><\/div>\n\n\n\n<p>Nadar en playas donde el agua o la arena est\u00e1n contaminadas puede causar enfermedades, sobre todo a las personas con sistemas inmunitarios d\u00e9biles. \u00a1Gracias a todos los que colaboraron en esta actividad! <\/p>\n\n\n\n<div style=\"height:50px\" aria-hidden=\"true\" class=\"wp-block-spacer\"><\/div>\n\n\n\n<div aria-label=\"Carousel Gallery\" class=\"wp-block-coblocks-gallery-carousel\"><div class=\"coblocks-gallery-carousel-swiper-container is-cropped coblocks-gallery has-no-alignment has-caption-style-dark has-no-thumbnails\"><div class=\"has-carousel has-carousel-xlrg swiper-container\" data-swiper=\"{&quot;alignCells&quot;:false,&quot;autoPlay&quot;:true,&quot;autoPlaySpeed&quot;:&quot;5000&quot;,&quot;draggable&quot;:true,&quot;freeScroll&quot;:false,&quot;loop&quot;:true,&quot;navigation&quot;:true,&quot;pageDots&quot;:false,&quot;pauseHover&quot;:false,&quot;responsiveHeight&quot;:false,&quot;slidesPerView&quot;:1,&quot;thumbnails&quot;:false,&quot;uuid&quot;:&quot;12345&quot;}\" id=\"12345\" style=\"height:550px\"><div class=\"swiper-wrapper\"><div class=\"swiper-slide\"><div class=\"coblocks-gallery--item\" role=\"button\"><figure class=\"coblocks-gallery--figure has-margin-left-mobile-5 has-margin-right-mobile-5\"><img fetchpriority=\"high\" decoding=\"async\" width=\"1024\" height=\"683\" alt=\"\" class=\"wp-image-17461\" data-id=\"17461\" data-link=\"https:\/\/www.ejercito.mil.uy\/?attachment_id=17461\" src=\"https:\/\/www.ejercito.mil.uy\/wp-content\/uploads\/2022\/11\/Jornada-de-educacion-de-limpieza-para-la-playa-del-Barco-1-1024x683.jpg\" srcset=\"https:\/\/www.ejercito.mil.uy\/wp-content\/uploads\/2022\/11\/Jornada-de-educacion-de-limpieza-para-la-playa-del-Barco-1-1024x683.jpg 1024w, https:\/\/www.ejercito.mil.uy\/wp-content\/uploads\/2022\/11\/Jornada-de-educacion-de-limpieza-para-la-playa-del-Barco-1-300x200.jpg 300w, https:\/\/www.ejercito.mil.uy\/wp-content\/uploads\/2022\/11\/Jornada-de-educacion-de-limpieza-para-la-playa-del-Barco-1.jpg 1200w\" sizes=\"(max-width: 1024px) 100vw, 1024px\" \/><\/figure><figcaption class=\"coblocks-gallery--caption coblocks-gallery--primary-caption\"><\/figcaption><\/div><\/div><div class=\"swiper-slide\"><div class=\"coblocks-gallery--item\" role=\"button\"><figure class=\"coblocks-gallery--figure has-margin-left-mobile-5 has-margin-right-mobile-5\"><img decoding=\"async\" width=\"1024\" height=\"683\" alt=\"\" class=\"wp-image-17462\" data-id=\"17462\" data-link=\"https:\/\/www.ejercito.mil.uy\/?attachment_id=17462\" src=\"https:\/\/www.ejercito.mil.uy\/wp-content\/uploads\/2022\/11\/Jornada-de-educacion-de-limpieza-para-la-playa-del-Barco-3-1024x683.jpg\" srcset=\"https:\/\/www.ejercito.mil.uy\/wp-content\/uploads\/2022\/11\/Jornada-de-educacion-de-limpieza-para-la-playa-del-Barco-3-1024x683.jpg 1024w, https:\/\/www.ejercito.mil.uy\/wp-content\/uploads\/2022\/11\/Jornada-de-educacion-de-limpieza-para-la-playa-del-Barco-3-300x200.jpg 300w, https:\/\/www.ejercito.mil.uy\/wp-content\/uploads\/2022\/11\/Jornada-de-educacion-de-limpieza-para-la-playa-del-Barco-3.jpg 1200w\" sizes=\"(max-width: 1024px) 100vw, 1024px\" \/><\/figure><figcaption class=\"coblocks-gallery--caption coblocks-gallery--primary-caption\"><\/figcaption><\/div><\/div><\/div><button class=\"nav-button__prev\" id=\"12345-prev\"><\/button><button class=\"nav-button__next\" id=\"12345-next\"><\/button><\/div><\/div><\/div>\n\n\n\n<p><\/p>\n","protected":false},"excerpt":{"rendered":"<p>24.11.2022 &#8211; Con la participaci\u00f3n del personal del Servicio de Parques del Ej\u00e9rcito (SEPAE); alumnos, padres y maestras de la Escuela N\u00b0 70 y la Direcci\u00f3n de Gesti\u00f3n Ambiental de la Intendencia Departamental de Rocha se realiz\u00f3 una jornada de educaci\u00f3n para limpiar la playa del Barco.<\/p>\n","protected":false},"author":14,"featured_media":17460,"comment_status":"open","ping_status":"open","sticky":false,"template":"","format":"standard","meta":{"_coblocks_attr":"","_coblocks_dimensions":"","_coblocks_responsive_height":"","_coblocks_accordion_ie_support":"","_monsterinsights_skip_tracking":false,"_monsterinsights_sitenote_active":false,"_monsterinsights_sitenote_note":"","_monsterinsights_sitenote_category":0,"_uf_show_specific_survey":0,"_uf_disable_surveys":false,"footnotes":""},"categories":[2,10,14,1],"tags":[337,78,107,452,755,754],"class_list":["post-17459","post","type-post","status-publish","format-standard","has-post-thumbnail","hentry","category-blog","category-destacados","category-noticias","category-sin-categoria","tag-alumnos","tag-educacion","tag-escuela","tag-limpieza","tag-maestra","tag-playa"],"aioseo_notices":[],"_links":{"self":[{"href":"https:\/\/www.ejercito.mil.uy\/index.php\/wp-json\/wp\/v2\/posts\/17459","targetHints":{"allow":["GET"]}}],"collection":[{"href":"https:\/\/www.ejercito.mil.uy\/index.php\/wp-json\/wp\/v2\/posts"}],"about":[{"href":"https:\/\/www.ejercito.mil.uy\/index.php\/wp-json\/wp\/v2\/types\/post"}],"author":[{"embeddable":true,"href":"https:\/\/www.ejercito.mil.uy\/index.php\/wp-json\/wp\/v2\/users\/14"}],"replies":[{"embeddable":true,"href":"https:\/\/www.ejercito.mil.uy\/index.php\/wp-json\/wp\/v2\/comments?post=17459"}],"version-history":[{"count":3,"href":"https:\/\/www.ejercito.mil.uy\/index.php\/wp-json\/wp\/v2\/posts\/17459\/revisions"}],"predecessor-version":[{"id":26818,"href":"https:\/\/www.ejercito.mil.uy\/index.php\/wp-json\/wp\/v2\/posts\/17459\/revisions\/26818"}],"wp:featuredmedia":[{"embeddable":true,"href":"https:\/\/www.ejercito.mil.uy\/index.php\/wp-json\/wp\/v2\/media\/17460"}],"wp:attachment":[{"href":"https:\/\/www.ejercito.mil.uy\/index.php\/wp-json\/wp\/v2\/media?parent=17459"}],"wp:term":[{"taxonomy":"category","embeddable":true,"href":"https:\/\/www.ejercito.mil.uy\/index.php\/wp-json\/wp\/v2\/categories?post=17459"},{"taxonomy":"post_tag","embeddable":true,"href":"https:\/\/www.ejercito.mil.uy\/index.php\/wp-json\/wp\/v2\/tags?post=17459"}],"curies":[{"name":"wp","href":"https:\/\/api.w.org\/{rel}","templated":true}]}}