{"id":17575,"date":"2022-12-01T19:00:00","date_gmt":"2022-12-01T22:00:00","guid":{"rendered":"https:\/\/www.ejercito.mil.uy\/?p=17575"},"modified":"2022-12-01T15:16:08","modified_gmt":"2022-12-01T18:16:08","slug":"ceremonia-de-clausura-de-los-cursos-2022-del-imes","status":"publish","type":"post","link":"https:\/\/www.ejercito.mil.uy\/index.php\/2022\/12\/01\/ceremonia-de-clausura-de-los-cursos-2022-del-imes\/","title":{"rendered":"Ceremonia de clausura de los cursos 2022 del IMES"},"content":{"rendered":"\n<p class=\"has-small-font-size\">01.12.2022 &#8211; Montevideo <\/p>\n\n\n\n<div style=\"height:50px\" aria-hidden=\"true\" class=\"wp-block-spacer\"><\/div>\n\n\n\n<p class=\"has-light-green-cyan-background-color has-background\"><span class=\"has-inline-color has-black-color\">En el d\u00eda de ayer, se realiz\u00f3 la \ud835\uddf0\ud835\uddf2\ud835\uddff\ud835\uddf2\ud835\uddfa\ud835\uddfc\ud835\uddfb\ud835\uddf6\ud835\uddee \ud835\uddfa\ud835\uddee\ud835\ude01\ud835\ude02\ud835\ude01\ud835\uddf6\ud835\uddfb\ud835\uddee \ud835\ude06 \ud835\ude03\ud835\uddf2\ud835\ude00\ud835\uddfd\ud835\uddf2\ud835\uddff\ud835\ude01\ud835\uddf6\ud835\uddfb\ud835\uddee \ud835\uddf1\ud835\uddf2 \ud835\uddf0\ud835\uddf9\ud835\uddee\ud835\ude02\ud835\ude00\ud835\ude02\ud835\uddff\ud835\uddee \ud835\uddf1\ud835\uddf2 \ud835\uddf9\ud835\uddfc\ud835\ude00 \ud835\uddf0\ud835\ude02\ud835\uddff\ud835\ude00\ud835\uddfc\ud835\ude00 \ud835\udfee\ud835\udfec\ud835\udfee\ud835\udfee del Instituto Militar de Estudios Superiores (IMES).<\/span><\/p>\n\n\n\n<div style=\"height:50px\" aria-hidden=\"true\" class=\"wp-block-spacer\"><\/div>\n\n\n\n<div class=\"wp-block-coblocks-gallery-stacked\"><ul class=\"coblocks-gallery has-no-alignment has-fullwidth-images has-custom-gutter\"><li class=\"coblocks-gallery--item\"><figure class=\"coblocks-gallery--figure\"><img fetchpriority=\"high\" decoding=\"async\" width=\"1024\" height=\"683\" alt=\"\" class=\"wp-image-17578 has-shadow-none\" data-id=\"17578\" data-imglink=\"\" data-link=\"https:\/\/www.ejercito.mil.uy\/?attachment_id=17578\" src=\"https:\/\/www.ejercito.mil.uy\/wp-content\/uploads\/2022\/12\/Ceremonia-IMES-2-1024x683.jpg\" srcset=\"https:\/\/www.ejercito.mil.uy\/wp-content\/uploads\/2022\/12\/Ceremonia-IMES-2-1024x683.jpg 1024w, https:\/\/www.ejercito.mil.uy\/wp-content\/uploads\/2022\/12\/Ceremonia-IMES-2-300x200.jpg 300w, https:\/\/www.ejercito.mil.uy\/wp-content\/uploads\/2022\/12\/Ceremonia-IMES-2.jpg 1200w\" sizes=\"(max-width: 1024px) 100vw, 1024px\" \/><\/figure><\/li><\/ul><\/div>\n\n\n\n<div style=\"height:50px\" aria-hidden=\"true\" class=\"wp-block-spacer\"><\/div>\n\n\n\n<p><br>Finalizaron los cursos de Capacitaci\u00f3n y Perfeccionamiento para Jefes N\u00b0 50 de la Escuela de Comando y Estado Mayor del Ej\u00e9rcito (ECEME); el Proyecto Aldebaran, una experiencia acad\u00e9mica con el objetivo de instalar curricularmente una metodolog\u00eda de escenarios estrat\u00e9gicos futuros en el IMES; Curso de Estado Mayor N\u00b0 94; Licenciatura en Ciencias Militares y el Posgrado en Especializaci\u00f3n en Historia Militar.<\/p>\n\n\n\n<div style=\"height:50px\" aria-hidden=\"true\" class=\"wp-block-spacer\"><\/div>\n\n\n\n<div class=\"wp-block-coblocks-gallery-stacked\"><ul class=\"coblocks-gallery has-no-alignment has-fullwidth-images\"><li class=\"coblocks-gallery--item\"><figure class=\"coblocks-gallery--figure\"><img decoding=\"async\" width=\"1024\" height=\"683\" alt=\"\" class=\"wp-image-17586 has-shadow-none\" data-id=\"17586\" data-imglink=\"\" data-link=\"https:\/\/www.ejercito.mil.uy\/?attachment_id=17586\" src=\"https:\/\/www.ejercito.mil.uy\/wp-content\/uploads\/2022\/12\/Ceremonia-IMES-8-1024x683.jpg\" srcset=\"https:\/\/www.ejercito.mil.uy\/wp-content\/uploads\/2022\/12\/Ceremonia-IMES-8-1024x683.jpg 1024w, https:\/\/www.ejercito.mil.uy\/wp-content\/uploads\/2022\/12\/Ceremonia-IMES-8-300x200.jpg 300w, https:\/\/www.ejercito.mil.uy\/wp-content\/uploads\/2022\/12\/Ceremonia-IMES-8.jpg 1200w\" sizes=\"(max-width: 1024px) 100vw, 1024px\" \/><\/figure><\/li><\/ul><\/div>\n\n\n\n<div style=\"height:50px\" aria-hidden=\"true\" class=\"wp-block-spacer\"><\/div>\n\n\n\n<p><br>Se hizo entrega de los certificados correspondientes a cada materia, adem\u00e1s de destacar a los alumnos que obtuvieron las m\u00e1s altas calificaciones.<\/p>\n\n\n\n<div style=\"height:50px\" aria-hidden=\"true\" class=\"wp-block-spacer\"><\/div>\n\n\n\n<div aria-label=\"Carousel Gallery\" class=\"wp-block-coblocks-gallery-carousel\"><div class=\"coblocks-gallery-carousel-swiper-container is-cropped coblocks-gallery has-no-alignment has-caption-style-dark has-no-thumbnails\"><div class=\"has-carousel has-carousel-xlrg swiper-container\" data-swiper=\"{&quot;alignCells&quot;:false,&quot;autoPlay&quot;:true,&quot;autoPlaySpeed&quot;:&quot;5000&quot;,&quot;draggable&quot;:true,&quot;freeScroll&quot;:false,&quot;loop&quot;:true,&quot;navigation&quot;:true,&quot;pageDots&quot;:false,&quot;pauseHover&quot;:false,&quot;responsiveHeight&quot;:false,&quot;slidesPerView&quot;:1,&quot;thumbnails&quot;:false,&quot;uuid&quot;:&quot;12345&quot;}\" id=\"12345\" style=\"height:550px\"><div class=\"swiper-wrapper\"><div class=\"swiper-slide\"><div class=\"coblocks-gallery--item\" role=\"button\"><figure class=\"coblocks-gallery--figure\"><img decoding=\"async\" width=\"1024\" height=\"683\" alt=\"\" class=\"wp-image-17581\" data-id=\"17581\" data-link=\"https:\/\/www.ejercito.mil.uy\/?attachment_id=17581\" src=\"https:\/\/www.ejercito.mil.uy\/wp-content\/uploads\/2022\/12\/Ceremonia-IMES-10-1024x683.jpg\" srcset=\"https:\/\/www.ejercito.mil.uy\/wp-content\/uploads\/2022\/12\/Ceremonia-IMES-10-1024x683.jpg 1024w, https:\/\/www.ejercito.mil.uy\/wp-content\/uploads\/2022\/12\/Ceremonia-IMES-10-300x200.jpg 300w, https:\/\/www.ejercito.mil.uy\/wp-content\/uploads\/2022\/12\/Ceremonia-IMES-10.jpg 1200w\" sizes=\"(max-width: 1024px) 100vw, 1024px\" \/><\/figure><figcaption class=\"coblocks-gallery--caption coblocks-gallery--primary-caption\"><\/figcaption><\/div><\/div><div class=\"swiper-slide\"><div class=\"coblocks-gallery--item\" role=\"button\"><figure class=\"coblocks-gallery--figure\"><img loading=\"lazy\" decoding=\"async\" width=\"1024\" height=\"683\" alt=\"\" class=\"wp-image-17582\" data-id=\"17582\" data-link=\"https:\/\/www.ejercito.mil.uy\/?attachment_id=17582\" src=\"https:\/\/www.ejercito.mil.uy\/wp-content\/uploads\/2022\/12\/Ceremonia-IMES-11-1024x683.jpg\" srcset=\"https:\/\/www.ejercito.mil.uy\/wp-content\/uploads\/2022\/12\/Ceremonia-IMES-11-1024x683.jpg 1024w, https:\/\/www.ejercito.mil.uy\/wp-content\/uploads\/2022\/12\/Ceremonia-IMES-11-300x200.jpg 300w, https:\/\/www.ejercito.mil.uy\/wp-content\/uploads\/2022\/12\/Ceremonia-IMES-11.jpg 1200w\" sizes=\"(max-width: 1024px) 100vw, 1024px\" \/><\/figure><figcaption class=\"coblocks-gallery--caption coblocks-gallery--primary-caption\"><\/figcaption><\/div><\/div><div class=\"swiper-slide\"><div class=\"coblocks-gallery--item\" role=\"button\"><figure class=\"coblocks-gallery--figure\"><img loading=\"lazy\" decoding=\"async\" width=\"1024\" height=\"683\" alt=\"\" class=\"wp-image-17579\" data-id=\"17579\" data-link=\"https:\/\/www.ejercito.mil.uy\/?attachment_id=17579\" src=\"https:\/\/www.ejercito.mil.uy\/wp-content\/uploads\/2022\/12\/Ceremonia-IMES-4-1024x683.jpg\" srcset=\"https:\/\/www.ejercito.mil.uy\/wp-content\/uploads\/2022\/12\/Ceremonia-IMES-4-1024x683.jpg 1024w, https:\/\/www.ejercito.mil.uy\/wp-content\/uploads\/2022\/12\/Ceremonia-IMES-4-300x200.jpg 300w, https:\/\/www.ejercito.mil.uy\/wp-content\/uploads\/2022\/12\/Ceremonia-IMES-4.jpg 1200w\" sizes=\"(max-width: 1024px) 100vw, 1024px\" \/><\/figure><figcaption class=\"coblocks-gallery--caption coblocks-gallery--primary-caption\"><\/figcaption><\/div><\/div><div class=\"swiper-slide\"><div class=\"coblocks-gallery--item\" role=\"button\"><figure class=\"coblocks-gallery--figure\"><img loading=\"lazy\" decoding=\"async\" width=\"1024\" height=\"683\" alt=\"\" class=\"wp-image-17580\" data-id=\"17580\" data-link=\"https:\/\/www.ejercito.mil.uy\/?attachment_id=17580\" src=\"https:\/\/www.ejercito.mil.uy\/wp-content\/uploads\/2022\/12\/Ceremonia-IMES-6-1024x683.jpg\" srcset=\"https:\/\/www.ejercito.mil.uy\/wp-content\/uploads\/2022\/12\/Ceremonia-IMES-6-1024x683.jpg 1024w, https:\/\/www.ejercito.mil.uy\/wp-content\/uploads\/2022\/12\/Ceremonia-IMES-6-300x200.jpg 300w, https:\/\/www.ejercito.mil.uy\/wp-content\/uploads\/2022\/12\/Ceremonia-IMES-6.jpg 1200w\" sizes=\"(max-width: 1024px) 100vw, 1024px\" \/><\/figure><figcaption class=\"coblocks-gallery--caption coblocks-gallery--primary-caption\"><\/figcaption><\/div><\/div><\/div><button class=\"nav-button__prev\" id=\"12345-prev\"><\/button><button class=\"nav-button__next\" id=\"12345-next\"><\/button><\/div><\/div><\/div>\n\n\n\n<div style=\"height:50px\" aria-hidden=\"true\" class=\"wp-block-spacer\"><\/div>\n\n\n\n<p><br>Asimismo, los Jefes del Ej\u00e9rcito de la Rep\u00fablica de Argentina y del Ej\u00e9rcito de la Rep\u00fablica Federativa de Brasil, que se desempe\u00f1aron como instructores en la ECEME, recibieron sus diplomas correspondientes.<\/p>\n\n\n\n<div style=\"height:50px\" aria-hidden=\"true\" class=\"wp-block-spacer\"><\/div>\n\n\n\n<div class=\"wp-block-coblocks-gallery-stacked\"><ul class=\"coblocks-gallery has-no-alignment has-fullwidth-images has-custom-gutter\"><li class=\"coblocks-gallery--item\"><figure class=\"coblocks-gallery--figure\"><img loading=\"lazy\" decoding=\"async\" width=\"1024\" height=\"683\" alt=\"\" class=\"wp-image-17583 has-shadow-none\" data-id=\"17583\" data-imglink=\"\" data-link=\"https:\/\/www.ejercito.mil.uy\/?attachment_id=17583\" src=\"https:\/\/www.ejercito.mil.uy\/wp-content\/uploads\/2022\/12\/Ceremonia-IMES-3-1024x683.jpg\" srcset=\"https:\/\/www.ejercito.mil.uy\/wp-content\/uploads\/2022\/12\/Ceremonia-IMES-3-1024x683.jpg 1024w, https:\/\/www.ejercito.mil.uy\/wp-content\/uploads\/2022\/12\/Ceremonia-IMES-3-300x200.jpg 300w, https:\/\/www.ejercito.mil.uy\/wp-content\/uploads\/2022\/12\/Ceremonia-IMES-3.jpg 1200w\" sizes=\"(max-width: 1024px) 100vw, 1024px\" \/><\/figure><\/li><\/ul><\/div>\n\n\n\n<div style=\"height:50px\" aria-hidden=\"true\" class=\"wp-block-spacer\"><\/div>\n\n\n\n<p><br>Se cont\u00f3 con la presencia del Sr. Ministro de Defensa Nacional, Dr. Javier Garc\u00eda; el Sr. Comandante en Jefe del Ej\u00e9rcito, Gral. de Ej\u00e9rcito Gerardo Fregossi; el Sr. Director General del Sistema de Ense\u00f1anza del Ej\u00e9rcito (SEE), Gral. Mario Moreira; el Sr. Director General del IMES, Cnel. Gonzalo Contrera; el Sr. Director de la ECEME, Cnel. Eduardo Couture, entre otras autoridades.<\/p>\n\n\n\n<div style=\"height:50px\" aria-hidden=\"true\" class=\"wp-block-spacer\"><\/div>\n\n\n\n<div aria-label=\"Carousel Gallery\" class=\"wp-block-coblocks-gallery-carousel\"><div class=\"coblocks-gallery-carousel-swiper-container is-cropped coblocks-gallery has-no-alignment has-caption-style-dark has-no-thumbnails\"><div class=\"has-carousel has-carousel-xlrg swiper-container\" data-swiper=\"{&quot;alignCells&quot;:false,&quot;autoPlay&quot;:true,&quot;autoPlaySpeed&quot;:&quot;5000&quot;,&quot;draggable&quot;:true,&quot;freeScroll&quot;:false,&quot;loop&quot;:true,&quot;navigation&quot;:true,&quot;pageDots&quot;:false,&quot;pauseHover&quot;:false,&quot;responsiveHeight&quot;:false,&quot;slidesPerView&quot;:1,&quot;thumbnails&quot;:false,&quot;uuid&quot;:&quot;12345&quot;}\" id=\"12345\" style=\"height:550px\"><div class=\"swiper-wrapper\"><div class=\"swiper-slide\"><div class=\"coblocks-gallery--item\" role=\"button\"><figure class=\"coblocks-gallery--figure has-margin-left-mobile-5 has-margin-right-mobile-5\"><img loading=\"lazy\" decoding=\"async\" width=\"1024\" height=\"683\" alt=\"\" class=\"wp-image-17585\" data-id=\"17585\" data-link=\"https:\/\/www.ejercito.mil.uy\/?attachment_id=17585\" src=\"https:\/\/www.ejercito.mil.uy\/wp-content\/uploads\/2022\/12\/Ceremonia-IMES-9-1024x683.jpg\" srcset=\"https:\/\/www.ejercito.mil.uy\/wp-content\/uploads\/2022\/12\/Ceremonia-IMES-9-1024x683.jpg 1024w, https:\/\/www.ejercito.mil.uy\/wp-content\/uploads\/2022\/12\/Ceremonia-IMES-9-300x200.jpg 300w, https:\/\/www.ejercito.mil.uy\/wp-content\/uploads\/2022\/12\/Ceremonia-IMES-9.jpg 1200w\" sizes=\"(max-width: 1024px) 100vw, 1024px\" \/><\/figure><figcaption class=\"coblocks-gallery--caption coblocks-gallery--primary-caption\"><\/figcaption><\/div><\/div><div class=\"swiper-slide\"><div class=\"coblocks-gallery--item\" role=\"button\"><figure class=\"coblocks-gallery--figure has-margin-left-mobile-5 has-margin-right-mobile-5\"><img loading=\"lazy\" decoding=\"async\" width=\"1024\" height=\"683\" alt=\"\" class=\"wp-image-17584\" data-id=\"17584\" data-link=\"https:\/\/www.ejercito.mil.uy\/?attachment_id=17584\" src=\"https:\/\/www.ejercito.mil.uy\/wp-content\/uploads\/2022\/12\/Ceremonia-IMES-7-1024x683.jpg\" srcset=\"https:\/\/www.ejercito.mil.uy\/wp-content\/uploads\/2022\/12\/Ceremonia-IMES-7-1024x683.jpg 1024w, https:\/\/www.ejercito.mil.uy\/wp-content\/uploads\/2022\/12\/Ceremonia-IMES-7-300x200.jpg 300w, https:\/\/www.ejercito.mil.uy\/wp-content\/uploads\/2022\/12\/Ceremonia-IMES-7.jpg 1200w\" sizes=\"(max-width: 1024px) 100vw, 1024px\" \/><\/figure><figcaption class=\"coblocks-gallery--caption coblocks-gallery--primary-caption\"><\/figcaption><\/div><\/div><\/div><button class=\"nav-button__prev\" id=\"12345-prev\"><\/button><button class=\"nav-button__next\" id=\"12345-next\"><\/button><\/div><\/div><\/div>\n\n\n\n<div style=\"height:50px\" aria-hidden=\"true\" class=\"wp-block-spacer\"><\/div>\n","protected":false},"excerpt":{"rendered":"<p>01.12.2022 &#8211; En el d\u00eda de ayer, se realiz\u00f3 la ceremonia matutina y vespertina de clausura de los cursos 2022 del Instituto Militar de Estudios Superiores (IMES).<\/p>\n","protected":false},"author":14,"featured_media":0,"comment_status":"open","ping_status":"open","sticky":false,"template":"","format":"standard","meta":{"_coblocks_attr":"","_coblocks_dimensions":"","_coblocks_responsive_height":"","_coblocks_accordion_ie_support":"","_monsterinsights_skip_tracking":false,"_monsterinsights_sitenote_active":false,"_monsterinsights_sitenote_note":"","_monsterinsights_sitenote_category":0,"_uf_show_specific_survey":0,"_uf_disable_surveys":false,"footnotes":""},"categories":[2,10,14,1],"tags":[44,589,188,764,180,762,763],"class_list":["post-17575","post","type-post","status-publish","format-standard","hentry","category-blog","category-destacados","category-noticias","category-sin-categoria","tag-ceremonia","tag-clausura","tag-cursos","tag-estudios","tag-imes","tag-matutino","tag-vespertino"],"aioseo_notices":[],"_links":{"self":[{"href":"https:\/\/www.ejercito.mil.uy\/index.php\/wp-json\/wp\/v2\/posts\/17575","targetHints":{"allow":["GET"]}}],"collection":[{"href":"https:\/\/www.ejercito.mil.uy\/index.php\/wp-json\/wp\/v2\/posts"}],"about":[{"href":"https:\/\/www.ejercito.mil.uy\/index.php\/wp-json\/wp\/v2\/types\/post"}],"author":[{"embeddable":true,"href":"https:\/\/www.ejercito.mil.uy\/index.php\/wp-json\/wp\/v2\/users\/14"}],"replies":[{"embeddable":true,"href":"https:\/\/www.ejercito.mil.uy\/index.php\/wp-json\/wp\/v2\/comments?post=17575"}],"version-history":[{"count":3,"href":"https:\/\/www.ejercito.mil.uy\/index.php\/wp-json\/wp\/v2\/posts\/17575\/revisions"}],"predecessor-version":[{"id":17588,"href":"https:\/\/www.ejercito.mil.uy\/index.php\/wp-json\/wp\/v2\/posts\/17575\/revisions\/17588"}],"wp:attachment":[{"href":"https:\/\/www.ejercito.mil.uy\/index.php\/wp-json\/wp\/v2\/media?parent=17575"}],"wp:term":[{"taxonomy":"category","embeddable":true,"href":"https:\/\/www.ejercito.mil.uy\/index.php\/wp-json\/wp\/v2\/categories?post=17575"},{"taxonomy":"post_tag","embeddable":true,"href":"https:\/\/www.ejercito.mil.uy\/index.php\/wp-json\/wp\/v2\/tags?post=17575"}],"curies":[{"name":"wp","href":"https:\/\/api.w.org\/{rel}","templated":true}]}}