{"id":17636,"date":"2022-12-06T15:23:24","date_gmt":"2022-12-06T18:23:24","guid":{"rendered":"https:\/\/www.ejercito.mil.uy\/?p=17636"},"modified":"2022-12-06T15:33:18","modified_gmt":"2022-12-06T18:33:18","slug":"ceremonia-por-el-dia-del-arma-de-artilleria-2","status":"publish","type":"post","link":"https:\/\/www.ejercito.mil.uy\/index.php\/2022\/12\/06\/ceremonia-por-el-dia-del-arma-de-artilleria-2\/","title":{"rendered":"Ceremonia por el D\u00eda del Arma de Artiller\u00eda"},"content":{"rendered":"\n<p class=\"has-small-font-size\">05.12.2022 &#8211; Montevideo  <\/p>\n\n\n\n<div style=\"height:50px\" aria-hidden=\"true\" class=\"wp-block-spacer\"><\/div>\n\n\n\n<p class=\"has-vivid-red-background-color has-background\"><span class=\"has-inline-color has-white-color\">Esta ma\u00f1ana, se celebr\u00f3 un nuevo d\u00eda del Arma de Artiller\u00eda en<\/span> <span class=\"has-inline-color has-white-color\">el Grupo de Artiller\u00eda N\u00b0 5.<\/span><\/p>\n\n\n\n<div style=\"height:50px\" aria-hidden=\"true\" class=\"wp-block-spacer\"><\/div>\n\n\n\n<div class=\"wp-block-coblocks-gallery-stacked\"><ul class=\"coblocks-gallery has-no-alignment has-fullwidth-images\"><li class=\"coblocks-gallery--item\"><figure class=\"coblocks-gallery--figure\"><img fetchpriority=\"high\" decoding=\"async\" width=\"1024\" height=\"683\" alt=\"\" class=\"wp-image-17644 has-shadow-none\" data-id=\"17644\" data-imglink=\"\" data-link=\"https:\/\/www.ejercito.mil.uy\/?attachment_id=17644\" src=\"https:\/\/www.ejercito.mil.uy\/wp-content\/uploads\/2022\/12\/2022-12-05-Dia-del-Arma-de-Artilleria-2022-1-1024x683.jpg\" srcset=\"https:\/\/www.ejercito.mil.uy\/wp-content\/uploads\/2022\/12\/2022-12-05-Dia-del-Arma-de-Artilleria-2022-1-1024x683.jpg 1024w, https:\/\/www.ejercito.mil.uy\/wp-content\/uploads\/2022\/12\/2022-12-05-Dia-del-Arma-de-Artilleria-2022-1-300x200.jpg 300w, https:\/\/www.ejercito.mil.uy\/wp-content\/uploads\/2022\/12\/2022-12-05-Dia-del-Arma-de-Artilleria-2022-1.jpg 1200w\" sizes=\"(max-width: 1024px) 100vw, 1024px\" \/><\/figure><\/li><\/ul><\/div>\n\n\n\n<div style=\"height:50px\" aria-hidden=\"true\" class=\"wp-block-spacer\"><\/div>\n\n\n\n<p>Fue encabezada por el Sr. Comandante en Jefe del Ej\u00e9rcito, Gral. de Ej\u00e9rcito Gerardo Fregossi, el Inspector del Arma de Artiller\u00eda, Cnel. C\u00e9sar D\u00edaz y dem\u00e1s autoridades militares. <\/p>\n\n\n\n<div style=\"height:50px\" aria-hidden=\"true\" class=\"wp-block-spacer\"><\/div>\n\n\n\n<div aria-label=\"Carousel Gallery\" class=\"wp-block-coblocks-gallery-carousel\"><div class=\"coblocks-gallery-carousel-swiper-container is-cropped coblocks-gallery has-no-alignment has-caption-style-dark has-no-thumbnails\"><div class=\"has-carousel has-carousel-xlrg swiper-container\" data-swiper=\"{&quot;alignCells&quot;:false,&quot;autoPlay&quot;:true,&quot;autoPlaySpeed&quot;:&quot;5000&quot;,&quot;draggable&quot;:true,&quot;freeScroll&quot;:false,&quot;loop&quot;:true,&quot;navigation&quot;:true,&quot;pageDots&quot;:false,&quot;pauseHover&quot;:false,&quot;responsiveHeight&quot;:false,&quot;slidesPerView&quot;:1,&quot;thumbnails&quot;:false,&quot;uuid&quot;:&quot;12345&quot;}\" id=\"12345\" style=\"height:550px\"><div class=\"swiper-wrapper\"><div class=\"swiper-slide\"><div class=\"coblocks-gallery--item\" role=\"button\"><figure class=\"coblocks-gallery--figure\"><img decoding=\"async\" width=\"1024\" height=\"683\" alt=\"\" class=\"wp-image-17646\" data-id=\"17646\" data-link=\"https:\/\/www.ejercito.mil.uy\/?attachment_id=17646\" src=\"https:\/\/www.ejercito.mil.uy\/wp-content\/uploads\/2022\/12\/2022-12-05-Dia-del-Arma-de-Artilleria-2022-2-1024x683.jpg\" srcset=\"https:\/\/www.ejercito.mil.uy\/wp-content\/uploads\/2022\/12\/2022-12-05-Dia-del-Arma-de-Artilleria-2022-2-1024x683.jpg 1024w, https:\/\/www.ejercito.mil.uy\/wp-content\/uploads\/2022\/12\/2022-12-05-Dia-del-Arma-de-Artilleria-2022-2-300x200.jpg 300w, https:\/\/www.ejercito.mil.uy\/wp-content\/uploads\/2022\/12\/2022-12-05-Dia-del-Arma-de-Artilleria-2022-2.jpg 1200w\" sizes=\"(max-width: 1024px) 100vw, 1024px\" \/><\/figure><figcaption class=\"coblocks-gallery--caption coblocks-gallery--primary-caption\"><\/figcaption><\/div><\/div><div class=\"swiper-slide\"><div class=\"coblocks-gallery--item\" role=\"button\"><figure class=\"coblocks-gallery--figure\"><img decoding=\"async\" width=\"1024\" height=\"683\" alt=\"\" class=\"wp-image-17645\" data-id=\"17645\" data-link=\"https:\/\/www.ejercito.mil.uy\/?attachment_id=17645\" src=\"https:\/\/www.ejercito.mil.uy\/wp-content\/uploads\/2022\/12\/2022-12-05-Dia-del-Arma-de-Artilleria-2022-3-1024x683.jpg\" srcset=\"https:\/\/www.ejercito.mil.uy\/wp-content\/uploads\/2022\/12\/2022-12-05-Dia-del-Arma-de-Artilleria-2022-3-1024x683.jpg 1024w, https:\/\/www.ejercito.mil.uy\/wp-content\/uploads\/2022\/12\/2022-12-05-Dia-del-Arma-de-Artilleria-2022-3-300x200.jpg 300w, https:\/\/www.ejercito.mil.uy\/wp-content\/uploads\/2022\/12\/2022-12-05-Dia-del-Arma-de-Artilleria-2022-3.jpg 1200w\" sizes=\"(max-width: 1024px) 100vw, 1024px\" \/><\/figure><figcaption class=\"coblocks-gallery--caption coblocks-gallery--primary-caption\"><\/figcaption><\/div><\/div><\/div><button class=\"nav-button__prev\" id=\"12345-prev\"><\/button><button class=\"nav-button__next\" id=\"12345-next\"><\/button><\/div><\/div><\/div>\n\n\n\n<div style=\"height:50px\" aria-hidden=\"true\" class=\"wp-block-spacer\"><\/div>\n\n\n\n<p>Se realiz\u00f3 un reconocimiento a los efectivos del Arma que tuvieron una actuaci\u00f3n destacada durante este a\u00f1o: \u201cPremio M\u00e9rito Artillero\u201d y \u201cPremio excelencia de Artiller\u00eda\u201d. Tambi\u00e9n se entreg\u00f3 el premio al \u00abJinete del A\u00f1o\u00bb. <\/p>\n\n\n\n<p><\/p>\n\n\n\n<div style=\"height:50px\" aria-hidden=\"true\" class=\"wp-block-spacer\"><\/div>\n\n\n\n<div aria-label=\"Carousel Gallery\" class=\"wp-block-coblocks-gallery-carousel\"><div class=\"coblocks-gallery-carousel-swiper-container is-cropped coblocks-gallery has-no-alignment has-caption-style-dark has-no-thumbnails\"><div class=\"has-carousel has-carousel-xlrg swiper-container\" data-swiper=\"{&quot;alignCells&quot;:false,&quot;autoPlay&quot;:true,&quot;autoPlaySpeed&quot;:&quot;5000&quot;,&quot;draggable&quot;:true,&quot;freeScroll&quot;:false,&quot;loop&quot;:true,&quot;navigation&quot;:true,&quot;pageDots&quot;:false,&quot;pauseHover&quot;:false,&quot;responsiveHeight&quot;:false,&quot;slidesPerView&quot;:1,&quot;thumbnails&quot;:false,&quot;uuid&quot;:&quot;12345&quot;}\" id=\"12345\" style=\"height:550px\"><div class=\"swiper-wrapper\"><div class=\"swiper-slide\"><div class=\"coblocks-gallery--item\" role=\"button\"><figure class=\"coblocks-gallery--figure\"><img loading=\"lazy\" decoding=\"async\" width=\"1024\" height=\"683\" alt=\"\" class=\"wp-image-17639\" data-id=\"17639\" data-link=\"https:\/\/www.ejercito.mil.uy\/?attachment_id=17639\" src=\"https:\/\/www.ejercito.mil.uy\/wp-content\/uploads\/2022\/12\/2022-12-05-Dia-del-Arma-de-Artilleria-2022-4-1024x683.jpg\" srcset=\"https:\/\/www.ejercito.mil.uy\/wp-content\/uploads\/2022\/12\/2022-12-05-Dia-del-Arma-de-Artilleria-2022-4-1024x683.jpg 1024w, https:\/\/www.ejercito.mil.uy\/wp-content\/uploads\/2022\/12\/2022-12-05-Dia-del-Arma-de-Artilleria-2022-4-300x200.jpg 300w, https:\/\/www.ejercito.mil.uy\/wp-content\/uploads\/2022\/12\/2022-12-05-Dia-del-Arma-de-Artilleria-2022-4.jpg 1200w\" sizes=\"(max-width: 1024px) 100vw, 1024px\" \/><\/figure><figcaption class=\"coblocks-gallery--caption coblocks-gallery--primary-caption\"><\/figcaption><\/div><\/div><div class=\"swiper-slide\"><div class=\"coblocks-gallery--item\" role=\"button\"><figure class=\"coblocks-gallery--figure\"><img loading=\"lazy\" decoding=\"async\" width=\"1024\" height=\"683\" alt=\"\" class=\"wp-image-17640\" data-id=\"17640\" data-link=\"https:\/\/www.ejercito.mil.uy\/?attachment_id=17640\" src=\"https:\/\/www.ejercito.mil.uy\/wp-content\/uploads\/2022\/12\/2022-12-05-Dia-del-Arma-de-Artilleria-2022-5-1024x683.jpg\" srcset=\"https:\/\/www.ejercito.mil.uy\/wp-content\/uploads\/2022\/12\/2022-12-05-Dia-del-Arma-de-Artilleria-2022-5-1024x683.jpg 1024w, https:\/\/www.ejercito.mil.uy\/wp-content\/uploads\/2022\/12\/2022-12-05-Dia-del-Arma-de-Artilleria-2022-5-300x200.jpg 300w, https:\/\/www.ejercito.mil.uy\/wp-content\/uploads\/2022\/12\/2022-12-05-Dia-del-Arma-de-Artilleria-2022-5.jpg 1200w\" sizes=\"(max-width: 1024px) 100vw, 1024px\" \/><\/figure><figcaption class=\"coblocks-gallery--caption coblocks-gallery--primary-caption\"><\/figcaption><\/div><\/div><div class=\"swiper-slide\"><div class=\"coblocks-gallery--item\" role=\"button\"><figure class=\"coblocks-gallery--figure\"><img loading=\"lazy\" decoding=\"async\" width=\"1024\" height=\"683\" alt=\"\" class=\"wp-image-17641\" data-id=\"17641\" data-link=\"https:\/\/www.ejercito.mil.uy\/?attachment_id=17641\" src=\"https:\/\/www.ejercito.mil.uy\/wp-content\/uploads\/2022\/12\/2022-12-05-Dia-del-Arma-de-Artilleria-2022-6-1024x683.jpg\" srcset=\"https:\/\/www.ejercito.mil.uy\/wp-content\/uploads\/2022\/12\/2022-12-05-Dia-del-Arma-de-Artilleria-2022-6-1024x683.jpg 1024w, https:\/\/www.ejercito.mil.uy\/wp-content\/uploads\/2022\/12\/2022-12-05-Dia-del-Arma-de-Artilleria-2022-6-300x200.jpg 300w, https:\/\/www.ejercito.mil.uy\/wp-content\/uploads\/2022\/12\/2022-12-05-Dia-del-Arma-de-Artilleria-2022-6.jpg 1200w\" sizes=\"(max-width: 1024px) 100vw, 1024px\" \/><\/figure><figcaption class=\"coblocks-gallery--caption coblocks-gallery--primary-caption\"><\/figcaption><\/div><\/div><div class=\"swiper-slide\"><div class=\"coblocks-gallery--item\" role=\"button\"><figure class=\"coblocks-gallery--figure\"><img loading=\"lazy\" decoding=\"async\" width=\"1024\" height=\"683\" alt=\"\" class=\"wp-image-17642\" data-id=\"17642\" data-link=\"https:\/\/www.ejercito.mil.uy\/?attachment_id=17642\" src=\"https:\/\/www.ejercito.mil.uy\/wp-content\/uploads\/2022\/12\/2022-12-05-Dia-del-Arma-de-Artilleria-2022-7-1024x683.jpg\" srcset=\"https:\/\/www.ejercito.mil.uy\/wp-content\/uploads\/2022\/12\/2022-12-05-Dia-del-Arma-de-Artilleria-2022-7-1024x683.jpg 1024w, https:\/\/www.ejercito.mil.uy\/wp-content\/uploads\/2022\/12\/2022-12-05-Dia-del-Arma-de-Artilleria-2022-7-300x200.jpg 300w, https:\/\/www.ejercito.mil.uy\/wp-content\/uploads\/2022\/12\/2022-12-05-Dia-del-Arma-de-Artilleria-2022-7.jpg 1200w\" sizes=\"(max-width: 1024px) 100vw, 1024px\" \/><\/figure><figcaption class=\"coblocks-gallery--caption coblocks-gallery--primary-caption\"><\/figcaption><\/div><\/div><div class=\"swiper-slide\"><div class=\"coblocks-gallery--item\" role=\"button\"><figure class=\"coblocks-gallery--figure\"><img loading=\"lazy\" decoding=\"async\" width=\"1024\" height=\"683\" alt=\"\" class=\"wp-image-17643\" data-id=\"17643\" data-link=\"https:\/\/www.ejercito.mil.uy\/?attachment_id=17643\" src=\"https:\/\/www.ejercito.mil.uy\/wp-content\/uploads\/2022\/12\/2022-12-05-Dia-del-Arma-de-Artilleria-2022-8-1024x683.jpg\" srcset=\"https:\/\/www.ejercito.mil.uy\/wp-content\/uploads\/2022\/12\/2022-12-05-Dia-del-Arma-de-Artilleria-2022-8-1024x683.jpg 1024w, https:\/\/www.ejercito.mil.uy\/wp-content\/uploads\/2022\/12\/2022-12-05-Dia-del-Arma-de-Artilleria-2022-8-300x200.jpg 300w, https:\/\/www.ejercito.mil.uy\/wp-content\/uploads\/2022\/12\/2022-12-05-Dia-del-Arma-de-Artilleria-2022-8.jpg 1200w\" sizes=\"(max-width: 1024px) 100vw, 1024px\" \/><\/figure><figcaption class=\"coblocks-gallery--caption coblocks-gallery--primary-caption\"><\/figcaption><\/div><\/div><div class=\"swiper-slide\"><div class=\"coblocks-gallery--item\" role=\"button\"><figure class=\"coblocks-gallery--figure\"><img loading=\"lazy\" decoding=\"async\" width=\"1024\" height=\"683\" alt=\"\" class=\"wp-image-17638\" data-id=\"17638\" data-link=\"https:\/\/www.ejercito.mil.uy\/?attachment_id=17638\" src=\"https:\/\/www.ejercito.mil.uy\/wp-content\/uploads\/2022\/12\/2022-12-05-Dia-del-Arma-de-Artilleria-2022-9-1024x683.jpg\" srcset=\"https:\/\/www.ejercito.mil.uy\/wp-content\/uploads\/2022\/12\/2022-12-05-Dia-del-Arma-de-Artilleria-2022-9-1024x683.jpg 1024w, https:\/\/www.ejercito.mil.uy\/wp-content\/uploads\/2022\/12\/2022-12-05-Dia-del-Arma-de-Artilleria-2022-9-300x200.jpg 300w, https:\/\/www.ejercito.mil.uy\/wp-content\/uploads\/2022\/12\/2022-12-05-Dia-del-Arma-de-Artilleria-2022-9.jpg 1200w\" sizes=\"(max-width: 1024px) 100vw, 1024px\" \/><\/figure><figcaption class=\"coblocks-gallery--caption coblocks-gallery--primary-caption\"><\/figcaption><\/div><\/div><\/div><button class=\"nav-button__prev\" id=\"12345-prev\"><\/button><button class=\"nav-button__next\" id=\"12345-next\"><\/button><\/div><\/div><\/div>\n\n\n\n<div style=\"height:50px\" aria-hidden=\"true\" class=\"wp-block-spacer\"><\/div>\n\n\n\n<p>Para finalizar, los efectivos formados desfilaron rindiendo honores a las autoridades presentes.<\/p>\n\n\n\n<div style=\"height:50px\" aria-hidden=\"true\" class=\"wp-block-spacer\"><\/div>\n\n\n\n<div aria-label=\"Carousel Gallery\" class=\"wp-block-coblocks-gallery-carousel\"><div class=\"coblocks-gallery-carousel-swiper-container is-cropped coblocks-gallery has-no-alignment has-caption-style-dark has-no-thumbnails\"><div class=\"has-carousel has-carousel-xlrg swiper-container\" data-swiper=\"{&quot;alignCells&quot;:false,&quot;autoPlay&quot;:false,&quot;autoPlaySpeed&quot;:3000,&quot;draggable&quot;:true,&quot;freeScroll&quot;:false,&quot;loop&quot;:false,&quot;navigation&quot;:true,&quot;pageDots&quot;:false,&quot;pauseHover&quot;:false,&quot;responsiveHeight&quot;:false,&quot;slidesPerView&quot;:1,&quot;thumbnails&quot;:false,&quot;uuid&quot;:&quot;12345&quot;}\" id=\"12345\" style=\"height:400px\"><div class=\"swiper-wrapper\"><div class=\"swiper-slide\"><div class=\"coblocks-gallery--item\" role=\"button\"><figure class=\"coblocks-gallery--figure\"><img loading=\"lazy\" decoding=\"async\" width=\"1024\" height=\"683\" alt=\"\" class=\"wp-image-17647\" data-id=\"17647\" data-link=\"https:\/\/www.ejercito.mil.uy\/?attachment_id=17647\" src=\"https:\/\/www.ejercito.mil.uy\/wp-content\/uploads\/2022\/12\/2022-12-05-Dia-del-Arma-de-Artilleria-2022-15-1024x683.jpg\" srcset=\"https:\/\/www.ejercito.mil.uy\/wp-content\/uploads\/2022\/12\/2022-12-05-Dia-del-Arma-de-Artilleria-2022-15-1024x683.jpg 1024w, https:\/\/www.ejercito.mil.uy\/wp-content\/uploads\/2022\/12\/2022-12-05-Dia-del-Arma-de-Artilleria-2022-15-300x200.jpg 300w, https:\/\/www.ejercito.mil.uy\/wp-content\/uploads\/2022\/12\/2022-12-05-Dia-del-Arma-de-Artilleria-2022-15.jpg 1200w\" sizes=\"(max-width: 1024px) 100vw, 1024px\" \/><\/figure><figcaption class=\"coblocks-gallery--caption coblocks-gallery--primary-caption\"><\/figcaption><\/div><\/div><div class=\"swiper-slide\"><div class=\"coblocks-gallery--item\" role=\"button\"><figure class=\"coblocks-gallery--figure\"><img loading=\"lazy\" decoding=\"async\" width=\"1024\" height=\"683\" alt=\"\" class=\"wp-image-17648\" data-id=\"17648\" data-link=\"https:\/\/www.ejercito.mil.uy\/?attachment_id=17648\" src=\"https:\/\/www.ejercito.mil.uy\/wp-content\/uploads\/2022\/12\/2022-12-05-Dia-del-Arma-de-Artilleria-2022-16-1024x683.jpg\" srcset=\"https:\/\/www.ejercito.mil.uy\/wp-content\/uploads\/2022\/12\/2022-12-05-Dia-del-Arma-de-Artilleria-2022-16-1024x683.jpg 1024w, https:\/\/www.ejercito.mil.uy\/wp-content\/uploads\/2022\/12\/2022-12-05-Dia-del-Arma-de-Artilleria-2022-16-300x200.jpg 300w, https:\/\/www.ejercito.mil.uy\/wp-content\/uploads\/2022\/12\/2022-12-05-Dia-del-Arma-de-Artilleria-2022-16.jpg 1200w\" sizes=\"(max-width: 1024px) 100vw, 1024px\" \/><\/figure><figcaption class=\"coblocks-gallery--caption coblocks-gallery--primary-caption\"><\/figcaption><\/div><\/div><div class=\"swiper-slide\"><div class=\"coblocks-gallery--item\" role=\"button\"><figure class=\"coblocks-gallery--figure\"><img loading=\"lazy\" decoding=\"async\" width=\"1024\" height=\"683\" alt=\"\" class=\"wp-image-17649\" data-id=\"17649\" data-link=\"https:\/\/www.ejercito.mil.uy\/?attachment_id=17649\" src=\"https:\/\/www.ejercito.mil.uy\/wp-content\/uploads\/2022\/12\/2022-12-05-Dia-del-Arma-de-Artilleria-2022-17-1024x683.jpg\" srcset=\"https:\/\/www.ejercito.mil.uy\/wp-content\/uploads\/2022\/12\/2022-12-05-Dia-del-Arma-de-Artilleria-2022-17-1024x683.jpg 1024w, https:\/\/www.ejercito.mil.uy\/wp-content\/uploads\/2022\/12\/2022-12-05-Dia-del-Arma-de-Artilleria-2022-17-300x200.jpg 300w, https:\/\/www.ejercito.mil.uy\/wp-content\/uploads\/2022\/12\/2022-12-05-Dia-del-Arma-de-Artilleria-2022-17.jpg 1200w\" sizes=\"(max-width: 1024px) 100vw, 1024px\" \/><\/figure><figcaption class=\"coblocks-gallery--caption coblocks-gallery--primary-caption\"><\/figcaption><\/div><\/div><div class=\"swiper-slide\"><div class=\"coblocks-gallery--item\" role=\"button\"><figure class=\"coblocks-gallery--figure\"><img loading=\"lazy\" decoding=\"async\" width=\"1024\" height=\"683\" alt=\"\" class=\"wp-image-17650\" data-id=\"17650\" data-link=\"https:\/\/www.ejercito.mil.uy\/?attachment_id=17650\" src=\"https:\/\/www.ejercito.mil.uy\/wp-content\/uploads\/2022\/12\/2022-12-05-Dia-del-Arma-de-Artilleria-2022-18-1024x683.jpg\" srcset=\"https:\/\/www.ejercito.mil.uy\/wp-content\/uploads\/2022\/12\/2022-12-05-Dia-del-Arma-de-Artilleria-2022-18-1024x683.jpg 1024w, https:\/\/www.ejercito.mil.uy\/wp-content\/uploads\/2022\/12\/2022-12-05-Dia-del-Arma-de-Artilleria-2022-18-300x200.jpg 300w, https:\/\/www.ejercito.mil.uy\/wp-content\/uploads\/2022\/12\/2022-12-05-Dia-del-Arma-de-Artilleria-2022-18.jpg 1200w\" sizes=\"(max-width: 1024px) 100vw, 1024px\" \/><\/figure><figcaption class=\"coblocks-gallery--caption coblocks-gallery--primary-caption\"><\/figcaption><\/div><\/div><\/div><button class=\"nav-button__prev\" id=\"12345-prev\"><\/button><button class=\"nav-button__next\" id=\"12345-next\"><\/button><\/div><\/div><\/div>\n\n\n\n<div style=\"height:50px\" aria-hidden=\"true\" class=\"wp-block-spacer\"><\/div>\n\n\n\n<p>M\u00e1s fotograf\u00edas en nuestro \u00e1lbum de FLICKR: D\u00eda del Arma de Artiller\u00eda 2022 &#8211; <a rel=\"noreferrer noopener\" href=\"https:\/\/flic.kr\/s\/aHBqjAhY6o?fbclid=IwAR3kphl1qQx7YGJF__4McQhax4uCBIaeYcHrxOVt9FuRJg4FI9rhP5CpdGA\" target=\"_blank\">https:\/\/flic.kr\/s\/aHBqjAhY6o<\/a><a href=\"https:\/\/www.facebook.com\/hashtag\/ej%C3%A9rcitodeluruguay?__eep__=6&amp;__cft__[0]=AZUlRlVJLX79m4yBV0r_iNLW9UQLLJ-vmbd0X_Bh7N_mLvdq8tDgO4uJxpNypBF5K6sK8wswpWHe4Ag4FtB0IrKeGmpW88ieBGeWiKp-3lfMq_2v95iKTSkRboK3eJ_mhdF2DxuYrHznWt4NZ3YvNy34SSMMh0itKcmueguC6zjnM_zNMe1m3dgdukU2jpd-e6A&amp;__tn__=*NK-R\"> <\/a><\/p>\n\n\n\n<div style=\"height:50px\" aria-hidden=\"true\" class=\"wp-block-spacer\"><\/div>\n\n\n\n<div aria-label=\"Carousel Gallery\" class=\"wp-block-coblocks-gallery-carousel\"><div class=\"coblocks-gallery-carousel-swiper-container is-cropped coblocks-gallery has-no-alignment has-caption-style-dark has-no-thumbnails\"><div class=\"has-carousel has-carousel-xlrg swiper-container\" data-swiper=\"{&quot;alignCells&quot;:false,&quot;autoPlay&quot;:true,&quot;autoPlaySpeed&quot;:&quot;5000&quot;,&quot;draggable&quot;:true,&quot;freeScroll&quot;:false,&quot;loop&quot;:true,&quot;navigation&quot;:true,&quot;pageDots&quot;:false,&quot;pauseHover&quot;:false,&quot;responsiveHeight&quot;:false,&quot;slidesPerView&quot;:1,&quot;thumbnails&quot;:false,&quot;uuid&quot;:&quot;12345&quot;}\" id=\"12345\" style=\"height:550px\"><div class=\"swiper-wrapper\"><div class=\"swiper-slide\"><div class=\"coblocks-gallery--item\" role=\"button\"><figure class=\"coblocks-gallery--figure has-margin-left-mobile-5 has-margin-right-mobile-5\"><img loading=\"lazy\" decoding=\"async\" width=\"1024\" height=\"683\" alt=\"\" class=\"wp-image-17655\" data-id=\"17655\" data-link=\"https:\/\/www.ejercito.mil.uy\/?attachment_id=17655\" src=\"https:\/\/www.ejercito.mil.uy\/wp-content\/uploads\/2022\/12\/2022-12-05-Dia-del-Arma-de-Artilleria-2022-14-1024x683.jpg\" srcset=\"https:\/\/www.ejercito.mil.uy\/wp-content\/uploads\/2022\/12\/2022-12-05-Dia-del-Arma-de-Artilleria-2022-14-1024x683.jpg 1024w, https:\/\/www.ejercito.mil.uy\/wp-content\/uploads\/2022\/12\/2022-12-05-Dia-del-Arma-de-Artilleria-2022-14-300x200.jpg 300w, https:\/\/www.ejercito.mil.uy\/wp-content\/uploads\/2022\/12\/2022-12-05-Dia-del-Arma-de-Artilleria-2022-14.jpg 1200w\" sizes=\"(max-width: 1024px) 100vw, 1024px\" \/><\/figure><figcaption class=\"coblocks-gallery--caption coblocks-gallery--primary-caption\"><\/figcaption><\/div><\/div><div class=\"swiper-slide\"><div class=\"coblocks-gallery--item\" role=\"button\"><figure class=\"coblocks-gallery--figure has-margin-left-mobile-5 has-margin-right-mobile-5\"><img loading=\"lazy\" decoding=\"async\" width=\"1024\" height=\"683\" alt=\"\" class=\"wp-image-17652\" data-id=\"17652\" data-link=\"https:\/\/www.ejercito.mil.uy\/?attachment_id=17652\" src=\"https:\/\/www.ejercito.mil.uy\/wp-content\/uploads\/2022\/12\/2022-12-05-Dia-del-Arma-de-Artilleria-2022-10-1024x683.jpg\" srcset=\"https:\/\/www.ejercito.mil.uy\/wp-content\/uploads\/2022\/12\/2022-12-05-Dia-del-Arma-de-Artilleria-2022-10-1024x683.jpg 1024w, https:\/\/www.ejercito.mil.uy\/wp-content\/uploads\/2022\/12\/2022-12-05-Dia-del-Arma-de-Artilleria-2022-10-300x200.jpg 300w, https:\/\/www.ejercito.mil.uy\/wp-content\/uploads\/2022\/12\/2022-12-05-Dia-del-Arma-de-Artilleria-2022-10.jpg 1200w\" sizes=\"(max-width: 1024px) 100vw, 1024px\" \/><\/figure><figcaption class=\"coblocks-gallery--caption coblocks-gallery--primary-caption\"><\/figcaption><\/div><\/div><div class=\"swiper-slide\"><div class=\"coblocks-gallery--item\" role=\"button\"><figure class=\"coblocks-gallery--figure has-margin-left-mobile-5 has-margin-right-mobile-5\"><img loading=\"lazy\" decoding=\"async\" width=\"1024\" height=\"683\" alt=\"\" class=\"wp-image-17653\" data-id=\"17653\" data-link=\"https:\/\/www.ejercito.mil.uy\/?attachment_id=17653\" src=\"https:\/\/www.ejercito.mil.uy\/wp-content\/uploads\/2022\/12\/2022-12-05-Dia-del-Arma-de-Artilleria-2022-11-1024x683.jpg\" srcset=\"https:\/\/www.ejercito.mil.uy\/wp-content\/uploads\/2022\/12\/2022-12-05-Dia-del-Arma-de-Artilleria-2022-11-1024x683.jpg 1024w, https:\/\/www.ejercito.mil.uy\/wp-content\/uploads\/2022\/12\/2022-12-05-Dia-del-Arma-de-Artilleria-2022-11-300x200.jpg 300w, https:\/\/www.ejercito.mil.uy\/wp-content\/uploads\/2022\/12\/2022-12-05-Dia-del-Arma-de-Artilleria-2022-11.jpg 1200w\" sizes=\"(max-width: 1024px) 100vw, 1024px\" \/><\/figure><figcaption class=\"coblocks-gallery--caption coblocks-gallery--primary-caption\"><\/figcaption><\/div><\/div><div class=\"swiper-slide\"><div class=\"coblocks-gallery--item\" role=\"button\"><figure class=\"coblocks-gallery--figure has-margin-left-mobile-5 has-margin-right-mobile-5\"><img loading=\"lazy\" decoding=\"async\" width=\"1024\" height=\"683\" alt=\"\" class=\"wp-image-17654\" data-id=\"17654\" data-link=\"https:\/\/www.ejercito.mil.uy\/?attachment_id=17654\" src=\"https:\/\/www.ejercito.mil.uy\/wp-content\/uploads\/2022\/12\/2022-12-05-Dia-del-Arma-de-Artilleria-2022-13-1024x683.jpg\" srcset=\"https:\/\/www.ejercito.mil.uy\/wp-content\/uploads\/2022\/12\/2022-12-05-Dia-del-Arma-de-Artilleria-2022-13-1024x683.jpg 1024w, https:\/\/www.ejercito.mil.uy\/wp-content\/uploads\/2022\/12\/2022-12-05-Dia-del-Arma-de-Artilleria-2022-13-300x200.jpg 300w, https:\/\/www.ejercito.mil.uy\/wp-content\/uploads\/2022\/12\/2022-12-05-Dia-del-Arma-de-Artilleria-2022-13.jpg 1200w\" sizes=\"(max-width: 1024px) 100vw, 1024px\" \/><\/figure><figcaption class=\"coblocks-gallery--caption coblocks-gallery--primary-caption\"><\/figcaption><\/div><\/div><div class=\"swiper-slide\"><div class=\"coblocks-gallery--item\" role=\"button\"><figure class=\"coblocks-gallery--figure has-margin-left-mobile-5 has-margin-right-mobile-5\"><img loading=\"lazy\" decoding=\"async\" width=\"1024\" height=\"683\" alt=\"\" class=\"wp-image-17651\" data-id=\"17651\" data-link=\"https:\/\/www.ejercito.mil.uy\/?attachment_id=17651\" src=\"https:\/\/www.ejercito.mil.uy\/wp-content\/uploads\/2022\/12\/2022-12-05-Dia-del-Arma-de-Artilleria-2022-20-1024x683.jpg\" srcset=\"https:\/\/www.ejercito.mil.uy\/wp-content\/uploads\/2022\/12\/2022-12-05-Dia-del-Arma-de-Artilleria-2022-20-1024x683.jpg 1024w, https:\/\/www.ejercito.mil.uy\/wp-content\/uploads\/2022\/12\/2022-12-05-Dia-del-Arma-de-Artilleria-2022-20-300x200.jpg 300w, https:\/\/www.ejercito.mil.uy\/wp-content\/uploads\/2022\/12\/2022-12-05-Dia-del-Arma-de-Artilleria-2022-20.jpg 1200w\" sizes=\"(max-width: 1024px) 100vw, 1024px\" \/><\/figure><figcaption class=\"coblocks-gallery--caption coblocks-gallery--primary-caption\"><\/figcaption><\/div><\/div><\/div><button class=\"nav-button__prev\" id=\"12345-prev\"><\/button><button class=\"nav-button__next\" id=\"12345-next\"><\/button><\/div><\/div><\/div>\n\n\n\n<div style=\"height:50px\" aria-hidden=\"true\" class=\"wp-block-spacer\"><\/div>\n\n\n\n<p><\/p>\n","protected":false},"excerpt":{"rendered":"<p>05.12.2022 &#8211; Esta ma\u00f1ana, se celebr\u00f3 un nuevo d\u00eda del Arma de Artiller\u00eda en el Grupo de Artiller\u00eda N\u00b0 5.<\/p>\n","protected":false},"author":14,"featured_media":17637,"comment_status":"open","ping_status":"open","sticky":false,"template":"","format":"standard","meta":{"_coblocks_attr":"","_coblocks_dimensions":"","_coblocks_responsive_height":"","_coblocks_accordion_ie_support":"","_monsterinsights_skip_tracking":false,"_monsterinsights_sitenote_active":false,"_monsterinsights_sitenote_note":"","_monsterinsights_sitenote_category":0,"_uf_show_specific_survey":0,"_uf_disable_surveys":false,"footnotes":""},"categories":[2,10,14,1],"tags":[682,135,44,406,414],"class_list":["post-17636","post","type-post","status-publish","format-standard","has-post-thumbnail","hentry","category-blog","category-destacados","category-noticias","category-sin-categoria","tag-arma","tag-artilleria","tag-ceremonia","tag-desfile","tag-dia"],"aioseo_notices":[],"_links":{"self":[{"href":"https:\/\/www.ejercito.mil.uy\/index.php\/wp-json\/wp\/v2\/posts\/17636","targetHints":{"allow":["GET"]}}],"collection":[{"href":"https:\/\/www.ejercito.mil.uy\/index.php\/wp-json\/wp\/v2\/posts"}],"about":[{"href":"https:\/\/www.ejercito.mil.uy\/index.php\/wp-json\/wp\/v2\/types\/post"}],"author":[{"embeddable":true,"href":"https:\/\/www.ejercito.mil.uy\/index.php\/wp-json\/wp\/v2\/users\/14"}],"replies":[{"embeddable":true,"href":"https:\/\/www.ejercito.mil.uy\/index.php\/wp-json\/wp\/v2\/comments?post=17636"}],"version-history":[{"count":3,"href":"https:\/\/www.ejercito.mil.uy\/index.php\/wp-json\/wp\/v2\/posts\/17636\/revisions"}],"predecessor-version":[{"id":17661,"href":"https:\/\/www.ejercito.mil.uy\/index.php\/wp-json\/wp\/v2\/posts\/17636\/revisions\/17661"}],"wp:featuredmedia":[{"embeddable":true,"href":"https:\/\/www.ejercito.mil.uy\/index.php\/wp-json\/wp\/v2\/media\/17637"}],"wp:attachment":[{"href":"https:\/\/www.ejercito.mil.uy\/index.php\/wp-json\/wp\/v2\/media?parent=17636"}],"wp:term":[{"taxonomy":"category","embeddable":true,"href":"https:\/\/www.ejercito.mil.uy\/index.php\/wp-json\/wp\/v2\/categories?post=17636"},{"taxonomy":"post_tag","embeddable":true,"href":"https:\/\/www.ejercito.mil.uy\/index.php\/wp-json\/wp\/v2\/tags?post=17636"}],"curies":[{"name":"wp","href":"https:\/\/api.w.org\/{rel}","templated":true}]}}