{"id":17688,"date":"2022-12-07T19:00:00","date_gmt":"2022-12-07T22:00:00","guid":{"rendered":"https:\/\/www.ejercito.mil.uy\/?p=17688"},"modified":"2026-02-23T09:52:05","modified_gmt":"2026-02-23T12:52:05","slug":"aniversario-del-regimiento-de-caballeria-n-1","status":"publish","type":"post","link":"https:\/\/www.ejercito.mil.uy\/index.php\/2022\/12\/07\/aniversario-del-regimiento-de-caballeria-n-1\/","title":{"rendered":"Aniversario del Regimiento de Caballer\u00eda N\u00b0 1"},"content":{"rendered":"\n<p class=\"has-small-font-size\">07.12.2022 &#8211; Montevideo  <\/p>\n\n\n\n<div style=\"height:50px\" aria-hidden=\"true\" class=\"wp-block-spacer\"><\/div>\n\n\n\n<p class=\"has-background\" style=\"background-color:#800040\"><span class=\"has-inline-color has-white-color\">Se realiz\u00f3 el 226\u00ba aniversario del \ud835\udde5\ud835\uddf2\ud835\uddf4\ud835\uddf6\ud835\uddfa\ud835\uddf6\ud835\uddf2\ud835\uddfb\ud835\ude01\ud835\uddfc \u201c\ud835\uddd5\ud835\uddf9\ud835\uddee\ud835\uddfb\ud835\uddf1\ud835\uddf2\ud835\uddfb\ud835\uddf4\ud835\ude02\ud835\uddf2\ud835\ude00 \ud835\uddf1\ud835\uddf2 \ud835\uddd4\ud835\uddff\ud835\ude01\ud835\uddf6\ud835\uddf4\ud835\uddee\ud835\ude00\u201d \ud835\uddf1\ud835\uddf2 \ud835\uddd6\ud835\uddee\ud835\uddef\ud835\uddee\ud835\uddf9\ud835\uddf9\ud835\uddf2\ud835\uddff\ud835\uddf6\u0301\ud835\uddee \ud835\udde1\u00b0\ud835\udfed.<\/span><\/p>\n\n\n\n<div style=\"height:50px\" aria-hidden=\"true\" class=\"wp-block-spacer\"><\/div>\n\n\n\n<div aria-label=\"Carousel Gallery\" class=\"wp-block-coblocks-gallery-carousel\"><div class=\"coblocks-gallery-carousel-swiper-container is-cropped coblocks-gallery has-no-alignment has-caption-style-dark has-horizontal-gutter has-no-thumbnails\"><div class=\"has-carousel has-carousel-xlrg swiper-container\" data-swiper=\"{&quot;alignCells&quot;:false,&quot;autoPlay&quot;:false,&quot;autoPlaySpeed&quot;:3000,&quot;draggable&quot;:true,&quot;freeScroll&quot;:false,&quot;loop&quot;:false,&quot;navigation&quot;:true,&quot;pageDots&quot;:false,&quot;pauseHover&quot;:false,&quot;responsiveHeight&quot;:false,&quot;slidesPerView&quot;:1,&quot;thumbnails&quot;:false,&quot;uuid&quot;:&quot;12345&quot;}\" id=\"12345\" style=\"height:550px\"><div class=\"swiper-wrapper\"><div class=\"swiper-slide\"><div class=\"coblocks-gallery--item\" role=\"button\" tabindex=\"0\"><figure class=\"coblocks-gallery--figure has-margin-left-5 has-margin-left-mobile-5 has-margin-right-5 has-margin-right-mobile-5\"><img fetchpriority=\"high\" decoding=\"async\" width=\"1024\" height=\"683\" alt=\"\" class=\"wp-image-17693\" data-id=\"17693\" data-link=\"https:\/\/www.ejercito.mil.uy\/?attachment_id=17693\" src=\"https:\/\/www.ejercito.mil.uy\/wp-content\/uploads\/2022\/12\/2022-12-07-Aniv-RC1-57-1024x683.jpg\" srcset=\"https:\/\/www.ejercito.mil.uy\/wp-content\/uploads\/2022\/12\/2022-12-07-Aniv-RC1-57-1024x683.jpg 1024w, https:\/\/www.ejercito.mil.uy\/wp-content\/uploads\/2022\/12\/2022-12-07-Aniv-RC1-57-300x200.jpg 300w, https:\/\/www.ejercito.mil.uy\/wp-content\/uploads\/2022\/12\/2022-12-07-Aniv-RC1-57.jpg 1200w\" sizes=\"(max-width: 1024px) 100vw, 1024px\" \/><\/figure><figcaption class=\"coblocks-gallery--caption coblocks-gallery--primary-caption\"><\/figcaption><\/div><\/div><div class=\"swiper-slide\"><div class=\"coblocks-gallery--item\" role=\"button\" tabindex=\"1\"><figure class=\"coblocks-gallery--figure has-margin-left-5 has-margin-left-mobile-5 has-margin-right-5 has-margin-right-mobile-5\"><img decoding=\"async\" alt=\"\" class=\"wp-image-17694\" data-id=\"17694\" data-link=\"https:\/\/www.ejercito.mil.uy\/?attachment_id=17694\" src=\"https:\/\/www.ejercito.mil.uy\/wp-content\/uploads\/2022\/12\/2022-12-07-Aniv-RC1-61-1024x683.jpg\"\/><\/figure><figcaption class=\"coblocks-gallery--caption coblocks-gallery--primary-caption\"><\/figcaption><\/div><\/div><div class=\"swiper-slide\"><div class=\"coblocks-gallery--item\" role=\"button\" tabindex=\"2\"><figure class=\"coblocks-gallery--figure has-margin-left-5 has-margin-left-mobile-5 has-margin-right-5 has-margin-right-mobile-5\"><img decoding=\"async\" alt=\"\" class=\"wp-image-17692\" data-id=\"17692\" data-link=\"https:\/\/www.ejercito.mil.uy\/?attachment_id=17692\" src=\"https:\/\/www.ejercito.mil.uy\/wp-content\/uploads\/2022\/12\/2022-12-07-Aniv-RC1-51-1024x683.jpg\"\/><\/figure><figcaption class=\"coblocks-gallery--caption coblocks-gallery--primary-caption\"><\/figcaption><\/div><\/div><div class=\"swiper-slide\"><div class=\"coblocks-gallery--item\" role=\"button\" tabindex=\"3\"><figure class=\"coblocks-gallery--figure has-margin-left-5 has-margin-left-mobile-5 has-margin-right-5 has-margin-right-mobile-5\"><img decoding=\"async\" alt=\"\" class=\"wp-image-17695\" data-id=\"17695\" data-link=\"https:\/\/www.ejercito.mil.uy\/?attachment_id=17695\" src=\"https:\/\/www.ejercito.mil.uy\/wp-content\/uploads\/2022\/12\/2022-12-07-Aniv-RC1-73-1024x683.jpg\"\/><\/figure><figcaption class=\"coblocks-gallery--caption coblocks-gallery--primary-caption\"><\/figcaption><\/div><\/div><div class=\"swiper-slide\"><div class=\"coblocks-gallery--item\" role=\"button\" tabindex=\"4\"><figure class=\"coblocks-gallery--figure has-margin-left-5 has-margin-left-mobile-5 has-margin-right-5 has-margin-right-mobile-5\"><img decoding=\"async\" width=\"1024\" height=\"683\" alt=\"\" class=\"wp-image-17701\" data-id=\"17701\" data-link=\"https:\/\/www.ejercito.mil.uy\/?attachment_id=17701\" src=\"https:\/\/www.ejercito.mil.uy\/wp-content\/uploads\/2022\/12\/2022-12-07-Aniv-RC1-79-1-1024x683.jpg\" srcset=\"https:\/\/www.ejercito.mil.uy\/wp-content\/uploads\/2022\/12\/2022-12-07-Aniv-RC1-79-1-1024x683.jpg 1024w, https:\/\/www.ejercito.mil.uy\/wp-content\/uploads\/2022\/12\/2022-12-07-Aniv-RC1-79-1-300x200.jpg 300w, https:\/\/www.ejercito.mil.uy\/wp-content\/uploads\/2022\/12\/2022-12-07-Aniv-RC1-79-1.jpg 1200w\" sizes=\"(max-width: 1024px) 100vw, 1024px\" \/><\/figure><figcaption class=\"coblocks-gallery--caption coblocks-gallery--primary-caption\"><\/figcaption><\/div><\/div><div class=\"swiper-slide\"><div class=\"coblocks-gallery--item\" role=\"button\" tabindex=\"5\"><figure class=\"coblocks-gallery--figure has-margin-left-5 has-margin-left-mobile-5 has-margin-right-5 has-margin-right-mobile-5\"><img decoding=\"async\" width=\"1024\" height=\"683\" alt=\"\" class=\"wp-image-17702\" data-id=\"17702\" data-link=\"https:\/\/www.ejercito.mil.uy\/?attachment_id=17702\" src=\"https:\/\/www.ejercito.mil.uy\/wp-content\/uploads\/2022\/12\/2022-12-07-Aniv-RC1-107-1-1024x683.jpg\" srcset=\"https:\/\/www.ejercito.mil.uy\/wp-content\/uploads\/2022\/12\/2022-12-07-Aniv-RC1-107-1-1024x683.jpg 1024w, https:\/\/www.ejercito.mil.uy\/wp-content\/uploads\/2022\/12\/2022-12-07-Aniv-RC1-107-1-300x200.jpg 300w, https:\/\/www.ejercito.mil.uy\/wp-content\/uploads\/2022\/12\/2022-12-07-Aniv-RC1-107-1.jpg 1200w\" sizes=\"(max-width: 1024px) 100vw, 1024px\" \/><\/figure><figcaption class=\"coblocks-gallery--caption coblocks-gallery--primary-caption\"><\/figcaption><\/div><\/div><div class=\"swiper-slide\"><div class=\"coblocks-gallery--item\" role=\"button\" tabindex=\"6\"><figure class=\"coblocks-gallery--figure has-margin-left-5 has-margin-left-mobile-5 has-margin-right-5 has-margin-right-mobile-5\"><img loading=\"lazy\" decoding=\"async\" width=\"1024\" height=\"683\" alt=\"\" class=\"wp-image-17703\" data-id=\"17703\" data-link=\"https:\/\/www.ejercito.mil.uy\/?attachment_id=17703\" src=\"https:\/\/www.ejercito.mil.uy\/wp-content\/uploads\/2022\/12\/2022-12-07-Aniv-RC1-112-1-1024x683.jpg\" srcset=\"https:\/\/www.ejercito.mil.uy\/wp-content\/uploads\/2022\/12\/2022-12-07-Aniv-RC1-112-1-1024x683.jpg 1024w, https:\/\/www.ejercito.mil.uy\/wp-content\/uploads\/2022\/12\/2022-12-07-Aniv-RC1-112-1-300x200.jpg 300w, https:\/\/www.ejercito.mil.uy\/wp-content\/uploads\/2022\/12\/2022-12-07-Aniv-RC1-112-1.jpg 1200w\" sizes=\"(max-width: 1024px) 100vw, 1024px\" \/><\/figure><figcaption class=\"coblocks-gallery--caption coblocks-gallery--primary-caption\"><\/figcaption><\/div><\/div><\/div><button class=\"nav-button__prev\" id=\"12345-prev\"><svg class=\"icon\" style=\"transform:rotate(180deg)\"><\/svg><\/button><button class=\"nav-button__next\" id=\"12345-next\"><svg class=\"icon\"><\/svg><\/button><\/div><\/div><\/div>\n\n\n\n<div style=\"height:50px\" aria-hidden=\"true\" class=\"wp-block-spacer\"><\/div>\n\n\n\n<p><br><\/p>\n\n\n\n<p>Durante la ceremonia, primeramente, se ejecut\u00f3 el Himno Nacional, para luego homenajear a aquellos efectivos que pasaron a situaci\u00f3n de retiro con m\u00e1s de 25 a\u00f1os de servicio bien calificados.<\/p>\n\n\n\n<div style=\"height:50px\" aria-hidden=\"true\" class=\"wp-block-spacer\"><\/div>\n\n\n\n<div class=\"wp-block-columns is-layout-flex wp-container-core-columns-is-layout-28f84493 wp-block-columns-is-layout-flex\">\n<div class=\"wp-block-column is-layout-flow wp-block-column-is-layout-flow\" style=\"flex-basis:100%\">\n<figure class=\"has-5-gutter has-5-gutter has-5-gutter has-5-gutter has-5-gutter has-5-gutter has-5-gutter has-5-gutter has-5-gutter has-5-gutter wp-block-coblocks-gallery-masonry masonry-grid has-5-gutter has-medium-gutter\">\n<figure class=\"wp-block-image size-large masonry-brick\"><img loading=\"lazy\" decoding=\"async\" width=\"1024\" height=\"683\" src=\"https:\/\/www.ejercito.mil.uy\/wp-content\/uploads\/2022\/12\/2022-12-07-Aniv-RC1-133-1024x683.jpg\" alt=\"Image gallery image\" class=\"wp-image-17705\" srcset=\"https:\/\/www.ejercito.mil.uy\/wp-content\/uploads\/2022\/12\/2022-12-07-Aniv-RC1-133-1024x683.jpg 1024w, https:\/\/www.ejercito.mil.uy\/wp-content\/uploads\/2022\/12\/2022-12-07-Aniv-RC1-133-300x200.jpg 300w, https:\/\/www.ejercito.mil.uy\/wp-content\/uploads\/2022\/12\/2022-12-07-Aniv-RC1-133.jpg 1200w\" sizes=\"(max-width: 1024px) 100vw, 1024px\" \/><\/figure>\n\n\n\n<figure class=\"wp-block-image size-large masonry-brick\"><img loading=\"lazy\" decoding=\"async\" width=\"1024\" height=\"683\" src=\"https:\/\/www.ejercito.mil.uy\/wp-content\/uploads\/2022\/12\/2022-12-07-Aniv-RC1-153-1024x683.jpg\" alt=\"Image gallery image\" class=\"wp-image-17706\" srcset=\"https:\/\/www.ejercito.mil.uy\/wp-content\/uploads\/2022\/12\/2022-12-07-Aniv-RC1-153-1024x683.jpg 1024w, https:\/\/www.ejercito.mil.uy\/wp-content\/uploads\/2022\/12\/2022-12-07-Aniv-RC1-153-300x200.jpg 300w, https:\/\/www.ejercito.mil.uy\/wp-content\/uploads\/2022\/12\/2022-12-07-Aniv-RC1-153.jpg 1200w\" sizes=\"(max-width: 1024px) 100vw, 1024px\" \/><\/figure>\n\n\n\n<figure class=\"wp-block-image size-large masonry-brick\"><img loading=\"lazy\" decoding=\"async\" width=\"1024\" height=\"683\" src=\"https:\/\/www.ejercito.mil.uy\/wp-content\/uploads\/2022\/12\/2022-12-07-Aniv-RC1-164-1024x683.jpg\" alt=\"Image gallery image\" class=\"wp-image-17707\" srcset=\"https:\/\/www.ejercito.mil.uy\/wp-content\/uploads\/2022\/12\/2022-12-07-Aniv-RC1-164-1024x683.jpg 1024w, https:\/\/www.ejercito.mil.uy\/wp-content\/uploads\/2022\/12\/2022-12-07-Aniv-RC1-164-300x200.jpg 300w, https:\/\/www.ejercito.mil.uy\/wp-content\/uploads\/2022\/12\/2022-12-07-Aniv-RC1-164.jpg 1200w\" sizes=\"(max-width: 1024px) 100vw, 1024px\" \/><\/figure>\n<\/figure>\n<\/div>\n<\/div>\n\n\n\n<div style=\"height:50px\" aria-hidden=\"true\" class=\"wp-block-spacer\"><\/div>\n\n\n\n<p>Durante el marco de la conmemoraci\u00f3n por los 225\u00ba aniversarios de la Unidad, el Museo Blandengues de Artigas desarroll\u00f3 un concurso entre m\u00e1s de 11.000 ni\u00f1os que visitaron al Regimiento en este a\u00f1o. La actividad consist\u00eda en una entrega individual de un trabajo titulado \u201c225 aniversarios del ingreso del pr\u00f3cer al Cuerpo de Blandengues\u201d, evaluando dos categor\u00edas. La primera en una confecci\u00f3n de un dibujo, pintura o escultura para alumnos de primer a tercer a\u00f1o, y la segunda de un texto presentado en forma de prosa o poema para alumnos de cuarto a sexto a\u00f1o.<\/p>\n\n\n\n<div style=\"height:50px\" aria-hidden=\"true\" class=\"wp-block-spacer\"><\/div>\n\n\n\n<p><br>La ganadora de la primera categor\u00eda fue Elena Varela, alumna del primer a\u00f1o de la Escuela N\u00b0 3 \u201cFrancia\u201d. La ganadora de la segunda categor\u00eda fue Celeste Bentancor, alumna de 6to a\u00f1o del Colegio \u201cObra Banneux\u201d, quien adem\u00e1s hizo lectura de su trabajo.<\/p>\n\n\n\n<div style=\"height:50px\" aria-hidden=\"true\" class=\"wp-block-spacer\"><\/div>\n\n\n\n<figure class=\"wp-block-image size-large\"><img loading=\"lazy\" decoding=\"async\" width=\"1024\" height=\"683\" src=\"https:\/\/www.ejercito.mil.uy\/wp-content\/uploads\/2022\/12\/2022-12-07-Aniv-RC1-208-1024x683.jpg\" alt=\"\" class=\"wp-image-17704\" srcset=\"https:\/\/www.ejercito.mil.uy\/wp-content\/uploads\/2022\/12\/2022-12-07-Aniv-RC1-208-1024x683.jpg 1024w, https:\/\/www.ejercito.mil.uy\/wp-content\/uploads\/2022\/12\/2022-12-07-Aniv-RC1-208-300x200.jpg 300w, https:\/\/www.ejercito.mil.uy\/wp-content\/uploads\/2022\/12\/2022-12-07-Aniv-RC1-208.jpg 1200w\" sizes=\"(max-width: 1024px) 100vw, 1024px\" \/><\/figure>\n\n\n\n<div style=\"height:50px\" aria-hidden=\"true\" class=\"wp-block-spacer\"><\/div>\n\n\n\n<p>El Sr. Presidente de la Rep\u00fablica, Dr. Luis Lacalle Pou, acompa\u00f1ado de la Sra. Sub Secretaria del Ministerio de Educaci\u00f3n y Cultura, Dra. Ana Ribeiro y el Sr. Jefe del Regimiento, Cnel. Eduardo Balbi, hicieron entrega de los reconocimientos a los alumnos.<\/p>\n\n\n\n<div style=\"height:50px\" aria-hidden=\"true\" class=\"wp-block-spacer\"><\/div>\n\n\n\n<figure class=\"has-5-gutter has-5-gutter has-5-gutter has-5-gutter has-5-gutter has-5-gutter has-5-gutter has-5-gutter has-5-gutter has-5-gutter wp-block-coblocks-gallery-masonry masonry-grid has-5-gutter has-medium-gutter\">\n<figure class=\"wp-block-image size-large masonry-brick\"><img loading=\"lazy\" decoding=\"async\" width=\"1024\" height=\"683\" src=\"https:\/\/www.ejercito.mil.uy\/wp-content\/uploads\/2022\/12\/2022-12-07-Aniv-RC1-242-1024x683.jpg\" alt=\"Image gallery image\" class=\"wp-image-17708\" srcset=\"https:\/\/www.ejercito.mil.uy\/wp-content\/uploads\/2022\/12\/2022-12-07-Aniv-RC1-242-1024x683.jpg 1024w, https:\/\/www.ejercito.mil.uy\/wp-content\/uploads\/2022\/12\/2022-12-07-Aniv-RC1-242-300x200.jpg 300w, https:\/\/www.ejercito.mil.uy\/wp-content\/uploads\/2022\/12\/2022-12-07-Aniv-RC1-242.jpg 1200w\" sizes=\"(max-width: 1024px) 100vw, 1024px\" \/><\/figure>\n\n\n\n<figure class=\"wp-block-image size-large masonry-brick\"><img loading=\"lazy\" decoding=\"async\" width=\"1024\" height=\"683\" src=\"https:\/\/www.ejercito.mil.uy\/wp-content\/uploads\/2022\/12\/2022-12-07-Aniv-RC1-257-1024x683.jpg\" alt=\"Image gallery image\" class=\"wp-image-17709\" srcset=\"https:\/\/www.ejercito.mil.uy\/wp-content\/uploads\/2022\/12\/2022-12-07-Aniv-RC1-257-1024x683.jpg 1024w, https:\/\/www.ejercito.mil.uy\/wp-content\/uploads\/2022\/12\/2022-12-07-Aniv-RC1-257-300x200.jpg 300w, https:\/\/www.ejercito.mil.uy\/wp-content\/uploads\/2022\/12\/2022-12-07-Aniv-RC1-257.jpg 1200w\" sizes=\"(max-width: 1024px) 100vw, 1024px\" \/><\/figure>\n\n\n\n<figure class=\"wp-block-image size-large masonry-brick\"><img loading=\"lazy\" decoding=\"async\" width=\"1024\" height=\"683\" src=\"https:\/\/www.ejercito.mil.uy\/wp-content\/uploads\/2022\/12\/2022-12-07-Aniv-RC1-282-1024x683.jpg\" alt=\"Image gallery image\" class=\"wp-image-17710\" srcset=\"https:\/\/www.ejercito.mil.uy\/wp-content\/uploads\/2022\/12\/2022-12-07-Aniv-RC1-282-1024x683.jpg 1024w, https:\/\/www.ejercito.mil.uy\/wp-content\/uploads\/2022\/12\/2022-12-07-Aniv-RC1-282-300x200.jpg 300w, https:\/\/www.ejercito.mil.uy\/wp-content\/uploads\/2022\/12\/2022-12-07-Aniv-RC1-282.jpg 1200w\" sizes=\"(max-width: 1024px) 100vw, 1024px\" \/><\/figure>\n<\/figure>\n\n\n\n<div style=\"height:50px\" aria-hidden=\"true\" class=\"wp-block-spacer\"><\/div>\n\n\n\n<p><br>Posteriormente, se hizo entrega de ejemplares del libro \u201cArtigas 1811\u201d de la autora Dra. Ribeiro.<\/p>\n\n\n\n<div style=\"height:50px\" aria-hidden=\"true\" class=\"wp-block-spacer\"><\/div>\n\n\n\n<p><br>Asimismo, el Movimiento Tradicionalista Argentino realiz\u00f3 la donaci\u00f3n de un Lomillo, construido con dos piezas c\u00f3ncavas de madera, forradas en cuero vacuno.<\/p>\n\n\n\n<div style=\"height:50px\" aria-hidden=\"true\" class=\"wp-block-spacer\"><\/div>\n\n\n\n<figure class=\"wp-block-image size-large\"><img loading=\"lazy\" decoding=\"async\" width=\"1024\" height=\"683\" src=\"https:\/\/www.ejercito.mil.uy\/wp-content\/uploads\/2022\/12\/2022-12-07-Aniv-RC1-310-1024x683.jpg\" alt=\"\" class=\"wp-image-17711\" srcset=\"https:\/\/www.ejercito.mil.uy\/wp-content\/uploads\/2022\/12\/2022-12-07-Aniv-RC1-310-1024x683.jpg 1024w, https:\/\/www.ejercito.mil.uy\/wp-content\/uploads\/2022\/12\/2022-12-07-Aniv-RC1-310-300x200.jpg 300w, https:\/\/www.ejercito.mil.uy\/wp-content\/uploads\/2022\/12\/2022-12-07-Aniv-RC1-310.jpg 1200w\" sizes=\"(max-width: 1024px) 100vw, 1024px\" \/><\/figure>\n\n\n\n<div style=\"height:50px\" aria-hidden=\"true\" class=\"wp-block-spacer\"><\/div>\n\n\n\n<p>Cabe destacar que todos los a\u00f1os se hace una competencia de equitaci\u00f3n entre los Oficiales del Regimiento, denominada \u00abPresidencia de la Rep\u00fablica\u00bb y es entregada por el Pte de la ROU. En esta oportunidad la ganadora fue la May. (V-IA) Romilda Porrini que se desempe\u00f1a como m\u00e9dico veterinario de la Unidad.<\/p>\n\n\n\n<div style=\"height:50px\" aria-hidden=\"true\" class=\"wp-block-spacer\"><\/div>\n\n\n\n<figure class=\"wp-block-image size-large\"><img loading=\"lazy\" decoding=\"async\" width=\"1024\" height=\"683\" src=\"https:\/\/www.ejercito.mil.uy\/wp-content\/uploads\/2022\/12\/aniversario-reg.c.n1-1024x683.jpg\" alt=\"\" class=\"wp-image-17734\" srcset=\"https:\/\/www.ejercito.mil.uy\/wp-content\/uploads\/2022\/12\/aniversario-reg.c.n1-1024x683.jpg 1024w, https:\/\/www.ejercito.mil.uy\/wp-content\/uploads\/2022\/12\/aniversario-reg.c.n1-300x200.jpg 300w, https:\/\/www.ejercito.mil.uy\/wp-content\/uploads\/2022\/12\/aniversario-reg.c.n1.jpg 1200w\" sizes=\"(max-width: 1024px) 100vw, 1024px\" \/><\/figure>\n\n\n\n<div style=\"height:50px\" aria-hidden=\"true\" class=\"wp-block-spacer\"><\/div>\n\n\n\n<p><br>Finalizando, los efectivos formados desfilaron rindiendo honores a las autoridades presentes.<\/p>\n\n\n\n<div style=\"height:50px\" aria-hidden=\"true\" class=\"wp-block-spacer\"><\/div>\n\n\n\n<div aria-label=\"Carousel Gallery\" class=\"wp-block-coblocks-gallery-carousel\"><div class=\"coblocks-gallery-carousel-swiper-container is-cropped coblocks-gallery has-no-alignment has-caption-style-dark has-horizontal-gutter has-no-thumbnails\"><div class=\"has-carousel has-carousel-xlrg swiper-container\" data-swiper=\"{&quot;alignCells&quot;:false,&quot;autoPlay&quot;:false,&quot;autoPlaySpeed&quot;:3000,&quot;draggable&quot;:true,&quot;freeScroll&quot;:false,&quot;loop&quot;:false,&quot;navigation&quot;:true,&quot;pageDots&quot;:false,&quot;pauseHover&quot;:false,&quot;responsiveHeight&quot;:false,&quot;slidesPerView&quot;:1,&quot;thumbnails&quot;:false,&quot;uuid&quot;:&quot;12345&quot;}\" id=\"12345\" style=\"height:550px\"><div class=\"swiper-wrapper\"><div class=\"swiper-slide\"><div class=\"coblocks-gallery--item\" role=\"button\" tabindex=\"0\"><figure class=\"coblocks-gallery--figure has-margin-left-5 has-margin-left-mobile-5 has-margin-right-5 has-margin-right-mobile-5\"><img loading=\"lazy\" decoding=\"async\" width=\"1024\" height=\"683\" alt=\"\" class=\"wp-image-17712\" data-id=\"17712\" data-link=\"https:\/\/www.ejercito.mil.uy\/?attachment_id=17712\" src=\"https:\/\/www.ejercito.mil.uy\/wp-content\/uploads\/2022\/12\/2022-12-07-Aniv-RC1-365-1024x683.jpg\" srcset=\"https:\/\/www.ejercito.mil.uy\/wp-content\/uploads\/2022\/12\/2022-12-07-Aniv-RC1-365-1024x683.jpg 1024w, https:\/\/www.ejercito.mil.uy\/wp-content\/uploads\/2022\/12\/2022-12-07-Aniv-RC1-365-300x200.jpg 300w, https:\/\/www.ejercito.mil.uy\/wp-content\/uploads\/2022\/12\/2022-12-07-Aniv-RC1-365.jpg 1200w\" sizes=\"(max-width: 1024px) 100vw, 1024px\" \/><\/figure><figcaption class=\"coblocks-gallery--caption coblocks-gallery--primary-caption\"><\/figcaption><\/div><\/div><div class=\"swiper-slide\"><div class=\"coblocks-gallery--item\" role=\"button\" tabindex=\"1\"><figure class=\"coblocks-gallery--figure has-margin-left-5 has-margin-left-mobile-5 has-margin-right-5 has-margin-right-mobile-5\"><img decoding=\"async\" alt=\"\" class=\"wp-image-17713\" data-id=\"17713\" data-link=\"https:\/\/www.ejercito.mil.uy\/?attachment_id=17713\" src=\"https:\/\/www.ejercito.mil.uy\/wp-content\/uploads\/2022\/12\/2022-12-07-Aniv-RC1-416-1024x683.jpg\"\/><\/figure><figcaption class=\"coblocks-gallery--caption coblocks-gallery--primary-caption\"><\/figcaption><\/div><\/div><div class=\"swiper-slide\"><div class=\"coblocks-gallery--item\" role=\"button\" tabindex=\"2\"><figure class=\"coblocks-gallery--figure has-margin-left-5 has-margin-left-mobile-5 has-margin-right-5 has-margin-right-mobile-5\"><img decoding=\"async\" alt=\"\" class=\"wp-image-17714\" data-id=\"17714\" data-link=\"https:\/\/www.ejercito.mil.uy\/?attachment_id=17714\" src=\"https:\/\/www.ejercito.mil.uy\/wp-content\/uploads\/2022\/12\/2022-12-07-Aniv-RC1-434-1024x683.jpg\"\/><\/figure><figcaption class=\"coblocks-gallery--caption coblocks-gallery--primary-caption\"><\/figcaption><\/div><\/div><div class=\"swiper-slide\"><div class=\"coblocks-gallery--item\" role=\"button\" tabindex=\"3\"><figure class=\"coblocks-gallery--figure has-margin-left-5 has-margin-left-mobile-5 has-margin-right-5 has-margin-right-mobile-5\"><img decoding=\"async\" alt=\"\" class=\"wp-image-17717\" data-id=\"17717\" data-link=\"https:\/\/www.ejercito.mil.uy\/?attachment_id=17717\" src=\"https:\/\/www.ejercito.mil.uy\/wp-content\/uploads\/2022\/12\/2022-12-07-Aniv-RC1-496-1024x683.jpg\"\/><\/figure><figcaption class=\"coblocks-gallery--caption coblocks-gallery--primary-caption\"><\/figcaption><\/div><\/div><div class=\"swiper-slide\"><div class=\"coblocks-gallery--item\" role=\"button\" tabindex=\"4\"><figure class=\"coblocks-gallery--figure has-margin-left-5 has-margin-left-mobile-5 has-margin-right-5 has-margin-right-mobile-5\"><img decoding=\"async\" alt=\"\" class=\"wp-image-17715\" data-id=\"17715\" data-link=\"https:\/\/www.ejercito.mil.uy\/?attachment_id=17715\" src=\"https:\/\/www.ejercito.mil.uy\/wp-content\/uploads\/2022\/12\/2022-12-07-Aniv-RC1-641-1024x683.jpg\"\/><\/figure><figcaption class=\"coblocks-gallery--caption coblocks-gallery--primary-caption\"><\/figcaption><\/div><\/div><div class=\"swiper-slide\"><div class=\"coblocks-gallery--item\" role=\"button\" tabindex=\"5\"><figure class=\"coblocks-gallery--figure has-margin-left-5 has-margin-left-mobile-5 has-margin-right-5 has-margin-right-mobile-5\"><img loading=\"lazy\" decoding=\"async\" width=\"1024\" height=\"683\" alt=\"\" class=\"wp-image-17716\" data-id=\"17716\" data-link=\"https:\/\/www.ejercito.mil.uy\/?attachment_id=17716\" src=\"https:\/\/www.ejercito.mil.uy\/wp-content\/uploads\/2022\/12\/2022-12-07-Aniv-RC1-668-1024x683.jpg\" srcset=\"https:\/\/www.ejercito.mil.uy\/wp-content\/uploads\/2022\/12\/2022-12-07-Aniv-RC1-668-1024x683.jpg 1024w, https:\/\/www.ejercito.mil.uy\/wp-content\/uploads\/2022\/12\/2022-12-07-Aniv-RC1-668-300x200.jpg 300w, https:\/\/www.ejercito.mil.uy\/wp-content\/uploads\/2022\/12\/2022-12-07-Aniv-RC1-668.jpg 1200w\" sizes=\"(max-width: 1024px) 100vw, 1024px\" \/><\/figure><figcaption class=\"coblocks-gallery--caption coblocks-gallery--primary-caption\"><\/figcaption><\/div><\/div><\/div><button class=\"nav-button__prev\" id=\"12345-prev\"><svg class=\"icon\" style=\"transform:rotate(180deg)\"><\/svg><\/button><button class=\"nav-button__next\" id=\"12345-next\"><svg class=\"icon\"><\/svg><\/button><\/div><\/div><\/div>\n","protected":false},"excerpt":{"rendered":"<p>07.12.2022 &#8211; Se realiz\u00f3 el 226\u00ba aniversario del Regimiento \u00abBlandengues de Artigas\u00bb de Caballer\u00eda N\u00b0 1. <\/p>\n","protected":false},"author":14,"featured_media":17690,"comment_status":"open","ping_status":"open","sticky":false,"template":"","format":"standard","meta":{"_coblocks_attr":"","_coblocks_dimensions":"","_coblocks_responsive_height":"","_coblocks_accordion_ie_support":"","_monsterinsights_skip_tracking":false,"_monsterinsights_sitenote_active":false,"_monsterinsights_sitenote_note":"","_monsterinsights_sitenote_category":0,"_uf_show_specific_survey":0,"_uf_disable_surveys":false,"footnotes":""},"categories":[2,10,14,1],"tags":[766,210,767,141,44,406,649],"class_list":["post-17688","post","type-post","status-publish","format-standard","has-post-thumbnail","hentry","category-blog","category-destacados","category-noticias","category-sin-categoria","tag-aniverario","tag-artigas","tag-blandengues","tag-caballeria","tag-ceremonia","tag-desfile","tag-reconocimientos"],"aioseo_notices":[],"_links":{"self":[{"href":"https:\/\/www.ejercito.mil.uy\/index.php\/wp-json\/wp\/v2\/posts\/17688","targetHints":{"allow":["GET"]}}],"collection":[{"href":"https:\/\/www.ejercito.mil.uy\/index.php\/wp-json\/wp\/v2\/posts"}],"about":[{"href":"https:\/\/www.ejercito.mil.uy\/index.php\/wp-json\/wp\/v2\/types\/post"}],"author":[{"embeddable":true,"href":"https:\/\/www.ejercito.mil.uy\/index.php\/wp-json\/wp\/v2\/users\/14"}],"replies":[{"embeddable":true,"href":"https:\/\/www.ejercito.mil.uy\/index.php\/wp-json\/wp\/v2\/comments?post=17688"}],"version-history":[{"count":12,"href":"https:\/\/www.ejercito.mil.uy\/index.php\/wp-json\/wp\/v2\/posts\/17688\/revisions"}],"predecessor-version":[{"id":17750,"href":"https:\/\/www.ejercito.mil.uy\/index.php\/wp-json\/wp\/v2\/posts\/17688\/revisions\/17750"}],"wp:featuredmedia":[{"embeddable":true,"href":"https:\/\/www.ejercito.mil.uy\/index.php\/wp-json\/wp\/v2\/media\/17690"}],"wp:attachment":[{"href":"https:\/\/www.ejercito.mil.uy\/index.php\/wp-json\/wp\/v2\/media?parent=17688"}],"wp:term":[{"taxonomy":"category","embeddable":true,"href":"https:\/\/www.ejercito.mil.uy\/index.php\/wp-json\/wp\/v2\/categories?post=17688"},{"taxonomy":"post_tag","embeddable":true,"href":"https:\/\/www.ejercito.mil.uy\/index.php\/wp-json\/wp\/v2\/tags?post=17688"}],"curies":[{"name":"wp","href":"https:\/\/api.w.org\/{rel}","templated":true}]}}