{"id":17784,"date":"2022-12-11T12:18:24","date_gmt":"2022-12-11T15:18:24","guid":{"rendered":"https:\/\/www.ejercito.mil.uy\/?p=17784"},"modified":"2022-12-12T14:52:51","modified_gmt":"2022-12-12T17:52:51","slug":"ceremonia-de-clausura-de-los-cursos-del-imae","status":"publish","type":"post","link":"https:\/\/www.ejercito.mil.uy\/index.php\/2022\/12\/11\/ceremonia-de-clausura-de-los-cursos-del-imae\/","title":{"rendered":"Ceremonia de clausura de los cursos del IMAE"},"content":{"rendered":"\n<p class=\"has-small-font-size\">10.12.2022 &#8211; Montevideo  <\/p>\n\n\n\n<div style=\"height:50px\" aria-hidden=\"true\" class=\"wp-block-spacer\"><\/div>\n\n\n\n<p class=\"has-light-green-cyan-background-color has-background\"><span class=\"has-inline-color has-black-color\">Entre el 8 y 9 de diciembre, se realiz\u00f3 la \ud835\uddf0\ud835\uddf2\ud835\uddff\ud835\uddf2\ud835\uddfa\ud835\uddfc\ud835\uddfb\ud835\uddf6\ud835\uddee \ud835\uddf1\ud835\uddf2 \ud835\uddf0\ud835\uddf9\ud835\uddee\ud835\ude02\ud835\ude00\ud835\ude02\ud835\uddff\ud835\uddee \ud835\uddf1\ud835\uddf2 \ud835\uddf9\ud835\uddfc\ud835\ude00 \ud835\uddf0\ud835\ude02\ud835\uddff\ud835\ude00\ud835\uddfc\ud835\ude00 \ud835\udfee\ud835\udfec\ud835\udfee\ud835\udfee \ud835\uddf1\ud835\uddf2\ud835\uddf9 <a rel=\"noreferrer noopener\" href=\"https:\/\/www.facebook.com\/imaeuruguay?__cft__[0]=AZUawh7UoBzf0l8lOnizTOHidWXxVgnhf8GmdPW2ah5NBki1xT3CiGOqSB1RyTpNklGCgN5OOa1gUz1cfiH4SRqT_5OS5fXKXpwSooJ7QAAoM_5U2U_w57FS9uTDFg7RUcNd9cgA4XXGE1jU8mwi9jiYaL-IReF9E_nNckJfqIgMS6s7X6SdAqLthFR1ST4BNK4&amp;__tn__=-]K-R\" target=\"_blank\">Instituto Militar de las Armas y Especialidades &#8211; Uruguay<\/a> (\ud835\udddc\ud835\udde0\ud835\uddd4\ud835\uddd8). <\/span><\/p>\n\n\n\n<div style=\"height:50px\" aria-hidden=\"true\" class=\"wp-block-spacer\"><\/div>\n\n\n\n<p>En la primera ceremonia, se hizo entrega de distintivos y premios a los instructores y alumnos que obtuvieron las m\u00e1s altas calificaciones en los diferentes cursos, entre ellos a los Sres. Oficiales de los pa\u00edses amigos, que fueron instructores en las diferentes escuelas que conforman al instituto. <\/p>\n\n\n\n<div style=\"height:50px\" aria-hidden=\"true\" class=\"wp-block-spacer\"><\/div>\n\n\n\n<div class=\"wp-block-coblocks-gallery-stacked\"><ul class=\"coblocks-gallery has-no-alignment has-fullwidth-images has-custom-gutter\"><li class=\"coblocks-gallery--item\"><figure class=\"coblocks-gallery--figure\"><img fetchpriority=\"high\" decoding=\"async\" width=\"1024\" height=\"683\" alt=\"\" class=\"wp-image-17786 has-shadow-none\" data-id=\"17786\" data-imglink=\"\" data-link=\"https:\/\/www.ejercito.mil.uy\/index.php\/2022\/12\/11\/ceremonia-de-clausura-de-los-cursos-del-imae\/ceremonia-de-clausura-de-los-cursos-del-imae-1\/\" src=\"https:\/\/www.ejercito.mil.uy\/wp-content\/uploads\/2022\/12\/Ceremonia-de-clausura-de-los-cursos-del-IMAE-1-1024x683.jpg\" srcset=\"https:\/\/www.ejercito.mil.uy\/wp-content\/uploads\/2022\/12\/Ceremonia-de-clausura-de-los-cursos-del-IMAE-1-1024x683.jpg 1024w, https:\/\/www.ejercito.mil.uy\/wp-content\/uploads\/2022\/12\/Ceremonia-de-clausura-de-los-cursos-del-IMAE-1-300x200.jpg 300w, https:\/\/www.ejercito.mil.uy\/wp-content\/uploads\/2022\/12\/Ceremonia-de-clausura-de-los-cursos-del-IMAE-1.jpg 1200w\" sizes=\"(max-width: 1024px) 100vw, 1024px\" \/><\/figure><\/li><\/ul><\/div>\n\n\n\n<div style=\"height:50px\" aria-hidden=\"true\" class=\"wp-block-spacer\"><\/div>\n\n\n\n<p>Posteriormente, se desarroll\u00f3 la premiaci\u00f3n por parte de las Unidades Simb\u00f3licas de las Armas y del Comando del Apoyo Log\u00edstico del Ej\u00e9rcito a los estudiantes con mayor promedio general de cada Arma y Servicio. Cabe destacar que se realiz\u00f3 la entrega del premio especial de la Escuela de Educaci\u00f3n F\u00edsica y Tiro del Ej\u00e9rcito. <\/p>\n\n\n\n<div style=\"height:50px\" aria-hidden=\"true\" class=\"wp-block-spacer\"><\/div>\n\n\n\n<div class=\"wp-block-columns is-layout-flex wp-container-core-columns-is-layout-28f84493 wp-block-columns-is-layout-flex\">\n<div class=\"wp-block-column is-layout-flow wp-block-column-is-layout-flow\">\n<div class=\"wp-block-coblocks-gallery-stacked\"><ul class=\"coblocks-gallery has-no-alignment has-fullwidth-images has-custom-gutter\"><li class=\"coblocks-gallery--item\"><figure class=\"coblocks-gallery--figure\"><img decoding=\"async\" width=\"1024\" height=\"683\" alt=\"\" class=\"wp-image-17787 has-shadow-none\" data-id=\"17787\" data-imglink=\"\" data-link=\"https:\/\/www.ejercito.mil.uy\/?attachment_id=17787\" src=\"https:\/\/www.ejercito.mil.uy\/wp-content\/uploads\/2022\/12\/Ceremonia-de-clausura-de-los-cursos-del-IMAE-9-1024x683.jpg\" srcset=\"https:\/\/www.ejercito.mil.uy\/wp-content\/uploads\/2022\/12\/Ceremonia-de-clausura-de-los-cursos-del-IMAE-9-1024x683.jpg 1024w, https:\/\/www.ejercito.mil.uy\/wp-content\/uploads\/2022\/12\/Ceremonia-de-clausura-de-los-cursos-del-IMAE-9-300x200.jpg 300w, https:\/\/www.ejercito.mil.uy\/wp-content\/uploads\/2022\/12\/Ceremonia-de-clausura-de-los-cursos-del-IMAE-9.jpg 1200w\" sizes=\"(max-width: 1024px) 100vw, 1024px\" \/><\/figure><\/li><\/ul><\/div>\n<\/div>\n\n\n\n<div class=\"wp-block-column is-layout-flow wp-block-column-is-layout-flow\">\n<div class=\"wp-block-coblocks-gallery-stacked\"><ul class=\"coblocks-gallery has-no-alignment has-fullwidth-images has-custom-gutter\"><li class=\"coblocks-gallery--item\"><figure class=\"coblocks-gallery--figure\"><img decoding=\"async\" width=\"1024\" height=\"683\" alt=\"\" class=\"wp-image-17788 has-shadow-none\" data-id=\"17788\" data-imglink=\"\" data-link=\"https:\/\/www.ejercito.mil.uy\/?attachment_id=17788\" src=\"https:\/\/www.ejercito.mil.uy\/wp-content\/uploads\/2022\/12\/Ceremonia-de-clausura-de-los-cursos-del-IMAE-10-1024x683.jpg\" srcset=\"https:\/\/www.ejercito.mil.uy\/wp-content\/uploads\/2022\/12\/Ceremonia-de-clausura-de-los-cursos-del-IMAE-10-1024x683.jpg 1024w, https:\/\/www.ejercito.mil.uy\/wp-content\/uploads\/2022\/12\/Ceremonia-de-clausura-de-los-cursos-del-IMAE-10-300x200.jpg 300w, https:\/\/www.ejercito.mil.uy\/wp-content\/uploads\/2022\/12\/Ceremonia-de-clausura-de-los-cursos-del-IMAE-10.jpg 1200w\" sizes=\"(max-width: 1024px) 100vw, 1024px\" \/><\/figure><\/li><\/ul><\/div>\n<\/div>\n<\/div>\n\n\n\n<div style=\"height:50px\" aria-hidden=\"true\" class=\"wp-block-spacer\"><\/div>\n\n\n\n<p>En la segunda ceremonia, el Director General del IMAE, Gral. Jorge Fern\u00e1ndez, destac\u00f3 la importancia de las Escuelas de Capacitaci\u00f3n y Perfeccionamiento del Personal Superior y Subalterno de las Armas del Ej\u00e9rcito que preparan a los efectivos. <\/p>\n\n\n\n<div style=\"height:50px\" aria-hidden=\"true\" class=\"wp-block-spacer\"><\/div>\n\n\n\n<div class=\"wp-block-coblocks-gallery-stacked\"><ul class=\"coblocks-gallery has-no-alignment has-fullwidth-images has-custom-gutter\"><li class=\"coblocks-gallery--item\"><figure class=\"coblocks-gallery--figure\"><img loading=\"lazy\" decoding=\"async\" width=\"1024\" height=\"683\" alt=\"\" class=\"wp-image-17793 has-shadow-none\" data-id=\"17793\" data-imglink=\"\" data-link=\"https:\/\/www.ejercito.mil.uy\/?attachment_id=17793\" src=\"https:\/\/www.ejercito.mil.uy\/wp-content\/uploads\/2022\/12\/Ceremonia-de-clausura-de-los-cursos-del-IMAE-6-1024x683.jpg\" srcset=\"https:\/\/www.ejercito.mil.uy\/wp-content\/uploads\/2022\/12\/Ceremonia-de-clausura-de-los-cursos-del-IMAE-6-1024x683.jpg 1024w, https:\/\/www.ejercito.mil.uy\/wp-content\/uploads\/2022\/12\/Ceremonia-de-clausura-de-los-cursos-del-IMAE-6-300x200.jpg 300w, https:\/\/www.ejercito.mil.uy\/wp-content\/uploads\/2022\/12\/Ceremonia-de-clausura-de-los-cursos-del-IMAE-6.jpg 1200w\" sizes=\"(max-width: 1024px) 100vw, 1024px\" \/><\/figure><\/li><\/ul><\/div>\n\n\n\n<div style=\"height:50px\" aria-hidden=\"true\" class=\"wp-block-spacer\"><\/div>\n\n\n\n<p>Asimismo, el Sr. Comandante en Jefe del Ej\u00e9rcito, Gral. de Ej\u00e9rcito Gerardo Fregossi y el Sr. Subsecretario del Ministerio de Defensa Nacional, Cnel. (R) Rivera Elgue, realizaron la entrega de premios a 2 alumnos. <\/p>\n\n\n\n<div style=\"height:50px\" aria-hidden=\"true\" class=\"wp-block-spacer\"><\/div>\n\n\n\n<div class=\"wp-block-columns is-layout-flex wp-container-core-columns-is-layout-28f84493 wp-block-columns-is-layout-flex\">\n<div class=\"wp-block-column is-layout-flow wp-block-column-is-layout-flow\">\n<div class=\"wp-block-coblocks-gallery-stacked\"><ul class=\"coblocks-gallery has-no-alignment has-fullwidth-images has-custom-gutter\"><li class=\"coblocks-gallery--item\"><figure class=\"coblocks-gallery--figure\"><img loading=\"lazy\" decoding=\"async\" width=\"1024\" height=\"683\" alt=\"\" class=\"wp-image-17790 has-shadow-none\" data-id=\"17790\" data-imglink=\"\" data-link=\"https:\/\/www.ejercito.mil.uy\/?attachment_id=17790\" src=\"https:\/\/www.ejercito.mil.uy\/wp-content\/uploads\/2022\/12\/Ceremonia-de-clausura-de-los-cursos-del-IMAE-5-1024x683.jpg\" srcset=\"https:\/\/www.ejercito.mil.uy\/wp-content\/uploads\/2022\/12\/Ceremonia-de-clausura-de-los-cursos-del-IMAE-5-1024x683.jpg 1024w, https:\/\/www.ejercito.mil.uy\/wp-content\/uploads\/2022\/12\/Ceremonia-de-clausura-de-los-cursos-del-IMAE-5-300x200.jpg 300w, https:\/\/www.ejercito.mil.uy\/wp-content\/uploads\/2022\/12\/Ceremonia-de-clausura-de-los-cursos-del-IMAE-5.jpg 1200w\" sizes=\"(max-width: 1024px) 100vw, 1024px\" \/><\/figure><\/li><\/ul><\/div>\n<\/div>\n\n\n\n<div class=\"wp-block-column is-layout-flow wp-block-column-is-layout-flow\">\n<div class=\"wp-block-coblocks-gallery-stacked\"><ul class=\"coblocks-gallery has-no-alignment has-fullwidth-images has-custom-gutter\"><li class=\"coblocks-gallery--item\"><figure class=\"coblocks-gallery--figure\"><img loading=\"lazy\" decoding=\"async\" width=\"1024\" height=\"683\" alt=\"\" class=\"wp-image-17791 has-shadow-none\" data-id=\"17791\" data-imglink=\"\" data-link=\"https:\/\/www.ejercito.mil.uy\/?attachment_id=17791\" src=\"https:\/\/www.ejercito.mil.uy\/wp-content\/uploads\/2022\/12\/Ceremonia-de-clausura-de-los-cursos-del-IMAE-3-1024x683.jpg\" srcset=\"https:\/\/www.ejercito.mil.uy\/wp-content\/uploads\/2022\/12\/Ceremonia-de-clausura-de-los-cursos-del-IMAE-3-1024x683.jpg 1024w, https:\/\/www.ejercito.mil.uy\/wp-content\/uploads\/2022\/12\/Ceremonia-de-clausura-de-los-cursos-del-IMAE-3-300x200.jpg 300w, https:\/\/www.ejercito.mil.uy\/wp-content\/uploads\/2022\/12\/Ceremonia-de-clausura-de-los-cursos-del-IMAE-3.jpg 1200w\" sizes=\"(max-width: 1024px) 100vw, 1024px\" \/><\/figure><\/li><\/ul><\/div>\n<\/div>\n\n\n\n<div class=\"wp-block-column is-layout-flow wp-block-column-is-layout-flow\">\n<div class=\"wp-block-coblocks-gallery-stacked\"><ul class=\"coblocks-gallery has-no-alignment has-fullwidth-images has-custom-gutter\"><li class=\"coblocks-gallery--item\"><figure class=\"coblocks-gallery--figure\"><img loading=\"lazy\" decoding=\"async\" width=\"1024\" height=\"683\" alt=\"\" class=\"wp-image-17792 has-shadow-none\" data-id=\"17792\" data-imglink=\"\" data-link=\"https:\/\/www.ejercito.mil.uy\/?attachment_id=17792\" src=\"https:\/\/www.ejercito.mil.uy\/wp-content\/uploads\/2022\/12\/Ceremonia-de-clausura-de-los-cursos-del-IMAE-4-1024x683.jpg\" srcset=\"https:\/\/www.ejercito.mil.uy\/wp-content\/uploads\/2022\/12\/Ceremonia-de-clausura-de-los-cursos-del-IMAE-4-1024x683.jpg 1024w, https:\/\/www.ejercito.mil.uy\/wp-content\/uploads\/2022\/12\/Ceremonia-de-clausura-de-los-cursos-del-IMAE-4-300x200.jpg 300w, https:\/\/www.ejercito.mil.uy\/wp-content\/uploads\/2022\/12\/Ceremonia-de-clausura-de-los-cursos-del-IMAE-4.jpg 1200w\" sizes=\"(max-width: 1024px) 100vw, 1024px\" \/><\/figure><\/li><\/ul><\/div>\n<\/div>\n<\/div>\n\n\n\n<div style=\"height:50px\" aria-hidden=\"true\" class=\"wp-block-spacer\"><\/div>\n\n\n\n<p>Para finalizar, los efectivos presentes desfilaron rindiendo honores a las autoridades presentes. Se cont\u00f3 con la presencia del Cte. en Jefe del Ej\u00e9rcito, El Subsecretario del Ministerio de Defensa Nacional, el Sr. Director General del IMAE, el Sr. Director General del Sistema de Ense\u00f1anza del Ej\u00e9rcito (SEE), Gral. Mario Moreira, Oficiales Generales en retiro; Sres. Agregados Militares, entre otros.<\/p>\n\n\n\n<div style=\"height:50px\" aria-hidden=\"true\" class=\"wp-block-spacer\"><\/div>\n\n\n\n<div class=\"wp-block-columns is-layout-flex wp-container-core-columns-is-layout-28f84493 wp-block-columns-is-layout-flex\">\n<div class=\"wp-block-column is-layout-flow wp-block-column-is-layout-flow\">\n<div class=\"wp-block-coblocks-gallery-stacked\"><ul class=\"coblocks-gallery has-no-alignment has-fullwidth-images has-custom-gutter\"><li class=\"coblocks-gallery--item\"><figure class=\"coblocks-gallery--figure\"><img loading=\"lazy\" decoding=\"async\" width=\"1024\" height=\"683\" alt=\"\" class=\"wp-image-17795 has-shadow-none\" data-id=\"17795\" data-imglink=\"\" data-link=\"https:\/\/www.ejercito.mil.uy\/?attachment_id=17795\" src=\"https:\/\/www.ejercito.mil.uy\/wp-content\/uploads\/2022\/12\/318239805_534894808668323_8398849961259032286_n-1024x683.jpg\" srcset=\"https:\/\/www.ejercito.mil.uy\/wp-content\/uploads\/2022\/12\/318239805_534894808668323_8398849961259032286_n-1024x683.jpg 1024w, https:\/\/www.ejercito.mil.uy\/wp-content\/uploads\/2022\/12\/318239805_534894808668323_8398849961259032286_n-300x200.jpg 300w, https:\/\/www.ejercito.mil.uy\/wp-content\/uploads\/2022\/12\/318239805_534894808668323_8398849961259032286_n.jpg 1200w\" sizes=\"(max-width: 1024px) 100vw, 1024px\" \/><\/figure><\/li><\/ul><\/div>\n<\/div>\n\n\n\n<div class=\"wp-block-column is-layout-flow wp-block-column-is-layout-flow\">\n<div class=\"wp-block-coblocks-gallery-stacked\"><ul class=\"coblocks-gallery has-no-alignment has-fullwidth-images has-custom-gutter\"><li class=\"coblocks-gallery--item\"><figure class=\"coblocks-gallery--figure\"><img loading=\"lazy\" decoding=\"async\" width=\"1024\" height=\"683\" alt=\"\" class=\"wp-image-17794 has-shadow-none\" data-id=\"17794\" data-imglink=\"\" data-link=\"https:\/\/www.ejercito.mil.uy\/?attachment_id=17794\" src=\"https:\/\/www.ejercito.mil.uy\/wp-content\/uploads\/2022\/12\/Ceremonia-de-clausura-de-los-cursos-del-IMAE-7-1024x683.jpg\" srcset=\"https:\/\/www.ejercito.mil.uy\/wp-content\/uploads\/2022\/12\/Ceremonia-de-clausura-de-los-cursos-del-IMAE-7-1024x683.jpg 1024w, https:\/\/www.ejercito.mil.uy\/wp-content\/uploads\/2022\/12\/Ceremonia-de-clausura-de-los-cursos-del-IMAE-7-300x200.jpg 300w, https:\/\/www.ejercito.mil.uy\/wp-content\/uploads\/2022\/12\/Ceremonia-de-clausura-de-los-cursos-del-IMAE-7.jpg 1200w\" sizes=\"(max-width: 1024px) 100vw, 1024px\" \/><\/figure><\/li><\/ul><\/div>\n<\/div>\n<\/div>\n\n\n\n<div style=\"height:50px\" aria-hidden=\"true\" class=\"wp-block-spacer\"><\/div>\n\n\n\n<div style=\"height:50px\" aria-hidden=\"true\" class=\"wp-block-spacer\"><\/div>\n\n\n\n<div style=\"height:50px\" aria-hidden=\"true\" class=\"wp-block-spacer\"><\/div>\n","protected":false},"excerpt":{"rendered":"<p>10.12.2022 &#8211; Entre el 8 y 9 de diciembre, se realiz\u00f3 la ceremonia de clausura de los cursos 2022 del Instituto Militar de las Armas y Especialidades (IMAE). <\/p>\n","protected":false},"author":14,"featured_media":17785,"comment_status":"open","ping_status":"open","sticky":false,"template":"","format":"standard","meta":{"_coblocks_attr":"","_coblocks_dimensions":"","_coblocks_responsive_height":"","_coblocks_accordion_ie_support":"","_monsterinsights_skip_tracking":false,"_monsterinsights_sitenote_active":false,"_monsterinsights_sitenote_note":"","_monsterinsights_sitenote_category":0,"_uf_show_specific_survey":0,"_uf_disable_surveys":false,"footnotes":""},"categories":[2,10,14,1],"tags":[768,44,589,188,68,455,649],"class_list":["post-17784","post","type-post","status-publish","format-standard","has-post-thumbnail","hentry","category-blog","category-destacados","category-noticias","category-sin-categoria","tag-calificaciones","tag-ceremonia","tag-clausura","tag-cursos","tag-imae","tag-premios","tag-reconocimientos"],"aioseo_notices":[],"_links":{"self":[{"href":"https:\/\/www.ejercito.mil.uy\/index.php\/wp-json\/wp\/v2\/posts\/17784","targetHints":{"allow":["GET"]}}],"collection":[{"href":"https:\/\/www.ejercito.mil.uy\/index.php\/wp-json\/wp\/v2\/posts"}],"about":[{"href":"https:\/\/www.ejercito.mil.uy\/index.php\/wp-json\/wp\/v2\/types\/post"}],"author":[{"embeddable":true,"href":"https:\/\/www.ejercito.mil.uy\/index.php\/wp-json\/wp\/v2\/users\/14"}],"replies":[{"embeddable":true,"href":"https:\/\/www.ejercito.mil.uy\/index.php\/wp-json\/wp\/v2\/comments?post=17784"}],"version-history":[{"count":3,"href":"https:\/\/www.ejercito.mil.uy\/index.php\/wp-json\/wp\/v2\/posts\/17784\/revisions"}],"predecessor-version":[{"id":17800,"href":"https:\/\/www.ejercito.mil.uy\/index.php\/wp-json\/wp\/v2\/posts\/17784\/revisions\/17800"}],"wp:featuredmedia":[{"embeddable":true,"href":"https:\/\/www.ejercito.mil.uy\/index.php\/wp-json\/wp\/v2\/media\/17785"}],"wp:attachment":[{"href":"https:\/\/www.ejercito.mil.uy\/index.php\/wp-json\/wp\/v2\/media?parent=17784"}],"wp:term":[{"taxonomy":"category","embeddable":true,"href":"https:\/\/www.ejercito.mil.uy\/index.php\/wp-json\/wp\/v2\/categories?post=17784"},{"taxonomy":"post_tag","embeddable":true,"href":"https:\/\/www.ejercito.mil.uy\/index.php\/wp-json\/wp\/v2\/tags?post=17784"}],"curies":[{"name":"wp","href":"https:\/\/api.w.org\/{rel}","templated":true}]}}