{"id":17798,"date":"2022-12-11T14:52:03","date_gmt":"2022-12-11T17:52:03","guid":{"rendered":"https:\/\/www.ejercito.mil.uy\/?p=17798"},"modified":"2022-12-12T14:54:43","modified_gmt":"2022-12-12T17:54:43","slug":"documental-aspirantes-episodio-8","status":"publish","type":"post","link":"https:\/\/www.ejercito.mil.uy\/index.php\/2022\/12\/11\/documental-aspirantes-episodio-8\/","title":{"rendered":"Documental \u00abAspirantes\u00bb episodio 8"},"content":{"rendered":"\n<p class=\"has-small-font-size\">11.12.2022 <\/p>\n\n\n\n<div style=\"height:50px\" aria-hidden=\"true\" class=\"wp-block-spacer\"><\/div>\n\n\n\n<p>Compartimos el octavo episodio del documental \u00abAspirantes\u00bb, en esta edici\u00f3n, presentamos la maniobra de verano, en la que los j\u00f3venes Aspirantes conformaron la Compa\u00f1\u00eda de Infanter\u00eda. <\/p>\n\n\n\n<div style=\"height:50px\" aria-hidden=\"true\" class=\"wp-block-spacer\"><\/div>\n\n\n\n<p>Fue realizada en el Campo Militar N\u00ba 2 \u00abZAPAR\u00c1\u00bb, desde el 8 al 18 de noviembre de 2022. Parte 1 de 2.<\/p>\n\n\n\n<div style=\"height:50px\" aria-hidden=\"true\" class=\"wp-block-spacer\"><\/div>\n\n\n\n<p><a href=\"https:\/\/www.facebook.com\/EscuelaMilitarUruguay\/?__cft__[0]=AZXLjXVirmBa8nhGgEEjgwTR9ovyvIQ-6GJcDu6hQULVhdfJIs8N7vXP6ZnoSZIztB88N9TNImVJMrpSYvQIbkHz88ZnBNVB7KV38PI31urfb_Gd_I5vjOkmaCHIShB4PpGYzraQTlw0neaWcuecpfR-smbkBx8sDhT5yDA1pp3iZcG-Oht0DdrrW6M1VQms0Ns&amp;__tn__=kK-R\" target=\"_blank\" rel=\"noreferrer noopener\">Escuela Militar Uruguay<\/a><\/p>\n\n\n\n<div style=\"height:50px\" aria-hidden=\"true\" class=\"wp-block-spacer\"><\/div>\n\n\n\n<figure class=\"wp-block-embed is-type-video is-provider-youtube wp-block-embed-youtube wp-embed-aspect-16-9 wp-has-aspect-ratio\"><div class=\"wp-block-embed__wrapper\">\n<iframe title=\"Documental &quot;ASPIRANTES&quot; - Episodio 8\" width=\"1778\" height=\"1000\" src=\"https:\/\/www.youtube.com\/embed\/XgsLluArl1c?feature=oembed\" frameborder=\"0\" allow=\"accelerometer; autoplay; clipboard-write; encrypted-media; gyroscope; picture-in-picture\" allowfullscreen><\/iframe>\n<\/div><\/figure>\n","protected":false},"excerpt":{"rendered":"<p>11.12.2022 &#8211; Compartimos el octavo episodio del documental \u00abAspirantes\u00bb, en esta edici\u00f3n, presentamos la maniobra de verano, en la que los j\u00f3venes Aspirantes conformaron la Compa\u00f1\u00eda de Infanter\u00eda. <\/p>\n","protected":false},"author":14,"featured_media":16898,"comment_status":"open","ping_status":"open","sticky":false,"template":"","format":"standard","meta":{"_coblocks_attr":"","_coblocks_dimensions":"","_coblocks_responsive_height":"","_coblocks_accordion_ie_support":"","_monsterinsights_skip_tracking":false,"_monsterinsights_sitenote_active":false,"_monsterinsights_sitenote_note":"","_monsterinsights_sitenote_category":0,"_uf_show_specific_survey":0,"_uf_disable_surveys":false,"footnotes":""},"categories":[2,10,14,1],"tags":[761,670,671],"class_list":["post-17798","post","type-post","status-publish","format-standard","has-post-thumbnail","hentry","category-blog","category-destacados","category-noticias","category-sin-categoria","tag-aspirtantes","tag-documental","tag-episodio"],"aioseo_notices":[],"_links":{"self":[{"href":"https:\/\/www.ejercito.mil.uy\/index.php\/wp-json\/wp\/v2\/posts\/17798","targetHints":{"allow":["GET"]}}],"collection":[{"href":"https:\/\/www.ejercito.mil.uy\/index.php\/wp-json\/wp\/v2\/posts"}],"about":[{"href":"https:\/\/www.ejercito.mil.uy\/index.php\/wp-json\/wp\/v2\/types\/post"}],"author":[{"embeddable":true,"href":"https:\/\/www.ejercito.mil.uy\/index.php\/wp-json\/wp\/v2\/users\/14"}],"replies":[{"embeddable":true,"href":"https:\/\/www.ejercito.mil.uy\/index.php\/wp-json\/wp\/v2\/comments?post=17798"}],"version-history":[{"count":4,"href":"https:\/\/www.ejercito.mil.uy\/index.php\/wp-json\/wp\/v2\/posts\/17798\/revisions"}],"predecessor-version":[{"id":17803,"href":"https:\/\/www.ejercito.mil.uy\/index.php\/wp-json\/wp\/v2\/posts\/17798\/revisions\/17803"}],"wp:featuredmedia":[{"embeddable":true,"href":"https:\/\/www.ejercito.mil.uy\/index.php\/wp-json\/wp\/v2\/media\/16898"}],"wp:attachment":[{"href":"https:\/\/www.ejercito.mil.uy\/index.php\/wp-json\/wp\/v2\/media?parent=17798"}],"wp:term":[{"taxonomy":"category","embeddable":true,"href":"https:\/\/www.ejercito.mil.uy\/index.php\/wp-json\/wp\/v2\/categories?post=17798"},{"taxonomy":"post_tag","embeddable":true,"href":"https:\/\/www.ejercito.mil.uy\/index.php\/wp-json\/wp\/v2\/tags?post=17798"}],"curies":[{"name":"wp","href":"https:\/\/api.w.org\/{rel}","templated":true}]}}