{"id":17849,"date":"2022-12-14T19:10:19","date_gmt":"2022-12-14T22:10:19","guid":{"rendered":"https:\/\/www.ejercito.mil.uy\/?p=17849"},"modified":"2026-02-23T10:03:25","modified_gmt":"2026-02-23T13:03:25","slug":"clausura-de-los-cursos-del-liceo-militar","status":"publish","type":"post","link":"https:\/\/www.ejercito.mil.uy\/index.php\/2022\/12\/14\/clausura-de-los-cursos-del-liceo-militar\/","title":{"rendered":"Clausura de los cursos del Liceo Militar"},"content":{"rendered":"\n<p class=\"has-small-font-size\">14.12.2022 &#8211; Montevideo  <\/p>\n\n\n\n<div style=\"height:50px\" aria-hidden=\"true\" class=\"wp-block-spacer\"><\/div>\n\n\n\n<p class=\"has-background\" style=\"background-color:#075a8a\"><span class=\"has-inline-color has-white-color\">En la ma\u00f1ana de hoy, se realiz\u00f3 la \ud835\uddf0\ud835\uddf9\ud835\uddee\ud835\ude02\ud835\ude00\ud835\ude02\ud835\uddff\ud835\uddee \ud835\uddf1\ud835\uddf2 \ud835\uddf9\ud835\uddfc\ud835\ude00 \ud835\uddf0\ud835\ude02\ud835\uddff\ud835\ude00\ud835\uddfc\ud835\ude00 \ud835\udfee\ud835\udfec\ud835\udfee\ud835\udfee \ud835\uddf1\ud835\uddf2\ud835\uddf9 Liceo Militar \u00abGeneral Artigas\u00bb, en su sede de Montevideo. <\/span><\/p>\n\n\n\n<div style=\"height:50px\" aria-hidden=\"true\" class=\"wp-block-spacer\"><\/div>\n\n\n\n<div class=\"wp-block-coblocks-gallery-stacked\"><ul class=\"coblocks-gallery has-no-alignment has-fullwidth-images has-custom-gutter\" style=\"--coblocks-custom-gutter:0em\"><li class=\"coblocks-gallery--item\"><figure class=\"coblocks-gallery--figure\"><img fetchpriority=\"high\" decoding=\"async\" width=\"1024\" height=\"683\" alt=\"\" class=\"wp-image-17851 has-shadow-none\" data-id=\"17851\" data-imglink=\"\" data-link=\"https:\/\/www.ejercito.mil.uy\/?attachment_id=17851\" src=\"https:\/\/www.ejercito.mil.uy\/wp-content\/uploads\/2022\/12\/Clausura-de-los-cursos-del-Liceo-Militar-1-1024x683.jpg\" srcset=\"https:\/\/www.ejercito.mil.uy\/wp-content\/uploads\/2022\/12\/Clausura-de-los-cursos-del-Liceo-Militar-1-1024x683.jpg 1024w, https:\/\/www.ejercito.mil.uy\/wp-content\/uploads\/2022\/12\/Clausura-de-los-cursos-del-Liceo-Militar-1-300x200.jpg 300w, https:\/\/www.ejercito.mil.uy\/wp-content\/uploads\/2022\/12\/Clausura-de-los-cursos-del-Liceo-Militar-1.jpg 1200w\" sizes=\"(max-width: 1024px) 100vw, 1024px\" \/><\/figure><\/li><\/ul><\/div>\n\n\n\n<div style=\"height:50px\" aria-hidden=\"true\" class=\"wp-block-spacer\"><\/div>\n\n\n\n<p><br>En primera instancia, el Sr. Ministro de Defensa Nacional, Dr. Javier Garc\u00eda, salud\u00f3 al agrupamiento de banderas, Banda de M\u00fasicos de la Escuela Militar y al cuerpo de alumnos.<\/p>\n\n\n\n<div style=\"height:50px\" aria-hidden=\"true\" class=\"wp-block-spacer\"><\/div>\n\n\n\n<p><br>Posteriormente, el Ministro junto con el Sr. Director del Liceo, Cnel. Alejandro C\u00f3rdoba, pasaron revista de los efectivos formados.<\/p>\n\n\n\n<div style=\"height:50px\" aria-hidden=\"true\" class=\"wp-block-spacer\"><\/div>\n\n\n\n<div aria-label=\"Carousel Gallery\" class=\"wp-block-coblocks-gallery-carousel\"><div class=\"coblocks-gallery-carousel-swiper-container is-cropped coblocks-gallery has-no-alignment has-caption-style-dark has-no-thumbnails\"><div class=\"has-carousel has-carousel-xlrg swiper-container\" data-swiper=\"{&quot;alignCells&quot;:false,&quot;autoPlay&quot;:true,&quot;autoPlaySpeed&quot;:&quot;5000&quot;,&quot;draggable&quot;:true,&quot;freeScroll&quot;:false,&quot;loop&quot;:true,&quot;navigation&quot;:true,&quot;pageDots&quot;:false,&quot;pauseHover&quot;:false,&quot;responsiveHeight&quot;:false,&quot;slidesPerView&quot;:1,&quot;thumbnails&quot;:false,&quot;uuid&quot;:&quot;12345&quot;}\" id=\"12345\" style=\"height:550px\"><div class=\"swiper-wrapper\"><div class=\"swiper-slide\"><div class=\"coblocks-gallery--item\" role=\"button\" tabindex=\"0\"><figure class=\"coblocks-gallery--figure\"><img decoding=\"async\" width=\"1024\" height=\"683\" alt=\"\" class=\"wp-image-17854\" data-id=\"17854\" data-link=\"https:\/\/www.ejercito.mil.uy\/?attachment_id=17854\" src=\"https:\/\/www.ejercito.mil.uy\/wp-content\/uploads\/2022\/12\/Clausura-de-los-cursos-del-Liceo-Militar-22-1024x683.jpg\" srcset=\"https:\/\/www.ejercito.mil.uy\/wp-content\/uploads\/2022\/12\/Clausura-de-los-cursos-del-Liceo-Militar-22-1024x683.jpg 1024w, https:\/\/www.ejercito.mil.uy\/wp-content\/uploads\/2022\/12\/Clausura-de-los-cursos-del-Liceo-Militar-22-300x200.jpg 300w, https:\/\/www.ejercito.mil.uy\/wp-content\/uploads\/2022\/12\/Clausura-de-los-cursos-del-Liceo-Militar-22.jpg 1200w\" sizes=\"(max-width: 1024px) 100vw, 1024px\" \/><\/figure><figcaption class=\"coblocks-gallery--caption coblocks-gallery--primary-caption\"><\/figcaption><\/div><\/div><div class=\"swiper-slide\"><div class=\"coblocks-gallery--item\" role=\"button\" tabindex=\"1\"><figure class=\"coblocks-gallery--figure\"><img decoding=\"async\" width=\"1024\" height=\"683\" alt=\"\" class=\"wp-image-17856\" data-id=\"17856\" data-link=\"https:\/\/www.ejercito.mil.uy\/?attachment_id=17856\" src=\"https:\/\/www.ejercito.mil.uy\/wp-content\/uploads\/2022\/12\/Clausura-de-los-cursos-del-Liceo-Militar-18-1024x683.jpg\" srcset=\"https:\/\/www.ejercito.mil.uy\/wp-content\/uploads\/2022\/12\/Clausura-de-los-cursos-del-Liceo-Militar-18-1024x683.jpg 1024w, https:\/\/www.ejercito.mil.uy\/wp-content\/uploads\/2022\/12\/Clausura-de-los-cursos-del-Liceo-Militar-18-300x200.jpg 300w, https:\/\/www.ejercito.mil.uy\/wp-content\/uploads\/2022\/12\/Clausura-de-los-cursos-del-Liceo-Militar-18.jpg 1200w\" sizes=\"(max-width: 1024px) 100vw, 1024px\" \/><\/figure><figcaption class=\"coblocks-gallery--caption coblocks-gallery--primary-caption\"><\/figcaption><\/div><\/div><div class=\"swiper-slide\"><div class=\"coblocks-gallery--item\" role=\"button\" tabindex=\"2\"><figure class=\"coblocks-gallery--figure\"><img loading=\"lazy\" decoding=\"async\" width=\"1024\" height=\"683\" alt=\"\" class=\"wp-image-17859\" data-id=\"17859\" data-link=\"https:\/\/www.ejercito.mil.uy\/?attachment_id=17859\" src=\"https:\/\/www.ejercito.mil.uy\/wp-content\/uploads\/2022\/12\/Clausura-de-los-cursos-del-Liceo-Militar-21-1024x683.jpg\" srcset=\"https:\/\/www.ejercito.mil.uy\/wp-content\/uploads\/2022\/12\/Clausura-de-los-cursos-del-Liceo-Militar-21-1024x683.jpg 1024w, https:\/\/www.ejercito.mil.uy\/wp-content\/uploads\/2022\/12\/Clausura-de-los-cursos-del-Liceo-Militar-21-300x200.jpg 300w, https:\/\/www.ejercito.mil.uy\/wp-content\/uploads\/2022\/12\/Clausura-de-los-cursos-del-Liceo-Militar-21.jpg 1200w\" sizes=\"(max-width: 1024px) 100vw, 1024px\" \/><\/figure><figcaption class=\"coblocks-gallery--caption coblocks-gallery--primary-caption\"><\/figcaption><\/div><\/div><div class=\"swiper-slide\"><div class=\"coblocks-gallery--item\" role=\"button\" tabindex=\"3\"><figure class=\"coblocks-gallery--figure\"><img decoding=\"async\" alt=\"\" class=\"wp-image-17857\" data-id=\"17857\" data-link=\"https:\/\/www.ejercito.mil.uy\/?attachment_id=17857\" src=\"https:\/\/www.ejercito.mil.uy\/wp-content\/uploads\/2022\/12\/Clausura-de-los-cursos-del-Liceo-Militar-19-1024x683.jpg\"\/><\/figure><figcaption class=\"coblocks-gallery--caption coblocks-gallery--primary-caption\"><\/figcaption><\/div><\/div><div class=\"swiper-slide\"><div class=\"coblocks-gallery--item\" role=\"button\" tabindex=\"4\"><figure class=\"coblocks-gallery--figure\"><img decoding=\"async\" alt=\"\" class=\"wp-image-17855\" data-id=\"17855\" data-link=\"https:\/\/www.ejercito.mil.uy\/?attachment_id=17855\" src=\"https:\/\/www.ejercito.mil.uy\/wp-content\/uploads\/2022\/12\/Clausura-de-los-cursos-del-Liceo-Militar-17-1024x683.jpg\"\/><\/figure><figcaption class=\"coblocks-gallery--caption coblocks-gallery--primary-caption\"><\/figcaption><\/div><\/div><div class=\"swiper-slide\"><div class=\"coblocks-gallery--item\" role=\"button\" tabindex=\"5\"><figure class=\"coblocks-gallery--figure\"><img loading=\"lazy\" decoding=\"async\" width=\"1024\" height=\"683\" alt=\"\" class=\"wp-image-17901\" data-id=\"17901\" data-link=\"https:\/\/www.ejercito.mil.uy\/index.php\/2022\/12\/14\/clausura-de-los-cursos-del-liceo-militar\/facebook-1200x800-1\/\" src=\"https:\/\/www.ejercito.mil.uy\/wp-content\/uploads\/2022\/12\/FACEBOOK-1200x800-1-1024x683.jpg\" srcset=\"https:\/\/www.ejercito.mil.uy\/wp-content\/uploads\/2022\/12\/FACEBOOK-1200x800-1-1024x683.jpg 1024w, https:\/\/www.ejercito.mil.uy\/wp-content\/uploads\/2022\/12\/FACEBOOK-1200x800-1-300x200.jpg 300w, https:\/\/www.ejercito.mil.uy\/wp-content\/uploads\/2022\/12\/FACEBOOK-1200x800-1.jpg 1200w\" sizes=\"(max-width: 1024px) 100vw, 1024px\" \/><\/figure><figcaption class=\"coblocks-gallery--caption coblocks-gallery--primary-caption\"><\/figcaption><\/div><\/div><\/div><button class=\"nav-button__prev\" id=\"12345-prev\"><svg class=\"icon\" style=\"transform:rotate(180deg)\"><\/svg><\/button><button class=\"nav-button__next\" id=\"12345-next\"><svg class=\"icon\"><\/svg><\/button><\/div><\/div><\/div>\n\n\n\n<div style=\"height:50px\" aria-hidden=\"true\" class=\"wp-block-spacer\"><\/div>\n\n\n\n<p><br>Se entregaron los siguientes premios:<\/p>\n\n\n\n<div style=\"height:50px\" aria-hidden=\"true\" class=\"wp-block-spacer\"><\/div>\n\n\n\n<p><br>\u27a1 premio LM por excelencia acad\u00e9mica 6.\u00ba a\u00f1o \u2013 Thiago Mello<\/p>\n\n\n\n<div style=\"height:50px\" aria-hidden=\"true\" class=\"wp-block-spacer\"><\/div>\n\n\n\n<p><br>\u27a1 premio Sistema de Ense\u00f1anza del Ej\u00e9rcito por excelencia pre-militar \u2013 Esteban Castro<\/p>\n\n\n\n<div style=\"height:50px\" aria-hidden=\"true\" class=\"wp-block-spacer\"><\/div>\n\n\n\n<p><br>\u27a1 premio Secretaria Nacional de Deporte por excelencia en aptitud f\u00edsica \u2013 Ian Rodr\u00edguez<\/p>\n\n\n\n<div style=\"height:50px\" aria-hidden=\"true\" class=\"wp-block-spacer\"><\/div>\n\n\n\n<p><br>\u27a1 premio Ministerio de Educaci\u00f3n y Cultura por excelencia estudiantil \u2013 Nanami Cabrera<\/p>\n\n\n\n<div style=\"height:50px\" aria-hidden=\"true\" class=\"wp-block-spacer\"><\/div>\n\n\n\n<p><br>\u27a1 premio Fuerza A\u00e9rea Uruguaya por excelencia acad\u00e9mica 5.\u00ba a\u00f1o \u2013 Juan Pablo Silvera<\/p>\n\n\n\n<div style=\"height:50px\" aria-hidden=\"true\" class=\"wp-block-spacer\"><\/div>\n\n\n\n<p><br>\u27a1 premio Armada Nacional por excelencia acad\u00e9mica 4.\u00ba a\u00f1o \u2013 Valentina Pico<\/p>\n\n\n\n<div style=\"height:50px\" aria-hidden=\"true\" class=\"wp-block-spacer\"><\/div>\n\n\n\n<p><br>\u27a1 premio Ej\u00e9rcito Nacional por excelencia acad\u00e9mica \u2013 Thiago Mello<\/p>\n\n\n\n<div style=\"height:50px\" aria-hidden=\"true\" class=\"wp-block-spacer\"><\/div>\n\n\n\n<p><br>\u27a1 premio Estado Mayor de la Defensa al mejor compa\u00f1ero del curso que egresa \u2013 Segundo D\u00e1vila<\/p>\n\n\n\n<div style=\"height:50px\" aria-hidden=\"true\" class=\"wp-block-spacer\"><\/div>\n\n\n\n<p><br>\u27a1 premio Ministerio de Defensa Nacional por excelencia en conducta \u2013 Valentina Olgu\u00edn<\/p>\n\n\n\n<div style=\"height:50px\" aria-hidden=\"true\" class=\"wp-block-spacer\"><\/div>\n\n\n\n<p><br>\u27a1 premio Presidencia de la Rep\u00fablica por excelencia acad\u00e9mica \u2013 Thiago Mello<\/p>\n\n\n\n<div style=\"height:50px\" aria-hidden=\"true\" class=\"wp-block-spacer\"><\/div>\n\n\n\n<div aria-label=\"Carousel Gallery\" class=\"wp-block-coblocks-gallery-carousel\"><div class=\"coblocks-gallery-carousel-swiper-container is-cropped coblocks-gallery has-no-alignment has-caption-style-dark has-no-thumbnails\"><div class=\"has-carousel has-carousel-xlrg swiper-container\" data-swiper=\"{&quot;alignCells&quot;:false,&quot;autoPlay&quot;:false,&quot;autoPlaySpeed&quot;:3000,&quot;draggable&quot;:true,&quot;freeScroll&quot;:false,&quot;loop&quot;:false,&quot;navigation&quot;:true,&quot;pageDots&quot;:false,&quot;pauseHover&quot;:false,&quot;responsiveHeight&quot;:false,&quot;slidesPerView&quot;:1,&quot;thumbnails&quot;:false,&quot;uuid&quot;:&quot;12345&quot;}\" id=\"12345\" style=\"height:550px\"><div class=\"swiper-wrapper\"><div class=\"swiper-slide\"><div class=\"coblocks-gallery--item\" role=\"button\" tabindex=\"0\"><figure class=\"coblocks-gallery--figure\"><img loading=\"lazy\" decoding=\"async\" width=\"1024\" height=\"683\" alt=\"\" class=\"wp-image-17875\" data-id=\"17875\" data-link=\"https:\/\/www.ejercito.mil.uy\/?attachment_id=17875\" src=\"https:\/\/www.ejercito.mil.uy\/wp-content\/uploads\/2022\/12\/Clausura-de-los-cursos-del-Liceo-Militar-14-1024x683.jpg\" srcset=\"https:\/\/www.ejercito.mil.uy\/wp-content\/uploads\/2022\/12\/Clausura-de-los-cursos-del-Liceo-Militar-14-1024x683.jpg 1024w, https:\/\/www.ejercito.mil.uy\/wp-content\/uploads\/2022\/12\/Clausura-de-los-cursos-del-Liceo-Militar-14-300x200.jpg 300w, https:\/\/www.ejercito.mil.uy\/wp-content\/uploads\/2022\/12\/Clausura-de-los-cursos-del-Liceo-Militar-14.jpg 1200w\" sizes=\"(max-width: 1024px) 100vw, 1024px\" \/><\/figure><figcaption class=\"coblocks-gallery--caption coblocks-gallery--primary-caption\"><\/figcaption><\/div><\/div><div class=\"swiper-slide\"><div class=\"coblocks-gallery--item\" role=\"button\" tabindex=\"1\"><figure class=\"coblocks-gallery--figure\"><img decoding=\"async\" alt=\"\" class=\"wp-image-17876\" data-id=\"17876\" data-link=\"https:\/\/www.ejercito.mil.uy\/?attachment_id=17876\" src=\"https:\/\/www.ejercito.mil.uy\/wp-content\/uploads\/2022\/12\/Clausura-de-los-cursos-del-Liceo-Militar-2-1024x683.jpg\"\/><\/figure><figcaption class=\"coblocks-gallery--caption coblocks-gallery--primary-caption\"><\/figcaption><\/div><\/div><div class=\"swiper-slide\"><div class=\"coblocks-gallery--item\" role=\"button\" tabindex=\"2\"><figure class=\"coblocks-gallery--figure\"><img decoding=\"async\" alt=\"\" class=\"wp-image-17877\" data-id=\"17877\" data-link=\"https:\/\/www.ejercito.mil.uy\/?attachment_id=17877\" src=\"https:\/\/www.ejercito.mil.uy\/wp-content\/uploads\/2022\/12\/Clausura-de-los-cursos-del-Liceo-Militar-7-1024x683.jpg\"\/><\/figure><figcaption class=\"coblocks-gallery--caption coblocks-gallery--primary-caption\"><\/figcaption><\/div><\/div><div class=\"swiper-slide\"><div class=\"coblocks-gallery--item\" role=\"button\" tabindex=\"3\"><figure class=\"coblocks-gallery--figure\"><img decoding=\"async\" alt=\"\" class=\"wp-image-17878\" data-id=\"17878\" data-link=\"https:\/\/www.ejercito.mil.uy\/?attachment_id=17878\" src=\"https:\/\/www.ejercito.mil.uy\/wp-content\/uploads\/2022\/12\/Clausura-de-los-cursos-del-Liceo-Militar-8-1024x683.jpg\"\/><\/figure><figcaption class=\"coblocks-gallery--caption coblocks-gallery--primary-caption\"><\/figcaption><\/div><\/div><div class=\"swiper-slide\"><div class=\"coblocks-gallery--item\" role=\"button\" tabindex=\"4\"><figure class=\"coblocks-gallery--figure\"><img decoding=\"async\" alt=\"\" class=\"wp-image-17879\" data-id=\"17879\" data-link=\"https:\/\/www.ejercito.mil.uy\/?attachment_id=17879\" src=\"https:\/\/www.ejercito.mil.uy\/wp-content\/uploads\/2022\/12\/Clausura-de-los-cursos-del-Liceo-Militar-9-1024x683.jpg\"\/><\/figure><figcaption class=\"coblocks-gallery--caption coblocks-gallery--primary-caption\"><\/figcaption><\/div><\/div><div class=\"swiper-slide\"><div class=\"coblocks-gallery--item\" role=\"button\" tabindex=\"5\"><figure class=\"coblocks-gallery--figure\"><img decoding=\"async\" alt=\"\" class=\"wp-image-17880\" data-id=\"17880\" data-link=\"https:\/\/www.ejercito.mil.uy\/?attachment_id=17880\" src=\"https:\/\/www.ejercito.mil.uy\/wp-content\/uploads\/2022\/12\/Clausura-de-los-cursos-del-Liceo-Militar-10-1024x683.jpg\"\/><\/figure><figcaption class=\"coblocks-gallery--caption coblocks-gallery--primary-caption\"><\/figcaption><\/div><\/div><div class=\"swiper-slide\"><div class=\"coblocks-gallery--item\" role=\"button\" tabindex=\"6\"><figure class=\"coblocks-gallery--figure\"><img decoding=\"async\" alt=\"\" class=\"wp-image-17881\" data-id=\"17881\" data-link=\"https:\/\/www.ejercito.mil.uy\/?attachment_id=17881\" src=\"https:\/\/www.ejercito.mil.uy\/wp-content\/uploads\/2022\/12\/Clausura-de-los-cursos-del-Liceo-Militar-11-1024x683.jpg\"\/><\/figure><figcaption class=\"coblocks-gallery--caption coblocks-gallery--primary-caption\"><\/figcaption><\/div><\/div><div class=\"swiper-slide\"><div class=\"coblocks-gallery--item\" role=\"button\" tabindex=\"7\"><figure class=\"coblocks-gallery--figure\"><img decoding=\"async\" alt=\"\" class=\"wp-image-17882\" data-id=\"17882\" data-link=\"https:\/\/www.ejercito.mil.uy\/?attachment_id=17882\" src=\"https:\/\/www.ejercito.mil.uy\/wp-content\/uploads\/2022\/12\/Clausura-de-los-cursos-del-Liceo-Militar-12-1024x683.jpg\"\/><\/figure><figcaption class=\"coblocks-gallery--caption coblocks-gallery--primary-caption\"><\/figcaption><\/div><\/div><div class=\"swiper-slide\"><div class=\"coblocks-gallery--item\" role=\"button\" tabindex=\"8\"><figure class=\"coblocks-gallery--figure\"><img decoding=\"async\" alt=\"\" class=\"wp-image-17883\" data-id=\"17883\" data-link=\"https:\/\/www.ejercito.mil.uy\/?attachment_id=17883\" src=\"https:\/\/www.ejercito.mil.uy\/wp-content\/uploads\/2022\/12\/Clausura-de-los-cursos-del-Liceo-Militar-13-1024x683.jpg\"\/><\/figure><figcaption class=\"coblocks-gallery--caption coblocks-gallery--primary-caption\"><\/figcaption><\/div><\/div><\/div><button class=\"nav-button__prev\" id=\"12345-prev\"><svg class=\"icon\" style=\"transform:rotate(180deg)\"><\/svg><\/button><button class=\"nav-button__next\" id=\"12345-next\"><svg class=\"icon\"><\/svg><\/button><\/div><\/div><\/div>\n\n\n\n<div style=\"height:50px\" aria-hidden=\"true\" class=\"wp-block-spacer\"><\/div>\n\n\n\n<p><br>Para finalizar, el Cnel. C\u00f3rdoba hizo uso de la palabra, destacando el arduo trabajo de los alumnos, quienes desfilaron rindiendo honores a las autoridades presentes.<\/p>\n\n\n\n<div style=\"height:50px\" aria-hidden=\"true\" class=\"wp-block-spacer\"><\/div>\n\n\n\n<div aria-label=\"Carousel Gallery\" class=\"wp-block-coblocks-gallery-carousel\"><div class=\"coblocks-gallery-carousel-swiper-container is-cropped coblocks-gallery has-no-alignment has-caption-style-dark has-horizontal-gutter has-no-thumbnails\"><div class=\"has-carousel has-carousel-xlrg swiper-container\" data-swiper=\"{&quot;alignCells&quot;:false,&quot;autoPlay&quot;:true,&quot;autoPlaySpeed&quot;:&quot;5000&quot;,&quot;draggable&quot;:true,&quot;freeScroll&quot;:false,&quot;loop&quot;:true,&quot;navigation&quot;:true,&quot;pageDots&quot;:false,&quot;pauseHover&quot;:false,&quot;responsiveHeight&quot;:false,&quot;slidesPerView&quot;:1,&quot;thumbnails&quot;:false,&quot;uuid&quot;:&quot;12345&quot;}\" id=\"12345\" style=\"height:550px\"><div class=\"swiper-wrapper\"><div class=\"swiper-slide\"><div class=\"coblocks-gallery--item\" role=\"button\" tabindex=\"0\"><figure class=\"coblocks-gallery--figure has-margin-left-5 has-margin-left-mobile-5 has-margin-right-5 has-margin-right-mobile-5\"><img loading=\"lazy\" decoding=\"async\" width=\"1024\" height=\"683\" alt=\"\" class=\"wp-image-17884\" data-id=\"17884\" data-link=\"https:\/\/www.ejercito.mil.uy\/?attachment_id=17884\" src=\"https:\/\/www.ejercito.mil.uy\/wp-content\/uploads\/2022\/12\/Clausura-de-los-cursos-del-Liceo-Militar-6-1024x683.jpg\" srcset=\"https:\/\/www.ejercito.mil.uy\/wp-content\/uploads\/2022\/12\/Clausura-de-los-cursos-del-Liceo-Militar-6-1024x683.jpg 1024w, https:\/\/www.ejercito.mil.uy\/wp-content\/uploads\/2022\/12\/Clausura-de-los-cursos-del-Liceo-Militar-6-300x200.jpg 300w, https:\/\/www.ejercito.mil.uy\/wp-content\/uploads\/2022\/12\/Clausura-de-los-cursos-del-Liceo-Militar-6.jpg 1200w\" sizes=\"(max-width: 1024px) 100vw, 1024px\" \/><\/figure><figcaption class=\"coblocks-gallery--caption coblocks-gallery--primary-caption\"><\/figcaption><\/div><\/div><div class=\"swiper-slide\"><div class=\"coblocks-gallery--item\" role=\"button\" tabindex=\"1\"><figure class=\"coblocks-gallery--figure has-margin-left-5 has-margin-left-mobile-5 has-margin-right-5 has-margin-right-mobile-5\"><img decoding=\"async\" alt=\"\" class=\"wp-image-17887\" data-id=\"17887\" data-link=\"https:\/\/www.ejercito.mil.uy\/?attachment_id=17887\" src=\"https:\/\/www.ejercito.mil.uy\/wp-content\/uploads\/2022\/12\/Clausura-de-los-cursos-del-Liceo-Militar-4-1024x683.jpg\"\/><\/figure><figcaption class=\"coblocks-gallery--caption coblocks-gallery--primary-caption\"><\/figcaption><\/div><\/div><div class=\"swiper-slide\"><div class=\"coblocks-gallery--item\" role=\"button\" tabindex=\"2\"><figure class=\"coblocks-gallery--figure has-margin-left-5 has-margin-left-mobile-5 has-margin-right-5 has-margin-right-mobile-5\"><img decoding=\"async\" alt=\"\" class=\"wp-image-17886\" data-id=\"17886\" data-link=\"https:\/\/www.ejercito.mil.uy\/?attachment_id=17886\" src=\"https:\/\/www.ejercito.mil.uy\/wp-content\/uploads\/2022\/12\/Clausura-de-los-cursos-del-Liceo-Militar-3-1024x683.jpg\"\/><\/figure><figcaption class=\"coblocks-gallery--caption coblocks-gallery--primary-caption\"><\/figcaption><\/div><\/div><\/div><button class=\"nav-button__prev\" id=\"12345-prev\"><svg class=\"icon\" style=\"transform:rotate(180deg)\"><\/svg><\/button><button class=\"nav-button__next\" id=\"12345-next\"><svg class=\"icon\"><\/svg><\/button><\/div><\/div><\/div>\n\n\n\n<div style=\"height:50px\" aria-hidden=\"true\" class=\"wp-block-spacer\"><\/div>\n\n\n\n<p><br>Egresaron en total 153 alumnos, 124 en Montevideo y 29 en el Anexo Norte.<\/p>\n\n\n\n<div style=\"height:50px\" aria-hidden=\"true\" class=\"wp-block-spacer\"><\/div>\n\n\n\n<p><br>Se cont\u00f3 con la presencia, adem\u00e1s del Sr. Comandante en Jefe del Ej\u00e9rcito, Gral. de Ej\u00e9rcito Gerardo Fregossi, el Sr. Director General del Sistema de Ense\u00f1anza del Ej\u00e9rcito, Gral. Mario Moreira, entre otras autoridades civiles y militares.<\/p>\n","protected":false},"excerpt":{"rendered":"<p>14.12.2022 &#8211; En la ma\u00f1ana de hoy, se realiz\u00f3 la clausura de los cursos 2022 del Liceo Militar \u00abGeneral Artigas\u00bb, en su sede de Montevideo. <\/p>\n","protected":false},"author":14,"featured_media":17852,"comment_status":"open","ping_status":"open","sticky":false,"template":"","format":"standard","meta":{"_coblocks_attr":"","_coblocks_dimensions":"","_coblocks_responsive_height":"","_coblocks_accordion_ie_support":"","_monsterinsights_skip_tracking":false,"_monsterinsights_sitenote_active":false,"_monsterinsights_sitenote_note":"","_monsterinsights_sitenote_category":0,"_uf_show_specific_survey":0,"_uf_disable_surveys":false,"footnotes":""},"categories":[2,10,14,1],"tags":[337,44,589,188,771,455],"class_list":["post-17849","post","type-post","status-publish","format-standard","has-post-thumbnail","hentry","category-blog","category-destacados","category-noticias","category-sin-categoria","tag-alumnos","tag-ceremonia","tag-clausura","tag-cursos","tag-lm","tag-premios"],"aioseo_notices":[],"_links":{"self":[{"href":"https:\/\/www.ejercito.mil.uy\/index.php\/wp-json\/wp\/v2\/posts\/17849","targetHints":{"allow":["GET"]}}],"collection":[{"href":"https:\/\/www.ejercito.mil.uy\/index.php\/wp-json\/wp\/v2\/posts"}],"about":[{"href":"https:\/\/www.ejercito.mil.uy\/index.php\/wp-json\/wp\/v2\/types\/post"}],"author":[{"embeddable":true,"href":"https:\/\/www.ejercito.mil.uy\/index.php\/wp-json\/wp\/v2\/users\/14"}],"replies":[{"embeddable":true,"href":"https:\/\/www.ejercito.mil.uy\/index.php\/wp-json\/wp\/v2\/comments?post=17849"}],"version-history":[{"count":6,"href":"https:\/\/www.ejercito.mil.uy\/index.php\/wp-json\/wp\/v2\/posts\/17849\/revisions"}],"predecessor-version":[{"id":17902,"href":"https:\/\/www.ejercito.mil.uy\/index.php\/wp-json\/wp\/v2\/posts\/17849\/revisions\/17902"}],"wp:featuredmedia":[{"embeddable":true,"href":"https:\/\/www.ejercito.mil.uy\/index.php\/wp-json\/wp\/v2\/media\/17852"}],"wp:attachment":[{"href":"https:\/\/www.ejercito.mil.uy\/index.php\/wp-json\/wp\/v2\/media?parent=17849"}],"wp:term":[{"taxonomy":"category","embeddable":true,"href":"https:\/\/www.ejercito.mil.uy\/index.php\/wp-json\/wp\/v2\/categories?post=17849"},{"taxonomy":"post_tag","embeddable":true,"href":"https:\/\/www.ejercito.mil.uy\/index.php\/wp-json\/wp\/v2\/tags?post=17849"}],"curies":[{"name":"wp","href":"https:\/\/api.w.org\/{rel}","templated":true}]}}