{"id":1807,"date":"2021-04-05T10:24:00","date_gmt":"2021-04-05T13:24:00","guid":{"rendered":"https:\/\/www.ejercito.mil.uy\/?p=1807"},"modified":"2021-04-09T10:38:12","modified_gmt":"2021-04-09T13:38:12","slug":"apoyos-que-suman","status":"publish","type":"post","link":"https:\/\/www.ejercito.mil.uy\/index.php\/2021\/04\/05\/apoyos-que-suman\/","title":{"rendered":"Apoyos que suman"},"content":{"rendered":"\n<h2 class=\"wp-block-heading\"><\/h2>\n\n\n\n<p class=\"wp-block-paragraph\">05.04.2021 &#8211; Vichadero y Tranqueras, Rivera<\/p>\n\n\n\n<div style=\"height:35px\" aria-hidden=\"true\" class=\"wp-block-spacer\"><\/div>\n\n\n\n<p class=\"wp-block-paragraph\">El <strong>Escuadr\u00f3n \u201cVichadero\u201d<\/strong> en coordinaci\u00f3n con el Municipio de la localidad de Vichadero, confecciona a diario 1<strong>50 plazas de comida<\/strong>, almuerzo que es distribuido a los compatriotas m\u00e1s vulnerables por la emergencia sanitaria.<\/p>\n\n\n\n<div style=\"height:35px\" aria-hidden=\"true\" class=\"wp-block-spacer\"><\/div>\n\n\n\n<div class=\"wp-block-coblocks-gallery-carousel\"><div class=\"is-cropped coblocks-gallery has-no-alignment has-caption-style-dark has-horizontal-gutter has-lightbox\"><div class=\"has-carousel has-carousel-lrg\" style=\"height:400px\" data-flickity=\"{&quot;autoPlay&quot;:4000,&quot;draggable&quot;:true,&quot;pageDots&quot;:false,&quot;prevNextButtons&quot;:true,&quot;wrapAround&quot;:true,&quot;cellAlign&quot;:&quot;center&quot;,&quot;pauseAutoPlayOnHover&quot;:false,&quot;freeScroll&quot;:true,&quot;arrowShape&quot;:{&quot;x0&quot;:10,&quot;x1&quot;:60,&quot;y1&quot;:50,&quot;x2&quot;:65,&quot;y2&quot;:45,&quot;x3&quot;:20},&quot;thumbnails&quot;:false,&quot;responsiveHeight&quot;:false}\"><div class=\"coblocks-gallery--item\"><figure class=\"coblocks-gallery--figure has-margin-left-10 has-margin-left-mobile-5 has-margin-right-10 has-margin-right-mobile-5\"><img loading=\"lazy\" decoding=\"async\" width=\"1024\" height=\"683\" src=\"https:\/\/www.ejercito.mil.uy\/wp-content\/uploads\/2021\/04\/Apoyo-1-1-1024x683.jpg\" alt=\"\" data-id=\"1809\" data-link=\"https:\/\/www.ejercito.mil.uy\/?attachment_id=1809\" class=\"wp-image-1809\" srcset=\"https:\/\/www.ejercito.mil.uy\/wp-content\/uploads\/2021\/04\/Apoyo-1-1-1024x683.jpg 1024w, https:\/\/www.ejercito.mil.uy\/wp-content\/uploads\/2021\/04\/Apoyo-1-1-300x200.jpg 300w, https:\/\/www.ejercito.mil.uy\/wp-content\/uploads\/2021\/04\/Apoyo-1-1.jpg 1200w\" sizes=\"auto, (max-width: 1024px) 100vw, 1024px\" \/><\/figure><\/div><div class=\"coblocks-gallery--item\"><figure class=\"coblocks-gallery--figure has-margin-left-10 has-margin-left-mobile-5 has-margin-right-10 has-margin-right-mobile-5\"><img loading=\"lazy\" decoding=\"async\" width=\"1024\" height=\"683\" src=\"https:\/\/www.ejercito.mil.uy\/wp-content\/uploads\/2021\/04\/Apoyo-3-1-1024x683.jpg\" alt=\"\" data-id=\"1814\" data-link=\"https:\/\/www.ejercito.mil.uy\/?attachment_id=1814\" class=\"wp-image-1814\" srcset=\"https:\/\/www.ejercito.mil.uy\/wp-content\/uploads\/2021\/04\/Apoyo-3-1-1024x683.jpg 1024w, https:\/\/www.ejercito.mil.uy\/wp-content\/uploads\/2021\/04\/Apoyo-3-1-300x200.jpg 300w, https:\/\/www.ejercito.mil.uy\/wp-content\/uploads\/2021\/04\/Apoyo-3-1.jpg 1200w\" sizes=\"auto, (max-width: 1024px) 100vw, 1024px\" \/><\/figure><\/div><div class=\"coblocks-gallery--item\"><figure class=\"coblocks-gallery--figure has-margin-left-10 has-margin-left-mobile-5 has-margin-right-10 has-margin-right-mobile-5\"><img loading=\"lazy\" decoding=\"async\" width=\"1024\" height=\"683\" src=\"https:\/\/www.ejercito.mil.uy\/wp-content\/uploads\/2021\/04\/Apoyo-4-1-1024x683.jpg\" alt=\"\" data-id=\"1815\" data-link=\"https:\/\/www.ejercito.mil.uy\/?attachment_id=1815\" class=\"wp-image-1815\" srcset=\"https:\/\/www.ejercito.mil.uy\/wp-content\/uploads\/2021\/04\/Apoyo-4-1-1024x683.jpg 1024w, https:\/\/www.ejercito.mil.uy\/wp-content\/uploads\/2021\/04\/Apoyo-4-1-300x200.jpg 300w, https:\/\/www.ejercito.mil.uy\/wp-content\/uploads\/2021\/04\/Apoyo-4-1.jpg 1200w\" sizes=\"auto, (max-width: 1024px) 100vw, 1024px\" \/><\/figure><\/div><div class=\"coblocks-gallery--item\"><figure class=\"coblocks-gallery--figure has-margin-left-10 has-margin-left-mobile-5 has-margin-right-10 has-margin-right-mobile-5\"><img loading=\"lazy\" decoding=\"async\" width=\"1024\" height=\"683\" src=\"https:\/\/www.ejercito.mil.uy\/wp-content\/uploads\/2021\/04\/Apoyo-6-1-1024x683.jpg\" alt=\"\" data-id=\"1816\" data-link=\"https:\/\/www.ejercito.mil.uy\/?attachment_id=1816\" class=\"wp-image-1816\" srcset=\"https:\/\/www.ejercito.mil.uy\/wp-content\/uploads\/2021\/04\/Apoyo-6-1-1024x683.jpg 1024w, https:\/\/www.ejercito.mil.uy\/wp-content\/uploads\/2021\/04\/Apoyo-6-1-300x200.jpg 300w, https:\/\/www.ejercito.mil.uy\/wp-content\/uploads\/2021\/04\/Apoyo-6-1.jpg 1200w\" sizes=\"auto, (max-width: 1024px) 100vw, 1024px\" \/><\/figure><\/div><div class=\"coblocks-gallery--item\"><figure class=\"coblocks-gallery--figure has-margin-left-10 has-margin-left-mobile-5 has-margin-right-10 has-margin-right-mobile-5\"><img loading=\"lazy\" decoding=\"async\" width=\"1024\" height=\"683\" src=\"https:\/\/www.ejercito.mil.uy\/wp-content\/uploads\/2021\/04\/Apoyo-7-1-1024x683.jpg\" alt=\"\" data-id=\"1817\" data-link=\"https:\/\/www.ejercito.mil.uy\/?attachment_id=1817\" class=\"wp-image-1817\" srcset=\"https:\/\/www.ejercito.mil.uy\/wp-content\/uploads\/2021\/04\/Apoyo-7-1-1024x683.jpg 1024w, https:\/\/www.ejercito.mil.uy\/wp-content\/uploads\/2021\/04\/Apoyo-7-1-300x200.jpg 300w, https:\/\/www.ejercito.mil.uy\/wp-content\/uploads\/2021\/04\/Apoyo-7-1.jpg 1200w\" sizes=\"auto, (max-width: 1024px) 100vw, 1024px\" \/><\/figure><\/div><\/div><\/div><\/div>\n\n\n\n<div style=\"height:35px\" aria-hidden=\"true\" class=\"wp-block-spacer\"><\/div>\n\n\n\n<p class=\"wp-block-paragraph\">A su vez, el <strong>Escuadr\u00f3n<\/strong> y el <strong>Regimiento \u00abBrig. Gral. Fructuoso Rivera\u00bb de Caballer\u00eda Mecanizado N\u00b0 3<\/strong>, apoyaron a la Red de Atenci\u00f3n Primaria (RAP) de Rivera, instalando dos carpas, una en Vichadero y otra en la ciudad de Tranqueras, con el objetivo de facilitar nuevos espacios para realizar hisopados ante el aumento de casos de COVID19.<\/p>\n\n\n\n<div style=\"height:35px\" aria-hidden=\"true\" class=\"wp-block-spacer\"><\/div>\n\n\n\n<figure class=\"wp-block-gallery columns-2 is-cropped wp-block-gallery-1 is-layout-flex wp-block-gallery-is-layout-flex\"><ul class=\"blocks-gallery-grid\"><li class=\"blocks-gallery-item\"><figure><img loading=\"lazy\" decoding=\"async\" width=\"1024\" height=\"683\" src=\"https:\/\/www.ejercito.mil.uy\/wp-content\/uploads\/2021\/04\/Apoyo-5-1024x683.jpg\" alt=\"\" data-id=\"1819\" data-full-url=\"https:\/\/www.ejercito.mil.uy\/wp-content\/uploads\/2021\/04\/Apoyo-5.jpg\" data-link=\"https:\/\/www.ejercito.mil.uy\/?attachment_id=1819\" class=\"wp-image-1819\" srcset=\"https:\/\/www.ejercito.mil.uy\/wp-content\/uploads\/2021\/04\/Apoyo-5-1024x683.jpg 1024w, https:\/\/www.ejercito.mil.uy\/wp-content\/uploads\/2021\/04\/Apoyo-5-300x200.jpg 300w, https:\/\/www.ejercito.mil.uy\/wp-content\/uploads\/2021\/04\/Apoyo-5.jpg 1200w\" sizes=\"auto, (max-width: 1024px) 100vw, 1024px\" \/><\/figure><\/li><li class=\"blocks-gallery-item\"><figure><img loading=\"lazy\" decoding=\"async\" width=\"1024\" height=\"683\" src=\"https:\/\/www.ejercito.mil.uy\/wp-content\/uploads\/2021\/04\/Apoyo-8-1024x683.jpg\" alt=\"\" data-id=\"1820\" data-full-url=\"https:\/\/www.ejercito.mil.uy\/wp-content\/uploads\/2021\/04\/Apoyo-8.jpg\" data-link=\"https:\/\/www.ejercito.mil.uy\/?attachment_id=1820\" class=\"wp-image-1820\" srcset=\"https:\/\/www.ejercito.mil.uy\/wp-content\/uploads\/2021\/04\/Apoyo-8-1024x683.jpg 1024w, https:\/\/www.ejercito.mil.uy\/wp-content\/uploads\/2021\/04\/Apoyo-8-300x200.jpg 300w, https:\/\/www.ejercito.mil.uy\/wp-content\/uploads\/2021\/04\/Apoyo-8.jpg 1200w\" sizes=\"auto, (max-width: 1024px) 100vw, 1024px\" \/><\/figure><\/li><\/ul><\/figure>\n","protected":false},"excerpt":{"rendered":"<p>05.04.2021 &#8211; Vichadero y Tranqueras, Rivera El Escuadr\u00f3n \u201cVichadero\u201d en coordinaci\u00f3n con el Municipio de la localidad de Vichadero, confecciona a diario 150 plazas de comida, almuerzo que es distribuido a los compatriotas m\u00e1s vulnerables por la emergencia sanitaria. A su vez, el Escuadr\u00f3n y el Regimiento \u00abBrig. Gral. Fructuoso Rivera\u00bb de Caballer\u00eda Mecanizado N\u00b0 <a href=\"https:\/\/www.ejercito.mil.uy\/index.php\/2021\/04\/05\/apoyos-que-suman\/\" class=\"more-link\">&#8230;<span class=\"screen-reader-text\">  Apoyos que suman<\/span><\/a><\/p>\n","protected":false},"author":4,"featured_media":1818,"comment_status":"open","ping_status":"open","sticky":false,"template":"","format":"standard","meta":{"_coblocks_attr":"","_coblocks_dimensions":"","_coblocks_responsive_height":"","_coblocks_accordion_ie_support":"","_monsterinsights_skip_tracking":false,"_uf_show_specific_survey":0,"_uf_disable_surveys":false,"footnotes":""},"categories":[2,14],"tags":[27,29,28],"class_list":["post-1807","post","type-post","status-publish","format-standard","has-post-thumbnail","hentry","category-blog","category-noticias","tag-apoyo","tag-comunidad","tag-social"],"aioseo_notices":[],"aioseo_head":"\n\t\t<!-- All in One SEO 5.0.1.1 - aioseo.com -->\n\t<meta name=\"description\" content=\"05.04.2021 - Vichadero y Tranqueras, Rivera El Escuadr\u00f3n \u201cVichadero\u201d en coordinaci\u00f3n con el Municipio de la localidad de Vichadero, confecciona a diario 150 plazas de comida, almuerzo que es distribuido a los compatriotas m\u00e1s vulnerables por la emergencia sanitaria. A su vez, el Escuadr\u00f3n y el Regimiento &quot;Brig. Gral. Fructuoso Rivera&quot; de Caballer\u00eda Mecanizado N\u00b0\" \/>\n\t<meta name=\"robots\" content=\"max-image-preview:large\" \/>\n\t<meta name=\"author\" content=\"Alejandro Castro\"\/>\n\t<link rel=\"canonical\" href=\"https:\/\/www.ejercito.mil.uy\/index.php\/2021\/04\/05\/apoyos-que-suman\/\" \/>\n\t<meta name=\"generator\" content=\"All in One SEO (AIOSEO) 5.0.1.1\" \/>\n\t\t<meta property=\"og:locale\" content=\"es_ES\" \/>\n\t\t<meta property=\"og:site_name\" content=\"Ej\u00e9rcito Nacional - La Fuerza de todos\" \/>\n\t\t<meta property=\"og:type\" content=\"article\" \/>\n\t\t<meta property=\"og:title\" content=\"Apoyos que suman - Ej\u00e9rcito Nacional\" \/>\n\t\t<meta property=\"og:description\" content=\"05.04.2021 - Vichadero y Tranqueras, Rivera El Escuadr\u00f3n \u201cVichadero\u201d en coordinaci\u00f3n con el Municipio de la localidad de Vichadero, confecciona a diario 150 plazas de comida, almuerzo que es distribuido a los compatriotas m\u00e1s vulnerables por la emergencia sanitaria. A su vez, el Escuadr\u00f3n y el Regimiento &quot;Brig. Gral. Fructuoso Rivera&quot; de Caballer\u00eda Mecanizado N\u00b0\" \/>\n\t\t<meta property=\"og:url\" content=\"https:\/\/www.ejercito.mil.uy\/index.php\/2021\/04\/05\/apoyos-que-suman\/\" \/>\n\t\t<meta property=\"og:image\" content=\"https:\/\/www.ejercito.mil.uy\/wp-content\/uploads\/2022\/01\/Escudo_EN_URUGUAY.png\" \/>\n\t\t<meta property=\"og:image:secure_url\" content=\"https:\/\/www.ejercito.mil.uy\/wp-content\/uploads\/2022\/01\/Escudo_EN_URUGUAY.png\" \/>\n\t\t<meta property=\"og:image:width\" content=\"134\" \/>\n\t\t<meta property=\"og:image:height\" content=\"119\" \/>\n\t\t<meta property=\"article:published_time\" content=\"2021-04-05T13:24:00+00:00\" \/>\n\t\t<meta property=\"article:modified_time\" content=\"2021-04-09T13:38:12+00:00\" \/>\n\t\t<meta name=\"twitter:card\" content=\"summary_large_image\" \/>\n\t\t<meta name=\"twitter:title\" content=\"Apoyos que suman - Ej\u00e9rcito Nacional\" \/>\n\t\t<meta name=\"twitter:description\" content=\"05.04.2021 - Vichadero y Tranqueras, Rivera El Escuadr\u00f3n \u201cVichadero\u201d en coordinaci\u00f3n con el Municipio de la localidad de Vichadero, confecciona a diario 150 plazas de comida, almuerzo que es distribuido a los compatriotas m\u00e1s vulnerables por la emergencia sanitaria. A su vez, el Escuadr\u00f3n y el Regimiento &quot;Brig. Gral. Fructuoso Rivera&quot; de Caballer\u00eda Mecanizado N\u00b0\" \/>\n\t\t<meta name=\"twitter:image\" content=\"https:\/\/www.ejercito.mil.uy\/wp-content\/uploads\/2022\/01\/Escudo_EN_URUGUAY.png\" \/>\n\t\t<script type=\"application\/ld+json\" class=\"aioseo-schema\">\n\t\t\t{\"@context\":\"https:\\\/\\\/schema.org\",\"@graph\":[{\"@type\":\"BlogPosting\",\"@id\":\"https:\\\/\\\/www.ejercito.mil.uy\\\/index.php\\\/2021\\\/04\\\/05\\\/apoyos-que-suman\\\/#blogposting\",\"name\":\"Apoyos que suman - Ej\\u00e9rcito Nacional\",\"headline\":\"Apoyos que suman\",\"author\":{\"@id\":\"https:\\\/\\\/www.ejercito.mil.uy\\\/index.php\\\/author\\\/acastro\\\/#author\"},\"publisher\":{\"@id\":\"https:\\\/\\\/www.ejercito.mil.uy\\\/#organization\"},\"image\":{\"@type\":\"ImageObject\",\"url\":\"https:\\\/\\\/www.ejercito.mil.uy\\\/wp-content\\\/uploads\\\/2021\\\/04\\\/Apoyo-2.jpg\",\"width\":1200,\"height\":800,\"caption\":\"Apoyo\"},\"datePublished\":\"2021-04-05T10:24:00-03:00\",\"dateModified\":\"2021-04-09T10:38:12-03:00\",\"inLanguage\":\"es-UY\",\"mainEntityOfPage\":{\"@id\":\"https:\\\/\\\/www.ejercito.mil.uy\\\/index.php\\\/2021\\\/04\\\/05\\\/apoyos-que-suman\\\/#webpage\"},\"isPartOf\":{\"@id\":\"https:\\\/\\\/www.ejercito.mil.uy\\\/index.php\\\/2021\\\/04\\\/05\\\/apoyos-que-suman\\\/#webpage\"},\"articleSection\":\"Blog, Noticias, apoyo, comunidad, social\"},{\"@type\":\"BreadcrumbList\",\"@id\":\"https:\\\/\\\/www.ejercito.mil.uy\\\/index.php\\\/2021\\\/04\\\/05\\\/apoyos-que-suman\\\/#breadcrumblist\",\"itemListElement\":[{\"@type\":\"ListItem\",\"@id\":\"https:\\\/\\\/www.ejercito.mil.uy#listItem\",\"position\":1,\"name\":\"Home\",\"item\":\"https:\\\/\\\/www.ejercito.mil.uy\",\"nextItem\":{\"@type\":\"ListItem\",\"@id\":\"https:\\\/\\\/www.ejercito.mil.uy\\\/index.php\\\/category\\\/destacados\\\/#listItem\",\"name\":\"Destacados\"}},{\"@type\":\"ListItem\",\"@id\":\"https:\\\/\\\/www.ejercito.mil.uy\\\/index.php\\\/category\\\/destacados\\\/#listItem\",\"position\":2,\"name\":\"Destacados\",\"item\":\"https:\\\/\\\/www.ejercito.mil.uy\\\/index.php\\\/category\\\/destacados\\\/\",\"nextItem\":{\"@type\":\"ListItem\",\"@id\":\"https:\\\/\\\/www.ejercito.mil.uy\\\/index.php\\\/category\\\/destacados\\\/noticias\\\/#listItem\",\"name\":\"Noticias\"},\"previousItem\":{\"@type\":\"ListItem\",\"@id\":\"https:\\\/\\\/www.ejercito.mil.uy#listItem\",\"name\":\"Home\"}},{\"@type\":\"ListItem\",\"@id\":\"https:\\\/\\\/www.ejercito.mil.uy\\\/index.php\\\/category\\\/destacados\\\/noticias\\\/#listItem\",\"position\":3,\"name\":\"Noticias\",\"item\":\"https:\\\/\\\/www.ejercito.mil.uy\\\/index.php\\\/category\\\/destacados\\\/noticias\\\/\",\"nextItem\":{\"@type\":\"ListItem\",\"@id\":\"https:\\\/\\\/www.ejercito.mil.uy\\\/index.php\\\/2021\\\/04\\\/05\\\/apoyos-que-suman\\\/#listItem\",\"name\":\"Apoyos que suman\"},\"previousItem\":{\"@type\":\"ListItem\",\"@id\":\"https:\\\/\\\/www.ejercito.mil.uy\\\/index.php\\\/category\\\/destacados\\\/#listItem\",\"name\":\"Destacados\"}},{\"@type\":\"ListItem\",\"@id\":\"https:\\\/\\\/www.ejercito.mil.uy\\\/index.php\\\/2021\\\/04\\\/05\\\/apoyos-que-suman\\\/#listItem\",\"position\":4,\"name\":\"Apoyos que suman\",\"previousItem\":{\"@type\":\"ListItem\",\"@id\":\"https:\\\/\\\/www.ejercito.mil.uy\\\/index.php\\\/category\\\/destacados\\\/noticias\\\/#listItem\",\"name\":\"Noticias\"}}]},{\"@type\":\"Organization\",\"@id\":\"https:\\\/\\\/www.ejercito.mil.uy\\\/#organization\",\"name\":\"Ej\\u00e9rcito Nacional\",\"description\":\"La Fuerza de todos\",\"url\":\"https:\\\/\\\/www.ejercito.mil.uy\\\/\",\"logo\":{\"@type\":\"ImageObject\",\"url\":\"https:\\\/\\\/www.ejercito.mil.uy\\\/wp-content\\\/uploads\\\/2022\\\/01\\\/Escudo_EN_URUGUAY.png\",\"@id\":\"https:\\\/\\\/www.ejercito.mil.uy\\\/index.php\\\/2021\\\/04\\\/05\\\/apoyos-que-suman\\\/#organizationLogo\",\"width\":134,\"height\":119},\"image\":{\"@id\":\"https:\\\/\\\/www.ejercito.mil.uy\\\/index.php\\\/2021\\\/04\\\/05\\\/apoyos-que-suman\\\/#organizationLogo\"}},{\"@type\":\"Person\",\"@id\":\"https:\\\/\\\/www.ejercito.mil.uy\\\/index.php\\\/author\\\/acastro\\\/#author\",\"url\":\"https:\\\/\\\/www.ejercito.mil.uy\\\/index.php\\\/author\\\/acastro\\\/\",\"name\":\"Alejandro Castro\",\"image\":{\"@type\":\"ImageObject\",\"@id\":\"https:\\\/\\\/www.ejercito.mil.uy\\\/index.php\\\/2021\\\/04\\\/05\\\/apoyos-que-suman\\\/#authorImage\",\"url\":\"https:\\\/\\\/secure.gravatar.com\\\/avatar\\\/89bb77d4bf696501dd94ca89e6794e1787eaffba7c7197528d249e15bd099f68?s=96&d=mm&r=g\",\"width\":96,\"height\":96,\"caption\":\"Alejandro Castro\"}},{\"@type\":\"WebPage\",\"@id\":\"https:\\\/\\\/www.ejercito.mil.uy\\\/index.php\\\/2021\\\/04\\\/05\\\/apoyos-que-suman\\\/#webpage\",\"url\":\"https:\\\/\\\/www.ejercito.mil.uy\\\/index.php\\\/2021\\\/04\\\/05\\\/apoyos-que-suman\\\/\",\"name\":\"Apoyos que suman - Ej\\u00e9rcito Nacional\",\"description\":\"05.04.2021 - Vichadero y Tranqueras, Rivera El Escuadr\\u00f3n \\u201cVichadero\\u201d en coordinaci\\u00f3n con el Municipio de la localidad de Vichadero, confecciona a diario 150 plazas de comida, almuerzo que es distribuido a los compatriotas m\\u00e1s vulnerables por la emergencia sanitaria. A su vez, el Escuadr\\u00f3n y el Regimiento \\\"Brig. Gral. Fructuoso Rivera\\\" de Caballer\\u00eda Mecanizado N\\u00b0\",\"inLanguage\":\"es-UY\",\"isPartOf\":{\"@id\":\"https:\\\/\\\/www.ejercito.mil.uy\\\/#website\"},\"breadcrumb\":{\"@id\":\"https:\\\/\\\/www.ejercito.mil.uy\\\/index.php\\\/2021\\\/04\\\/05\\\/apoyos-que-suman\\\/#breadcrumblist\"},\"author\":{\"@id\":\"https:\\\/\\\/www.ejercito.mil.uy\\\/index.php\\\/author\\\/acastro\\\/#author\"},\"creator\":{\"@id\":\"https:\\\/\\\/www.ejercito.mil.uy\\\/index.php\\\/author\\\/acastro\\\/#author\"},\"image\":{\"@type\":\"ImageObject\",\"url\":\"https:\\\/\\\/www.ejercito.mil.uy\\\/wp-content\\\/uploads\\\/2021\\\/04\\\/Apoyo-2.jpg\",\"@id\":\"https:\\\/\\\/www.ejercito.mil.uy\\\/index.php\\\/2021\\\/04\\\/05\\\/apoyos-que-suman\\\/#mainImage\",\"width\":1200,\"height\":800,\"caption\":\"Apoyo\"},\"primaryImageOfPage\":{\"@id\":\"https:\\\/\\\/www.ejercito.mil.uy\\\/index.php\\\/2021\\\/04\\\/05\\\/apoyos-que-suman\\\/#mainImage\"},\"datePublished\":\"2021-04-05T10:24:00-03:00\",\"dateModified\":\"2021-04-09T10:38:12-03:00\"},{\"@type\":\"WebSite\",\"@id\":\"https:\\\/\\\/www.ejercito.mil.uy\\\/#website\",\"url\":\"https:\\\/\\\/www.ejercito.mil.uy\\\/\",\"name\":\"Ej\\u00e9rcito Nacional\",\"description\":\"La Fuerza de todos\",\"inLanguage\":\"es-UY\",\"publisher\":{\"@id\":\"https:\\\/\\\/www.ejercito.mil.uy\\\/#organization\"}}]}\n\t\t<\/script>\n\t\t<!-- All in One SEO -->\n\n","aioseo_head_json":{"title":"Apoyos que suman - Ej\u00e9rcito Nacional","description":"05.04.2021 - Vichadero y Tranqueras, Rivera El Escuadr\u00f3n \u201cVichadero\u201d en coordinaci\u00f3n con el Municipio de la localidad de Vichadero, confecciona a diario 150 plazas de comida, almuerzo que es distribuido a los compatriotas m\u00e1s vulnerables por la emergencia sanitaria. A su vez, el Escuadr\u00f3n y el Regimiento \"Brig. Gral. Fructuoso Rivera\" de Caballer\u00eda Mecanizado N\u00b0","canonical_url":"https:\/\/www.ejercito.mil.uy\/index.php\/2021\/04\/05\/apoyos-que-suman\/","robots":"max-image-preview:large","keywords":"","webmasterTools":{"miscellaneous":""},"schema":{"@context":"https:\/\/schema.org","@graph":[{"@type":"BlogPosting","@id":"https:\/\/www.ejercito.mil.uy\/index.php\/2021\/04\/05\/apoyos-que-suman\/#blogposting","name":"Apoyos que suman - Ej\u00e9rcito Nacional","headline":"Apoyos que suman","author":{"@id":"https:\/\/www.ejercito.mil.uy\/index.php\/author\/acastro\/#author"},"publisher":{"@id":"https:\/\/www.ejercito.mil.uy\/#organization"},"image":{"@type":"ImageObject","url":"https:\/\/www.ejercito.mil.uy\/wp-content\/uploads\/2021\/04\/Apoyo-2.jpg","width":1200,"height":800,"caption":"Apoyo"},"datePublished":"2021-04-05T10:24:00-03:00","dateModified":"2021-04-09T10:38:12-03:00","inLanguage":"es-UY","mainEntityOfPage":{"@id":"https:\/\/www.ejercito.mil.uy\/index.php\/2021\/04\/05\/apoyos-que-suman\/#webpage"},"isPartOf":{"@id":"https:\/\/www.ejercito.mil.uy\/index.php\/2021\/04\/05\/apoyos-que-suman\/#webpage"},"articleSection":"Blog, Noticias, apoyo, comunidad, social"},{"@type":"BreadcrumbList","@id":"https:\/\/www.ejercito.mil.uy\/index.php\/2021\/04\/05\/apoyos-que-suman\/#breadcrumblist","itemListElement":[{"@type":"ListItem","@id":"https:\/\/www.ejercito.mil.uy#listItem","position":1,"name":"Home","item":"https:\/\/www.ejercito.mil.uy","nextItem":{"@type":"ListItem","@id":"https:\/\/www.ejercito.mil.uy\/index.php\/category\/destacados\/#listItem","name":"Destacados"}},{"@type":"ListItem","@id":"https:\/\/www.ejercito.mil.uy\/index.php\/category\/destacados\/#listItem","position":2,"name":"Destacados","item":"https:\/\/www.ejercito.mil.uy\/index.php\/category\/destacados\/","nextItem":{"@type":"ListItem","@id":"https:\/\/www.ejercito.mil.uy\/index.php\/category\/destacados\/noticias\/#listItem","name":"Noticias"},"previousItem":{"@type":"ListItem","@id":"https:\/\/www.ejercito.mil.uy#listItem","name":"Home"}},{"@type":"ListItem","@id":"https:\/\/www.ejercito.mil.uy\/index.php\/category\/destacados\/noticias\/#listItem","position":3,"name":"Noticias","item":"https:\/\/www.ejercito.mil.uy\/index.php\/category\/destacados\/noticias\/","nextItem":{"@type":"ListItem","@id":"https:\/\/www.ejercito.mil.uy\/index.php\/2021\/04\/05\/apoyos-que-suman\/#listItem","name":"Apoyos que suman"},"previousItem":{"@type":"ListItem","@id":"https:\/\/www.ejercito.mil.uy\/index.php\/category\/destacados\/#listItem","name":"Destacados"}},{"@type":"ListItem","@id":"https:\/\/www.ejercito.mil.uy\/index.php\/2021\/04\/05\/apoyos-que-suman\/#listItem","position":4,"name":"Apoyos que suman","previousItem":{"@type":"ListItem","@id":"https:\/\/www.ejercito.mil.uy\/index.php\/category\/destacados\/noticias\/#listItem","name":"Noticias"}}]},{"@type":"Organization","@id":"https:\/\/www.ejercito.mil.uy\/#organization","name":"Ej\u00e9rcito Nacional","description":"La Fuerza de todos","url":"https:\/\/www.ejercito.mil.uy\/","logo":{"@type":"ImageObject","url":"https:\/\/www.ejercito.mil.uy\/wp-content\/uploads\/2022\/01\/Escudo_EN_URUGUAY.png","@id":"https:\/\/www.ejercito.mil.uy\/index.php\/2021\/04\/05\/apoyos-que-suman\/#organizationLogo","width":134,"height":119},"image":{"@id":"https:\/\/www.ejercito.mil.uy\/index.php\/2021\/04\/05\/apoyos-que-suman\/#organizationLogo"}},{"@type":"Person","@id":"https:\/\/www.ejercito.mil.uy\/index.php\/author\/acastro\/#author","url":"https:\/\/www.ejercito.mil.uy\/index.php\/author\/acastro\/","name":"Alejandro Castro","image":{"@type":"ImageObject","@id":"https:\/\/www.ejercito.mil.uy\/index.php\/2021\/04\/05\/apoyos-que-suman\/#authorImage","url":"https:\/\/secure.gravatar.com\/avatar\/89bb77d4bf696501dd94ca89e6794e1787eaffba7c7197528d249e15bd099f68?s=96&d=mm&r=g","width":96,"height":96,"caption":"Alejandro Castro"}},{"@type":"WebPage","@id":"https:\/\/www.ejercito.mil.uy\/index.php\/2021\/04\/05\/apoyos-que-suman\/#webpage","url":"https:\/\/www.ejercito.mil.uy\/index.php\/2021\/04\/05\/apoyos-que-suman\/","name":"Apoyos que suman - Ej\u00e9rcito Nacional","description":"05.04.2021 - Vichadero y Tranqueras, Rivera El Escuadr\u00f3n \u201cVichadero\u201d en coordinaci\u00f3n con el Municipio de la localidad de Vichadero, confecciona a diario 150 plazas de comida, almuerzo que es distribuido a los compatriotas m\u00e1s vulnerables por la emergencia sanitaria. A su vez, el Escuadr\u00f3n y el Regimiento \"Brig. Gral. Fructuoso Rivera\" de Caballer\u00eda Mecanizado N\u00b0","inLanguage":"es-UY","isPartOf":{"@id":"https:\/\/www.ejercito.mil.uy\/#website"},"breadcrumb":{"@id":"https:\/\/www.ejercito.mil.uy\/index.php\/2021\/04\/05\/apoyos-que-suman\/#breadcrumblist"},"author":{"@id":"https:\/\/www.ejercito.mil.uy\/index.php\/author\/acastro\/#author"},"creator":{"@id":"https:\/\/www.ejercito.mil.uy\/index.php\/author\/acastro\/#author"},"image":{"@type":"ImageObject","url":"https:\/\/www.ejercito.mil.uy\/wp-content\/uploads\/2021\/04\/Apoyo-2.jpg","@id":"https:\/\/www.ejercito.mil.uy\/index.php\/2021\/04\/05\/apoyos-que-suman\/#mainImage","width":1200,"height":800,"caption":"Apoyo"},"primaryImageOfPage":{"@id":"https:\/\/www.ejercito.mil.uy\/index.php\/2021\/04\/05\/apoyos-que-suman\/#mainImage"},"datePublished":"2021-04-05T10:24:00-03:00","dateModified":"2021-04-09T10:38:12-03:00"},{"@type":"WebSite","@id":"https:\/\/www.ejercito.mil.uy\/#website","url":"https:\/\/www.ejercito.mil.uy\/","name":"Ej\u00e9rcito Nacional","description":"La Fuerza de todos","inLanguage":"es-UY","publisher":{"@id":"https:\/\/www.ejercito.mil.uy\/#organization"}}]},"og:locale":"es_ES","og:site_name":"Ej\u00e9rcito Nacional - La Fuerza de todos","og:type":"article","og:title":"Apoyos que suman - Ej\u00e9rcito Nacional","og:description":"05.04.2021 - Vichadero y Tranqueras, Rivera El Escuadr\u00f3n \u201cVichadero\u201d en coordinaci\u00f3n con el Municipio de la localidad de Vichadero, confecciona a diario 150 plazas de comida, almuerzo que es distribuido a los compatriotas m\u00e1s vulnerables por la emergencia sanitaria. A su vez, el Escuadr\u00f3n y el Regimiento &quot;Brig. Gral. Fructuoso Rivera&quot; de Caballer\u00eda Mecanizado N\u00b0","og:url":"https:\/\/www.ejercito.mil.uy\/index.php\/2021\/04\/05\/apoyos-que-suman\/","og:image":"https:\/\/www.ejercito.mil.uy\/wp-content\/uploads\/2022\/01\/Escudo_EN_URUGUAY.png","og:image:secure_url":"https:\/\/www.ejercito.mil.uy\/wp-content\/uploads\/2022\/01\/Escudo_EN_URUGUAY.png","og:image:width":134,"og:image:height":119,"article:published_time":"2021-04-05T13:24:00+00:00","article:modified_time":"2021-04-09T13:38:12+00:00","twitter:card":"summary_large_image","twitter:title":"Apoyos que suman - Ej\u00e9rcito Nacional","twitter:description":"05.04.2021 - Vichadero y Tranqueras, Rivera El Escuadr\u00f3n \u201cVichadero\u201d en coordinaci\u00f3n con el Municipio de la localidad de Vichadero, confecciona a diario 150 plazas de comida, almuerzo que es distribuido a los compatriotas m\u00e1s vulnerables por la emergencia sanitaria. A su vez, el Escuadr\u00f3n y el Regimiento &quot;Brig. Gral. Fructuoso Rivera&quot; de Caballer\u00eda Mecanizado N\u00b0","twitter:image":"https:\/\/www.ejercito.mil.uy\/wp-content\/uploads\/2022\/01\/Escudo_EN_URUGUAY.png"},"aioseo_meta_data":{"post_id":"1807","title":null,"description":null,"keywords":null,"keyphrases":null,"primary_term":null,"canonical_url":null,"og_title":null,"og_description":null,"og_object_type":"default","og_image_type":"default","og_image_url":null,"og_image_width":null,"og_image_height":null,"og_image_custom_url":null,"og_image_custom_fields":null,"og_video":null,"og_custom_url":null,"og_article_section":null,"og_article_tags":null,"twitter_use_og":false,"twitter_card":"default","twitter_image_type":"default","twitter_image_url":null,"twitter_image_custom_url":null,"twitter_image_custom_fields":null,"twitter_title":null,"twitter_description":null,"schema":{"blockGraphs":[],"customGraphs":[],"default":{"data":{"Article":[],"Course":[],"Dataset":[],"FAQPage":[],"Movie":[],"Person":[],"Product":[],"ProductReview":[],"Car":[],"Recipe":[],"Service":[],"SoftwareApplication":[],"WebPage":[]},"graphName":"","isEnabled":true},"graphs":[]},"schema_type":"default","schema_type_options":null,"pillar_content":false,"robots_default":true,"robots_noindex":false,"robots_noarchive":false,"robots_nosnippet":false,"robots_nofollow":false,"robots_noimageindex":false,"robots_noodp":false,"robots_notranslate":false,"robots_max_snippet":null,"robots_max_videopreview":null,"robots_max_imagepreview":"large","priority":null,"frequency":null,"local_seo":null,"breadcrumb_settings":null,"limit_modified_date":false,"ai":null,"created":"2025-08-30 01:45:29","updated":"2025-08-30 01:45:29","seo_analyzer_scan_date":null,"focus_keyword":null,"additional_keywords":null,"truseo_locale":null},"aioseo_breadcrumb":"<div class=\"aioseo-breadcrumbs\"><span class=\"aioseo-breadcrumb\">\n\t\t\t<a href=\"https:\/\/www.ejercito.mil.uy\" title=\"Home\">Home<\/a>\n\t\t<\/span><span class=\"aioseo-breadcrumb-separator\">&raquo;<\/span><span class=\"aioseo-breadcrumb\">\n\t\t\t<a href=\"https:\/\/www.ejercito.mil.uy\/index.php\/category\/destacados\/\" title=\"Destacados\">Destacados<\/a>\n\t\t<\/span><span class=\"aioseo-breadcrumb-separator\">&raquo;<\/span><span class=\"aioseo-breadcrumb\">\n\t\t\t<a href=\"https:\/\/www.ejercito.mil.uy\/index.php\/category\/destacados\/noticias\/\" title=\"Noticias\">Noticias<\/a>\n\t\t<\/span><span class=\"aioseo-breadcrumb-separator\">&raquo;<\/span><span class=\"aioseo-breadcrumb\">\n\t\t\tApoyos que suman\n\t\t<\/span><\/div>","aioseo_breadcrumb_json":[{"label":"Home","link":"https:\/\/www.ejercito.mil.uy"},{"label":"Destacados","link":"https:\/\/www.ejercito.mil.uy\/index.php\/category\/destacados\/"},{"label":"Noticias","link":"https:\/\/www.ejercito.mil.uy\/index.php\/category\/destacados\/noticias\/"},{"label":"Apoyos que suman","link":"https:\/\/www.ejercito.mil.uy\/index.php\/2021\/04\/05\/apoyos-que-suman\/"}],"_links":{"self":[{"href":"https:\/\/www.ejercito.mil.uy\/index.php\/wp-json\/wp\/v2\/posts\/1807","targetHints":{"allow":["GET"]}}],"collection":[{"href":"https:\/\/www.ejercito.mil.uy\/index.php\/wp-json\/wp\/v2\/posts"}],"about":[{"href":"https:\/\/www.ejercito.mil.uy\/index.php\/wp-json\/wp\/v2\/types\/post"}],"author":[{"embeddable":true,"href":"https:\/\/www.ejercito.mil.uy\/index.php\/wp-json\/wp\/v2\/users\/4"}],"replies":[{"embeddable":true,"href":"https:\/\/www.ejercito.mil.uy\/index.php\/wp-json\/wp\/v2\/comments?post=1807"}],"version-history":[{"count":1,"href":"https:\/\/www.ejercito.mil.uy\/index.php\/wp-json\/wp\/v2\/posts\/1807\/revisions"}],"predecessor-version":[{"id":1821,"href":"https:\/\/www.ejercito.mil.uy\/index.php\/wp-json\/wp\/v2\/posts\/1807\/revisions\/1821"}],"wp:featuredmedia":[{"embeddable":true,"href":"https:\/\/www.ejercito.mil.uy\/index.php\/wp-json\/wp\/v2\/media\/1818"}],"wp:attachment":[{"href":"https:\/\/www.ejercito.mil.uy\/index.php\/wp-json\/wp\/v2\/media?parent=1807"}],"wp:term":[{"taxonomy":"category","embeddable":true,"href":"https:\/\/www.ejercito.mil.uy\/index.php\/wp-json\/wp\/v2\/categories?post=1807"},{"taxonomy":"post_tag","embeddable":true,"href":"https:\/\/www.ejercito.mil.uy\/index.php\/wp-json\/wp\/v2\/tags?post=1807"}],"curies":[{"name":"wp","href":"https:\/\/api.w.org\/{rel}","templated":true}]}}