{"id":18576,"date":"2023-01-23T12:12:08","date_gmt":"2023-01-23T15:12:08","guid":{"rendered":"https:\/\/www.ejercito.mil.uy\/?p=18576"},"modified":"2023-01-23T12:13:24","modified_gmt":"2023-01-23T15:13:24","slug":"instalacion-de-sistemas-de-alimentacion-de-vehiculos-electronicos-en-el-parque-nacional-de-santa-teresa","status":"publish","type":"post","link":"https:\/\/www.ejercito.mil.uy\/index.php\/2023\/01\/23\/instalacion-de-sistemas-de-alimentacion-de-vehiculos-electronicos-en-el-parque-nacional-de-santa-teresa\/","title":{"rendered":"Instalaci\u00f3n de Sistemas de Alimentaci\u00f3n de Veh\u00edculos El\u00e9ctronicos en el Parque Nacional de Santa Teresa"},"content":{"rendered":"\n<p class=\"has-small-font-size\">23.01.2023  &#8211; Rocha <\/p>\n\n\n\n<div style=\"height:50px\" aria-hidden=\"true\" class=\"wp-block-spacer\"><\/div>\n\n\n\n<p class=\"has-vivid-green-cyan-background-color has-background\"><strong><span class=\"has-inline-color has-black-color\">El 20 de enero, se habilitaron 2 nuevos \ud835\udc12\ud835\udc22\ud835\udc2c\ud835\udc2d\ud835\udc1e\ud835\udc26\ud835\udc1a\ud835\udc2c \ud835\udc1d\ud835\udc1e \ud835\udc00\ud835\udc25\ud835\udc22\ud835\udc26\ud835\udc1e\ud835\udc27\ud835\udc2d\ud835\udc1a\ud835\udc1c\ud835\udc22\ud835\udc28\u0301\ud835\udc27 \ud835\udc1d\ud835\udc1e \ud835\udc15\ud835\udc1e\ud835\udc21\ud835\udc22\u0301\ud835\udc1c\ud835\udc2e\ud835\udc25\ud835\udc28\ud835\udc2c \ud835\udc04\ud835\udc25\ud835\udc1e\u0301\ud835\udc1c\ud835\udc2d\ud835\udc2b\ud835\udc22\ud835\udc1c\ud835\udc28\ud835\udc2c (\ud835\udc12\ud835\udc00\ud835\udc15\ud835\udc04) en el Parque Nacional de Santa Teresa. <\/span><\/strong><\/p>\n\n\n\n<div style=\"height:50px\" aria-hidden=\"true\" class=\"wp-block-spacer\"><\/div>\n\n\n\n<p>Estos nuevos cargadores se suman a uno que ya se encontraba en funcionamiento, integrando as\u00ed los puntos de recarga de movilidad electr\u00f3nica de la zona Este. El SAVE se ubica entre la red el\u00e9ctrica y el veh\u00edculo y cumple la funci\u00f3n de gestionar la carga con especial \u00e9nfasis en la seguridad del usuario. <\/p>\n\n\n\n<div style=\"height:50px\" aria-hidden=\"true\" class=\"wp-block-spacer\"><\/div>\n\n\n\n<p>Al conectarlo al veh\u00edculo se establece un \u00abdi\u00e1logo\u00bb previo entre ambos, cuando el SAVE verifica que efectivamente hay un veh\u00edculo presente y adem\u00e1s est\u00e1n dadas todas las condiciones de seguridad, \u00e9ste habilita el pasaje de energ\u00eda. <\/p>\n\n\n\n<div style=\"height:50px\" aria-hidden=\"true\" class=\"wp-block-spacer\"><\/div>\n\n\n\n<p>Beneficios que proporciona la carga mediante un SAVE: <\/p>\n\n\n\n<div style=\"height:50px\" aria-hidden=\"true\" class=\"wp-block-spacer\"><\/div>\n\n\n\n<p> <span class=\"has-inline-color has-vivid-red-color\">&#8211; seguridad<\/span><\/p>\n\n\n\n<p><span class=\"has-inline-color has-vivid-red-color\"> &#8211; minimiza tiempo de carga<\/span><\/p>\n\n\n\n<p><span class=\"has-inline-color has-vivid-red-color\"> &#8211; optimiza el uso de instalaci\u00f3n el\u00e9ctrica<\/span><\/p>\n\n\n\n<p><span class=\"has-inline-color has-vivid-red-color\"> &#8211; identifica al usuario que carga<\/span><\/p>\n\n\n\n<p><span class=\"has-inline-color has-vivid-red-color\"> &#8211; cuantifica la energ\u00eda consumida<\/span><\/p>\n\n\n\n<div style=\"height:50px\" aria-hidden=\"true\" class=\"wp-block-spacer\"><\/div>\n\n\n\n<div class=\"wp-block-columns is-layout-flex wp-container-core-columns-is-layout-28f84493 wp-block-columns-is-layout-flex\">\n<div class=\"wp-block-column is-layout-flow wp-block-column-is-layout-flow\">\n<div class=\"wp-block-coblocks-gallery-stacked\"><ul class=\"coblocks-gallery has-no-alignment has-fullwidth-images has-custom-gutter\"><li class=\"coblocks-gallery--item\"><figure class=\"coblocks-gallery--figure\"><img fetchpriority=\"high\" decoding=\"async\" width=\"1024\" height=\"683\" alt=\"\" class=\"wp-image-18579 has-shadow-none\" data-id=\"18579\" data-imglink=\"\" data-link=\"https:\/\/www.ejercito.mil.uy\/?attachment_id=18579\" src=\"https:\/\/www.ejercito.mil.uy\/wp-content\/uploads\/2023\/01\/Instalacion-de-Sistemas-de-Alimentacion-de-Vehiculos-Electronicos-en-el-Parque-Nacional-de-Santa-Teresa-2-1024x683.jpg\" srcset=\"https:\/\/www.ejercito.mil.uy\/wp-content\/uploads\/2023\/01\/Instalacion-de-Sistemas-de-Alimentacion-de-Vehiculos-Electronicos-en-el-Parque-Nacional-de-Santa-Teresa-2-1024x683.jpg 1024w, https:\/\/www.ejercito.mil.uy\/wp-content\/uploads\/2023\/01\/Instalacion-de-Sistemas-de-Alimentacion-de-Vehiculos-Electronicos-en-el-Parque-Nacional-de-Santa-Teresa-2-300x200.jpg 300w, https:\/\/www.ejercito.mil.uy\/wp-content\/uploads\/2023\/01\/Instalacion-de-Sistemas-de-Alimentacion-de-Vehiculos-Electronicos-en-el-Parque-Nacional-de-Santa-Teresa-2.jpg 1200w\" sizes=\"(max-width: 1024px) 100vw, 1024px\" \/><\/figure><\/li><\/ul><\/div>\n<\/div>\n\n\n\n<div class=\"wp-block-column is-layout-flow wp-block-column-is-layout-flow\">\n<div class=\"wp-block-coblocks-gallery-stacked\"><ul class=\"coblocks-gallery has-no-alignment has-fullwidth-images has-custom-gutter\"><li class=\"coblocks-gallery--item\"><figure class=\"coblocks-gallery--figure\"><img decoding=\"async\" width=\"1024\" height=\"683\" alt=\"\" class=\"wp-image-18580 has-shadow-none\" data-id=\"18580\" data-imglink=\"\" data-link=\"https:\/\/www.ejercito.mil.uy\/?attachment_id=18580\" src=\"https:\/\/www.ejercito.mil.uy\/wp-content\/uploads\/2023\/01\/Instalacion-de-Sistemas-de-Alimentacion-de-Vehiculos-Electronicos-en-el-Parque-Nacional-de-Santa-Teresa-1-1024x683.jpg\" srcset=\"https:\/\/www.ejercito.mil.uy\/wp-content\/uploads\/2023\/01\/Instalacion-de-Sistemas-de-Alimentacion-de-Vehiculos-Electronicos-en-el-Parque-Nacional-de-Santa-Teresa-1-1024x683.jpg 1024w, https:\/\/www.ejercito.mil.uy\/wp-content\/uploads\/2023\/01\/Instalacion-de-Sistemas-de-Alimentacion-de-Vehiculos-Electronicos-en-el-Parque-Nacional-de-Santa-Teresa-1-300x200.jpg 300w, https:\/\/www.ejercito.mil.uy\/wp-content\/uploads\/2023\/01\/Instalacion-de-Sistemas-de-Alimentacion-de-Vehiculos-Electronicos-en-el-Parque-Nacional-de-Santa-Teresa-1.jpg 1200w\" sizes=\"(max-width: 1024px) 100vw, 1024px\" \/><\/figure><\/li><\/ul><\/div>\n<\/div>\n<\/div>\n","protected":false},"excerpt":{"rendered":"<p>23.01.2022 &#8211; El 20 de enero, se habilitaron 2 nuevos Sistemas de Alimentaci\u00f3n de Veh\u00edculos El\u00e9ctronicos en el Parque Nacional de Santa Teresa. <\/p>\n","protected":false},"author":14,"featured_media":18578,"comment_status":"open","ping_status":"open","sticky":false,"template":"","format":"standard","meta":{"_coblocks_attr":"","_coblocks_dimensions":"","_coblocks_responsive_height":"","_coblocks_accordion_ie_support":"","_monsterinsights_skip_tracking":false,"_monsterinsights_sitenote_active":false,"_monsterinsights_sitenote_note":"","_monsterinsights_sitenote_category":0,"_uf_show_specific_survey":0,"_uf_disable_surveys":false,"footnotes":""},"categories":[2,10,14,1],"tags":[793,794,790,149,792,791,88],"class_list":["post-18576","post","type-post","status-publish","format-standard","has-post-thumbnail","hentry","category-blog","category-destacados","category-noticias","category-sin-categoria","tag-autos","tag-electronico","tag-instalacion","tag-parque","tag-save","tag-sistemas","tag-vehiculos"],"aioseo_notices":[],"_links":{"self":[{"href":"https:\/\/www.ejercito.mil.uy\/index.php\/wp-json\/wp\/v2\/posts\/18576","targetHints":{"allow":["GET"]}}],"collection":[{"href":"https:\/\/www.ejercito.mil.uy\/index.php\/wp-json\/wp\/v2\/posts"}],"about":[{"href":"https:\/\/www.ejercito.mil.uy\/index.php\/wp-json\/wp\/v2\/types\/post"}],"author":[{"embeddable":true,"href":"https:\/\/www.ejercito.mil.uy\/index.php\/wp-json\/wp\/v2\/users\/14"}],"replies":[{"embeddable":true,"href":"https:\/\/www.ejercito.mil.uy\/index.php\/wp-json\/wp\/v2\/comments?post=18576"}],"version-history":[{"count":5,"href":"https:\/\/www.ejercito.mil.uy\/index.php\/wp-json\/wp\/v2\/posts\/18576\/revisions"}],"predecessor-version":[{"id":18584,"href":"https:\/\/www.ejercito.mil.uy\/index.php\/wp-json\/wp\/v2\/posts\/18576\/revisions\/18584"}],"wp:featuredmedia":[{"embeddable":true,"href":"https:\/\/www.ejercito.mil.uy\/index.php\/wp-json\/wp\/v2\/media\/18578"}],"wp:attachment":[{"href":"https:\/\/www.ejercito.mil.uy\/index.php\/wp-json\/wp\/v2\/media?parent=18576"}],"wp:term":[{"taxonomy":"category","embeddable":true,"href":"https:\/\/www.ejercito.mil.uy\/index.php\/wp-json\/wp\/v2\/categories?post=18576"},{"taxonomy":"post_tag","embeddable":true,"href":"https:\/\/www.ejercito.mil.uy\/index.php\/wp-json\/wp\/v2\/tags?post=18576"}],"curies":[{"name":"wp","href":"https:\/\/api.w.org\/{rel}","templated":true}]}}