{"id":18918,"date":"2023-02-08T10:23:22","date_gmt":"2023-02-08T13:23:22","guid":{"rendered":"https:\/\/www.ejercito.mil.uy\/?p=18918"},"modified":"2023-02-08T10:23:31","modified_gmt":"2023-02-08T13:23:31","slug":"apoyo-a-bomberos-en-san-jose","status":"publish","type":"post","link":"https:\/\/www.ejercito.mil.uy\/index.php\/2023\/02\/08\/apoyo-a-bomberos-en-san-jose\/","title":{"rendered":"Apoyo a Bomberos en San Jos\u00e9"},"content":{"rendered":"\n<p class=\"has-small-font-size\">08.02.2023  &#8211; San Jos\u00e9 <\/p>\n\n\n\n<div style=\"height:50px\" aria-hidden=\"true\" class=\"wp-block-spacer\"><\/div>\n\n\n\n<p class=\"has-black-color has-vivid-green-cyan-background-color has-text-color has-background\">Entre el 5 y 6 de febrero, efectivos del Batall\u00f3n \u00abCapit\u00e1n Manuel Artigas\u00bb de Infanter\u00eda Mecanizado N\u00b0 6 apoyaron a Bomberos en la extinci\u00f3n de un incendio forestal producido en la Colonia Etchepare (San Jos\u00e9), donde fueron afectadas 70 hect\u00e1reas. <\/p>\n\n\n\n<div style=\"height:50px\" aria-hidden=\"true\" class=\"wp-block-spacer\"><\/div>\n\n\n\n<p>El foco \u00edgneo se desarroll\u00f3 en un ca\u00f1averal, con pastizales y vegetaci\u00f3n. Alrededor de las 18:00 horas se logr\u00f3 controlar el fuego.<\/p>\n\n\n\n<div style=\"height:50px\" aria-hidden=\"true\" class=\"wp-block-spacer\"><\/div>\n\n\n\n<div class=\"wp-block-columns is-layout-flex wp-container-core-columns-is-layout-28f84493 wp-block-columns-is-layout-flex\">\n<div class=\"wp-block-column is-layout-flow wp-block-column-is-layout-flow\">\n<div class=\"wp-block-coblocks-gallery-stacked\"><ul class=\"coblocks-gallery has-no-alignment has-fullwidth-images has-custom-gutter\"><li class=\"coblocks-gallery--item\"><figure class=\"coblocks-gallery--figure\"><img fetchpriority=\"high\" decoding=\"async\" width=\"1024\" height=\"683\" alt=\"\" class=\"wp-image-18920 has-shadow-none\" data-id=\"18920\" data-imglink=\"\" data-link=\"https:\/\/www.ejercito.mil.uy\/?attachment_id=18920\" src=\"https:\/\/www.ejercito.mil.uy\/wp-content\/uploads\/2023\/02\/Apoyo-a-Bomberos-en-San-Jose-1-1024x683.jpg\" srcset=\"https:\/\/www.ejercito.mil.uy\/wp-content\/uploads\/2023\/02\/Apoyo-a-Bomberos-en-San-Jose-1-1024x683.jpg 1024w, https:\/\/www.ejercito.mil.uy\/wp-content\/uploads\/2023\/02\/Apoyo-a-Bomberos-en-San-Jose-1-300x200.jpg 300w, https:\/\/www.ejercito.mil.uy\/wp-content\/uploads\/2023\/02\/Apoyo-a-Bomberos-en-San-Jose-1.jpg 1200w\" sizes=\"(max-width: 1024px) 100vw, 1024px\" \/><\/figure><\/li><\/ul><\/div>\n<\/div>\n\n\n\n<div class=\"wp-block-column is-layout-flow wp-block-column-is-layout-flow\">\n<div class=\"wp-block-coblocks-gallery-stacked\"><ul class=\"coblocks-gallery has-no-alignment has-fullwidth-images has-custom-gutter\"><li class=\"coblocks-gallery--item\"><figure class=\"coblocks-gallery--figure\"><img decoding=\"async\" width=\"1024\" height=\"683\" alt=\"\" class=\"wp-image-18921 has-shadow-none\" data-id=\"18921\" data-imglink=\"\" data-link=\"https:\/\/www.ejercito.mil.uy\/?attachment_id=18921\" src=\"https:\/\/www.ejercito.mil.uy\/wp-content\/uploads\/2023\/02\/Apoyo-a-Bomberos-en-San-Jose-2-1024x683.jpg\" srcset=\"https:\/\/www.ejercito.mil.uy\/wp-content\/uploads\/2023\/02\/Apoyo-a-Bomberos-en-San-Jose-2-1024x683.jpg 1024w, https:\/\/www.ejercito.mil.uy\/wp-content\/uploads\/2023\/02\/Apoyo-a-Bomberos-en-San-Jose-2-300x200.jpg 300w, https:\/\/www.ejercito.mil.uy\/wp-content\/uploads\/2023\/02\/Apoyo-a-Bomberos-en-San-Jose-2.jpg 1200w\" sizes=\"(max-width: 1024px) 100vw, 1024px\" \/><\/figure><\/li><\/ul><\/div>\n<\/div>\n<\/div>\n","protected":false},"excerpt":{"rendered":"<p>08.02.2023 &#8211; Entre el 5 y 6 de febrero, efectivos del Batall\u00f3n \u00abCapit\u00e1n Manuel Artigas\u00bb de Infanter\u00eda Mecanizado N\u00b0 6 apoyaron a Bomberos en la extinci\u00f3n de un incendio forestal producido en la Colonia Etchepare (San Jos\u00e9).<\/p>\n","protected":false},"author":14,"featured_media":18919,"comment_status":"open","ping_status":"open","sticky":false,"template":"","format":"standard","meta":{"_coblocks_attr":"","_coblocks_dimensions":"","_coblocks_responsive_height":"","_coblocks_accordion_ie_support":"","_monsterinsights_skip_tracking":false,"_monsterinsights_sitenote_active":false,"_monsterinsights_sitenote_note":"","_monsterinsights_sitenote_category":0,"_uf_show_specific_survey":0,"_uf_disable_surveys":false,"footnotes":""},"categories":[2,10,14,1],"tags":[27,298,808,805,807,806,160],"class_list":["post-18918","post","type-post","status-publish","format-standard","has-post-thumbnail","hentry","category-blog","category-destacados","category-noticias","category-sin-categoria","tag-apoyo","tag-bomberos","tag-emergencias","tag-forestal","tag-fuego","tag-hectareas","tag-incendio"],"aioseo_notices":[],"_links":{"self":[{"href":"https:\/\/www.ejercito.mil.uy\/index.php\/wp-json\/wp\/v2\/posts\/18918","targetHints":{"allow":["GET"]}}],"collection":[{"href":"https:\/\/www.ejercito.mil.uy\/index.php\/wp-json\/wp\/v2\/posts"}],"about":[{"href":"https:\/\/www.ejercito.mil.uy\/index.php\/wp-json\/wp\/v2\/types\/post"}],"author":[{"embeddable":true,"href":"https:\/\/www.ejercito.mil.uy\/index.php\/wp-json\/wp\/v2\/users\/14"}],"replies":[{"embeddable":true,"href":"https:\/\/www.ejercito.mil.uy\/index.php\/wp-json\/wp\/v2\/comments?post=18918"}],"version-history":[{"count":2,"href":"https:\/\/www.ejercito.mil.uy\/index.php\/wp-json\/wp\/v2\/posts\/18918\/revisions"}],"predecessor-version":[{"id":18923,"href":"https:\/\/www.ejercito.mil.uy\/index.php\/wp-json\/wp\/v2\/posts\/18918\/revisions\/18923"}],"wp:featuredmedia":[{"embeddable":true,"href":"https:\/\/www.ejercito.mil.uy\/index.php\/wp-json\/wp\/v2\/media\/18919"}],"wp:attachment":[{"href":"https:\/\/www.ejercito.mil.uy\/index.php\/wp-json\/wp\/v2\/media?parent=18918"}],"wp:term":[{"taxonomy":"category","embeddable":true,"href":"https:\/\/www.ejercito.mil.uy\/index.php\/wp-json\/wp\/v2\/categories?post=18918"},{"taxonomy":"post_tag","embeddable":true,"href":"https:\/\/www.ejercito.mil.uy\/index.php\/wp-json\/wp\/v2\/tags?post=18918"}],"curies":[{"name":"wp","href":"https:\/\/api.w.org\/{rel}","templated":true}]}}