{"id":19070,"date":"2023-02-13T15:50:40","date_gmt":"2023-02-13T18:50:40","guid":{"rendered":"https:\/\/www.ejercito.mil.uy\/?p=19070"},"modified":"2024-10-28T09:13:10","modified_gmt":"2024-10-28T12:13:10","slug":"el-ejercito-nacional-comenzo-con-las-tareas-para-mitigar-la-sequia","status":"publish","type":"post","link":"https:\/\/www.ejercito.mil.uy\/index.php\/2023\/02\/13\/el-ejercito-nacional-comenzo-con-las-tareas-para-mitigar-la-sequia\/","title":{"rendered":"El Ej\u00e9rcito Nacional comenz\u00f3 con las tareas para mitigar la sequ\u00eda"},"content":{"rendered":"\n<p class=\"has-small-font-size\">13.02.2023 &#8211; Canelones<\/p>\n\n\n\n<div style=\"height:11px\" aria-hidden=\"true\" class=\"wp-block-spacer\"><\/div>\n\n\n\n<p class=\"has-black-color has-text-color has-link-color wp-elements-04a6f6290dca7b66c07675173cb06540\" style=\"font-size:18px\">El Ej\u00e9rcito Nacional, se encuentra realizando tareas de mantenimiento de tajamares y aguadas en Sauce, en el marco del apoyo a la comunidad en el d\u00e9ficit h\u00eddrico. <\/p>\n\n\n\n<div style=\"height:55px\" aria-hidden=\"true\" class=\"wp-block-spacer\"><\/div>\n\n\n\n<div class=\"wp-block-coblocks-gallery-stacked\"><ul class=\"coblocks-gallery has-no-alignment has-fullwidth-images has-custom-gutter\" style=\"--coblocks-custom-gutter:0em\"><li class=\"coblocks-gallery--item\"><figure class=\"coblocks-gallery--figure\"><img fetchpriority=\"high\" decoding=\"async\" width=\"1024\" height=\"683\" alt=\"\" class=\"wp-image-19082 has-shadow-none\" data-id=\"19082\" data-imglink=\"\" data-link=\"https:\/\/www.ejercito.mil.uy\/?attachment_id=19082\" src=\"https:\/\/www.ejercito.mil.uy\/wp-content\/uploads\/2023\/02\/El-Ejercito-Nacional-comenzo-con-las-tareas-para-mitigar-la-sequia-2-1024x683.jpg\" srcset=\"https:\/\/www.ejercito.mil.uy\/wp-content\/uploads\/2023\/02\/El-Ejercito-Nacional-comenzo-con-las-tareas-para-mitigar-la-sequia-2-1024x683.jpg 1024w, https:\/\/www.ejercito.mil.uy\/wp-content\/uploads\/2023\/02\/El-Ejercito-Nacional-comenzo-con-las-tareas-para-mitigar-la-sequia-2-300x200.jpg 300w, https:\/\/www.ejercito.mil.uy\/wp-content\/uploads\/2023\/02\/El-Ejercito-Nacional-comenzo-con-las-tareas-para-mitigar-la-sequia-2.jpg 1200w\" sizes=\"(max-width: 1024px) 100vw, 1024px\" \/><\/figure><\/li><\/ul><\/div>\n\n\n\n<div style=\"height:66px\" aria-hidden=\"true\" class=\"wp-block-spacer\"><\/div>\n\n\n\n<p class=\"has-black-color has-text-color has-link-color wp-elements-f4761a6622d279aff490f1b52103c872\" style=\"font-size:18px\">Estos lugares de apoyo fueron marcados por el Ministerio de Ganader\u00eda, Agricultura y Pesca (MGAP) siendo aproximadamente 350 en total. No hay fecha estimada para la finalizaci\u00f3n de las tareas.<\/p>\n\n\n\n<div style=\"height:50px\" aria-hidden=\"true\" class=\"wp-block-spacer\"><\/div>\n\n\n\n<div class=\"wp-block-coblocks-gallery-stacked\"><ul class=\"coblocks-gallery has-no-alignment has-fullwidth-images has-custom-gutter\" style=\"--coblocks-custom-gutter:0em\"><li class=\"coblocks-gallery--item\"><figure class=\"coblocks-gallery--figure\"><img decoding=\"async\" width=\"1024\" height=\"683\" alt=\"\" class=\"wp-image-19083 has-shadow-none\" data-id=\"19083\" data-imglink=\"\" data-link=\"https:\/\/www.ejercito.mil.uy\/?attachment_id=19083\" src=\"https:\/\/www.ejercito.mil.uy\/wp-content\/uploads\/2023\/02\/El-Ejercito-Nacional-comenzo-con-las-tareas-para-mitigar-la-sequia-3-1024x683.jpg\" srcset=\"https:\/\/www.ejercito.mil.uy\/wp-content\/uploads\/2023\/02\/El-Ejercito-Nacional-comenzo-con-las-tareas-para-mitigar-la-sequia-3-1024x683.jpg 1024w, https:\/\/www.ejercito.mil.uy\/wp-content\/uploads\/2023\/02\/El-Ejercito-Nacional-comenzo-con-las-tareas-para-mitigar-la-sequia-3-300x200.jpg 300w, https:\/\/www.ejercito.mil.uy\/wp-content\/uploads\/2023\/02\/El-Ejercito-Nacional-comenzo-con-las-tareas-para-mitigar-la-sequia-3.jpg 1200w\" sizes=\"(max-width: 1024px) 100vw, 1024px\" \/><\/figure><\/li><\/ul><\/div>\n\n\n\n<div style=\"height:66px\" aria-hidden=\"true\" class=\"wp-block-spacer\"><\/div>\n\n\n\n<p class=\"has-black-color has-text-color has-link-color wp-elements-8d8dd9b4cdc7a15839706eb8df2d50a6\" style=\"font-size:18px\">El Batall\u00f3n de Ingenieros de Construcciones N\u00ba 5 y el Batall\u00f3n \u00abAnsina\u00bb de Ingenieros de Combate N\u00ba 6, se encuentra trabajando en la limpieza de tajamares con retroexcavadora. La Unidad estima 2 d\u00edas de trabajo en este terreno.<\/p>\n\n\n\n<div style=\"height:33px\" aria-hidden=\"true\" class=\"wp-block-spacer\"><\/div>\n\n\n\n<p class=\"has-black-color has-text-color has-link-color wp-elements-22de9a420079cfdb84b39969525ff6a8\">Asimismo, a trav\u00e9s de un cami\u00f3n cisterna, se apoy\u00f3 a la zona rural de Tala (Canelones) con el reparto de agua potable.<\/p>\n\n\n\n<div style=\"height:50px\" aria-hidden=\"true\" class=\"wp-block-spacer\"><\/div>\n\n\n\n<div class=\"wp-block-columns is-layout-flex wp-container-core-columns-is-layout-28f84493 wp-block-columns-is-layout-flex\">\n<div class=\"wp-block-column is-layout-flow wp-block-column-is-layout-flow\">\n<div class=\"wp-block-coblocks-gallery-stacked\"><ul class=\"coblocks-gallery has-no-alignment has-fullwidth-images has-custom-gutter\" style=\"--coblocks-custom-gutter:0em\"><li class=\"coblocks-gallery--item\"><figure class=\"coblocks-gallery--figure\"><img decoding=\"async\" width=\"1024\" height=\"683\" alt=\"\" class=\"wp-image-19076 has-shadow-none\" data-id=\"19076\" data-imglink=\"\" data-link=\"https:\/\/www.ejercito.mil.uy\/?attachment_id=19076\" src=\"https:\/\/www.ejercito.mil.uy\/wp-content\/uploads\/2023\/02\/Apoyo-hidrico-1024x683.jpg\" srcset=\"https:\/\/www.ejercito.mil.uy\/wp-content\/uploads\/2023\/02\/Apoyo-hidrico-1024x683.jpg 1024w, https:\/\/www.ejercito.mil.uy\/wp-content\/uploads\/2023\/02\/Apoyo-hidrico-300x200.jpg 300w, https:\/\/www.ejercito.mil.uy\/wp-content\/uploads\/2023\/02\/Apoyo-hidrico.jpg 1200w\" sizes=\"(max-width: 1024px) 100vw, 1024px\" \/><\/figure><\/li><\/ul><\/div>\n<\/div>\n\n\n\n<div class=\"wp-block-column is-layout-flow wp-block-column-is-layout-flow\">\n<div class=\"wp-block-coblocks-gallery-stacked\"><ul class=\"coblocks-gallery has-no-alignment has-fullwidth-images has-custom-gutter\" style=\"--coblocks-custom-gutter:0em\"><li class=\"coblocks-gallery--item\"><figure class=\"coblocks-gallery--figure\"><img loading=\"lazy\" decoding=\"async\" width=\"1024\" height=\"683\" alt=\"\" class=\"wp-image-19077 has-shadow-none\" data-id=\"19077\" data-imglink=\"\" data-link=\"https:\/\/www.ejercito.mil.uy\/?attachment_id=19077\" src=\"https:\/\/www.ejercito.mil.uy\/wp-content\/uploads\/2023\/02\/Apoyo-hidrico-fb2--1024x683.jpg\" srcset=\"https:\/\/www.ejercito.mil.uy\/wp-content\/uploads\/2023\/02\/Apoyo-hidrico-fb2--1024x683.jpg 1024w, https:\/\/www.ejercito.mil.uy\/wp-content\/uploads\/2023\/02\/Apoyo-hidrico-fb2--300x200.jpg 300w, https:\/\/www.ejercito.mil.uy\/wp-content\/uploads\/2023\/02\/Apoyo-hidrico-fb2-.jpg 1200w\" sizes=\"(max-width: 1024px) 100vw, 1024px\" \/><\/figure><\/li><\/ul><\/div>\n<\/div>\n<\/div>\n\n\n\n<div style=\"height:50px\" aria-hidden=\"true\" class=\"wp-block-spacer\"><\/div>\n\n\n\n<p class=\"has-black-color has-text-color has-link-color has-medium-font-size wp-elements-a2f743ceb2c178a32b0b196ae3ea0096\"><strong><em>Por su parte, compartimos la Entrevista realizada por el medio Telemundo al Cnel. Alejandro Alc\u00e1ntara (Vocero del Ej\u00e9rcito) referente a las tareas para combatir la sequ\u00eda <\/em><\/strong><\/p>\n\n\n\n<div style=\"height:66px\" aria-hidden=\"true\" class=\"wp-block-spacer\"><\/div>\n\n\n\n<div class=\"wp-block-columns is-layout-flex wp-container-core-columns-is-layout-28f84493 wp-block-columns-is-layout-flex\">\n<div class=\"wp-block-column is-layout-flow wp-block-column-is-layout-flow\" style=\"flex-basis:20px\"><\/div>\n\n\n\n<div class=\"wp-block-column is-layout-flow wp-block-column-is-layout-flow\">\n<iframe src=\"https:\/\/www.facebook.com\/plugins\/video.php?href=https%3A%2F%2Fwww.facebook.com%2FEjercitodelUruguay%2Fvideos%2F3510769909193882%2F&#038;width=720&#038;show_text=false&#038;height=405&#038;appId\" width=\"720\" height=\"405\" style=\"border:none;overflow:hidden\" scrolling=\"no\" frameborder=\"0\" allowfullscreen=\"true\" allow=\"autoplay; clipboard-write; encrypted-media; picture-in-picture; web-share\" allowFullScreen=\"true\"><\/iframe>\n<\/div>\n\n\n\n<div class=\"wp-block-column is-layout-flow wp-block-column-is-layout-flow\" style=\"flex-basis:20px\"><\/div>\n<\/div>\n\n\n\n<div style=\"height:100px\" aria-hidden=\"true\" class=\"wp-block-spacer\"><\/div>\n","protected":false},"excerpt":{"rendered":"<p>13.02.2023 &#8211; El Ej\u00e9rcito Nacional, se encuentra realizando tareas de mantenimiento de tajamares y aguadas en Sauce (Canelones), en el marco del apoyo a la comunidad en el d\u00e9ficit h\u00eddrico.<\/p>\n","protected":false},"author":14,"featured_media":19081,"comment_status":"open","ping_status":"open","sticky":false,"template":"","format":"standard","meta":{"_coblocks_attr":"","_coblocks_dimensions":"","_coblocks_responsive_height":"","_coblocks_accordion_ie_support":"","_monsterinsights_skip_tracking":false,"_monsterinsights_sitenote_active":false,"_monsterinsights_sitenote_note":"","_monsterinsights_sitenote_category":0,"_uf_show_specific_survey":0,"_uf_disable_surveys":false,"footnotes":""},"categories":[2,10,14,1],"tags":[27,815,813,816,59,731],"class_list":["post-19070","post","type-post","status-publish","format-standard","has-post-thumbnail","hentry","category-blog","category-destacados","category-noticias","category-sin-categoria","tag-apoyo","tag-combatir","tag-sequia","tag-tareas","tag-video","tag-vocero"],"aioseo_notices":[],"_links":{"self":[{"href":"https:\/\/www.ejercito.mil.uy\/index.php\/wp-json\/wp\/v2\/posts\/19070","targetHints":{"allow":["GET"]}}],"collection":[{"href":"https:\/\/www.ejercito.mil.uy\/index.php\/wp-json\/wp\/v2\/posts"}],"about":[{"href":"https:\/\/www.ejercito.mil.uy\/index.php\/wp-json\/wp\/v2\/types\/post"}],"author":[{"embeddable":true,"href":"https:\/\/www.ejercito.mil.uy\/index.php\/wp-json\/wp\/v2\/users\/14"}],"replies":[{"embeddable":true,"href":"https:\/\/www.ejercito.mil.uy\/index.php\/wp-json\/wp\/v2\/comments?post=19070"}],"version-history":[{"count":14,"href":"https:\/\/www.ejercito.mil.uy\/index.php\/wp-json\/wp\/v2\/posts\/19070\/revisions"}],"predecessor-version":[{"id":36508,"href":"https:\/\/www.ejercito.mil.uy\/index.php\/wp-json\/wp\/v2\/posts\/19070\/revisions\/36508"}],"wp:featuredmedia":[{"embeddable":true,"href":"https:\/\/www.ejercito.mil.uy\/index.php\/wp-json\/wp\/v2\/media\/19081"}],"wp:attachment":[{"href":"https:\/\/www.ejercito.mil.uy\/index.php\/wp-json\/wp\/v2\/media?parent=19070"}],"wp:term":[{"taxonomy":"category","embeddable":true,"href":"https:\/\/www.ejercito.mil.uy\/index.php\/wp-json\/wp\/v2\/categories?post=19070"},{"taxonomy":"post_tag","embeddable":true,"href":"https:\/\/www.ejercito.mil.uy\/index.php\/wp-json\/wp\/v2\/tags?post=19070"}],"curies":[{"name":"wp","href":"https:\/\/api.w.org\/{rel}","templated":true}]}}