{"id":19136,"date":"2023-02-14T19:00:00","date_gmt":"2023-02-14T22:00:00","guid":{"rendered":"https:\/\/www.ejercito.mil.uy\/?p=19136"},"modified":"2023-03-23T10:13:53","modified_gmt":"2023-03-23T13:13:53","slug":"ceremonia-de-posesion-de-cargo-de-los-inspectores-del-arma","status":"publish","type":"post","link":"https:\/\/www.ejercito.mil.uy\/index.php\/2023\/02\/14\/ceremonia-de-posesion-de-cargo-de-los-inspectores-del-arma\/","title":{"rendered":"Ceremonia de posesi\u00f3n de cargo de los Inspectores del Arma"},"content":{"rendered":"\n<p class=\"has-small-font-size\">14.02.2023  &#8211; Montevideo <\/p>\n\n\n\n<div style=\"height:50px\" aria-hidden=\"true\" class=\"wp-block-spacer\"><\/div>\n\n\n\n<p>En el d\u00eda de ayer, en el Sal\u00f3n de Honor del Comando General del Ej\u00e9rcito, el Comandante en Jefe del Ej\u00e9rcito, Gral. de Ej\u00e9rcito Mario Stevenazzi, realiz\u00f3 la ceremonia de posesi\u00f3n de cargo de los Inspectores de cada Arma y as\u00ed mismo se despidi\u00f3 de aquellos que hasta el momento se encontraban ocup\u00e1ndolo.<\/p>\n\n\n\n<div style=\"height:50px\" aria-hidden=\"true\" class=\"wp-block-spacer\"><\/div>\n\n\n\n<div aria-label=\"Carousel Gallery\" class=\"wp-block-coblocks-gallery-carousel\"><div class=\"coblocks-gallery-carousel-swiper-container is-cropped coblocks-gallery has-no-alignment has-caption-style-dark has-no-thumbnails\"><div class=\"has-carousel has-carousel-xlrg swiper-container\" data-swiper=\"{&quot;alignCells&quot;:false,&quot;autoPlay&quot;:true,&quot;autoPlaySpeed&quot;:&quot;5000&quot;,&quot;draggable&quot;:true,&quot;freeScroll&quot;:false,&quot;loop&quot;:true,&quot;navigation&quot;:true,&quot;pageDots&quot;:false,&quot;pauseHover&quot;:false,&quot;responsiveHeight&quot;:false,&quot;slidesPerView&quot;:1,&quot;thumbnails&quot;:false,&quot;uuid&quot;:&quot;12345&quot;}\" id=\"12345\" style=\"height:550px\"><div class=\"swiper-wrapper\"><div class=\"swiper-slide\"><div class=\"coblocks-gallery--item\" role=\"button\"><figure class=\"coblocks-gallery--figure has-margin-left-mobile-5 has-margin-right-mobile-5\"><img fetchpriority=\"high\" decoding=\"async\" width=\"1024\" height=\"683\" alt=\"\" class=\"wp-image-19138\" data-id=\"19138\" data-link=\"https:\/\/www.ejercito.mil.uy\/?attachment_id=19138\" src=\"https:\/\/www.ejercito.mil.uy\/wp-content\/uploads\/2023\/02\/Relevo-Inspectores-armas-5-1024x683.jpg\" srcset=\"https:\/\/www.ejercito.mil.uy\/wp-content\/uploads\/2023\/02\/Relevo-Inspectores-armas-5-1024x683.jpg 1024w, https:\/\/www.ejercito.mil.uy\/wp-content\/uploads\/2023\/02\/Relevo-Inspectores-armas-5-300x200.jpg 300w, https:\/\/www.ejercito.mil.uy\/wp-content\/uploads\/2023\/02\/Relevo-Inspectores-armas-5.jpg 1200w\" sizes=\"(max-width: 1024px) 100vw, 1024px\" \/><\/figure><figcaption class=\"coblocks-gallery--caption coblocks-gallery--primary-caption\"><\/figcaption><\/div><\/div><div class=\"swiper-slide\"><div class=\"coblocks-gallery--item\" role=\"button\"><figure class=\"coblocks-gallery--figure has-margin-left-mobile-5 has-margin-right-mobile-5\"><img decoding=\"async\" width=\"1024\" height=\"683\" alt=\"\" class=\"wp-image-19139\" data-id=\"19139\" data-link=\"https:\/\/www.ejercito.mil.uy\/?attachment_id=19139\" src=\"https:\/\/www.ejercito.mil.uy\/wp-content\/uploads\/2023\/02\/Relevo-Inspectores-armas-6-1024x683.jpg\" srcset=\"https:\/\/www.ejercito.mil.uy\/wp-content\/uploads\/2023\/02\/Relevo-Inspectores-armas-6-1024x683.jpg 1024w, https:\/\/www.ejercito.mil.uy\/wp-content\/uploads\/2023\/02\/Relevo-Inspectores-armas-6-300x200.jpg 300w, https:\/\/www.ejercito.mil.uy\/wp-content\/uploads\/2023\/02\/Relevo-Inspectores-armas-6.jpg 1200w\" sizes=\"(max-width: 1024px) 100vw, 1024px\" \/><\/figure><figcaption class=\"coblocks-gallery--caption coblocks-gallery--primary-caption\"><\/figcaption><\/div><\/div><\/div><button class=\"nav-button__prev\" id=\"12345-prev\"><\/button><button class=\"nav-button__next\" id=\"12345-next\"><\/button><\/div><\/div><\/div>\n\n\n\n<div style=\"height:50px\" aria-hidden=\"true\" class=\"wp-block-spacer\"><\/div>\n\n\n\n<p class=\"has-black-color has-light-green-cyan-background-color has-text-color has-background\"><strong>-el Sr. Cnel. Mario Aguerrondo asumi\u00f3 como el Inspector del Arma de Infanter\u00eda<\/strong><\/p>\n\n\n\n<div style=\"height:50px\" aria-hidden=\"true\" class=\"wp-block-spacer\"><\/div>\n\n\n\n<div class=\"wp-block-coblocks-gallery-stacked\"><ul class=\"coblocks-gallery has-no-alignment has-fullwidth-images has-custom-gutter\"><li class=\"coblocks-gallery--item\"><figure class=\"coblocks-gallery--figure\"><img decoding=\"async\" width=\"1024\" height=\"683\" alt=\"\" class=\"wp-image-19140 has-shadow-none\" data-id=\"19140\" data-imglink=\"\" data-link=\"https:\/\/www.ejercito.mil.uy\/?attachment_id=19140\" src=\"https:\/\/www.ejercito.mil.uy\/wp-content\/uploads\/2023\/02\/Relevo-Inspectores-armas-3-1024x683.jpg\" srcset=\"https:\/\/www.ejercito.mil.uy\/wp-content\/uploads\/2023\/02\/Relevo-Inspectores-armas-3-1024x683.jpg 1024w, https:\/\/www.ejercito.mil.uy\/wp-content\/uploads\/2023\/02\/Relevo-Inspectores-armas-3-300x200.jpg 300w, https:\/\/www.ejercito.mil.uy\/wp-content\/uploads\/2023\/02\/Relevo-Inspectores-armas-3.jpg 1200w\" sizes=\"(max-width: 1024px) 100vw, 1024px\" \/><\/figure><\/li><\/ul><\/div>\n\n\n\n<div style=\"height:50px\" aria-hidden=\"true\" class=\"wp-block-spacer\"><\/div>\n\n\n\n<p class=\"has-white-color has-text-color has-background\" style=\"background-color:#8f0449\"><strong>-el Sr. Cnel. Fernando Cabeza asumi\u00f3 como el Inspector del Arma de Caballer\u00eda<\/strong><\/p>\n\n\n\n<div style=\"height:50px\" aria-hidden=\"true\" class=\"wp-block-spacer\"><\/div>\n\n\n\n<div class=\"wp-block-coblocks-gallery-stacked\"><ul class=\"coblocks-gallery has-no-alignment has-fullwidth-images has-custom-gutter\"><li class=\"coblocks-gallery--item\"><figure class=\"coblocks-gallery--figure\"><img loading=\"lazy\" decoding=\"async\" width=\"1024\" height=\"683\" alt=\"\" class=\"wp-image-19141 has-shadow-none\" data-id=\"19141\" data-imglink=\"\" data-link=\"https:\/\/www.ejercito.mil.uy\/?attachment_id=19141\" src=\"https:\/\/www.ejercito.mil.uy\/wp-content\/uploads\/2023\/02\/Relevo-Inspectores-armas-2-1024x683.jpg\" srcset=\"https:\/\/www.ejercito.mil.uy\/wp-content\/uploads\/2023\/02\/Relevo-Inspectores-armas-2-1024x683.jpg 1024w, https:\/\/www.ejercito.mil.uy\/wp-content\/uploads\/2023\/02\/Relevo-Inspectores-armas-2-300x200.jpg 300w, https:\/\/www.ejercito.mil.uy\/wp-content\/uploads\/2023\/02\/Relevo-Inspectores-armas-2.jpg 1200w\" sizes=\"(max-width: 1024px) 100vw, 1024px\" \/><\/figure><\/li><\/ul><\/div>\n\n\n\n<div style=\"height:50px\" aria-hidden=\"true\" class=\"wp-block-spacer\"><\/div>\n\n\n\n<p class=\"has-white-color has-vivid-red-background-color has-text-color has-background\"><strong>-el Sr. Cnel. Pablo Camps asumi\u00f3 como el Inspector del Arma de Artiller\u00eda<\/strong><\/p>\n\n\n\n<div style=\"height:50px\" aria-hidden=\"true\" class=\"wp-block-spacer\"><\/div>\n\n\n\n<div class=\"wp-block-coblocks-gallery-stacked\"><ul class=\"coblocks-gallery has-no-alignment has-fullwidth-images has-custom-gutter\"><li class=\"coblocks-gallery--item\"><figure class=\"coblocks-gallery--figure\"><img loading=\"lazy\" decoding=\"async\" width=\"1024\" height=\"683\" alt=\"\" class=\"wp-image-19142 has-shadow-none\" data-id=\"19142\" data-imglink=\"\" data-link=\"https:\/\/www.ejercito.mil.uy\/?attachment_id=19142\" src=\"https:\/\/www.ejercito.mil.uy\/wp-content\/uploads\/2023\/02\/Relevo-Inspectores-armas-1-1024x683.jpg\" srcset=\"https:\/\/www.ejercito.mil.uy\/wp-content\/uploads\/2023\/02\/Relevo-Inspectores-armas-1-1024x683.jpg 1024w, https:\/\/www.ejercito.mil.uy\/wp-content\/uploads\/2023\/02\/Relevo-Inspectores-armas-1-300x200.jpg 300w, https:\/\/www.ejercito.mil.uy\/wp-content\/uploads\/2023\/02\/Relevo-Inspectores-armas-1.jpg 1200w\" sizes=\"(max-width: 1024px) 100vw, 1024px\" \/><\/figure><\/li><\/ul><\/div>\n","protected":false},"excerpt":{"rendered":"<p>14.02.2023 &#8211; En el d\u00eda de ayer, en el Sal\u00f3n de Honor del Comando General del Ej\u00e9rcito, el Comandante en Jefe del Ej\u00e9rcito, Gral. de Ej\u00e9rcito Mario Stevenazzi, realiz\u00f3 la ceremonia de posesi\u00f3n de cargo de los Inspectores de cada Arma.<\/p>\n","protected":false},"author":14,"featured_media":19137,"comment_status":"open","ping_status":"open","sticky":false,"template":"","format":"standard","meta":{"_coblocks_attr":"","_coblocks_dimensions":"","_coblocks_responsive_height":"","_coblocks_accordion_ie_support":"","_monsterinsights_skip_tracking":false,"_monsterinsights_sitenote_active":false,"_monsterinsights_sitenote_note":"","_monsterinsights_sitenote_category":0,"_uf_show_specific_survey":0,"_uf_disable_surveys":false,"footnotes":""},"categories":[2,10,14,1],"tags":[27,298,808,812,481],"class_list":["post-19136","post","type-post","status-publish","format-standard","has-post-thumbnail","hentry","category-blog","category-destacados","category-noticias","category-sin-categoria","tag-apoyo","tag-bomberos","tag-emergencias","tag-incendios","tag-sae"],"aioseo_notices":[],"_links":{"self":[{"href":"https:\/\/www.ejercito.mil.uy\/index.php\/wp-json\/wp\/v2\/posts\/19136","targetHints":{"allow":["GET"]}}],"collection":[{"href":"https:\/\/www.ejercito.mil.uy\/index.php\/wp-json\/wp\/v2\/posts"}],"about":[{"href":"https:\/\/www.ejercito.mil.uy\/index.php\/wp-json\/wp\/v2\/types\/post"}],"author":[{"embeddable":true,"href":"https:\/\/www.ejercito.mil.uy\/index.php\/wp-json\/wp\/v2\/users\/14"}],"replies":[{"embeddable":true,"href":"https:\/\/www.ejercito.mil.uy\/index.php\/wp-json\/wp\/v2\/comments?post=19136"}],"version-history":[{"count":2,"href":"https:\/\/www.ejercito.mil.uy\/index.php\/wp-json\/wp\/v2\/posts\/19136\/revisions"}],"predecessor-version":[{"id":19965,"href":"https:\/\/www.ejercito.mil.uy\/index.php\/wp-json\/wp\/v2\/posts\/19136\/revisions\/19965"}],"wp:featuredmedia":[{"embeddable":true,"href":"https:\/\/www.ejercito.mil.uy\/index.php\/wp-json\/wp\/v2\/media\/19137"}],"wp:attachment":[{"href":"https:\/\/www.ejercito.mil.uy\/index.php\/wp-json\/wp\/v2\/media?parent=19136"}],"wp:term":[{"taxonomy":"category","embeddable":true,"href":"https:\/\/www.ejercito.mil.uy\/index.php\/wp-json\/wp\/v2\/categories?post=19136"},{"taxonomy":"post_tag","embeddable":true,"href":"https:\/\/www.ejercito.mil.uy\/index.php\/wp-json\/wp\/v2\/tags?post=19136"}],"curies":[{"name":"wp","href":"https:\/\/api.w.org\/{rel}","templated":true}]}}