{"id":19207,"date":"2023-02-18T19:00:00","date_gmt":"2023-02-18T22:00:00","guid":{"rendered":"https:\/\/www.ejercito.mil.uy\/?p=19207"},"modified":"2023-02-23T08:30:12","modified_gmt":"2023-02-23T11:30:12","slug":"apoyos-a-la-comunidad-debido-a-las-sequias","status":"publish","type":"post","link":"https:\/\/www.ejercito.mil.uy\/index.php\/2023\/02\/18\/apoyos-a-la-comunidad-debido-a-las-sequias\/","title":{"rendered":"Apoyos a la comunidad debido a las sequ\u00edas"},"content":{"rendered":"\n<p class=\"has-small-font-size\">18.02.2023  <\/p>\n\n\n\n<div style=\"height:50px\" aria-hidden=\"true\" class=\"wp-block-spacer\"><\/div>\n\n\n\n<p class=\"has-medium-font-size\">\ud835\udc0b\ud835\udc1a\ud835\udc2c \ud835\udc1e\ud835\udc26\ud835\udc1e\ud835\udc2b\ud835\udc20\ud835\udc1e\ud835\udc27\ud835\udc1c\ud835\udc22\ud835\udc1a\ud835\udc2c \ud835\udc27\ud835\udc28 \ud835\udc29\ud835\udc2e\ud835\udc1e\ud835\udc1d\ud835\udc1e\ud835\udc27 \ud835\udc1e\ud835\udc2c\ud835\udc29\ud835\udc1e\ud835\udc2b\ud835\udc1a\ud835\udc2b<\/p>\n\n\n\n<div style=\"height:50px\" aria-hidden=\"true\" class=\"wp-block-spacer\"><\/div>\n\n\n\n<p class=\"has-black-color has-luminous-vivid-orange-background-color has-text-color has-background\"><strong>Durante esta semana, m\u00e1s de un centenar de efectivos del Ej\u00e9rcito Nacional, realizaron varios apoyos debido a las sequ\u00edas.<\/strong><\/p>\n\n\n\n<div style=\"height:22px\" aria-hidden=\"true\" class=\"wp-block-spacer\"><\/div>\n\n\n\n<p class=\"has-black-color has-white-background-color has-text-color has-background\">El Batall\u00f3n \u00abTreinta y Tres Orientales\u00bb de Infanter\u00eda N\u00b0 10 colabor\u00f3 con Bomberos en la extinci\u00f3n de un incendio forestal producido en la Colonia Dionisio D\u00edaz (Treinta y Tres).<\/p>\n\n\n\n<div style=\"height:22px\" aria-hidden=\"true\" class=\"wp-block-spacer\"><\/div>\n\n\n\n<div class=\"wp-block-coblocks-gallery-stacked\"><ul class=\"coblocks-gallery has-no-alignment has-fullwidth-images has-custom-gutter\"><li class=\"coblocks-gallery--item\"><figure class=\"coblocks-gallery--figure\"><img fetchpriority=\"high\" decoding=\"async\" width=\"1024\" height=\"683\" alt=\"\" class=\"wp-image-19090 has-shadow-none\" data-id=\"19090\" data-imglink=\"\" data-link=\"https:\/\/www.ejercito.mil.uy\/index.php\/2023\/02\/13\/apoyo-a-bomberos-en-treinta-y-tres-y-canelones\/incendio-treinta-y-tres-2\/\" src=\"https:\/\/www.ejercito.mil.uy\/wp-content\/uploads\/2023\/02\/Incendio-Treinta-y-Tres-2-1024x683.jpg\" srcset=\"https:\/\/www.ejercito.mil.uy\/wp-content\/uploads\/2023\/02\/Incendio-Treinta-y-Tres-2-1024x683.jpg 1024w, https:\/\/www.ejercito.mil.uy\/wp-content\/uploads\/2023\/02\/Incendio-Treinta-y-Tres-2-300x200.jpg 300w, https:\/\/www.ejercito.mil.uy\/wp-content\/uploads\/2023\/02\/Incendio-Treinta-y-Tres-2.jpg 1200w\" sizes=\"(max-width: 1024px) 100vw, 1024px\" \/><\/figure><\/li><\/ul><\/div>\n\n\n\n<div style=\"height:55px\" aria-hidden=\"true\" class=\"wp-block-spacer\"><\/div>\n\n\n\n<p>El Grupo de Artiller\u00eda de Defensa Antia\u00e9rea N\u00ba 1 y la Brigada \u00abGeneral Eugenio Garz\u00f3n\u00bb de Infanter\u00eda N\u00ba 1, participaron en la extinci\u00f3n de diferentes focos \u00edgneos en la zona de Canelones. <\/p>\n\n\n\n<div style=\"height:22px\" aria-hidden=\"true\" class=\"wp-block-spacer\"><\/div>\n\n\n\n<div class=\"wp-block-coblocks-gallery-stacked\"><ul class=\"coblocks-gallery has-no-alignment has-fullwidth-images has-custom-gutter\"><li class=\"coblocks-gallery--item\"><figure class=\"coblocks-gallery--figure\"><img decoding=\"async\" width=\"1024\" height=\"683\" alt=\"\" class=\"wp-image-19094 has-shadow-none\" data-id=\"19094\" data-imglink=\"\" data-link=\"https:\/\/www.ejercito.mil.uy\/index.php\/2023\/02\/13\/apoyo-a-bomberos-en-treinta-y-tres-y-canelones\/incendio-en-canelones-1\/\" src=\"https:\/\/www.ejercito.mil.uy\/wp-content\/uploads\/2023\/02\/Incendio-en-Canelones-1-1024x683.jpg\" srcset=\"https:\/\/www.ejercito.mil.uy\/wp-content\/uploads\/2023\/02\/Incendio-en-Canelones-1-1024x683.jpg 1024w, https:\/\/www.ejercito.mil.uy\/wp-content\/uploads\/2023\/02\/Incendio-en-Canelones-1-300x200.jpg 300w, https:\/\/www.ejercito.mil.uy\/wp-content\/uploads\/2023\/02\/Incendio-en-Canelones-1.jpg 1200w\" sizes=\"(max-width: 1024px) 100vw, 1024px\" \/><\/figure><\/li><\/ul><\/div>\n\n\n\n<div style=\"height:55px\" aria-hidden=\"true\" class=\"wp-block-spacer\"><\/div>\n\n\n\n<p>El Regimiento \u00abTte. Gral. Pablo Galarza\u00bb de Caballer\u00eda Blindado N\u00ba 2, realiz\u00f3 tareas de limpieza de malezas y ensanchamiento en el cauce del R\u00edo Y\u00ed, para aumentar el caudal en la toma de agua de OSE de la ciudad de Sarand\u00ed del Y\u00ed (Durazno).<\/p>\n\n\n\n<div style=\"height:22px\" aria-hidden=\"true\" class=\"wp-block-spacer\"><\/div>\n\n\n\n<div class=\"wp-block-coblocks-gallery-stacked\"><ul class=\"coblocks-gallery has-no-alignment has-fullwidth-images has-custom-gutter\"><li class=\"coblocks-gallery--item\"><figure class=\"coblocks-gallery--figure\"><img decoding=\"async\" width=\"1024\" height=\"683\" alt=\"\" class=\"wp-image-19211 has-shadow-none\" data-id=\"19211\" data-imglink=\"\" data-link=\"https:\/\/www.ejercito.mil.uy\/?attachment_id=19211\" src=\"https:\/\/www.ejercito.mil.uy\/wp-content\/uploads\/2023\/02\/Apoyo-debido-a-sequias-3-1024x683.jpg\" srcset=\"https:\/\/www.ejercito.mil.uy\/wp-content\/uploads\/2023\/02\/Apoyo-debido-a-sequias-3-1024x683.jpg 1024w, https:\/\/www.ejercito.mil.uy\/wp-content\/uploads\/2023\/02\/Apoyo-debido-a-sequias-3-300x200.jpg 300w, https:\/\/www.ejercito.mil.uy\/wp-content\/uploads\/2023\/02\/Apoyo-debido-a-sequias-3.jpg 1200w\" sizes=\"(max-width: 1024px) 100vw, 1024px\" \/><\/figure><\/li><\/ul><\/div>\n\n\n\n<div style=\"height:55px\" aria-hidden=\"true\" class=\"wp-block-spacer\"><\/div>\n\n\n\n<p>El Batall\u00f3n de Ingenieros de Construcciones N\u00ba 5 y el Batall\u00f3n \u00abAnsina\u00bb de Ingenieros de Combate N\u00ba 6, comenzaron con los trabajos de limpieza de tajamares con retroexcavadora en Sauce (Canelones, Montevideo). <\/p>\n\n\n\n<div style=\"height:22px\" aria-hidden=\"true\" class=\"wp-block-spacer\"><\/div>\n\n\n\n<div aria-label=\"Carousel Gallery\" class=\"wp-block-coblocks-gallery-carousel\"><div class=\"coblocks-gallery-carousel-swiper-container is-cropped coblocks-gallery has-no-alignment has-caption-style-dark has-no-thumbnails\"><div class=\"has-carousel has-carousel-xlrg swiper-container\" data-swiper=\"{&quot;alignCells&quot;:false,&quot;autoPlay&quot;:true,&quot;autoPlaySpeed&quot;:&quot;5000&quot;,&quot;draggable&quot;:true,&quot;freeScroll&quot;:false,&quot;loop&quot;:true,&quot;navigation&quot;:true,&quot;pageDots&quot;:false,&quot;pauseHover&quot;:false,&quot;responsiveHeight&quot;:false,&quot;slidesPerView&quot;:1,&quot;thumbnails&quot;:false,&quot;uuid&quot;:&quot;12345&quot;}\" id=\"12345\" style=\"height:550px\"><div class=\"swiper-wrapper\"><div class=\"swiper-slide\"><div class=\"coblocks-gallery--item\" role=\"button\"><figure class=\"coblocks-gallery--figure has-margin-left-mobile-5 has-margin-right-mobile-5\"><img loading=\"lazy\" decoding=\"async\" width=\"1024\" height=\"683\" alt=\"\" class=\"wp-image-19081\" data-id=\"19081\" data-link=\"https:\/\/www.ejercito.mil.uy\/index.php\/2023\/02\/13\/el-ejercito-nacional-comenzo-con-las-tareas-para-mitigar-la-sequia\/el-ejercito-nacional-comenzo-con-las-tareas-para-mitigar-la-sequia\/\" src=\"https:\/\/www.ejercito.mil.uy\/wp-content\/uploads\/2023\/02\/El-Ejercito-Nacional-comenzo-con-las-tareas-para-mitigar-la-sequia-1024x683.jpg\" srcset=\"https:\/\/www.ejercito.mil.uy\/wp-content\/uploads\/2023\/02\/El-Ejercito-Nacional-comenzo-con-las-tareas-para-mitigar-la-sequia-1024x683.jpg 1024w, https:\/\/www.ejercito.mil.uy\/wp-content\/uploads\/2023\/02\/El-Ejercito-Nacional-comenzo-con-las-tareas-para-mitigar-la-sequia-300x200.jpg 300w, https:\/\/www.ejercito.mil.uy\/wp-content\/uploads\/2023\/02\/El-Ejercito-Nacional-comenzo-con-las-tareas-para-mitigar-la-sequia.jpg 1200w\" sizes=\"(max-width: 1024px) 100vw, 1024px\" \/><\/figure><figcaption class=\"coblocks-gallery--caption coblocks-gallery--primary-caption\"><\/figcaption><\/div><\/div><div class=\"swiper-slide\"><div class=\"coblocks-gallery--item\" role=\"button\"><figure class=\"coblocks-gallery--figure has-margin-left-mobile-5 has-margin-right-mobile-5\"><img loading=\"lazy\" decoding=\"async\" width=\"1024\" height=\"683\" alt=\"\" class=\"wp-image-19082\" data-id=\"19082\" data-link=\"https:\/\/www.ejercito.mil.uy\/index.php\/2023\/02\/13\/el-ejercito-nacional-comenzo-con-las-tareas-para-mitigar-la-sequia\/el-ejercito-nacional-comenzo-con-las-tareas-para-mitigar-la-sequia-2\/\" src=\"https:\/\/www.ejercito.mil.uy\/wp-content\/uploads\/2023\/02\/El-Ejercito-Nacional-comenzo-con-las-tareas-para-mitigar-la-sequia-2-1024x683.jpg\" srcset=\"https:\/\/www.ejercito.mil.uy\/wp-content\/uploads\/2023\/02\/El-Ejercito-Nacional-comenzo-con-las-tareas-para-mitigar-la-sequia-2-1024x683.jpg 1024w, https:\/\/www.ejercito.mil.uy\/wp-content\/uploads\/2023\/02\/El-Ejercito-Nacional-comenzo-con-las-tareas-para-mitigar-la-sequia-2-300x200.jpg 300w, https:\/\/www.ejercito.mil.uy\/wp-content\/uploads\/2023\/02\/El-Ejercito-Nacional-comenzo-con-las-tareas-para-mitigar-la-sequia-2.jpg 1200w\" sizes=\"(max-width: 1024px) 100vw, 1024px\" \/><\/figure><figcaption class=\"coblocks-gallery--caption coblocks-gallery--primary-caption\"><\/figcaption><\/div><\/div><\/div><button class=\"nav-button__prev\" id=\"12345-prev\"><\/button><button class=\"nav-button__next\" id=\"12345-next\"><\/button><\/div><\/div><\/div>\n\n\n\n<div style=\"height:55px\" aria-hidden=\"true\" class=\"wp-block-spacer\"><\/div>\n\n\n\n<p>Por \u00faltimo, a trav\u00e9s de un cami\u00f3n cisterna, se apoy\u00f3 a la zona rural de Canelones y Florida con el reparto de agua potable. <\/p>\n\n\n\n<div style=\"height:22px\" aria-hidden=\"true\" class=\"wp-block-spacer\"><\/div>\n\n\n\n<div aria-label=\"Carousel Gallery\" class=\"wp-block-coblocks-gallery-carousel\"><div class=\"coblocks-gallery-carousel-swiper-container is-cropped coblocks-gallery has-no-alignment has-caption-style-dark has-no-thumbnails\"><div class=\"has-carousel has-carousel-xlrg swiper-container\" data-swiper=\"{&quot;alignCells&quot;:false,&quot;autoPlay&quot;:true,&quot;autoPlaySpeed&quot;:&quot;5000&quot;,&quot;draggable&quot;:true,&quot;freeScroll&quot;:false,&quot;loop&quot;:true,&quot;navigation&quot;:true,&quot;pageDots&quot;:false,&quot;pauseHover&quot;:false,&quot;responsiveHeight&quot;:false,&quot;slidesPerView&quot;:1,&quot;thumbnails&quot;:false,&quot;uuid&quot;:&quot;12345&quot;}\" id=\"12345\" style=\"height:550px\"><div class=\"swiper-wrapper\"><div class=\"swiper-slide\"><div class=\"coblocks-gallery--item\" role=\"button\"><figure class=\"coblocks-gallery--figure has-margin-left-mobile-5 has-margin-right-mobile-5\"><img loading=\"lazy\" decoding=\"async\" width=\"1024\" height=\"683\" alt=\"\" class=\"wp-image-19077\" data-id=\"19077\" data-link=\"https:\/\/www.ejercito.mil.uy\/index.php\/2023\/02\/13\/el-ejercito-nacional-comenzo-con-las-tareas-para-mitigar-la-sequia\/apoyo-hidrico-fb2\/\" src=\"https:\/\/www.ejercito.mil.uy\/wp-content\/uploads\/2023\/02\/Apoyo-hidrico-fb2--1024x683.jpg\" srcset=\"https:\/\/www.ejercito.mil.uy\/wp-content\/uploads\/2023\/02\/Apoyo-hidrico-fb2--1024x683.jpg 1024w, https:\/\/www.ejercito.mil.uy\/wp-content\/uploads\/2023\/02\/Apoyo-hidrico-fb2--300x200.jpg 300w, https:\/\/www.ejercito.mil.uy\/wp-content\/uploads\/2023\/02\/Apoyo-hidrico-fb2-.jpg 1200w\" sizes=\"(max-width: 1024px) 100vw, 1024px\" \/><\/figure><figcaption class=\"coblocks-gallery--caption coblocks-gallery--primary-caption\"><\/figcaption><\/div><\/div><div class=\"swiper-slide\"><div class=\"coblocks-gallery--item\" role=\"button\"><figure class=\"coblocks-gallery--figure has-margin-left-mobile-5 has-margin-right-mobile-5\"><img loading=\"lazy\" decoding=\"async\" width=\"1024\" height=\"683\" alt=\"\" class=\"wp-image-19076\" data-id=\"19076\" data-link=\"https:\/\/www.ejercito.mil.uy\/index.php\/2023\/02\/13\/el-ejercito-nacional-comenzo-con-las-tareas-para-mitigar-la-sequia\/apoyo-hidrico\/\" src=\"https:\/\/www.ejercito.mil.uy\/wp-content\/uploads\/2023\/02\/Apoyo-hidrico-1024x683.jpg\" srcset=\"https:\/\/www.ejercito.mil.uy\/wp-content\/uploads\/2023\/02\/Apoyo-hidrico-1024x683.jpg 1024w, https:\/\/www.ejercito.mil.uy\/wp-content\/uploads\/2023\/02\/Apoyo-hidrico-300x200.jpg 300w, https:\/\/www.ejercito.mil.uy\/wp-content\/uploads\/2023\/02\/Apoyo-hidrico.jpg 1200w\" sizes=\"(max-width: 1024px) 100vw, 1024px\" \/><\/figure><figcaption class=\"coblocks-gallery--caption coblocks-gallery--primary-caption\"><\/figcaption><\/div><\/div><\/div><button class=\"nav-button__prev\" id=\"12345-prev\"><\/button><button class=\"nav-button__next\" id=\"12345-next\"><\/button><\/div><\/div><\/div>\n\n\n\n<p><\/p>\n","protected":false},"excerpt":{"rendered":"<p>18.02.2023 &#8211; Durante esta semana, m\u00e1s de un centenar de efectivos del Ej\u00e9rcito Nacional, realizaron varios apoyos debido a las sequ\u00edas. <\/p>\n","protected":false},"author":14,"featured_media":19210,"comment_status":"open","ping_status":"open","sticky":false,"template":"","format":"standard","meta":{"_coblocks_attr":"","_coblocks_dimensions":"","_coblocks_responsive_height":"","_coblocks_accordion_ie_support":"","_monsterinsights_skip_tracking":false,"_monsterinsights_sitenote_active":false,"_monsterinsights_sitenote_note":"","_monsterinsights_sitenote_category":0,"_uf_show_specific_survey":0,"_uf_disable_surveys":false,"footnotes":""},"categories":[2,10,14,1],"tags":[72,325,298,808,823,452,822,824,816],"class_list":["post-19207","post","type-post","status-publish","format-standard","has-post-thumbnail","hentry","category-blog","category-destacados","category-noticias","category-sin-categoria","tag-agua","tag-apoyos","tag-bomberos","tag-emergencias","tag-extincion","tag-limpieza","tag-sequias","tag-tajamares","tag-tareas"],"aioseo_notices":[],"_links":{"self":[{"href":"https:\/\/www.ejercito.mil.uy\/index.php\/wp-json\/wp\/v2\/posts\/19207","targetHints":{"allow":["GET"]}}],"collection":[{"href":"https:\/\/www.ejercito.mil.uy\/index.php\/wp-json\/wp\/v2\/posts"}],"about":[{"href":"https:\/\/www.ejercito.mil.uy\/index.php\/wp-json\/wp\/v2\/types\/post"}],"author":[{"embeddable":true,"href":"https:\/\/www.ejercito.mil.uy\/index.php\/wp-json\/wp\/v2\/users\/14"}],"replies":[{"embeddable":true,"href":"https:\/\/www.ejercito.mil.uy\/index.php\/wp-json\/wp\/v2\/comments?post=19207"}],"version-history":[{"count":6,"href":"https:\/\/www.ejercito.mil.uy\/index.php\/wp-json\/wp\/v2\/posts\/19207\/revisions"}],"predecessor-version":[{"id":19294,"href":"https:\/\/www.ejercito.mil.uy\/index.php\/wp-json\/wp\/v2\/posts\/19207\/revisions\/19294"}],"wp:featuredmedia":[{"embeddable":true,"href":"https:\/\/www.ejercito.mil.uy\/index.php\/wp-json\/wp\/v2\/media\/19210"}],"wp:attachment":[{"href":"https:\/\/www.ejercito.mil.uy\/index.php\/wp-json\/wp\/v2\/media?parent=19207"}],"wp:term":[{"taxonomy":"category","embeddable":true,"href":"https:\/\/www.ejercito.mil.uy\/index.php\/wp-json\/wp\/v2\/categories?post=19207"},{"taxonomy":"post_tag","embeddable":true,"href":"https:\/\/www.ejercito.mil.uy\/index.php\/wp-json\/wp\/v2\/tags?post=19207"}],"curies":[{"name":"wp","href":"https:\/\/api.w.org\/{rel}","templated":true}]}}