{"id":1942,"date":"2021-04-12T09:00:00","date_gmt":"2021-04-12T12:00:00","guid":{"rendered":"https:\/\/www.ejercito.mil.uy\/?p=1942"},"modified":"2021-04-14T09:26:39","modified_gmt":"2021-04-14T12:26:39","slug":"patrullas-nocturnas-en-beni","status":"publish","type":"post","link":"https:\/\/www.ejercito.mil.uy\/index.php\/2021\/04\/12\/patrullas-nocturnas-en-beni\/","title":{"rendered":"Patrullas nocturnas en Beni"},"content":{"rendered":"\n<p>12.04.2021 &#8211; Beni, Rep\u00fablica Democr\u00e1tica del Congo<\/p>\n\n\n\n<div style=\"height:35px\" aria-hidden=\"true\" class=\"wp-block-spacer\"><\/div>\n\n\n\n<p>Los integrantes de la <strong>Secci\u00f3n Reforzada <\/strong>de la <strong>Compa\u00f1\u00eda de Fusileros Mecanizada \u00abAlfa\u00bb<\/strong> pertenecientes al <strong>Batall\u00f3n de Infanter\u00eda \u00abUruguay IV\u00bb<\/strong>, que se encuentran desplegados en la localidad de Beni, en reacci\u00f3n ante una situaci\u00f3n de alerta de seguridad, realizan patrullas nocturnas en dos turnos por un per\u00edodo de siete d\u00edas, con el objetivo de brindar seguridad a la poblaci\u00f3n y al personal de Naciones Unidas, para disuadir cualquier posible amenaza en la zona.<\/p>\n\n\n\n<div style=\"height:35px\" aria-hidden=\"true\" class=\"wp-block-spacer\"><\/div>\n\n\n\n<p>Nuestros Cascos Azules cumplen con uno de los principales prop\u00f3sitos de la <a href=\"https:\/\/www.facebook.com\/monusco.org\" target=\"_blank\" rel=\"noreferrer noopener\">MONUSCO (United Nations Mission in the DR Congo &#8211; Monusco)<\/a>, que es la protecci\u00f3n de civiles. Este tipo de patrullas permiten fortalecer los lazos e interactuar con la poblaci\u00f3n local.<\/p>\n\n\n\n<div style=\"height:35px\" aria-hidden=\"true\" class=\"wp-block-spacer\"><\/div>\n\n\n\n<div class=\"wp-block-coblocks-gallery-stacked alignfull has-lightbox\"><ul class=\"coblocks-gallery has-fullwidth-images\"><li class=\"coblocks-gallery--item coblocks-animate\" data-coblocks-animation=\"fadeIn\"><figure class=\"coblocks-gallery--figure has-margin-bottom-mobile-5\"><img fetchpriority=\"high\" decoding=\"async\" width=\"1024\" height=\"683\" src=\"https:\/\/www.ejercito.mil.uy\/wp-content\/uploads\/2021\/04\/Beni-1024x683.jpg\" alt=\"\" data-id=\"1944\" data-imglink=\"\" data-link=\"https:\/\/www.ejercito.mil.uy\/?attachment_id=1944\" class=\"wp-image-1944 has-shadow-none\" srcset=\"https:\/\/www.ejercito.mil.uy\/wp-content\/uploads\/2021\/04\/Beni-1024x683.jpg 1024w, https:\/\/www.ejercito.mil.uy\/wp-content\/uploads\/2021\/04\/Beni-300x200.jpg 300w, https:\/\/www.ejercito.mil.uy\/wp-content\/uploads\/2021\/04\/Beni.jpg 1200w\" sizes=\"(max-width: 1024px) 100vw, 1024px\" \/><\/figure><\/li><li class=\"coblocks-gallery--item coblocks-animate\" data-coblocks-animation=\"fadeIn\"><figure class=\"coblocks-gallery--figure has-margin-bottom-mobile-5\"><img decoding=\"async\" width=\"1024\" height=\"683\" src=\"https:\/\/www.ejercito.mil.uy\/wp-content\/uploads\/2021\/04\/Beni3-1024x683.jpg\" alt=\"\" data-id=\"1945\" data-imglink=\"\" data-link=\"https:\/\/www.ejercito.mil.uy\/?attachment_id=1945\" class=\"wp-image-1945 has-shadow-none\" srcset=\"https:\/\/www.ejercito.mil.uy\/wp-content\/uploads\/2021\/04\/Beni3-1024x683.jpg 1024w, https:\/\/www.ejercito.mil.uy\/wp-content\/uploads\/2021\/04\/Beni3-300x200.jpg 300w, https:\/\/www.ejercito.mil.uy\/wp-content\/uploads\/2021\/04\/Beni3.jpg 1200w\" sizes=\"(max-width: 1024px) 100vw, 1024px\" \/><\/figure><\/li><\/ul><\/div>\n\n\n\n<p><\/p>\n\n\n\n<div style=\"height:35px\" aria-hidden=\"true\" class=\"wp-block-spacer\"><\/div>\n\n\n\n<p><\/p>\n","protected":false},"excerpt":{"rendered":"<p>12.04.2021 &#8211; Beni, Rep\u00fablica Democr\u00e1tica del Congo Los integrantes de la Secci\u00f3n Reforzada de la Compa\u00f1\u00eda de Fusileros Mecanizada \u00abAlfa\u00bb pertenecientes al Batall\u00f3n de Infanter\u00eda \u00abUruguay IV\u00bb, que se encuentran desplegados en la localidad de Beni, en reacci\u00f3n ante una situaci\u00f3n de alerta de seguridad, realizan patrullas nocturnas en dos turnos por un per\u00edodo de <a href=\"https:\/\/www.ejercito.mil.uy\/index.php\/2021\/04\/12\/patrullas-nocturnas-en-beni\/\" class=\"more-link\">&#8230;<span class=\"screen-reader-text\">  Patrullas nocturnas en Beni<\/span><\/a><\/p>\n","protected":false},"author":4,"featured_media":1943,"comment_status":"open","ping_status":"open","sticky":false,"template":"","format":"standard","meta":{"_coblocks_attr":"","_coblocks_dimensions":"","_coblocks_responsive_height":"","_coblocks_accordion_ie_support":"","_monsterinsights_skip_tracking":false,"_monsterinsights_sitenote_active":false,"_monsterinsights_sitenote_note":"","_monsterinsights_sitenote_category":0,"_uf_show_specific_survey":0,"_uf_disable_surveys":false,"footnotes":""},"categories":[2,14],"tags":[30,19,31],"class_list":["post-1942","post","type-post","status-publish","format-standard","has-post-thumbnail","hentry","category-blog","category-noticias","tag-misiones-operativas-de-paz","tag-mop","tag-rdcongo"],"aioseo_notices":[],"_links":{"self":[{"href":"https:\/\/www.ejercito.mil.uy\/index.php\/wp-json\/wp\/v2\/posts\/1942","targetHints":{"allow":["GET"]}}],"collection":[{"href":"https:\/\/www.ejercito.mil.uy\/index.php\/wp-json\/wp\/v2\/posts"}],"about":[{"href":"https:\/\/www.ejercito.mil.uy\/index.php\/wp-json\/wp\/v2\/types\/post"}],"author":[{"embeddable":true,"href":"https:\/\/www.ejercito.mil.uy\/index.php\/wp-json\/wp\/v2\/users\/4"}],"replies":[{"embeddable":true,"href":"https:\/\/www.ejercito.mil.uy\/index.php\/wp-json\/wp\/v2\/comments?post=1942"}],"version-history":[{"count":2,"href":"https:\/\/www.ejercito.mil.uy\/index.php\/wp-json\/wp\/v2\/posts\/1942\/revisions"}],"predecessor-version":[{"id":1947,"href":"https:\/\/www.ejercito.mil.uy\/index.php\/wp-json\/wp\/v2\/posts\/1942\/revisions\/1947"}],"wp:featuredmedia":[{"embeddable":true,"href":"https:\/\/www.ejercito.mil.uy\/index.php\/wp-json\/wp\/v2\/media\/1943"}],"wp:attachment":[{"href":"https:\/\/www.ejercito.mil.uy\/index.php\/wp-json\/wp\/v2\/media?parent=1942"}],"wp:term":[{"taxonomy":"category","embeddable":true,"href":"https:\/\/www.ejercito.mil.uy\/index.php\/wp-json\/wp\/v2\/categories?post=1942"},{"taxonomy":"post_tag","embeddable":true,"href":"https:\/\/www.ejercito.mil.uy\/index.php\/wp-json\/wp\/v2\/tags?post=1942"}],"curies":[{"name":"wp","href":"https:\/\/api.w.org\/{rel}","templated":true}]}}