{"id":1948,"date":"2021-04-11T09:00:40","date_gmt":"2021-04-11T12:00:40","guid":{"rendered":"https:\/\/www.ejercito.mil.uy\/?p=1948"},"modified":"2021-04-14T09:41:59","modified_gmt":"2021-04-14T12:41:59","slug":"manos-solidarias-2","status":"publish","type":"post","link":"https:\/\/www.ejercito.mil.uy\/index.php\/2021\/04\/11\/manos-solidarias-2\/","title":{"rendered":"Manos solidarias"},"content":{"rendered":"\n<p>29.03.2021 &#8211; R\u00edo Negro y Tacuaremb\u00f3<\/p>\n\n\n\n<div style=\"height:33px\" aria-hidden=\"true\" class=\"wp-block-spacer\"><\/div>\n\n\n\n<div class=\"wp-block-coblocks-gallery-carousel coblocks-animate\" data-coblocks-animation=\"slideInLeft\"><div class=\"is-cropped coblocks-gallery has-no-alignment has-caption-style-dark has-horizontal-gutter\"><div class=\"has-carousel has-carousel-lrg\" style=\"height:400px\" data-flickity=\"{&quot;autoPlay&quot;:3000,&quot;draggable&quot;:true,&quot;pageDots&quot;:false,&quot;prevNextButtons&quot;:true,&quot;wrapAround&quot;:true,&quot;cellAlign&quot;:&quot;center&quot;,&quot;pauseAutoPlayOnHover&quot;:false,&quot;freeScroll&quot;:true,&quot;arrowShape&quot;:{&quot;x0&quot;:10,&quot;x1&quot;:60,&quot;y1&quot;:50,&quot;x2&quot;:65,&quot;y2&quot;:45,&quot;x3&quot;:20},&quot;thumbnails&quot;:false,&quot;responsiveHeight&quot;:false}\"><div class=\"coblocks-gallery--item\"><figure class=\"coblocks-gallery--figure has-margin-left-5 has-margin-left-mobile-5 has-margin-right-5 has-margin-right-mobile-5\"><img fetchpriority=\"high\" decoding=\"async\" width=\"1024\" height=\"683\" src=\"https:\/\/www.ejercito.mil.uy\/wp-content\/uploads\/2021\/04\/Apoyo-2-4-1024x683.jpg\" alt=\"\" data-id=\"1952\" data-link=\"https:\/\/www.ejercito.mil.uy\/?attachment_id=1952\" class=\"wp-image-1952\" srcset=\"https:\/\/www.ejercito.mil.uy\/wp-content\/uploads\/2021\/04\/Apoyo-2-4-1024x683.jpg 1024w, https:\/\/www.ejercito.mil.uy\/wp-content\/uploads\/2021\/04\/Apoyo-2-4-300x200.jpg 300w, https:\/\/www.ejercito.mil.uy\/wp-content\/uploads\/2021\/04\/Apoyo-2-4.jpg 1200w\" sizes=\"(max-width: 1024px) 100vw, 1024px\" \/><\/figure><\/div><div class=\"coblocks-gallery--item\"><figure class=\"coblocks-gallery--figure has-margin-left-5 has-margin-left-mobile-5 has-margin-right-5 has-margin-right-mobile-5\"><img decoding=\"async\" width=\"1024\" height=\"683\" src=\"https:\/\/www.ejercito.mil.uy\/wp-content\/uploads\/2021\/04\/Apoyo-3-4-1024x683.jpg\" alt=\"\" data-id=\"1953\" data-link=\"https:\/\/www.ejercito.mil.uy\/?attachment_id=1953\" class=\"wp-image-1953\" srcset=\"https:\/\/www.ejercito.mil.uy\/wp-content\/uploads\/2021\/04\/Apoyo-3-4-1024x683.jpg 1024w, https:\/\/www.ejercito.mil.uy\/wp-content\/uploads\/2021\/04\/Apoyo-3-4-300x200.jpg 300w, https:\/\/www.ejercito.mil.uy\/wp-content\/uploads\/2021\/04\/Apoyo-3-4.jpg 1200w\" sizes=\"(max-width: 1024px) 100vw, 1024px\" \/><\/figure><\/div><div class=\"coblocks-gallery--item\"><figure class=\"coblocks-gallery--figure has-margin-left-5 has-margin-left-mobile-5 has-margin-right-5 has-margin-right-mobile-5\"><img decoding=\"async\" width=\"1024\" height=\"683\" src=\"https:\/\/www.ejercito.mil.uy\/wp-content\/uploads\/2021\/04\/Apoyo-4-4-1024x683.jpg\" alt=\"\" data-id=\"1954\" data-link=\"https:\/\/www.ejercito.mil.uy\/?attachment_id=1954\" class=\"wp-image-1954\" srcset=\"https:\/\/www.ejercito.mil.uy\/wp-content\/uploads\/2021\/04\/Apoyo-4-4-1024x683.jpg 1024w, https:\/\/www.ejercito.mil.uy\/wp-content\/uploads\/2021\/04\/Apoyo-4-4-300x200.jpg 300w, https:\/\/www.ejercito.mil.uy\/wp-content\/uploads\/2021\/04\/Apoyo-4-4.jpg 1200w\" sizes=\"(max-width: 1024px) 100vw, 1024px\" \/><\/figure><\/div><div class=\"coblocks-gallery--item\"><figure class=\"coblocks-gallery--figure has-margin-left-5 has-margin-left-mobile-5 has-margin-right-5 has-margin-right-mobile-5\"><img loading=\"lazy\" decoding=\"async\" width=\"1024\" height=\"683\" src=\"https:\/\/www.ejercito.mil.uy\/wp-content\/uploads\/2021\/04\/Apoyo-5-3-1024x683.jpg\" alt=\"\" data-id=\"1956\" data-link=\"https:\/\/www.ejercito.mil.uy\/?attachment_id=1956\" class=\"wp-image-1956\" srcset=\"https:\/\/www.ejercito.mil.uy\/wp-content\/uploads\/2021\/04\/Apoyo-5-3-1024x683.jpg 1024w, https:\/\/www.ejercito.mil.uy\/wp-content\/uploads\/2021\/04\/Apoyo-5-3-300x200.jpg 300w, https:\/\/www.ejercito.mil.uy\/wp-content\/uploads\/2021\/04\/Apoyo-5-3.jpg 1200w\" sizes=\"(max-width: 1024px) 100vw, 1024px\" \/><\/figure><\/div><\/div><\/div><\/div>\n\n\n\n<div style=\"height:33px\" aria-hidden=\"true\" class=\"wp-block-spacer\"><\/div>\n\n\n\n<p>Efectivos del <strong>Batall\u00f3n \u201cRinc\u00f3n\u201d de Infanter\u00eda Mecanizado N\u00b0 9<\/strong> y del <strong>Batall\u00f3n \u00abCharr\u00faa\u00bb de Ingenieros de Combate N\u00b0 3<\/strong>, instalaron carpas en distintos centros de salud, que son utilizadas como salas de espera post vacunaci\u00f3n. Una fue armada en el predio del <strong>Hospital Dptal. de R\u00edo Negro \u201cDr. \u00c1ngel M. Cuervo\u201d<\/strong>, ubicado en la ciudad de Fray Bentos y la otra, en el <strong>Centro Auxiliar San Gregorio de Polanco<\/strong>.<\/p>\n\n\n\n<div style=\"height:33px\" aria-hidden=\"true\" class=\"wp-block-spacer\"><\/div>\n\n\n\n<p>Por otra parte, efectivos del <strong>Regimiento \u201cMisiones\u201d de Caballer\u00eda Blindado N\u00b0 5<\/strong> en coordinaci\u00f3n con la <strong>Oficina Territorial del Ministerio de Desarrollo Social<\/strong> de Tacuaremb\u00f3, realizaron la descarga de v\u00edveres destinados a las familias m\u00e1s vulnerables del departamento. En esta oportunidad, se descargaron 1.300 canastas en el dep\u00f3sito de mencionada Oficina.<\/p>\n\n\n\n<p>   <\/p>\n\n\n\n<p>   <\/p>\n","protected":false},"excerpt":{"rendered":"<p>29.03.2021 &#8211; R\u00edo Negro y Tacuaremb\u00f3 Efectivos del Batall\u00f3n \u201cRinc\u00f3n\u201d de Infanter\u00eda Mecanizado N\u00b0 9 y del Batall\u00f3n \u00abCharr\u00faa\u00bb de Ingenieros de Combate N\u00b0 3, instalaron carpas en distintos centros de salud, que son utilizadas como salas de espera post vacunaci\u00f3n. Una fue armada en el predio del Hospital Dptal. de R\u00edo Negro \u201cDr. \u00c1ngel <a href=\"https:\/\/www.ejercito.mil.uy\/index.php\/2021\/04\/11\/manos-solidarias-2\/\" class=\"more-link\">&#8230;<span class=\"screen-reader-text\">  Manos solidarias<\/span><\/a><\/p>\n","protected":false},"author":4,"featured_media":1950,"comment_status":"closed","ping_status":"open","sticky":false,"template":"","format":"standard","meta":{"_coblocks_attr":"","_coblocks_dimensions":"","_coblocks_responsive_height":"","_coblocks_accordion_ie_support":"","_monsterinsights_skip_tracking":false,"_monsterinsights_sitenote_active":false,"_monsterinsights_sitenote_note":"","_monsterinsights_sitenote_category":0,"_uf_show_specific_survey":0,"_uf_disable_surveys":false,"footnotes":""},"categories":[2,14],"tags":[32,29,25,23],"class_list":["post-1948","post","type-post","status-publish","format-standard","has-post-thumbnail","hentry","category-blog","category-noticias","tag-bienestar","tag-comunidad","tag-covid","tag-vacunacion"],"aioseo_notices":[],"_links":{"self":[{"href":"https:\/\/www.ejercito.mil.uy\/index.php\/wp-json\/wp\/v2\/posts\/1948","targetHints":{"allow":["GET"]}}],"collection":[{"href":"https:\/\/www.ejercito.mil.uy\/index.php\/wp-json\/wp\/v2\/posts"}],"about":[{"href":"https:\/\/www.ejercito.mil.uy\/index.php\/wp-json\/wp\/v2\/types\/post"}],"author":[{"embeddable":true,"href":"https:\/\/www.ejercito.mil.uy\/index.php\/wp-json\/wp\/v2\/users\/4"}],"replies":[{"embeddable":true,"href":"https:\/\/www.ejercito.mil.uy\/index.php\/wp-json\/wp\/v2\/comments?post=1948"}],"version-history":[{"count":3,"href":"https:\/\/www.ejercito.mil.uy\/index.php\/wp-json\/wp\/v2\/posts\/1948\/revisions"}],"predecessor-version":[{"id":1960,"href":"https:\/\/www.ejercito.mil.uy\/index.php\/wp-json\/wp\/v2\/posts\/1948\/revisions\/1960"}],"wp:featuredmedia":[{"embeddable":true,"href":"https:\/\/www.ejercito.mil.uy\/index.php\/wp-json\/wp\/v2\/media\/1950"}],"wp:attachment":[{"href":"https:\/\/www.ejercito.mil.uy\/index.php\/wp-json\/wp\/v2\/media?parent=1948"}],"wp:term":[{"taxonomy":"category","embeddable":true,"href":"https:\/\/www.ejercito.mil.uy\/index.php\/wp-json\/wp\/v2\/categories?post=1948"},{"taxonomy":"post_tag","embeddable":true,"href":"https:\/\/www.ejercito.mil.uy\/index.php\/wp-json\/wp\/v2\/tags?post=1948"}],"curies":[{"name":"wp","href":"https:\/\/api.w.org\/{rel}","templated":true}]}}