{"id":19516,"date":"2023-03-02T11:03:08","date_gmt":"2023-03-02T14:03:08","guid":{"rendered":"https:\/\/www.ejercito.mil.uy\/?p=19516"},"modified":"2023-03-02T11:05:05","modified_gmt":"2023-03-02T14:05:05","slug":"apertura-de-camaras-del-cuarto-periodo-ordinario-de-sesiones-de-la-xlixa-legislatura","status":"publish","type":"post","link":"https:\/\/www.ejercito.mil.uy\/index.php\/2023\/03\/02\/apertura-de-camaras-del-cuarto-periodo-ordinario-de-sesiones-de-la-xlixa-legislatura\/","title":{"rendered":"Apertura de C\u00e1maras del Cuarto Periodo Ordinario de Sesiones de la XLIX\u00aa Legislatura"},"content":{"rendered":"\n<p class=\"has-small-font-size\">02.03.2023  &#8211; Montevideo <\/p>\n\n\n\n<div style=\"height:50px\" aria-hidden=\"true\" class=\"wp-block-spacer\"><\/div>\n\n\n\n<p class=\"has-black-color has-vivid-green-cyan-background-color has-text-color has-background\"><strong>En la tarde de ayer, se realiz\u00f3 la ceremonia de apertura de \ud835\udc02\ud835\uddee\u0301\ud835\uddfa\ud835\uddee\ud835\uddff\ud835\uddee\ud835\ude00 \ud835\uddf1\ud835\uddf2\ud835\uddf9 \ud835\udc02\ud835\udc2e\ud835\udc1a\ud835\udc2b\ud835\udc2d\ud835\udc28 \ud835\udde3\ud835\uddf2\ud835\uddff\ud835\uddf6\ud835\uddfc\ud835\uddf1\ud835\uddfc \ud835\udde2\ud835\uddff\ud835\uddf1\ud835\uddf6\ud835\uddfb\ud835\uddee\ud835\uddff\ud835\uddf6\ud835\uddfc \ud835\uddf1\ud835\uddf2 \ud835\udde6\ud835\uddf2\ud835\ude00\ud835\uddf6\ud835\uddfc\ud835\uddfb\ud835\uddf2\ud835\ude00 \ud835\uddf1\ud835\uddf2 \ud835\uddf9\ud835\uddee \ud835\uddeb\ud835\udddf\ud835\udddc\ud835\uddeb\u00aa \ud835\udc0b\ud835\uddf2\ud835\uddf4\ud835\uddf6\ud835\ude00\ud835\uddf9\ud835\uddee\ud835\ude01\ud835\ude02\ud835\uddff\ud835\uddee en la explanada del Palacio Legislativo.<\/strong><\/p>\n\n\n\n<div style=\"height:50px\" aria-hidden=\"true\" class=\"wp-block-spacer\"><\/div>\n\n\n\n<div aria-label=\"Carousel Gallery\" class=\"wp-block-coblocks-gallery-carousel\"><div class=\"coblocks-gallery-carousel-swiper-container is-cropped coblocks-gallery has-no-alignment has-caption-style-dark has-no-thumbnails\"><div class=\"has-carousel has-carousel-xlrg swiper-container\" data-swiper=\"{&quot;alignCells&quot;:false,&quot;autoPlay&quot;:true,&quot;autoPlaySpeed&quot;:&quot;5000&quot;,&quot;draggable&quot;:true,&quot;freeScroll&quot;:false,&quot;loop&quot;:true,&quot;navigation&quot;:true,&quot;pageDots&quot;:false,&quot;pauseHover&quot;:false,&quot;responsiveHeight&quot;:false,&quot;slidesPerView&quot;:1,&quot;thumbnails&quot;:false,&quot;uuid&quot;:&quot;12345&quot;}\" id=\"12345\" style=\"height:550px\"><div class=\"swiper-wrapper\"><div class=\"swiper-slide\"><div class=\"coblocks-gallery--item\" role=\"button\"><figure class=\"coblocks-gallery--figure\"><img fetchpriority=\"high\" decoding=\"async\" width=\"1024\" height=\"684\" alt=\"\" class=\"wp-image-19525\" data-id=\"19525\" data-link=\"https:\/\/www.ejercito.mil.uy\/?attachment_id=19525\" src=\"https:\/\/www.ejercito.mil.uy\/wp-content\/uploads\/2023\/03\/Apertura-de-Camaras-del-Cuarto-Periodo-Ordinario-de-Sesiones-de-la-XLIXa-Legislatura-9-1024x684.jpg\" srcset=\"https:\/\/www.ejercito.mil.uy\/wp-content\/uploads\/2023\/03\/Apertura-de-Camaras-del-Cuarto-Periodo-Ordinario-de-Sesiones-de-la-XLIXa-Legislatura-9-1024x684.jpg 1024w, https:\/\/www.ejercito.mil.uy\/wp-content\/uploads\/2023\/03\/Apertura-de-Camaras-del-Cuarto-Periodo-Ordinario-de-Sesiones-de-la-XLIXa-Legislatura-9-300x200.jpg 300w, https:\/\/www.ejercito.mil.uy\/wp-content\/uploads\/2023\/03\/Apertura-de-Camaras-del-Cuarto-Periodo-Ordinario-de-Sesiones-de-la-XLIXa-Legislatura-9.jpg 1200w\" sizes=\"(max-width: 1024px) 100vw, 1024px\" \/><\/figure><figcaption class=\"coblocks-gallery--caption coblocks-gallery--primary-caption\"><\/figcaption><\/div><\/div><div class=\"swiper-slide\"><div class=\"coblocks-gallery--item\" role=\"button\"><figure class=\"coblocks-gallery--figure\"><img decoding=\"async\" width=\"1024\" height=\"683\" alt=\"\" class=\"wp-image-19526\" data-id=\"19526\" data-link=\"https:\/\/www.ejercito.mil.uy\/?attachment_id=19526\" src=\"https:\/\/www.ejercito.mil.uy\/wp-content\/uploads\/2023\/03\/Apertura-de-Camaras-del-Cuarto-Periodo-Ordinario-de-Sesiones-de-la-XLIXa-Legislatura-6-1024x683.jpg\" srcset=\"https:\/\/www.ejercito.mil.uy\/wp-content\/uploads\/2023\/03\/Apertura-de-Camaras-del-Cuarto-Periodo-Ordinario-de-Sesiones-de-la-XLIXa-Legislatura-6-1024x683.jpg 1024w, https:\/\/www.ejercito.mil.uy\/wp-content\/uploads\/2023\/03\/Apertura-de-Camaras-del-Cuarto-Periodo-Ordinario-de-Sesiones-de-la-XLIXa-Legislatura-6-300x200.jpg 300w, https:\/\/www.ejercito.mil.uy\/wp-content\/uploads\/2023\/03\/Apertura-de-Camaras-del-Cuarto-Periodo-Ordinario-de-Sesiones-de-la-XLIXa-Legislatura-6.jpg 1200w\" sizes=\"(max-width: 1024px) 100vw, 1024px\" \/><\/figure><figcaption class=\"coblocks-gallery--caption coblocks-gallery--primary-caption\"><\/figcaption><\/div><\/div><div class=\"swiper-slide\"><div class=\"coblocks-gallery--item\" role=\"button\"><figure class=\"coblocks-gallery--figure\"><img decoding=\"async\" width=\"1024\" height=\"683\" alt=\"\" class=\"wp-image-19527\" data-id=\"19527\" data-link=\"https:\/\/www.ejercito.mil.uy\/?attachment_id=19527\" src=\"https:\/\/www.ejercito.mil.uy\/wp-content\/uploads\/2023\/03\/Apertura-de-Camaras-del-Cuarto-Periodo-Ordinario-de-Sesiones-de-la-XLIXa-Legislatura-7-1024x683.jpg\" srcset=\"https:\/\/www.ejercito.mil.uy\/wp-content\/uploads\/2023\/03\/Apertura-de-Camaras-del-Cuarto-Periodo-Ordinario-de-Sesiones-de-la-XLIXa-Legislatura-7-1024x683.jpg 1024w, https:\/\/www.ejercito.mil.uy\/wp-content\/uploads\/2023\/03\/Apertura-de-Camaras-del-Cuarto-Periodo-Ordinario-de-Sesiones-de-la-XLIXa-Legislatura-7-300x200.jpg 300w, https:\/\/www.ejercito.mil.uy\/wp-content\/uploads\/2023\/03\/Apertura-de-Camaras-del-Cuarto-Periodo-Ordinario-de-Sesiones-de-la-XLIXa-Legislatura-7.jpg 1200w\" sizes=\"(max-width: 1024px) 100vw, 1024px\" \/><\/figure><figcaption class=\"coblocks-gallery--caption coblocks-gallery--primary-caption\"><\/figcaption><\/div><\/div><\/div><button class=\"nav-button__prev\" id=\"12345-prev\"><\/button><button class=\"nav-button__next\" id=\"12345-next\"><\/button><\/div><\/div><\/div>\n\n\n\n<div style=\"height:50px\" aria-hidden=\"true\" class=\"wp-block-spacer\"><\/div>\n\n\n\n<p>Con la presencia de la Presidente de la Asamblea General, Esc. Beatriz Argim\u00f3n y del Presidente de la C\u00e1mara de Representantes, Sebasti\u00e1n And\u00fajar, acompa\u00f1ados por el Sr. Jefe del Batall\u00f3n \u201cFlorida\u201d de Infanter\u00eda N\u00b01, Tte. Cnel. Federico Silva, pasaron revista a los integrantes del Batall\u00f3n, Unidad custodia y protocolar exclusiva del Poder Legislativo.<\/p>\n\n\n\n<div style=\"height:50px\" aria-hidden=\"true\" class=\"wp-block-spacer\"><\/div>\n\n\n\n<div aria-label=\"Carousel Gallery\" class=\"wp-block-coblocks-gallery-carousel\"><div class=\"coblocks-gallery-carousel-swiper-container is-cropped coblocks-gallery has-no-alignment has-caption-style-dark has-no-thumbnails\"><div class=\"has-carousel has-carousel-xlrg swiper-container\" data-swiper=\"{&quot;alignCells&quot;:false,&quot;autoPlay&quot;:true,&quot;autoPlaySpeed&quot;:&quot;5000&quot;,&quot;draggable&quot;:true,&quot;freeScroll&quot;:false,&quot;loop&quot;:true,&quot;navigation&quot;:true,&quot;pageDots&quot;:false,&quot;pauseHover&quot;:false,&quot;responsiveHeight&quot;:false,&quot;slidesPerView&quot;:1,&quot;thumbnails&quot;:false,&quot;uuid&quot;:&quot;12345&quot;}\" id=\"12345\" style=\"height:550px\"><div class=\"swiper-wrapper\"><div class=\"swiper-slide\"><div class=\"coblocks-gallery--item\" role=\"button\"><figure class=\"coblocks-gallery--figure\"><img loading=\"lazy\" decoding=\"async\" width=\"1024\" height=\"683\" alt=\"\" class=\"wp-image-19524\" data-id=\"19524\" data-link=\"https:\/\/www.ejercito.mil.uy\/?attachment_id=19524\" src=\"https:\/\/www.ejercito.mil.uy\/wp-content\/uploads\/2023\/03\/Apertura-de-Camaras-del-Cuarto-Periodo-Ordinario-de-Sesiones-de-la-XLIXa-Legislatura-5-1024x683.jpg\" srcset=\"https:\/\/www.ejercito.mil.uy\/wp-content\/uploads\/2023\/03\/Apertura-de-Camaras-del-Cuarto-Periodo-Ordinario-de-Sesiones-de-la-XLIXa-Legislatura-5-1024x683.jpg 1024w, https:\/\/www.ejercito.mil.uy\/wp-content\/uploads\/2023\/03\/Apertura-de-Camaras-del-Cuarto-Periodo-Ordinario-de-Sesiones-de-la-XLIXa-Legislatura-5-300x200.jpg 300w, https:\/\/www.ejercito.mil.uy\/wp-content\/uploads\/2023\/03\/Apertura-de-Camaras-del-Cuarto-Periodo-Ordinario-de-Sesiones-de-la-XLIXa-Legislatura-5.jpg 1200w\" sizes=\"(max-width: 1024px) 100vw, 1024px\" \/><\/figure><figcaption class=\"coblocks-gallery--caption coblocks-gallery--primary-caption\"><\/figcaption><\/div><\/div><div class=\"swiper-slide\"><div class=\"coblocks-gallery--item\" role=\"button\"><figure class=\"coblocks-gallery--figure\"><img loading=\"lazy\" decoding=\"async\" width=\"1024\" height=\"683\" alt=\"\" class=\"wp-image-19523\" data-id=\"19523\" data-link=\"https:\/\/www.ejercito.mil.uy\/?attachment_id=19523\" src=\"https:\/\/www.ejercito.mil.uy\/wp-content\/uploads\/2023\/03\/Apertura-de-Camaras-del-Cuarto-Periodo-Ordinario-de-Sesiones-de-la-XLIXa-Legislatura-4-1024x683.jpg\" srcset=\"https:\/\/www.ejercito.mil.uy\/wp-content\/uploads\/2023\/03\/Apertura-de-Camaras-del-Cuarto-Periodo-Ordinario-de-Sesiones-de-la-XLIXa-Legislatura-4-1024x683.jpg 1024w, https:\/\/www.ejercito.mil.uy\/wp-content\/uploads\/2023\/03\/Apertura-de-Camaras-del-Cuarto-Periodo-Ordinario-de-Sesiones-de-la-XLIXa-Legislatura-4-300x200.jpg 300w, https:\/\/www.ejercito.mil.uy\/wp-content\/uploads\/2023\/03\/Apertura-de-Camaras-del-Cuarto-Periodo-Ordinario-de-Sesiones-de-la-XLIXa-Legislatura-4.jpg 1200w\" sizes=\"(max-width: 1024px) 100vw, 1024px\" \/><\/figure><figcaption class=\"coblocks-gallery--caption coblocks-gallery--primary-caption\"><\/figcaption><\/div><\/div><\/div><button class=\"nav-button__prev\" id=\"12345-prev\"><\/button><button class=\"nav-button__next\" id=\"12345-next\"><\/button><\/div><\/div><\/div>\n\n\n\n<div style=\"height:50px\" aria-hidden=\"true\" class=\"wp-block-spacer\"><\/div>\n\n\n\n<p>Los efectivos formados, junto con la Banda de M\u00fasicos de la Brigada \u201cGral. Eugenio Garz\u00f3n\u201d de Infanter\u00eda N\u00b0 1, desfilaron rindiendo honores a las autoridades presentes, cantando las estrofas de la marcha \u201cMi Bandera\u201d.<\/p>\n\n\n\n<div style=\"height:50px\" aria-hidden=\"true\" class=\"wp-block-spacer\"><\/div>\n\n\n\n<div aria-label=\"Carousel Gallery\" class=\"wp-block-coblocks-gallery-carousel\"><div class=\"coblocks-gallery-carousel-swiper-container is-cropped coblocks-gallery has-no-alignment has-caption-style-dark has-no-thumbnails\"><div class=\"has-carousel has-carousel-xlrg swiper-container\" data-swiper=\"{&quot;alignCells&quot;:false,&quot;autoPlay&quot;:true,&quot;autoPlaySpeed&quot;:&quot;5000&quot;,&quot;draggable&quot;:true,&quot;freeScroll&quot;:false,&quot;loop&quot;:true,&quot;navigation&quot;:true,&quot;pageDots&quot;:false,&quot;pauseHover&quot;:false,&quot;responsiveHeight&quot;:false,&quot;slidesPerView&quot;:1,&quot;thumbnails&quot;:false,&quot;uuid&quot;:&quot;12345&quot;}\" id=\"12345\" style=\"height:550px\"><div class=\"swiper-wrapper\"><div class=\"swiper-slide\"><div class=\"coblocks-gallery--item\" role=\"button\"><figure class=\"coblocks-gallery--figure\"><img loading=\"lazy\" decoding=\"async\" width=\"1024\" height=\"683\" alt=\"\" class=\"wp-image-19521\" data-id=\"19521\" data-link=\"https:\/\/www.ejercito.mil.uy\/?attachment_id=19521\" src=\"https:\/\/www.ejercito.mil.uy\/wp-content\/uploads\/2023\/03\/Apertura-de-Camaras-del-Cuarto-Periodo-Ordinario-de-Sesiones-de-la-XLIXa-Legislatura-3-1024x683.jpg\" srcset=\"https:\/\/www.ejercito.mil.uy\/wp-content\/uploads\/2023\/03\/Apertura-de-Camaras-del-Cuarto-Periodo-Ordinario-de-Sesiones-de-la-XLIXa-Legislatura-3-1024x683.jpg 1024w, https:\/\/www.ejercito.mil.uy\/wp-content\/uploads\/2023\/03\/Apertura-de-Camaras-del-Cuarto-Periodo-Ordinario-de-Sesiones-de-la-XLIXa-Legislatura-3-300x200.jpg 300w, https:\/\/www.ejercito.mil.uy\/wp-content\/uploads\/2023\/03\/Apertura-de-Camaras-del-Cuarto-Periodo-Ordinario-de-Sesiones-de-la-XLIXa-Legislatura-3.jpg 1200w\" sizes=\"(max-width: 1024px) 100vw, 1024px\" \/><\/figure><figcaption class=\"coblocks-gallery--caption coblocks-gallery--primary-caption\"><\/figcaption><\/div><\/div><div class=\"swiper-slide\"><div class=\"coblocks-gallery--item\" role=\"button\"><figure class=\"coblocks-gallery--figure\"><img loading=\"lazy\" decoding=\"async\" width=\"1024\" height=\"683\" alt=\"\" class=\"wp-image-19522\" data-id=\"19522\" data-link=\"https:\/\/www.ejercito.mil.uy\/?attachment_id=19522\" src=\"https:\/\/www.ejercito.mil.uy\/wp-content\/uploads\/2023\/03\/Apertura-de-Camaras-del-Cuarto-Periodo-Ordinario-de-Sesiones-de-la-XLIXa-Legislatura-2-1024x683.jpg\" srcset=\"https:\/\/www.ejercito.mil.uy\/wp-content\/uploads\/2023\/03\/Apertura-de-Camaras-del-Cuarto-Periodo-Ordinario-de-Sesiones-de-la-XLIXa-Legislatura-2-1024x683.jpg 1024w, https:\/\/www.ejercito.mil.uy\/wp-content\/uploads\/2023\/03\/Apertura-de-Camaras-del-Cuarto-Periodo-Ordinario-de-Sesiones-de-la-XLIXa-Legislatura-2-300x200.jpg 300w, https:\/\/www.ejercito.mil.uy\/wp-content\/uploads\/2023\/03\/Apertura-de-Camaras-del-Cuarto-Periodo-Ordinario-de-Sesiones-de-la-XLIXa-Legislatura-2.jpg 1200w\" sizes=\"(max-width: 1024px) 100vw, 1024px\" \/><\/figure><figcaption class=\"coblocks-gallery--caption coblocks-gallery--primary-caption\"><\/figcaption><\/div><\/div><\/div><button class=\"nav-button__prev\" id=\"12345-prev\"><\/button><button class=\"nav-button__next\" id=\"12345-next\"><\/button><\/div><\/div><\/div>\n\n\n\n<div style=\"height:50px\" aria-hidden=\"true\" class=\"wp-block-spacer\"><\/div>\n\n\n\n<p>Los Jefes, Oficiales y Sub Oficiales de la Unidad, presentaron sus saludos al Presidente de la Asamblea General en ejercicio y dem\u00e1s autoridades en el Sal\u00f3n de los Pasos Perdidos.<\/p>\n\n\n\n<div style=\"height:50px\" aria-hidden=\"true\" class=\"wp-block-spacer\"><\/div>\n\n\n\n<div class=\"wp-block-coblocks-gallery-stacked\"><ul class=\"coblocks-gallery has-no-alignment has-fullwidth-images\"><li class=\"coblocks-gallery--item\"><figure class=\"coblocks-gallery--figure\"><img loading=\"lazy\" decoding=\"async\" width=\"1024\" height=\"683\" alt=\"\" class=\"wp-image-19520 has-shadow-none\" data-id=\"19520\" data-imglink=\"\" data-link=\"https:\/\/www.ejercito.mil.uy\/?attachment_id=19520\" src=\"https:\/\/www.ejercito.mil.uy\/wp-content\/uploads\/2023\/03\/Apertura-de-Camaras-del-Cuarto-Periodo-Ordinario-de-Sesiones-de-la-XLIXa-Legislatura-1-1024x683.jpg\" srcset=\"https:\/\/www.ejercito.mil.uy\/wp-content\/uploads\/2023\/03\/Apertura-de-Camaras-del-Cuarto-Periodo-Ordinario-de-Sesiones-de-la-XLIXa-Legislatura-1-1024x683.jpg 1024w, https:\/\/www.ejercito.mil.uy\/wp-content\/uploads\/2023\/03\/Apertura-de-Camaras-del-Cuarto-Periodo-Ordinario-de-Sesiones-de-la-XLIXa-Legislatura-1-300x200.jpg 300w, https:\/\/www.ejercito.mil.uy\/wp-content\/uploads\/2023\/03\/Apertura-de-Camaras-del-Cuarto-Periodo-Ordinario-de-Sesiones-de-la-XLIXa-Legislatura-1.jpg 1200w\" sizes=\"(max-width: 1024px) 100vw, 1024px\" \/><\/figure><\/li><\/ul><\/div>\n\n\n\n<div style=\"height:50px\" aria-hidden=\"true\" class=\"wp-block-spacer\"><\/div>\n\n\n\n<p><a href=\"https:\/\/www.facebook.com\/BatallonFlorida?__cft__[0]=AZV8txU65vwgil2QdwMmHtUr_jirXweo1EhzEqCBsDWCw_ONy6kqTcWwhUdY66o1fcbfyCNY1Y6C1IIEgKaYwuEL3qKQ5TMroksoWBEogn8n96GBYm4DqrO_OkqvOiEzzmejrgATw4_Jq_MteywUyPXMCEXQpNzU1ARwLGGzBWwWK7h5A3x9s-tr1PitPhIJz64&amp;__tn__=-]K-R\" target=\"_blank\" rel=\"noreferrer noopener\">Batall\u00f3n Florida<\/a> <\/p>\n","protected":false},"excerpt":{"rendered":"<p>02.03.2023 &#8211; En la tarde de ayer, se realiz\u00f3 la ceremonia de apertura de C\u00e1maras del Cuarto Periodo Ordinario de Sesiones de la XLIX\u00aa Legislatura en la explanada del Palacio Legislativo.  <\/p>\n","protected":false},"author":14,"featured_media":19519,"comment_status":"open","ping_status":"open","sticky":false,"template":"","format":"standard","meta":{"_coblocks_attr":"","_coblocks_dimensions":"","_coblocks_responsive_height":"","_coblocks_accordion_ie_support":"","_monsterinsights_skip_tracking":false,"_monsterinsights_sitenote_active":false,"_monsterinsights_sitenote_note":"","_monsterinsights_sitenote_category":0,"_uf_show_specific_survey":0,"_uf_disable_surveys":false,"footnotes":""},"categories":[2,10,14,1],"tags":[189,832,44,406,834,833,835,836],"class_list":["post-19516","post","type-post","status-publish","format-standard","has-post-thumbnail","hentry","category-blog","category-destacados","category-noticias","category-sin-categoria","tag-apertura","tag-camaras","tag-ceremonia","tag-desfile","tag-explanada","tag-legislatura","tag-periodo","tag-sesiones"],"aioseo_notices":[],"_links":{"self":[{"href":"https:\/\/www.ejercito.mil.uy\/index.php\/wp-json\/wp\/v2\/posts\/19516","targetHints":{"allow":["GET"]}}],"collection":[{"href":"https:\/\/www.ejercito.mil.uy\/index.php\/wp-json\/wp\/v2\/posts"}],"about":[{"href":"https:\/\/www.ejercito.mil.uy\/index.php\/wp-json\/wp\/v2\/types\/post"}],"author":[{"embeddable":true,"href":"https:\/\/www.ejercito.mil.uy\/index.php\/wp-json\/wp\/v2\/users\/14"}],"replies":[{"embeddable":true,"href":"https:\/\/www.ejercito.mil.uy\/index.php\/wp-json\/wp\/v2\/comments?post=19516"}],"version-history":[{"count":3,"href":"https:\/\/www.ejercito.mil.uy\/index.php\/wp-json\/wp\/v2\/posts\/19516\/revisions"}],"predecessor-version":[{"id":19529,"href":"https:\/\/www.ejercito.mil.uy\/index.php\/wp-json\/wp\/v2\/posts\/19516\/revisions\/19529"}],"wp:featuredmedia":[{"embeddable":true,"href":"https:\/\/www.ejercito.mil.uy\/index.php\/wp-json\/wp\/v2\/media\/19519"}],"wp:attachment":[{"href":"https:\/\/www.ejercito.mil.uy\/index.php\/wp-json\/wp\/v2\/media?parent=19516"}],"wp:term":[{"taxonomy":"category","embeddable":true,"href":"https:\/\/www.ejercito.mil.uy\/index.php\/wp-json\/wp\/v2\/categories?post=19516"},{"taxonomy":"post_tag","embeddable":true,"href":"https:\/\/www.ejercito.mil.uy\/index.php\/wp-json\/wp\/v2\/tags?post=19516"}],"curies":[{"name":"wp","href":"https:\/\/api.w.org\/{rel}","templated":true}]}}