{"id":19705,"date":"2023-03-13T12:38:28","date_gmt":"2023-03-13T15:38:28","guid":{"rendered":"https:\/\/www.ejercito.mil.uy\/?p=19705"},"modified":"2023-03-29T12:29:03","modified_gmt":"2023-03-29T15:29:03","slug":"desinfeccion-de-zonas-afectadas-por-gripe-aviar","status":"publish","type":"post","link":"https:\/\/www.ejercito.mil.uy\/index.php\/2023\/03\/13\/desinfeccion-de-zonas-afectadas-por-gripe-aviar\/","title":{"rendered":"Desinfecci\u00f3n de zonas afectadas por gripe Aviar"},"content":{"rendered":"\n<p class=\"has-small-font-size\">13.03.2023  &#8211; Tacuaremb\u00f3 <\/p>\n\n\n\n<div style=\"height:50px\" aria-hidden=\"true\" class=\"wp-block-spacer\"><\/div>\n\n\n\n<p class=\"has-white-color has-black-background-color has-text-color has-background\">El pasado 6 de marzo, un establecimiento familiar de San Gregorio de Polanco (Tacuaremb\u00f3), constat\u00f3 la muerte de 70 aves de corral en sus instalaciones, por lo cual la Direcci\u00f3n General de Servicios de Ganaderos del <a rel=\"noreferrer noopener\" href=\"https:\/\/www.facebook.com\/uruguaymgap?__cft__[0]=AZUsmdQhpAz0ifUsFWoA1RNYOs_gtKgbfypyL6GNrZ6zWeGSUg_JLTSmMGZqBLWjeGjbeeaPdA076v6VB4wLjbUdjQEL1A3M-Pl82lnp_Jiy_ITsaYJkE4Btrzlj0p35XL5qMShGqVuX_5HsISWsUT_sZh3gFnUhsioz-f3ozADS_MXLzWbTiyXJwacoMCjeHng&amp;__tn__=-]K-R\" target=\"_blank\">Ministerio de Ganader\u00eda, Agricultura y Pesca<\/a> (MGAP) confirm\u00f3 la presencia de influencia Aviar H5N1 como causante de esas muertes.<\/p>\n\n\n\n<div style=\"height:50px\" aria-hidden=\"true\" class=\"wp-block-spacer\"><\/div>\n\n\n\n<p><br>A ra\u00edz de esto, el 8 de marzo, efectivos del <a href=\"https:\/\/www.facebook.com\/batalloncharrua?__cft__[0]=AZUsmdQhpAz0ifUsFWoA1RNYOs_gtKgbfypyL6GNrZ6zWeGSUg_JLTSmMGZqBLWjeGjbeeaPdA076v6VB4wLjbUdjQEL1A3M-Pl82lnp_Jiy_ITsaYJkE4Btrzlj0p35XL5qMShGqVuX_5HsISWsUT_sZh3gFnUhsioz-f3ozADS_MXLzWbTiyXJwacoMCjeHng&amp;__tn__=-]K-R\" target=\"_blank\" rel=\"noreferrer noopener\">Batall\u00f3n \u00abCharr\u00faa\u00bb de Ingenieros de Combate N 3<\/a> se dirigieron a la localidad para colaborar con la desinfecci\u00f3n de zonas afectadas por el virus.<\/p>\n\n\n\n<div style=\"height:50px\" aria-hidden=\"true\" class=\"wp-block-spacer\"><\/div>\n\n\n\n<div aria-label=\"Carousel Gallery\" class=\"wp-block-coblocks-gallery-carousel\"><div class=\"coblocks-gallery-carousel-swiper-container is-cropped coblocks-gallery has-no-alignment has-caption-style-dark has-no-thumbnails\"><div class=\"has-carousel has-carousel-xlrg swiper-container\" data-swiper=\"{&quot;alignCells&quot;:false,&quot;autoPlay&quot;:false,&quot;autoPlaySpeed&quot;:3000,&quot;draggable&quot;:true,&quot;freeScroll&quot;:false,&quot;loop&quot;:false,&quot;navigation&quot;:true,&quot;pageDots&quot;:false,&quot;pauseHover&quot;:false,&quot;responsiveHeight&quot;:false,&quot;slidesPerView&quot;:1,&quot;thumbnails&quot;:false,&quot;uuid&quot;:&quot;12345&quot;}\" id=\"12345\" style=\"height:550px\"><div class=\"swiper-wrapper\"><div class=\"swiper-slide\"><div class=\"coblocks-gallery--item\" role=\"button\"><figure class=\"coblocks-gallery--figure\"><img fetchpriority=\"high\" decoding=\"async\" width=\"1024\" height=\"683\" alt=\"\" class=\"wp-image-19708\" data-id=\"19708\" data-link=\"https:\/\/www.ejercito.mil.uy\/?attachment_id=19708\" src=\"https:\/\/www.ejercito.mil.uy\/wp-content\/uploads\/2023\/03\/Desinfeccion-de-zonas-afectadas-por-gripe-Aviar-1-1024x683.jpg\" srcset=\"https:\/\/www.ejercito.mil.uy\/wp-content\/uploads\/2023\/03\/Desinfeccion-de-zonas-afectadas-por-gripe-Aviar-1-1024x683.jpg 1024w, https:\/\/www.ejercito.mil.uy\/wp-content\/uploads\/2023\/03\/Desinfeccion-de-zonas-afectadas-por-gripe-Aviar-1-300x200.jpg 300w, https:\/\/www.ejercito.mil.uy\/wp-content\/uploads\/2023\/03\/Desinfeccion-de-zonas-afectadas-por-gripe-Aviar-1.jpg 1200w\" sizes=\"(max-width: 1024px) 100vw, 1024px\" \/><\/figure><figcaption class=\"coblocks-gallery--caption coblocks-gallery--primary-caption\"><\/figcaption><\/div><\/div><div class=\"swiper-slide\"><div class=\"coblocks-gallery--item\" role=\"button\"><figure class=\"coblocks-gallery--figure\"><img decoding=\"async\" width=\"1024\" height=\"683\" alt=\"\" class=\"wp-image-19707\" data-id=\"19707\" data-link=\"https:\/\/www.ejercito.mil.uy\/?attachment_id=19707\" src=\"https:\/\/www.ejercito.mil.uy\/wp-content\/uploads\/2023\/03\/fb3-1024x683.jpg\" srcset=\"https:\/\/www.ejercito.mil.uy\/wp-content\/uploads\/2023\/03\/fb3-1024x683.jpg 1024w, https:\/\/www.ejercito.mil.uy\/wp-content\/uploads\/2023\/03\/fb3-300x200.jpg 300w, https:\/\/www.ejercito.mil.uy\/wp-content\/uploads\/2023\/03\/fb3.jpg 1200w\" sizes=\"(max-width: 1024px) 100vw, 1024px\" \/><\/figure><figcaption class=\"coblocks-gallery--caption coblocks-gallery--primary-caption\"><\/figcaption><\/div><\/div><\/div><button class=\"nav-button__prev\" id=\"12345-prev\"><\/button><button class=\"nav-button__next\" id=\"12345-next\"><\/button><\/div><\/div><\/div>\n\n\n\n<div style=\"height:50px\" aria-hidden=\"true\" class=\"wp-block-spacer\"><\/div>\n\n\n\n<p><br>Es una enfermedad extremadamente contagiosa y de alta mortalidad, que afecta aves de corral y a m\u00e1s de 100 especies silvestres, principalmente aves acu\u00e1ticas y\/o costeras como patos, gansos, cig\u00fce\u00f1as, entre otros; pero tambi\u00e9n mam\u00edferos incluyendo el hombre, por lo cual es una zoonosis (transmisi\u00f3n natural de animales a seres humanos).<\/p>\n\n\n\n<div style=\"height:50px\" aria-hidden=\"true\" class=\"wp-block-spacer\"><\/div>\n\n\n\n<p><br>Para acceder a las recomendaciones del MGAP<\/p>\n\n\n\n<div style=\"height:50px\" aria-hidden=\"true\" class=\"wp-block-spacer\"><\/div>\n\n\n\n<p><br>Por este motivo el MGAP recomienda al sector av\u00edcola:<\/p>\n\n\n\n<div style=\"height:50px\" aria-hidden=\"true\" class=\"wp-block-spacer\"><\/div>\n\n\n\n<p><br>&#8211; extremar las medidas de bioseguridad en las granjas<\/p>\n\n\n\n<div style=\"height:50px\" aria-hidden=\"true\" class=\"wp-block-spacer\"><\/div>\n\n\n\n<p><br>&#8211; restricci\u00f3n del ingreso de personas y veh\u00edculos al establecimiento<\/p>\n\n\n\n<div style=\"height:50px\" aria-hidden=\"true\" class=\"wp-block-spacer\"><\/div>\n\n\n\n<p><br>&#8211; estricta limpieza y desinfecci\u00f3n de los materiales de trabajo, de las instalaciones y veh\u00edculos que ingresan a la granja<\/p>\n\n\n\n<div style=\"height:50px\" aria-hidden=\"true\" class=\"wp-block-spacer\"><\/div>\n\n\n\n<p><br>&#8211; mantener al d\u00eda los registros de visitas y productivos<\/p>\n\n\n\n<div style=\"height:50px\" aria-hidden=\"true\" class=\"wp-block-spacer\"><\/div>\n\n\n\n<p><br>&#8211; malla antip\u00e1jaro en buen estado en laterales y portones del galp\u00f3n<\/p>\n\n\n\n<div style=\"height:50px\" aria-hidden=\"true\" class=\"wp-block-spacer\"><\/div>\n\n\n\n<p><br>&#8211; dispositivos de desinfecci\u00f3n a la entrada del establecimiento y de los galpones<\/p>\n\n\n\n<div style=\"height:50px\" aria-hidden=\"true\" class=\"wp-block-spacer\"><\/div>\n\n\n\n<p><br>&#8211; uso de ropa exclusiva para trabajar con las aves<\/p>\n\n\n\n<div style=\"height:50px\" aria-hidden=\"true\" class=\"wp-block-spacer\"><\/div>\n\n\n\n<p><br>&#8211; evitar el contacto de las aves comerciales con las silvestres<\/p>\n\n\n\n<div style=\"height:50px\" aria-hidden=\"true\" class=\"wp-block-spacer\"><\/div>\n\n\n\n<p><br>&#8211; evitar que aves dom\u00e9sticas compartan fuentes de agua con las aves silvestres<\/p>\n\n\n\n<div style=\"height:50px\" aria-hidden=\"true\" class=\"wp-block-spacer\"><\/div>\n","protected":false},"excerpt":{"rendered":"<p>13.03.2023 &#8211; El pasado 6 de marzo, un establecimiento familiar de San Gregorio de Polanco constat\u00f3 la muerte de 70 aves de corral en sus instalaciones, por lo cual la Direcci\u00f3n General de Servicios de Ganaderos del MGAP confirm\u00f3 la presencia de influencia Aviar H5N1 como causante de esas muertes.<\/p>\n","protected":false},"author":14,"featured_media":19706,"comment_status":"open","ping_status":"open","sticky":false,"template":"","format":"standard","meta":{"_coblocks_attr":"","_coblocks_dimensions":"","_coblocks_responsive_height":"","_coblocks_accordion_ie_support":"","_monsterinsights_skip_tracking":false,"_monsterinsights_sitenote_active":false,"_monsterinsights_sitenote_note":"","_monsterinsights_sitenote_category":0,"_uf_show_specific_survey":0,"_uf_disable_surveys":false,"footnotes":""},"categories":[2,14,1],"tags":[846,75,784,845,300,847],"class_list":["post-19705","post","type-post","status-publish","format-standard","has-post-thumbnail","hentry","category-blog","category-noticias","category-sin-categoria","tag-aviar","tag-desinfeccion","tag-enfermedad","tag-gripe","tag-prevencion","tag-zonas"],"aioseo_notices":[],"_links":{"self":[{"href":"https:\/\/www.ejercito.mil.uy\/index.php\/wp-json\/wp\/v2\/posts\/19705","targetHints":{"allow":["GET"]}}],"collection":[{"href":"https:\/\/www.ejercito.mil.uy\/index.php\/wp-json\/wp\/v2\/posts"}],"about":[{"href":"https:\/\/www.ejercito.mil.uy\/index.php\/wp-json\/wp\/v2\/types\/post"}],"author":[{"embeddable":true,"href":"https:\/\/www.ejercito.mil.uy\/index.php\/wp-json\/wp\/v2\/users\/14"}],"replies":[{"embeddable":true,"href":"https:\/\/www.ejercito.mil.uy\/index.php\/wp-json\/wp\/v2\/comments?post=19705"}],"version-history":[{"count":4,"href":"https:\/\/www.ejercito.mil.uy\/index.php\/wp-json\/wp\/v2\/posts\/19705\/revisions"}],"predecessor-version":[{"id":19712,"href":"https:\/\/www.ejercito.mil.uy\/index.php\/wp-json\/wp\/v2\/posts\/19705\/revisions\/19712"}],"wp:featuredmedia":[{"embeddable":true,"href":"https:\/\/www.ejercito.mil.uy\/index.php\/wp-json\/wp\/v2\/media\/19706"}],"wp:attachment":[{"href":"https:\/\/www.ejercito.mil.uy\/index.php\/wp-json\/wp\/v2\/media?parent=19705"}],"wp:term":[{"taxonomy":"category","embeddable":true,"href":"https:\/\/www.ejercito.mil.uy\/index.php\/wp-json\/wp\/v2\/categories?post=19705"},{"taxonomy":"post_tag","embeddable":true,"href":"https:\/\/www.ejercito.mil.uy\/index.php\/wp-json\/wp\/v2\/tags?post=19705"}],"curies":[{"name":"wp","href":"https:\/\/api.w.org\/{rel}","templated":true}]}}