{"id":19746,"date":"2023-03-14T17:51:53","date_gmt":"2023-03-14T20:51:53","guid":{"rendered":"https:\/\/www.ejercito.mil.uy\/?p=19746"},"modified":"2023-03-29T12:30:01","modified_gmt":"2023-03-29T15:30:01","slug":"ejercito-nacional-en-apoyo-a-deficit-hidrico-e-incendio","status":"publish","type":"post","link":"https:\/\/www.ejercito.mil.uy\/index.php\/2023\/03\/14\/ejercito-nacional-en-apoyo-a-deficit-hidrico-e-incendio\/","title":{"rendered":"Ej\u00e9rcito Nacional en apoyo a d\u00e9ficit hidr\u00edco e incendio"},"content":{"rendered":"\n<p class=\"has-small-font-size\">14.03.2023  &#8211; Lavalleja <\/p>\n\n\n\n<div style=\"height:50px\" aria-hidden=\"true\" class=\"wp-block-spacer\"><\/div>\n\n\n\n<p>\u00a1\ud835\udc0b\ud835\udc1a\ud835\udc2c \ud835\udc1e\ud835\udc26\ud835\udc1e\ud835\udc2b\ud835\udc20\ud835\udc1e\ud835\udc27\ud835\udc1c\ud835\udc22\ud835\udc1a\ud835\udc2c \ud835\udc27\ud835\udc28 \ud835\udc29\ud835\udc2e\ud835\udc1e\ud835\udc1d\ud835\udc1e\ud835\udc27 \ud835\udc1e\ud835\udc2c\ud835\udc29\ud835\udc1e\ud835\udc2b\ud835\udc1a\ud835\udc2b!, por esa raz\u00f3n los efectivos del Ej\u00e9rcito Nacional trabajan para extender una mano a nuestros compatriotas. <\/p>\n\n\n\n<div style=\"height:50px\" aria-hidden=\"true\" class=\"wp-block-spacer\"><\/div>\n\n\n\n<p><br>[AYER] Se activ\u00f3 la Secci\u00f3n de Apoyo a Emergencias (SAE) del Batall\u00f3n \u201cBrig. Gral. Juan A. Lavalleja\u201d de Infanter\u00eda N\u00ba 11, para apoyar a Bomberos en la extinci\u00f3n de un incendio forestal que afect\u00f3 74 hect\u00e1reas en la Reg. Gral. Cerro Perdido (Lavalleja).<\/p>\n\n\n\n<div style=\"height:50px\" aria-hidden=\"true\" class=\"wp-block-spacer\"><\/div>\n\n\n\n<p><br>Fueron m\u00e1s de 20 efectivos que cooperaron en esta sacrificada labor durante horas de la noche, empleando diversos medios de la Unidad para apagar el fuego.<\/p>\n\n\n\n<div style=\"height:50px\" aria-hidden=\"true\" class=\"wp-block-spacer\"><\/div>\n\n\n\n<div aria-label=\"Carousel Gallery\" class=\"wp-block-coblocks-gallery-carousel\"><div class=\"coblocks-gallery-carousel-swiper-container is-cropped coblocks-gallery has-no-alignment has-caption-style-dark has-no-thumbnails\"><div class=\"has-carousel has-carousel-xlrg swiper-container\" data-swiper=\"{&quot;alignCells&quot;:false,&quot;autoPlay&quot;:true,&quot;autoPlaySpeed&quot;:&quot;5000&quot;,&quot;draggable&quot;:true,&quot;freeScroll&quot;:false,&quot;loop&quot;:true,&quot;navigation&quot;:true,&quot;pageDots&quot;:false,&quot;pauseHover&quot;:false,&quot;responsiveHeight&quot;:false,&quot;slidesPerView&quot;:1,&quot;thumbnails&quot;:false,&quot;uuid&quot;:&quot;12345&quot;}\" id=\"12345\" style=\"height:550px\"><div class=\"swiper-wrapper\"><div class=\"swiper-slide\"><div class=\"coblocks-gallery--item\" role=\"button\" tabindex=\"0\"><figure class=\"coblocks-gallery--figure\"><img fetchpriority=\"high\" decoding=\"async\" width=\"1024\" height=\"683\" alt=\"\" class=\"wp-image-19755\" data-id=\"19755\" data-link=\"https:\/\/www.ejercito.mil.uy\/?attachment_id=19755\" src=\"https:\/\/www.ejercito.mil.uy\/wp-content\/uploads\/2023\/03\/Ejercito-Nacional-en-apoyo-a-deficit-hidrico-e-incendio--1024x683.jpeg\" srcset=\"https:\/\/www.ejercito.mil.uy\/wp-content\/uploads\/2023\/03\/Ejercito-Nacional-en-apoyo-a-deficit-hidrico-e-incendio--1024x683.jpeg 1024w, https:\/\/www.ejercito.mil.uy\/wp-content\/uploads\/2023\/03\/Ejercito-Nacional-en-apoyo-a-deficit-hidrico-e-incendio--300x200.jpeg 300w, https:\/\/www.ejercito.mil.uy\/wp-content\/uploads\/2023\/03\/Ejercito-Nacional-en-apoyo-a-deficit-hidrico-e-incendio-.jpeg 1200w\" sizes=\"(max-width: 1024px) 100vw, 1024px\" \/><\/figure><figcaption class=\"coblocks-gallery--caption coblocks-gallery--primary-caption\"><\/figcaption><\/div><\/div><div class=\"swiper-slide\"><div class=\"coblocks-gallery--item\" role=\"button\" tabindex=\"1\"><figure class=\"coblocks-gallery--figure\"><img decoding=\"async\" width=\"1024\" height=\"683\" alt=\"\" class=\"wp-image-19749\" data-id=\"19749\" data-link=\"https:\/\/www.ejercito.mil.uy\/?attachment_id=19749\" src=\"https:\/\/www.ejercito.mil.uy\/wp-content\/uploads\/2023\/03\/fb4-1024x683.jpg\" srcset=\"https:\/\/www.ejercito.mil.uy\/wp-content\/uploads\/2023\/03\/fb4-1024x683.jpg 1024w, https:\/\/www.ejercito.mil.uy\/wp-content\/uploads\/2023\/03\/fb4-300x200.jpg 300w, https:\/\/www.ejercito.mil.uy\/wp-content\/uploads\/2023\/03\/fb4.jpg 1200w\" sizes=\"(max-width: 1024px) 100vw, 1024px\" \/><\/figure><figcaption class=\"coblocks-gallery--caption coblocks-gallery--primary-caption\"><\/figcaption><\/div><\/div><div class=\"swiper-slide\"><div class=\"coblocks-gallery--item\" role=\"button\" tabindex=\"2\"><figure class=\"coblocks-gallery--figure\"><img decoding=\"async\" width=\"1024\" height=\"683\" alt=\"\" class=\"wp-image-19748\" data-id=\"19748\" data-link=\"https:\/\/www.ejercito.mil.uy\/?attachment_id=19748\" src=\"https:\/\/www.ejercito.mil.uy\/wp-content\/uploads\/2023\/03\/fb7-1024x683.jpg\" srcset=\"https:\/\/www.ejercito.mil.uy\/wp-content\/uploads\/2023\/03\/fb7-1024x683.jpg 1024w, https:\/\/www.ejercito.mil.uy\/wp-content\/uploads\/2023\/03\/fb7-300x200.jpg 300w, https:\/\/www.ejercito.mil.uy\/wp-content\/uploads\/2023\/03\/fb7.jpg 1200w\" sizes=\"(max-width: 1024px) 100vw, 1024px\" \/><\/figure><figcaption class=\"coblocks-gallery--caption coblocks-gallery--primary-caption\"><\/figcaption><\/div><\/div><\/div><button class=\"nav-button__prev\" id=\"12345-prev\"><svg class=\"icon\" style=\"transform:rotate(180deg)\"><\/svg><\/button><button class=\"nav-button__next\" id=\"12345-next\"><svg class=\"icon\"><\/svg><\/button><\/div><\/div><\/div>\n\n\n\n<div style=\"height:50px\" aria-hidden=\"true\" class=\"wp-block-spacer\"><\/div>\n\n\n\n<p><br>Por otra parte, La Fuerza de Todos contin\u00faa realizando acciones de apoyo ante el d\u00e9ficit h\u00eddrico en la ciudad de Minas. El Batall\u00f3n trabaj\u00f3 en tareas de limpieza de arroyo en la Regi\u00f3n Gral. Cerro Arequita, mientras que el Grupo \u201cCruzada Libertadora de 1825\u201d de Artiller\u00eda 105 mm N\u00ba 4 lo hizo en el Arroyo Minas Vieja. Estas acciones se realizan con el fin de facilitar los flujos de agua.<\/p>\n\n\n\n<div style=\"height:50px\" aria-hidden=\"true\" class=\"wp-block-spacer\"><\/div>\n\n\n\n<div aria-label=\"Carousel Gallery\" class=\"wp-block-coblocks-gallery-carousel\"><div class=\"coblocks-gallery-carousel-swiper-container is-cropped coblocks-gallery has-no-alignment has-caption-style-dark has-no-thumbnails\"><div class=\"has-carousel has-carousel-xlrg swiper-container\" data-swiper=\"{&quot;alignCells&quot;:false,&quot;autoPlay&quot;:true,&quot;autoPlaySpeed&quot;:&quot;5000&quot;,&quot;draggable&quot;:true,&quot;freeScroll&quot;:false,&quot;loop&quot;:true,&quot;navigation&quot;:true,&quot;pageDots&quot;:false,&quot;pauseHover&quot;:false,&quot;responsiveHeight&quot;:false,&quot;slidesPerView&quot;:1,&quot;thumbnails&quot;:false,&quot;uuid&quot;:&quot;12345&quot;}\" id=\"12345\" style=\"height:550px\"><div class=\"swiper-wrapper\"><div class=\"swiper-slide\"><div class=\"coblocks-gallery--item\" role=\"button\" tabindex=\"0\"><figure class=\"coblocks-gallery--figure\"><img loading=\"lazy\" decoding=\"async\" width=\"1024\" height=\"683\" alt=\"\" class=\"wp-image-19754\" data-id=\"19754\" data-link=\"https:\/\/www.ejercito.mil.uy\/?attachment_id=19754\" src=\"https:\/\/www.ejercito.mil.uy\/wp-content\/uploads\/2023\/03\/Ejercito-Nacional-en-apoyo-a-deficit-hidrico-e-incendio-1-1-1024x683.jpg\" srcset=\"https:\/\/www.ejercito.mil.uy\/wp-content\/uploads\/2023\/03\/Ejercito-Nacional-en-apoyo-a-deficit-hidrico-e-incendio-1-1-1024x683.jpg 1024w, https:\/\/www.ejercito.mil.uy\/wp-content\/uploads\/2023\/03\/Ejercito-Nacional-en-apoyo-a-deficit-hidrico-e-incendio-1-1-300x200.jpg 300w, https:\/\/www.ejercito.mil.uy\/wp-content\/uploads\/2023\/03\/Ejercito-Nacional-en-apoyo-a-deficit-hidrico-e-incendio-1-1.jpg 1200w\" sizes=\"(max-width: 1024px) 100vw, 1024px\" \/><\/figure><figcaption class=\"coblocks-gallery--caption coblocks-gallery--primary-caption\"><\/figcaption><\/div><\/div><div class=\"swiper-slide\"><div class=\"coblocks-gallery--item\" role=\"button\" tabindex=\"1\"><figure class=\"coblocks-gallery--figure\"><img loading=\"lazy\" decoding=\"async\" width=\"1024\" height=\"683\" alt=\"\" class=\"wp-image-19753\" data-id=\"19753\" data-link=\"https:\/\/www.ejercito.mil.uy\/?attachment_id=19753\" src=\"https:\/\/www.ejercito.mil.uy\/wp-content\/uploads\/2023\/03\/Ejercito-Nacional-en-apoyo-a-deficit-hidrico-e-incendio-2-1-1024x683.jpg\" srcset=\"https:\/\/www.ejercito.mil.uy\/wp-content\/uploads\/2023\/03\/Ejercito-Nacional-en-apoyo-a-deficit-hidrico-e-incendio-2-1-1024x683.jpg 1024w, https:\/\/www.ejercito.mil.uy\/wp-content\/uploads\/2023\/03\/Ejercito-Nacional-en-apoyo-a-deficit-hidrico-e-incendio-2-1-300x200.jpg 300w, https:\/\/www.ejercito.mil.uy\/wp-content\/uploads\/2023\/03\/Ejercito-Nacional-en-apoyo-a-deficit-hidrico-e-incendio-2-1.jpg 1200w\" sizes=\"(max-width: 1024px) 100vw, 1024px\" \/><\/figure><figcaption class=\"coblocks-gallery--caption coblocks-gallery--primary-caption\"><\/figcaption><\/div><\/div><div class=\"swiper-slide\"><div class=\"coblocks-gallery--item\" role=\"button\" tabindex=\"2\"><figure class=\"coblocks-gallery--figure\"><img loading=\"lazy\" decoding=\"async\" width=\"1024\" height=\"683\" alt=\"\" class=\"wp-image-19751\" data-id=\"19751\" data-link=\"https:\/\/www.ejercito.mil.uy\/?attachment_id=19751\" src=\"https:\/\/www.ejercito.mil.uy\/wp-content\/uploads\/2023\/03\/Ejercito-Nacional-en-apoyo-a-deficit-hidrico-e-incendio-1-1024x683.jpg\" srcset=\"https:\/\/www.ejercito.mil.uy\/wp-content\/uploads\/2023\/03\/Ejercito-Nacional-en-apoyo-a-deficit-hidrico-e-incendio-1-1024x683.jpg 1024w, https:\/\/www.ejercito.mil.uy\/wp-content\/uploads\/2023\/03\/Ejercito-Nacional-en-apoyo-a-deficit-hidrico-e-incendio-1-300x200.jpg 300w, https:\/\/www.ejercito.mil.uy\/wp-content\/uploads\/2023\/03\/Ejercito-Nacional-en-apoyo-a-deficit-hidrico-e-incendio-1.jpg 1200w\" sizes=\"(max-width: 1024px) 100vw, 1024px\" \/><\/figure><figcaption class=\"coblocks-gallery--caption coblocks-gallery--primary-caption\"><\/figcaption><\/div><\/div><div class=\"swiper-slide\"><div class=\"coblocks-gallery--item\" role=\"button\" tabindex=\"3\"><figure class=\"coblocks-gallery--figure\"><img loading=\"lazy\" decoding=\"async\" width=\"1024\" height=\"683\" alt=\"\" class=\"wp-image-19750\" data-id=\"19750\" data-link=\"https:\/\/www.ejercito.mil.uy\/?attachment_id=19750\" src=\"https:\/\/www.ejercito.mil.uy\/wp-content\/uploads\/2023\/03\/Ejercito-Nacional-en-apoyo-a-deficit-hidrico-e-incendio-3-1024x683.jpg\" srcset=\"https:\/\/www.ejercito.mil.uy\/wp-content\/uploads\/2023\/03\/Ejercito-Nacional-en-apoyo-a-deficit-hidrico-e-incendio-3-1024x683.jpg 1024w, https:\/\/www.ejercito.mil.uy\/wp-content\/uploads\/2023\/03\/Ejercito-Nacional-en-apoyo-a-deficit-hidrico-e-incendio-3-300x200.jpg 300w, https:\/\/www.ejercito.mil.uy\/wp-content\/uploads\/2023\/03\/Ejercito-Nacional-en-apoyo-a-deficit-hidrico-e-incendio-3.jpg 1200w\" sizes=\"(max-width: 1024px) 100vw, 1024px\" \/><\/figure><figcaption class=\"coblocks-gallery--caption coblocks-gallery--primary-caption\"><\/figcaption><\/div><\/div><\/div><button class=\"nav-button__prev\" id=\"12345-prev\"><svg class=\"icon\" style=\"transform:rotate(180deg)\"><\/svg><\/button><button class=\"nav-button__next\" id=\"12345-next\"><svg class=\"icon\"><\/svg><\/button><\/div><\/div><\/div>\n\n\n\n<p><\/p>\n","protected":false},"excerpt":{"rendered":"<p>14.03.2023 &#8211; \u00a1Las emergencias no pueden esperar!, por esa raz\u00f3n los efectivos del Ej\u00e9rcito Nacional trabajan para extender una mano a nuestros compatriotas. <\/p>\n","protected":false},"author":4,"featured_media":19747,"comment_status":"open","ping_status":"open","sticky":false,"template":"","format":"standard","meta":{"_coblocks_attr":"","_coblocks_dimensions":"","_coblocks_responsive_height":"","_coblocks_accordion_ie_support":"","_monsterinsights_skip_tracking":false,"_monsterinsights_sitenote_active":false,"_monsterinsights_sitenote_note":"","_monsterinsights_sitenote_category":0,"_uf_show_specific_survey":0,"_uf_disable_surveys":false,"footnotes":""},"categories":[2,14,1],"tags":[27,851,849,807,795,160],"class_list":["post-19746","post","type-post","status-publish","format-standard","has-post-thumbnail","hentry","category-blog","category-noticias","category-sin-categoria","tag-apoyo","tag-arroyo","tag-deficit","tag-fuego","tag-hidrico","tag-incendio"],"aioseo_notices":[],"_links":{"self":[{"href":"https:\/\/www.ejercito.mil.uy\/index.php\/wp-json\/wp\/v2\/posts\/19746","targetHints":{"allow":["GET"]}}],"collection":[{"href":"https:\/\/www.ejercito.mil.uy\/index.php\/wp-json\/wp\/v2\/posts"}],"about":[{"href":"https:\/\/www.ejercito.mil.uy\/index.php\/wp-json\/wp\/v2\/types\/post"}],"author":[{"embeddable":true,"href":"https:\/\/www.ejercito.mil.uy\/index.php\/wp-json\/wp\/v2\/users\/4"}],"replies":[{"embeddable":true,"href":"https:\/\/www.ejercito.mil.uy\/index.php\/wp-json\/wp\/v2\/comments?post=19746"}],"version-history":[{"count":4,"href":"https:\/\/www.ejercito.mil.uy\/index.php\/wp-json\/wp\/v2\/posts\/19746\/revisions"}],"predecessor-version":[{"id":19759,"href":"https:\/\/www.ejercito.mil.uy\/index.php\/wp-json\/wp\/v2\/posts\/19746\/revisions\/19759"}],"wp:featuredmedia":[{"embeddable":true,"href":"https:\/\/www.ejercito.mil.uy\/index.php\/wp-json\/wp\/v2\/media\/19747"}],"wp:attachment":[{"href":"https:\/\/www.ejercito.mil.uy\/index.php\/wp-json\/wp\/v2\/media?parent=19746"}],"wp:term":[{"taxonomy":"category","embeddable":true,"href":"https:\/\/www.ejercito.mil.uy\/index.php\/wp-json\/wp\/v2\/categories?post=19746"},{"taxonomy":"post_tag","embeddable":true,"href":"https:\/\/www.ejercito.mil.uy\/index.php\/wp-json\/wp\/v2\/tags?post=19746"}],"curies":[{"name":"wp","href":"https:\/\/api.w.org\/{rel}","templated":true}]}}